{"id":1082,"date":"2026-04-17T23:04:01","date_gmt":"2026-04-18T05:04:01","guid":{"rendered":"https:\/\/www.isaac-del-toro.mx\/amstel-gold-race-2026-isaac-del-toro-verletzung-ausfall\/"},"modified":"2026-04-17T23:04:01","modified_gmt":"2026-04-18T05:04:01","slug":"amstel-gold-race-2026-isaac-del-toro-verletzung-ausfall","status":"publish","type":"post","link":"https:\/\/www.isaac-del-toro.mx\/de\/amstel-gold-race-2026-isaac-del-toro-verletzung-ausfall\/","title":{"rendered":"Amstel Gold Race 2026: Isaac del Toro f\u00e4llt verletzungsbedingt aus"},"content":{"rendered":"\n<p>Die Amstel Gold Race 2026 muss ohne einen ihrer erwarteten Protagonisten auskommen: Isaac del Toro vom UAE Team Emirates wird das niederl\u00e4ndische Monument am 19. April verletzungsbedingt verpassen. Der mexikanische Kletterer zog sich w\u00e4hrend der Vuelta al Pa\u00eds Vasco eine Muskelverletzung zu, die seine Teilnahme an den Ardennen-Klassikern gef\u00e4hrdet.<\/p>\n\n<h2>Schwerer Sturz mit Folgen<\/h2>\n\n<p>Del Toros Pech ereignete sich am 3. April w\u00e4hrend der dritten Etappe der Vuelta al Pa\u00eds Vasco. Nach einem Sturz erlitt der 25-J\u00e4hrige einen Muskelfaserriss im rechten Oberschenkel. Zun\u00e4chst versuchte del Toro trotz der Schmerzen weiterzufahren, musste jedoch aufgrund der zunehmenden Beschwerden das Rennen aufgeben.<\/p>\n\n<p>Die medizinische Untersuchung best\u00e4tigte die Schwere der Verletzung. Die \u00c4rzte prognostizieren eine Ausfallzeit von mehreren Wochen, m\u00f6glicherweise bis zu einem Monat. Damit steht nicht nur die Teilnahme an der Amstel Gold Race in Frage, sondern auch del Toros Start bei Fl\u00e8che Wallonne und L\u00fcttich-Bastogne-L\u00fcttich bleibt ungewiss.<\/p>\n\n<h2>Wellens \u00fcbernimmt F\u00fchrungsrolle<\/h2>\n\n<p>Das UAE Team Emirates reagierte schnell auf den Ausfall ihres mexikanischen Hoffnungstr\u00e4gers. Tim Wellens wurde als neuer Kapit\u00e4n f\u00fcr die Amstel Gold Race best\u00e4tigt. Der belgische Routinier kennt die Strecke durch die s\u00fcdlimburgischen H\u00fcgel bestens und gilt als erfahrener Taktiker f\u00fcr die anspruchsvolle Schlussphase des Rennens.<\/p>\n\n<p>Wellens&#8216; Ernennung zum Teamleader unterstreicht die Flexibilit\u00e4t des emiratischen Rennstalls, der trotz del Toros Ausfall mit starken Ambitionen in die 261 Kilometer lange Herausforderung von Maastricht nach Valkenburg geht.<\/p>\n\n<h2>Ungewisse R\u00fcckkehr<\/h2>\n\n<p>F\u00fcr del Toro steht nun die vollst\u00e4ndige Genesung im Vordergrund. Der Zeitpunkt seiner R\u00fcckkehr ins Renngeschehen h\u00e4ngt vom Heilungsverlauf ab. Das UAE Team Emirates will keine Risiken eingehen und del Toro erst nach vollst\u00e4ndiger Ausheilung wieder einsetzen.<\/p>\n\n<p>Die deutschen Radsportfans werden del Toros Comeback mit Spannung verfolgen, denn der talentierte Mexikaner hat bereits mehrfach bewiesen, dass er zu den aufregendsten Kletterern der neuen Generation geh\u00f6rt. Seine R\u00fcckkehr wird sicherlich mit gro\u00dfer Vorfreude erwartet.<\/p>\n","protected":false},"excerpt":{"rendered":"<p>Die Amstel Gold Race 2026 muss ohne einen ihrer erwarteten Protagonisten auskommen: Isaac del Toro vom UAE Team Emirates wird [&hellip;]<\/p>\n","protected":false},"author":1,"featured_media":1080,"comment_status":"open","ping_status":"open","sticky":false,"template":"","format":"standard","meta":{"footnotes":""},"categories":[73],"tags":[],"class_list":["post-1082","post","type-post","status-publish","format-standard","has-post-thumbnail","hentry","category-rennvorschau"],"yoast_head":"<!-- This site is optimized with the Yoast SEO plugin v27.1.1 - https:\/\/yoast.com\/product\/yoast-seo-wordpress\/ -->\n<title>Amstel Gold Race 2026: Del Toro verletzt - Wellens f\u00fchrt UAE<\/title>\n<meta name=\"description\" content=\"Isaac del Toro verpasst die Amstel Gold Race 2026 nach Muskelverletzung. UAE Team Emirates setzt auf Tim Wellens als Kapit\u00e4n f\u00fcr das niederl\u00e4ndische Monument.\" \/>\n<meta name=\"robots\" content=\"index, follow, max-snippet:-1, max-image-preview:large, max-video-preview:-1\" \/>\n<link rel=\"canonical\" href=\"https:\/\/www.isaac-del-toro.mx\/de\/amstel-gold-race-2026-isaac-del-toro-verletzung-ausfall\/\" \/>\n<meta property=\"og:locale\" content=\"de_DE\" \/>\n<meta property=\"og:type\" content=\"article\" \/>\n<meta property=\"og:title\" content=\"Amstel Gold Race 2026: Del Toro verletzt - Wellens f\u00fchrt UAE\" \/>\n<meta property=\"og:description\" content=\"Isaac del Toro verpasst die Amstel Gold Race 2026 nach Muskelverletzung. UAE Team Emirates setzt auf Tim Wellens als Kapit\u00e4n f\u00fcr das niederl\u00e4ndische Monument.\" \/>\n<meta property=\"og:url\" content=\"https:\/\/www.isaac-del-toro.mx\/de\/amstel-gold-race-2026-isaac-del-toro-verletzung-ausfall\/\" \/>\n<meta property=\"og:site_name\" content=\"Isaac del Toro Romero\" \/>\n<meta property=\"article:published_time\" content=\"2026-04-18T05:04:01+00:00\" \/>\n<meta property=\"og:image\" content=\"https:\/\/www.isaac-del-toro.mx\/wp-content\/uploads\/2026\/04\/job-32-20260418070334.png\" \/>\n\t<meta property=\"og:image:width\" content=\"1024\" \/>\n\t<meta property=\"og:image:height\" content=\"1024\" \/>\n\t<meta property=\"og:image:type\" content=\"image\/png\" \/>\n<meta name=\"author\" content=\"Frank\" \/>\n<meta name=\"twitter:card\" content=\"summary_large_image\" \/>\n<meta name=\"twitter:label1\" content=\"Verfasst von\" \/>\n\t<meta name=\"twitter:data1\" content=\"Frank\" \/>\n\t<meta name=\"twitter:label2\" content=\"Gesch\u00e4tzte Lesezeit\" \/>\n\t<meta name=\"twitter:data2\" content=\"2\u00a0Minuten\" \/>\n<script type=\"application\/ld+json\" class=\"yoast-schema-graph\">{\"@context\":\"https:\/\/schema.org\",\"@graph\":[{\"@type\":\"Article\",\"@id\":\"https:\/\/www.isaac-del-toro.mx\/de\/amstel-gold-race-2026-isaac-del-toro-verletzung-ausfall\/#article\",\"isPartOf\":{\"@id\":\"https:\/\/www.isaac-del-toro.mx\/de\/amstel-gold-race-2026-isaac-del-toro-verletzung-ausfall\/\"},\"author\":{\"name\":\"Frank\",\"@id\":\"https:\/\/www.isaac-del-toro.mx\/de\/#\/schema\/person\/dcd12bccf645d7a2112bdb90aa7ff9f2\"},\"headline\":\"Amstel Gold Race 2026: Isaac del Toro f\u00e4llt verletzungsbedingt aus\",\"datePublished\":\"2026-04-18T05:04:01+00:00\",\"mainEntityOfPage\":{\"@id\":\"https:\/\/www.isaac-del-toro.mx\/de\/amstel-gold-race-2026-isaac-del-toro-verletzung-ausfall\/\"},\"wordCount\":334,\"commentCount\":0,\"publisher\":{\"@id\":\"https:\/\/www.isaac-del-toro.mx\/de\/#\/schema\/person\/7cbbcf16bd93d1b98eeb4ab7a1fbd7ba\"},\"image\":{\"@id\":\"https:\/\/www.isaac-del-toro.mx\/de\/amstel-gold-race-2026-isaac-del-toro-verletzung-ausfall\/#primaryimage\"},\"thumbnailUrl\":\"https:\/\/www.isaac-del-toro.mx\/wp-content\/uploads\/2026\/04\/job-32-20260418070334.png\",\"articleSection\":[\"Rennvorschau\"],\"inLanguage\":\"de\",\"potentialAction\":[{\"@type\":\"CommentAction\",\"name\":\"Comment\",\"target\":[\"https:\/\/www.isaac-del-toro.mx\/de\/amstel-gold-race-2026-isaac-del-toro-verletzung-ausfall\/#respond\"]}]},{\"@type\":\"WebPage\",\"@id\":\"https:\/\/www.isaac-del-toro.mx\/de\/amstel-gold-race-2026-isaac-del-toro-verletzung-ausfall\/\",\"url\":\"https:\/\/www.isaac-del-toro.mx\/de\/amstel-gold-race-2026-isaac-del-toro-verletzung-ausfall\/\",\"name\":\"Amstel Gold Race 2026: Del Toro verletzt - Wellens f\u00fchrt UAE\",\"isPartOf\":{\"@id\":\"https:\/\/www.isaac-del-toro.mx\/de\/#website\"},\"primaryImageOfPage\":{\"@id\":\"https:\/\/www.isaac-del-toro.mx\/de\/amstel-gold-race-2026-isaac-del-toro-verletzung-ausfall\/#primaryimage\"},\"image\":{\"@id\":\"https:\/\/www.isaac-del-toro.mx\/de\/amstel-gold-race-2026-isaac-del-toro-verletzung-ausfall\/#primaryimage\"},\"thumbnailUrl\":\"https:\/\/www.isaac-del-toro.mx\/wp-content\/uploads\/2026\/04\/job-32-20260418070334.png\",\"datePublished\":\"2026-04-18T05:04:01+00:00\",\"description\":\"Isaac del Toro verpasst die Amstel Gold Race 2026 nach Muskelverletzung. UAE Team Emirates setzt auf Tim Wellens als Kapit\u00e4n f\u00fcr das niederl\u00e4ndische Monument.\",\"breadcrumb\":{\"@id\":\"https:\/\/www.isaac-del-toro.mx\/de\/amstel-gold-race-2026-isaac-del-toro-verletzung-ausfall\/#breadcrumb\"},\"inLanguage\":\"de\",\"potentialAction\":[{\"@type\":\"ReadAction\",\"target\":[\"https:\/\/www.isaac-del-toro.mx\/de\/amstel-gold-race-2026-isaac-del-toro-verletzung-ausfall\/\"]}]},{\"@type\":\"ImageObject\",\"inLanguage\":\"de\",\"@id\":\"https:\/\/www.isaac-del-toro.mx\/de\/amstel-gold-race-2026-isaac-del-toro-verletzung-ausfall\/#primaryimage\",\"url\":\"https:\/\/www.isaac-del-toro.mx\/wp-content\/uploads\/2026\/04\/job-32-20260418070334.png\",\"contentUrl\":\"https:\/\/www.isaac-del-toro.mx\/wp-content\/uploads\/2026\/04\/job-32-20260418070334.png\",\"width\":1024,\"height\":1024,\"caption\":\"Un ciclista solitario pedalea por un camino de monta\u00f1a rodeado de paisajes verdes y nublados.\"},{\"@type\":\"BreadcrumbList\",\"@id\":\"https:\/\/www.isaac-del-toro.mx\/de\/amstel-gold-race-2026-isaac-del-toro-verletzung-ausfall\/#breadcrumb\",\"itemListElement\":[{\"@type\":\"ListItem\",\"position\":1,\"name\":\"Start\",\"item\":\"https:\/\/www.isaac-del-toro.mx\/de\/\"},{\"@type\":\"ListItem\",\"position\":2,\"name\":\"Amstel Gold Race 2026: Isaac del Toro f\u00e4llt verletzungsbedingt aus\"}]},{\"@type\":\"WebSite\",\"@id\":\"https:\/\/www.isaac-del-toro.mx\/de\/#website\",\"url\":\"https:\/\/www.isaac-del-toro.mx\/de\/\",\"name\":\"Isaac del Toro Romero\",\"description\":\"\",\"publisher\":{\"@id\":\"https:\/\/www.isaac-del-toro.mx\/de\/#\/schema\/person\/7cbbcf16bd93d1b98eeb4ab7a1fbd7ba\"},\"potentialAction\":[{\"@type\":\"SearchAction\",\"target\":{\"@type\":\"EntryPoint\",\"urlTemplate\":\"https:\/\/www.isaac-del-toro.mx\/de\/?s={search_term_string}\"},\"query-input\":{\"@type\":\"PropertyValueSpecification\",\"valueRequired\":true,\"valueName\":\"search_term_string\"}}],\"inLanguage\":\"de\"},{\"@type\":[\"Person\",\"Organization\"],\"@id\":\"https:\/\/www.isaac-del-toro.mx\/de\/#\/schema\/person\/7cbbcf16bd93d1b98eeb4ab7a1fbd7ba\",\"name\":\"Isaac del Toro Romero\",\"logo\":{\"@id\":\"https:\/\/www.isaac-del-toro.mx\/de\/#\/schema\/person\/image\/\"}},{\"@type\":\"Person\",\"@id\":\"https:\/\/www.isaac-del-toro.mx\/de\/#\/schema\/person\/dcd12bccf645d7a2112bdb90aa7ff9f2\",\"name\":\"Frank\",\"sameAs\":[\"https:\/\/www.isaac-del-toro.mx\"],\"url\":\"https:\/\/www.isaac-del-toro.mx\/de\/author\/frank-kuglerwebarbeit-net\/\"}]}<\/script>\n<!-- \/ Yoast SEO plugin. -->","yoast_head_json":{"title":"Amstel Gold Race 2026: Del Toro verletzt - Wellens f\u00fchrt UAE","description":"Isaac del Toro verpasst die Amstel Gold Race 2026 nach Muskelverletzung. UAE Team Emirates setzt auf Tim Wellens als Kapit\u00e4n f\u00fcr das niederl\u00e4ndische Monument.","robots":{"index":"index","follow":"follow","max-snippet":"max-snippet:-1","max-image-preview":"max-image-preview:large","max-video-preview":"max-video-preview:-1"},"canonical":"https:\/\/www.isaac-del-toro.mx\/de\/amstel-gold-race-2026-isaac-del-toro-verletzung-ausfall\/","og_locale":"de_DE","og_type":"article","og_title":"Amstel Gold Race 2026: Del Toro verletzt - Wellens f\u00fchrt UAE","og_description":"Isaac del Toro verpasst die Amstel Gold Race 2026 nach Muskelverletzung. UAE Team Emirates setzt auf Tim Wellens als Kapit\u00e4n f\u00fcr das niederl\u00e4ndische Monument.","og_url":"https:\/\/www.isaac-del-toro.mx\/de\/amstel-gold-race-2026-isaac-del-toro-verletzung-ausfall\/","og_site_name":"Isaac del Toro Romero","article_published_time":"2026-04-18T05:04:01+00:00","og_image":[{"width":1024,"height":1024,"url":"https:\/\/www.isaac-del-toro.mx\/wp-content\/uploads\/2026\/04\/job-32-20260418070334.png","type":"image\/png"}],"author":"Frank","twitter_card":"summary_large_image","twitter_misc":{"Verfasst von":"Frank","Gesch\u00e4tzte Lesezeit":"2\u00a0Minuten"},"schema":{"@context":"https:\/\/schema.org","@graph":[{"@type":"Article","@id":"https:\/\/www.isaac-del-toro.mx\/de\/amstel-gold-race-2026-isaac-del-toro-verletzung-ausfall\/#article","isPartOf":{"@id":"https:\/\/www.isaac-del-toro.mx\/de\/amstel-gold-race-2026-isaac-del-toro-verletzung-ausfall\/"},"author":{"name":"Frank","@id":"https:\/\/www.isaac-del-toro.mx\/de\/#\/schema\/person\/dcd12bccf645d7a2112bdb90aa7ff9f2"},"headline":"Amstel Gold Race 2026: Isaac del Toro f\u00e4llt verletzungsbedingt aus","datePublished":"2026-04-18T05:04:01+00:00","mainEntityOfPage":{"@id":"https:\/\/www.isaac-del-toro.mx\/de\/amstel-gold-race-2026-isaac-del-toro-verletzung-ausfall\/"},"wordCount":334,"commentCount":0,"publisher":{"@id":"https:\/\/www.isaac-del-toro.mx\/de\/#\/schema\/person\/7cbbcf16bd93d1b98eeb4ab7a1fbd7ba"},"image":{"@id":"https:\/\/www.isaac-del-toro.mx\/de\/amstel-gold-race-2026-isaac-del-toro-verletzung-ausfall\/#primaryimage"},"thumbnailUrl":"https:\/\/www.isaac-del-toro.mx\/wp-content\/uploads\/2026\/04\/job-32-20260418070334.png","articleSection":["Rennvorschau"],"inLanguage":"de","potentialAction":[{"@type":"CommentAction","name":"Comment","target":["https:\/\/www.isaac-del-toro.mx\/de\/amstel-gold-race-2026-isaac-del-toro-verletzung-ausfall\/#respond"]}]},{"@type":"WebPage","@id":"https:\/\/www.isaac-del-toro.mx\/de\/amstel-gold-race-2026-isaac-del-toro-verletzung-ausfall\/","url":"https:\/\/www.isaac-del-toro.mx\/de\/amstel-gold-race-2026-isaac-del-toro-verletzung-ausfall\/","name":"Amstel Gold Race 2026: Del Toro verletzt - Wellens f\u00fchrt UAE","isPartOf":{"@id":"https:\/\/www.isaac-del-toro.mx\/de\/#website"},"primaryImageOfPage":{"@id":"https:\/\/www.isaac-del-toro.mx\/de\/amstel-gold-race-2026-isaac-del-toro-verletzung-ausfall\/#primaryimage"},"image":{"@id":"https:\/\/www.isaac-del-toro.mx\/de\/amstel-gold-race-2026-isaac-del-toro-verletzung-ausfall\/#primaryimage"},"thumbnailUrl":"https:\/\/www.isaac-del-toro.mx\/wp-content\/uploads\/2026\/04\/job-32-20260418070334.png","datePublished":"2026-04-18T05:04:01+00:00","description":"Isaac del Toro verpasst die Amstel Gold Race 2026 nach Muskelverletzung. UAE Team Emirates setzt auf Tim Wellens als Kapit\u00e4n f\u00fcr das niederl\u00e4ndische Monument.","breadcrumb":{"@id":"https:\/\/www.isaac-del-toro.mx\/de\/amstel-gold-race-2026-isaac-del-toro-verletzung-ausfall\/#breadcrumb"},"inLanguage":"de","potentialAction":[{"@type":"ReadAction","target":["https:\/\/www.isaac-del-toro.mx\/de\/amstel-gold-race-2026-isaac-del-toro-verletzung-ausfall\/"]}]},{"@type":"ImageObject","inLanguage":"de","@id":"https:\/\/www.isaac-del-toro.mx\/de\/amstel-gold-race-2026-isaac-del-toro-verletzung-ausfall\/#primaryimage","url":"https:\/\/www.isaac-del-toro.mx\/wp-content\/uploads\/2026\/04\/job-32-20260418070334.png","contentUrl":"https:\/\/www.isaac-del-toro.mx\/wp-content\/uploads\/2026\/04\/job-32-20260418070334.png","width":1024,"height":1024,"caption":"Un ciclista solitario pedalea por un camino de monta\u00f1a rodeado de paisajes verdes y nublados."},{"@type":"BreadcrumbList","@id":"https:\/\/www.isaac-del-toro.mx\/de\/amstel-gold-race-2026-isaac-del-toro-verletzung-ausfall\/#breadcrumb","itemListElement":[{"@type":"ListItem","position":1,"name":"Start","item":"https:\/\/www.isaac-del-toro.mx\/de\/"},{"@type":"ListItem","position":2,"name":"Amstel Gold Race 2026: Isaac del Toro f\u00e4llt verletzungsbedingt aus"}]},{"@type":"WebSite","@id":"https:\/\/www.isaac-del-toro.mx\/de\/#website","url":"https:\/\/www.isaac-del-toro.mx\/de\/","name":"Isaac del Toro Romero","description":"","publisher":{"@id":"https:\/\/www.isaac-del-toro.mx\/de\/#\/schema\/person\/7cbbcf16bd93d1b98eeb4ab7a1fbd7ba"},"potentialAction":[{"@type":"SearchAction","target":{"@type":"EntryPoint","urlTemplate":"https:\/\/www.isaac-del-toro.mx\/de\/?s={search_term_string}"},"query-input":{"@type":"PropertyValueSpecification","valueRequired":true,"valueName":"search_term_string"}}],"inLanguage":"de"},{"@type":["Person","Organization"],"@id":"https:\/\/www.isaac-del-toro.mx\/de\/#\/schema\/person\/7cbbcf16bd93d1b98eeb4ab7a1fbd7ba","name":"Isaac del Toro Romero","logo":{"@id":"https:\/\/www.isaac-del-toro.mx\/de\/#\/schema\/person\/image\/"}},{"@type":"Person","@id":"https:\/\/www.isaac-del-toro.mx\/de\/#\/schema\/person\/dcd12bccf645d7a2112bdb90aa7ff9f2","name":"Frank","sameAs":["https:\/\/www.isaac-del-toro.mx"],"url":"https:\/\/www.isaac-del-toro.mx\/de\/author\/frank-kuglerwebarbeit-net\/"}]}},"_links":{"self":[{"href":"https:\/\/www.isaac-del-toro.mx\/de\/wp-json\/wp\/v2\/posts\/1082","targetHints":{"allow":["GET"]}}],"collection":[{"href":"https:\/\/www.isaac-del-toro.mx\/de\/wp-json\/wp\/v2\/posts"}],"about":[{"href":"https:\/\/www.isaac-del-toro.mx\/de\/wp-json\/wp\/v2\/types\/post"}],"author":[{"embeddable":true,"href":"https:\/\/www.isaac-del-toro.mx\/de\/wp-json\/wp\/v2\/users\/1"}],"replies":[{"embeddable":true,"href":"https:\/\/www.isaac-del-toro.mx\/de\/wp-json\/wp\/v2\/comments?post=1082"}],"version-history":[{"count":0,"href":"https:\/\/www.isaac-del-toro.mx\/de\/wp-json\/wp\/v2\/posts\/1082\/revisions"}],"wp:featuredmedia":[{"embeddable":true,"href":"https:\/\/www.isaac-del-toro.mx\/de\/wp-json\/wp\/v2\/media\/1080"}],"wp:attachment":[{"href":"https:\/\/www.isaac-del-toro.mx\/de\/wp-json\/wp\/v2\/media?parent=1082"}],"wp:term":[{"taxonomy":"category","embeddable":true,"href":"https:\/\/www.isaac-del-toro.mx\/de\/wp-json\/wp\/v2\/categories?post=1082"},{"taxonomy":"post_tag","embeddable":true,"href":"https:\/\/www.isaac-del-toro.mx\/de\/wp-json\/wp\/v2\/tags?post=1082"}],"curies":[{"name":"wp","href":"https:\/\/api.w.org\/{rel}","templated":true}]}}