{"id":1088,"date":"2026-04-19T09:48:10","date_gmt":"2026-04-19T15:48:10","guid":{"rendered":"https:\/\/www.isaac-del-toro.mx\/amstel-gold-race-2026-del-toro-verletzt-evenepoel-siegt\/"},"modified":"2026-04-19T09:48:10","modified_gmt":"2026-04-19T15:48:10","slug":"amstel-gold-race-2026-del-toro-verletzt-evenepoel-siegt","status":"publish","type":"post","link":"https:\/\/www.isaac-del-toro.mx\/de\/amstel-gold-race-2026-del-toro-verletzt-evenepoel-siegt\/","title":{"rendered":"Amstel Gold Race 2026: Del Toro verletzungsbedingt nicht am Start &#8211; Evenepoel siegt"},"content":{"rendered":"\n<p>Isaac del Toro (UAE Team Emirates) musste das Amstel Gold Race 2026 verletzungsbedingt auslassen. Der mexikanische Fahrer konnte aufgrund einer Muskelverletzung am rechten Oberschenkel, die er sich w\u00e4hrend der Itzulia Basque Country zugezogen hatte, nicht an dem 257,4 Kilometer langen Klassiker teilnehmen.<\/p>\n\n<h2>Evenepoel dominiert das Finale<\/h2>\n\n<p>Remco Evenepoel (Soudal Quick-Step) gewann das Amstel Gold Race 2026 nach 5:59:40 Stunden im Sprint. Der belgische Weltmeister setzte sich in einem packenden Finale gegen die Konkurrenz durch und sicherte sich seinen ersten Sieg bei dem niederl\u00e4ndischen Monument.<\/p>\n\n<h2>Podium und Gesamtergebnis<\/h2>\n\n<p>Mattias Skjelmose (Lidl-Trek) belegte den zweiten Platz, gefolgt von Beno\u00eet Cosnefroy (Cofidis) auf Rang drei. Das Podium spiegelte die St\u00e4rke der verschiedenen Fahrertypen wider, die bei den anspruchsvollen Anstiegen der Ardennen erfolgreich sein k\u00f6nnen.<\/p>\n\n<h2>Del Toros Verletzung \u00fcberschattet UAE-Pl\u00e4ne<\/h2>\n\n<p>F\u00fcr Isaac del Toro und UAE Team Emirates bedeutete die Verletzung einen herben R\u00fcckschlag in der Fr\u00fchjahrsklassiker-Saison. Der 22-j\u00e4hrige Mexikaner hatte sich die Muskelverletzung am rechten Oberschenkel w\u00e4hrend der Itzulia Basque Country zugezogen und konnte rechtzeitig vor dem Amstel Gold Race nicht genesen. Seine Abwesenheit schw\u00e4chte die Aufstellung des Emirates-Teams erheblich, das auf del Toros Kletterf\u00e4higkeiten f\u00fcr die charakteristischen Anstiege des Rennens gesetzt hatte.<\/p>\n<h2>Top 10 Gesamtergebnis<\/h2>\n<table>\n<thead><tr><th>Pos.<\/th><th>Fahrer<\/th><th>Team<\/th><th>Zeit<\/th><\/tr><\/thead>\n<tbody>\n<tr><td>1<\/td><td>EVENEPOEL Remco<\/td><td>Red Bull &#8211; BORA &#8211; hansgrohe<\/td><td>5:59:40<\/td><\/tr>\n<tr><td>2<\/td><td>SKJELMOSE Mattias<\/td><td>Lidl &#8211; Trek<\/td><td>0:01<\/td><\/tr>\n<tr><td>3<\/td><td>COSNEFROY Beno\u00eet<\/td><td>UAE Team Emirates &#8211; XRG<\/td><td>1:59<\/td><\/tr>\n<tr><td>4<\/td><td>GR\u00c9GOIRE Romain<\/td><td>Groupama &#8211; FDJ United<\/td><td>,,<\/td><\/tr>\n<tr><td>5<\/td><td>VERSTRYNGE Emiel<\/td><td>Alpecin-Premier Tech<\/td><td>,,<\/td><\/tr>\n<tr><td>6<\/td><td>SCHMID Mauro<\/td><td>Team Jayco AlUla<\/td><td>,,<\/td><\/tr>\n<tr><td>7<\/td><td>VANSEVENANT Mauri<\/td><td>Soudal Quick-Step<\/td><td>,,<\/td><\/tr>\n<tr><td>8<\/td><td>WITHEN PHILIPSEN Albert<\/td><td>Lidl &#8211; Trek<\/td><td>,,<\/td><\/tr>\n<tr><td>9<\/td><td>COSTIOU Ewen<\/td><td>Groupama &#8211; FDJ United<\/td><td>,,<\/td><\/tr>\n<tr><td>10<\/td><td>FRIGO Marco<\/td><td>NSN Cycling Team<\/td><td>,,<\/td><\/tr>\n<\/tbody>\n<\/table>\n\n","protected":false},"excerpt":{"rendered":"<p>Isaac del Toro (UAE Team Emirates) musste das Amstel Gold Race 2026 verletzungsbedingt auslassen. Der mexikanische Fahrer konnte aufgrund einer [&hellip;]<\/p>\n","protected":false},"author":1,"featured_media":1086,"comment_status":"open","ping_status":"open","sticky":false,"template":"","format":"standard","meta":{"footnotes":""},"categories":[69],"tags":[],"class_list":["post-1088","post","type-post","status-publish","format-standard","has-post-thumbnail","hentry","category-rennbericht"],"yoast_head":"<!-- This site is optimized with the Yoast SEO plugin v27.1.1 - https:\/\/yoast.com\/product\/yoast-seo-wordpress\/ -->\n<title>Del Toro verpasst Amstel Gold Race - Evenepoel siegt<\/title>\n<meta name=\"description\" content=\"Isaac del Toro konnte verletzungsbedingt nicht am Amstel Gold Race 2026 teilnehmen. Remco Evenepoel gewann das Rennen vor Skjelmose und Cosnefroy.\" \/>\n<meta name=\"robots\" content=\"index, follow, max-snippet:-1, max-image-preview:large, max-video-preview:-1\" \/>\n<link rel=\"canonical\" href=\"https:\/\/www.isaac-del-toro.mx\/de\/amstel-gold-race-2026-del-toro-verletzt-evenepoel-siegt\/\" \/>\n<meta property=\"og:locale\" content=\"de_DE\" \/>\n<meta property=\"og:type\" content=\"article\" \/>\n<meta property=\"og:title\" content=\"Del Toro verpasst Amstel Gold Race - Evenepoel siegt\" \/>\n<meta property=\"og:description\" content=\"Isaac del Toro konnte verletzungsbedingt nicht am Amstel Gold Race 2026 teilnehmen. Remco Evenepoel gewann das Rennen vor Skjelmose und Cosnefroy.\" \/>\n<meta property=\"og:url\" content=\"https:\/\/www.isaac-del-toro.mx\/de\/amstel-gold-race-2026-del-toro-verletzt-evenepoel-siegt\/\" \/>\n<meta property=\"og:site_name\" content=\"Isaac del Toro Romero\" \/>\n<meta property=\"article:published_time\" content=\"2026-04-19T15:48:10+00:00\" \/>\n<meta property=\"og:image\" content=\"https:\/\/www.isaac-del-toro.mx\/wp-content\/uploads\/2026\/04\/job-33-20260419174747.png\" \/>\n\t<meta property=\"og:image:width\" content=\"1024\" \/>\n\t<meta property=\"og:image:height\" content=\"1024\" \/>\n\t<meta property=\"og:image:type\" content=\"image\/png\" \/>\n<meta name=\"author\" content=\"Frank\" \/>\n<meta name=\"twitter:card\" content=\"summary_large_image\" \/>\n<meta name=\"twitter:label1\" content=\"Verfasst von\" \/>\n\t<meta name=\"twitter:data1\" content=\"Frank\" \/>\n\t<meta name=\"twitter:label2\" content=\"Gesch\u00e4tzte Lesezeit\" \/>\n\t<meta name=\"twitter:data2\" content=\"1\u00a0Minute\" \/>\n<script type=\"application\/ld+json\" class=\"yoast-schema-graph\">{\"@context\":\"https:\/\/schema.org\",\"@graph\":[{\"@type\":\"Article\",\"@id\":\"https:\/\/www.isaac-del-toro.mx\/de\/amstel-gold-race-2026-del-toro-verletzt-evenepoel-siegt\/#article\",\"isPartOf\":{\"@id\":\"https:\/\/www.isaac-del-toro.mx\/de\/amstel-gold-race-2026-del-toro-verletzt-evenepoel-siegt\/\"},\"author\":{\"name\":\"Frank\",\"@id\":\"https:\/\/www.isaac-del-toro.mx\/de\/#\/schema\/person\/dcd12bccf645d7a2112bdb90aa7ff9f2\"},\"headline\":\"Amstel Gold Race 2026: Del Toro verletzungsbedingt nicht am Start &#8211; Evenepoel siegt\",\"datePublished\":\"2026-04-19T15:48:10+00:00\",\"mainEntityOfPage\":{\"@id\":\"https:\/\/www.isaac-del-toro.mx\/de\/amstel-gold-race-2026-del-toro-verletzt-evenepoel-siegt\/\"},\"wordCount\":276,\"commentCount\":0,\"publisher\":{\"@id\":\"https:\/\/www.isaac-del-toro.mx\/de\/#\/schema\/person\/7cbbcf16bd93d1b98eeb4ab7a1fbd7ba\"},\"image\":{\"@id\":\"https:\/\/www.isaac-del-toro.mx\/de\/amstel-gold-race-2026-del-toro-verletzt-evenepoel-siegt\/#primaryimage\"},\"thumbnailUrl\":\"https:\/\/www.isaac-del-toro.mx\/wp-content\/uploads\/2026\/04\/job-33-20260419174747.png\",\"articleSection\":[\"Rennbericht\"],\"inLanguage\":\"de\",\"potentialAction\":[{\"@type\":\"CommentAction\",\"name\":\"Comment\",\"target\":[\"https:\/\/www.isaac-del-toro.mx\/de\/amstel-gold-race-2026-del-toro-verletzt-evenepoel-siegt\/#respond\"]}]},{\"@type\":\"WebPage\",\"@id\":\"https:\/\/www.isaac-del-toro.mx\/de\/amstel-gold-race-2026-del-toro-verletzt-evenepoel-siegt\/\",\"url\":\"https:\/\/www.isaac-del-toro.mx\/de\/amstel-gold-race-2026-del-toro-verletzt-evenepoel-siegt\/\",\"name\":\"Del Toro verpasst Amstel Gold Race - Evenepoel siegt\",\"isPartOf\":{\"@id\":\"https:\/\/www.isaac-del-toro.mx\/de\/#website\"},\"primaryImageOfPage\":{\"@id\":\"https:\/\/www.isaac-del-toro.mx\/de\/amstel-gold-race-2026-del-toro-verletzt-evenepoel-siegt\/#primaryimage\"},\"image\":{\"@id\":\"https:\/\/www.isaac-del-toro.mx\/de\/amstel-gold-race-2026-del-toro-verletzt-evenepoel-siegt\/#primaryimage\"},\"thumbnailUrl\":\"https:\/\/www.isaac-del-toro.mx\/wp-content\/uploads\/2026\/04\/job-33-20260419174747.png\",\"datePublished\":\"2026-04-19T15:48:10+00:00\",\"description\":\"Isaac del Toro konnte verletzungsbedingt nicht am Amstel Gold Race 2026 teilnehmen. Remco Evenepoel gewann das Rennen vor Skjelmose und Cosnefroy.\",\"breadcrumb\":{\"@id\":\"https:\/\/www.isaac-del-toro.mx\/de\/amstel-gold-race-2026-del-toro-verletzt-evenepoel-siegt\/#breadcrumb\"},\"inLanguage\":\"de\",\"potentialAction\":[{\"@type\":\"ReadAction\",\"target\":[\"https:\/\/www.isaac-del-toro.mx\/de\/amstel-gold-race-2026-del-toro-verletzt-evenepoel-siegt\/\"]}]},{\"@type\":\"ImageObject\",\"inLanguage\":\"de\",\"@id\":\"https:\/\/www.isaac-del-toro.mx\/de\/amstel-gold-race-2026-del-toro-verletzt-evenepoel-siegt\/#primaryimage\",\"url\":\"https:\/\/www.isaac-del-toro.mx\/wp-content\/uploads\/2026\/04\/job-33-20260419174747.png\",\"contentUrl\":\"https:\/\/www.isaac-del-toro.mx\/wp-content\/uploads\/2026\/04\/job-33-20260419174747.png\",\"width\":1024,\"height\":1024,\"caption\":\"Un ciclista solitario pedalea por una carretera de monta\u00f1a rodeada de paisajes verdes y serenos.\"},{\"@type\":\"BreadcrumbList\",\"@id\":\"https:\/\/www.isaac-del-toro.mx\/de\/amstel-gold-race-2026-del-toro-verletzt-evenepoel-siegt\/#breadcrumb\",\"itemListElement\":[{\"@type\":\"ListItem\",\"position\":1,\"name\":\"Start\",\"item\":\"https:\/\/www.isaac-del-toro.mx\/de\/\"},{\"@type\":\"ListItem\",\"position\":2,\"name\":\"Amstel Gold Race 2026: Del Toro verletzungsbedingt nicht am Start &#8211; Evenepoel siegt\"}]},{\"@type\":\"WebSite\",\"@id\":\"https:\/\/www.isaac-del-toro.mx\/de\/#website\",\"url\":\"https:\/\/www.isaac-del-toro.mx\/de\/\",\"name\":\"Isaac del Toro Romero\",\"description\":\"\",\"publisher\":{\"@id\":\"https:\/\/www.isaac-del-toro.mx\/de\/#\/schema\/person\/7cbbcf16bd93d1b98eeb4ab7a1fbd7ba\"},\"potentialAction\":[{\"@type\":\"SearchAction\",\"target\":{\"@type\":\"EntryPoint\",\"urlTemplate\":\"https:\/\/www.isaac-del-toro.mx\/de\/?s={search_term_string}\"},\"query-input\":{\"@type\":\"PropertyValueSpecification\",\"valueRequired\":true,\"valueName\":\"search_term_string\"}}],\"inLanguage\":\"de\"},{\"@type\":[\"Person\",\"Organization\"],\"@id\":\"https:\/\/www.isaac-del-toro.mx\/de\/#\/schema\/person\/7cbbcf16bd93d1b98eeb4ab7a1fbd7ba\",\"name\":\"Isaac del Toro Romero\",\"logo\":{\"@id\":\"https:\/\/www.isaac-del-toro.mx\/de\/#\/schema\/person\/image\/\"}},{\"@type\":\"Person\",\"@id\":\"https:\/\/www.isaac-del-toro.mx\/de\/#\/schema\/person\/dcd12bccf645d7a2112bdb90aa7ff9f2\",\"name\":\"Frank\",\"sameAs\":[\"https:\/\/www.isaac-del-toro.mx\"],\"url\":\"https:\/\/www.isaac-del-toro.mx\/de\/author\/frank-kuglerwebarbeit-net\/\"}]}<\/script>\n<!-- \/ Yoast SEO plugin. -->","yoast_head_json":{"title":"Del Toro verpasst Amstel Gold Race - Evenepoel siegt","description":"Isaac del Toro konnte verletzungsbedingt nicht am Amstel Gold Race 2026 teilnehmen. Remco Evenepoel gewann das Rennen vor Skjelmose und Cosnefroy.","robots":{"index":"index","follow":"follow","max-snippet":"max-snippet:-1","max-image-preview":"max-image-preview:large","max-video-preview":"max-video-preview:-1"},"canonical":"https:\/\/www.isaac-del-toro.mx\/de\/amstel-gold-race-2026-del-toro-verletzt-evenepoel-siegt\/","og_locale":"de_DE","og_type":"article","og_title":"Del Toro verpasst Amstel Gold Race - Evenepoel siegt","og_description":"Isaac del Toro konnte verletzungsbedingt nicht am Amstel Gold Race 2026 teilnehmen. Remco Evenepoel gewann das Rennen vor Skjelmose und Cosnefroy.","og_url":"https:\/\/www.isaac-del-toro.mx\/de\/amstel-gold-race-2026-del-toro-verletzt-evenepoel-siegt\/","og_site_name":"Isaac del Toro Romero","article_published_time":"2026-04-19T15:48:10+00:00","og_image":[{"url":"https:\/\/www.isaac-del-toro.mx\/wp-content\/uploads\/2026\/04\/job-33-20260419174747.png","width":1024,"height":1024,"type":"image\/png"}],"author":"Frank","twitter_card":"summary_large_image","twitter_misc":{"Verfasst von":"Frank","Gesch\u00e4tzte Lesezeit":"1\u00a0Minute"},"schema":{"@context":"https:\/\/schema.org","@graph":[{"@type":"Article","@id":"https:\/\/www.isaac-del-toro.mx\/de\/amstel-gold-race-2026-del-toro-verletzt-evenepoel-siegt\/#article","isPartOf":{"@id":"https:\/\/www.isaac-del-toro.mx\/de\/amstel-gold-race-2026-del-toro-verletzt-evenepoel-siegt\/"},"author":{"name":"Frank","@id":"https:\/\/www.isaac-del-toro.mx\/de\/#\/schema\/person\/dcd12bccf645d7a2112bdb90aa7ff9f2"},"headline":"Amstel Gold Race 2026: Del Toro verletzungsbedingt nicht am Start &#8211; Evenepoel siegt","datePublished":"2026-04-19T15:48:10+00:00","mainEntityOfPage":{"@id":"https:\/\/www.isaac-del-toro.mx\/de\/amstel-gold-race-2026-del-toro-verletzt-evenepoel-siegt\/"},"wordCount":276,"commentCount":0,"publisher":{"@id":"https:\/\/www.isaac-del-toro.mx\/de\/#\/schema\/person\/7cbbcf16bd93d1b98eeb4ab7a1fbd7ba"},"image":{"@id":"https:\/\/www.isaac-del-toro.mx\/de\/amstel-gold-race-2026-del-toro-verletzt-evenepoel-siegt\/#primaryimage"},"thumbnailUrl":"https:\/\/www.isaac-del-toro.mx\/wp-content\/uploads\/2026\/04\/job-33-20260419174747.png","articleSection":["Rennbericht"],"inLanguage":"de","potentialAction":[{"@type":"CommentAction","name":"Comment","target":["https:\/\/www.isaac-del-toro.mx\/de\/amstel-gold-race-2026-del-toro-verletzt-evenepoel-siegt\/#respond"]}]},{"@type":"WebPage","@id":"https:\/\/www.isaac-del-toro.mx\/de\/amstel-gold-race-2026-del-toro-verletzt-evenepoel-siegt\/","url":"https:\/\/www.isaac-del-toro.mx\/de\/amstel-gold-race-2026-del-toro-verletzt-evenepoel-siegt\/","name":"Del Toro verpasst Amstel Gold Race - Evenepoel siegt","isPartOf":{"@id":"https:\/\/www.isaac-del-toro.mx\/de\/#website"},"primaryImageOfPage":{"@id":"https:\/\/www.isaac-del-toro.mx\/de\/amstel-gold-race-2026-del-toro-verletzt-evenepoel-siegt\/#primaryimage"},"image":{"@id":"https:\/\/www.isaac-del-toro.mx\/de\/amstel-gold-race-2026-del-toro-verletzt-evenepoel-siegt\/#primaryimage"},"thumbnailUrl":"https:\/\/www.isaac-del-toro.mx\/wp-content\/uploads\/2026\/04\/job-33-20260419174747.png","datePublished":"2026-04-19T15:48:10+00:00","description":"Isaac del Toro konnte verletzungsbedingt nicht am Amstel Gold Race 2026 teilnehmen. Remco Evenepoel gewann das Rennen vor Skjelmose und Cosnefroy.","breadcrumb":{"@id":"https:\/\/www.isaac-del-toro.mx\/de\/amstel-gold-race-2026-del-toro-verletzt-evenepoel-siegt\/#breadcrumb"},"inLanguage":"de","potentialAction":[{"@type":"ReadAction","target":["https:\/\/www.isaac-del-toro.mx\/de\/amstel-gold-race-2026-del-toro-verletzt-evenepoel-siegt\/"]}]},{"@type":"ImageObject","inLanguage":"de","@id":"https:\/\/www.isaac-del-toro.mx\/de\/amstel-gold-race-2026-del-toro-verletzt-evenepoel-siegt\/#primaryimage","url":"https:\/\/www.isaac-del-toro.mx\/wp-content\/uploads\/2026\/04\/job-33-20260419174747.png","contentUrl":"https:\/\/www.isaac-del-toro.mx\/wp-content\/uploads\/2026\/04\/job-33-20260419174747.png","width":1024,"height":1024,"caption":"Un ciclista solitario pedalea por una carretera de monta\u00f1a rodeada de paisajes verdes y serenos."},{"@type":"BreadcrumbList","@id":"https:\/\/www.isaac-del-toro.mx\/de\/amstel-gold-race-2026-del-toro-verletzt-evenepoel-siegt\/#breadcrumb","itemListElement":[{"@type":"ListItem","position":1,"name":"Start","item":"https:\/\/www.isaac-del-toro.mx\/de\/"},{"@type":"ListItem","position":2,"name":"Amstel Gold Race 2026: Del Toro verletzungsbedingt nicht am Start &#8211; Evenepoel siegt"}]},{"@type":"WebSite","@id":"https:\/\/www.isaac-del-toro.mx\/de\/#website","url":"https:\/\/www.isaac-del-toro.mx\/de\/","name":"Isaac del Toro Romero","description":"","publisher":{"@id":"https:\/\/www.isaac-del-toro.mx\/de\/#\/schema\/person\/7cbbcf16bd93d1b98eeb4ab7a1fbd7ba"},"potentialAction":[{"@type":"SearchAction","target":{"@type":"EntryPoint","urlTemplate":"https:\/\/www.isaac-del-toro.mx\/de\/?s={search_term_string}"},"query-input":{"@type":"PropertyValueSpecification","valueRequired":true,"valueName":"search_term_string"}}],"inLanguage":"de"},{"@type":["Person","Organization"],"@id":"https:\/\/www.isaac-del-toro.mx\/de\/#\/schema\/person\/7cbbcf16bd93d1b98eeb4ab7a1fbd7ba","name":"Isaac del Toro Romero","logo":{"@id":"https:\/\/www.isaac-del-toro.mx\/de\/#\/schema\/person\/image\/"}},{"@type":"Person","@id":"https:\/\/www.isaac-del-toro.mx\/de\/#\/schema\/person\/dcd12bccf645d7a2112bdb90aa7ff9f2","name":"Frank","sameAs":["https:\/\/www.isaac-del-toro.mx"],"url":"https:\/\/www.isaac-del-toro.mx\/de\/author\/frank-kuglerwebarbeit-net\/"}]}},"_links":{"self":[{"href":"https:\/\/www.isaac-del-toro.mx\/de\/wp-json\/wp\/v2\/posts\/1088","targetHints":{"allow":["GET"]}}],"collection":[{"href":"https:\/\/www.isaac-del-toro.mx\/de\/wp-json\/wp\/v2\/posts"}],"about":[{"href":"https:\/\/www.isaac-del-toro.mx\/de\/wp-json\/wp\/v2\/types\/post"}],"author":[{"embeddable":true,"href":"https:\/\/www.isaac-del-toro.mx\/de\/wp-json\/wp\/v2\/users\/1"}],"replies":[{"embeddable":true,"href":"https:\/\/www.isaac-del-toro.mx\/de\/wp-json\/wp\/v2\/comments?post=1088"}],"version-history":[{"count":0,"href":"https:\/\/www.isaac-del-toro.mx\/de\/wp-json\/wp\/v2\/posts\/1088\/revisions"}],"wp:featuredmedia":[{"embeddable":true,"href":"https:\/\/www.isaac-del-toro.mx\/de\/wp-json\/wp\/v2\/media\/1086"}],"wp:attachment":[{"href":"https:\/\/www.isaac-del-toro.mx\/de\/wp-json\/wp\/v2\/media?parent=1088"}],"wp:term":[{"taxonomy":"category","embeddable":true,"href":"https:\/\/www.isaac-del-toro.mx\/de\/wp-json\/wp\/v2\/categories?post=1088"},{"taxonomy":"post_tag","embeddable":true,"href":"https:\/\/www.isaac-del-toro.mx\/de\/wp-json\/wp\/v2\/tags?post=1088"}],"curies":[{"name":"wp","href":"https:\/\/api.w.org\/{rel}","templated":true}]}}