{"id":1094,"date":"2026-04-20T23:18:50","date_gmt":"2026-04-21T05:18:50","guid":{"rendered":"https:\/\/www.isaac-del-toro.mx\/la-fleche-wallonne-2026-del-toro-teilnahme-verletzung-ungewiss\/"},"modified":"2026-04-20T23:18:50","modified_gmt":"2026-04-21T05:18:50","slug":"la-fleche-wallonne-2026-del-toro-teilnahme-verletzung-ungewiss","status":"publish","type":"post","link":"https:\/\/www.isaac-del-toro.mx\/de\/la-fleche-wallonne-2026-del-toro-teilnahme-verletzung-ungewiss\/","title":{"rendered":"La Fl\u00e8che Wallonne 2026: Del Toro-Teilnahme nach Verletzung ungewiss"},"content":{"rendered":"\n<p>Am 22. April 2026 steht mit La Fl\u00e8che Wallonne eines der prestigetr\u00e4chtigsten Eintagesrennen des Radsports auf dem Programm. Das 1.UWT-Rennen \u00fcber 205,5 Kilometer und 3000 H\u00f6henmeter verspricht erneut ein spektakul\u00e4res Finale am legend\u00e4ren Mur de Huy.<\/p>\n\n<h2>Strecke und Herausforderungen<\/h2>\n<p>Die Wallonische Pfeil f\u00fchrt die Fahrer \u00fcber insgesamt elf Anstiege durch die belgischen Ardennen. Der entscheidende Faktor bleibt jedoch der Schlussanstieg zum Mur de Huy, wo sich traditionell die Spreu vom Weizen trennt. Die steile Rampe mit Steigungen von bis zu 26 Prozent hat bereits zahlreiche Rennentscheidungen herbeigef\u00fchrt und wird auch 2026 das Z\u00fcnglein an der Waage sein.<\/p>\n\n<h2>Del Toros Teilnahme fraglich<\/h2>\n<p>Ein gro\u00dfes Fragezeichen steht hinter der Teilnahme von Isaac del Toro (UAE Team Emirates). Der mexikanische Fahrer erlitt am 9. April w\u00e4hrend der dritten Etappe der Itzulia Basque Country einen Muskelfaserriss im rechten Oberschenkel. Diese Verletzung stellt seine Teilnahme an den Ardennen-Klassikern in Frage. Del Toro, der in der Vergangenheit bereits starke Leistungen in bergigen Eintagesrennen gezeigt hat, w\u00e4re normalerweise ein hei\u00dfer Kandidat f\u00fcr eine Spitzenplatzierung gewesen.<\/p>\n\n<h2>\u00dcbertragung und Verfolgung<\/h2>\n<p>Radsportfans in Frankreich k\u00f6nnen das Rennen live bei Eurosport und France T\u00e9l\u00e9visions verfolgen. Die \u00dcbertragungen werden die gesamte Dramatik des Rennens einfangen, von den fr\u00fchen Ausrei\u00dfversuchen bis zum finalen Showdown am Mur de Huy.<\/p>\n\n<p>F\u00fcr die deutschen Radsportfans bleibt zu hoffen, dass sich del Toro rechtzeitig erholt und seine Klasse unter Beweis stellen kann. Die Wallonische Pfeil verspricht auch ohne den Mexikaner ein packendes Rennen zu werden, doch seine Anwesenheit w\u00fcrde dem Feld zus\u00e4tzliche Qualit\u00e4t verleihen.<\/p>\n","protected":false},"excerpt":{"rendered":"<p>Am 22. April 2026 steht mit La Fl\u00e8che Wallonne eines der prestigetr\u00e4chtigsten Eintagesrennen des Radsports auf dem Programm. Das 1.UWT-Rennen [&hellip;]<\/p>\n","protected":false},"author":1,"featured_media":1092,"comment_status":"open","ping_status":"open","sticky":false,"template":"","format":"standard","meta":{"footnotes":""},"categories":[73],"tags":[],"class_list":["post-1094","post","type-post","status-publish","format-standard","has-post-thumbnail","hentry","category-rennvorschau"],"yoast_head":"<!-- This site is optimized with the Yoast SEO plugin v27.1.1 - https:\/\/yoast.com\/product\/yoast-seo-wordpress\/ -->\n<title>La Fl\u00e8che Wallonne 2026: Del Toro-Teilnahme ungewiss<\/title>\n<meta name=\"description\" content=\"La Fl\u00e8che Wallonne 2026 am 22. April mit dem legend\u00e4ren Mur de Huy. Isaac del Toros Teilnahme nach Oberschenkelverletzung fraglich.\" \/>\n<meta name=\"robots\" content=\"index, follow, max-snippet:-1, max-image-preview:large, max-video-preview:-1\" \/>\n<link rel=\"canonical\" href=\"https:\/\/www.isaac-del-toro.mx\/de\/la-fleche-wallonne-2026-del-toro-teilnahme-verletzung-ungewiss\/\" \/>\n<meta property=\"og:locale\" content=\"de_DE\" \/>\n<meta property=\"og:type\" content=\"article\" \/>\n<meta property=\"og:title\" content=\"La Fl\u00e8che Wallonne 2026: Del Toro-Teilnahme ungewiss\" \/>\n<meta property=\"og:description\" content=\"La Fl\u00e8che Wallonne 2026 am 22. April mit dem legend\u00e4ren Mur de Huy. Isaac del Toros Teilnahme nach Oberschenkelverletzung fraglich.\" \/>\n<meta property=\"og:url\" content=\"https:\/\/www.isaac-del-toro.mx\/de\/la-fleche-wallonne-2026-del-toro-teilnahme-verletzung-ungewiss\/\" \/>\n<meta property=\"og:site_name\" content=\"Isaac del Toro Romero\" \/>\n<meta property=\"article:published_time\" content=\"2026-04-21T05:18:50+00:00\" \/>\n<meta property=\"og:image\" content=\"https:\/\/www.isaac-del-toro.mx\/wp-content\/uploads\/2026\/04\/job-34-20260421071822.png\" \/>\n\t<meta property=\"og:image:width\" content=\"1024\" \/>\n\t<meta property=\"og:image:height\" content=\"1024\" \/>\n\t<meta property=\"og:image:type\" content=\"image\/png\" \/>\n<meta name=\"author\" content=\"Frank\" \/>\n<meta name=\"twitter:card\" content=\"summary_large_image\" \/>\n<meta name=\"twitter:label1\" content=\"Verfasst von\" \/>\n\t<meta name=\"twitter:data1\" content=\"Frank\" \/>\n\t<meta name=\"twitter:label2\" content=\"Gesch\u00e4tzte Lesezeit\" \/>\n\t<meta name=\"twitter:data2\" content=\"1\u00a0Minute\" \/>\n<script type=\"application\/ld+json\" class=\"yoast-schema-graph\">{\"@context\":\"https:\/\/schema.org\",\"@graph\":[{\"@type\":\"Article\",\"@id\":\"https:\/\/www.isaac-del-toro.mx\/de\/la-fleche-wallonne-2026-del-toro-teilnahme-verletzung-ungewiss\/#article\",\"isPartOf\":{\"@id\":\"https:\/\/www.isaac-del-toro.mx\/de\/la-fleche-wallonne-2026-del-toro-teilnahme-verletzung-ungewiss\/\"},\"author\":{\"name\":\"Frank\",\"@id\":\"https:\/\/www.isaac-del-toro.mx\/de\/#\/schema\/person\/dcd12bccf645d7a2112bdb90aa7ff9f2\"},\"headline\":\"La Fl\u00e8che Wallonne 2026: Del Toro-Teilnahme nach Verletzung ungewiss\",\"datePublished\":\"2026-04-21T05:18:50+00:00\",\"mainEntityOfPage\":{\"@id\":\"https:\/\/www.isaac-del-toro.mx\/de\/la-fleche-wallonne-2026-del-toro-teilnahme-verletzung-ungewiss\/\"},\"wordCount\":271,\"commentCount\":0,\"publisher\":{\"@id\":\"https:\/\/www.isaac-del-toro.mx\/de\/#\/schema\/person\/7cbbcf16bd93d1b98eeb4ab7a1fbd7ba\"},\"image\":{\"@id\":\"https:\/\/www.isaac-del-toro.mx\/de\/la-fleche-wallonne-2026-del-toro-teilnahme-verletzung-ungewiss\/#primaryimage\"},\"thumbnailUrl\":\"https:\/\/www.isaac-del-toro.mx\/wp-content\/uploads\/2026\/04\/job-34-20260421071822.png\",\"articleSection\":[\"Rennvorschau\"],\"inLanguage\":\"de\",\"potentialAction\":[{\"@type\":\"CommentAction\",\"name\":\"Comment\",\"target\":[\"https:\/\/www.isaac-del-toro.mx\/de\/la-fleche-wallonne-2026-del-toro-teilnahme-verletzung-ungewiss\/#respond\"]}]},{\"@type\":\"WebPage\",\"@id\":\"https:\/\/www.isaac-del-toro.mx\/de\/la-fleche-wallonne-2026-del-toro-teilnahme-verletzung-ungewiss\/\",\"url\":\"https:\/\/www.isaac-del-toro.mx\/de\/la-fleche-wallonne-2026-del-toro-teilnahme-verletzung-ungewiss\/\",\"name\":\"La Fl\u00e8che Wallonne 2026: Del Toro-Teilnahme ungewiss\",\"isPartOf\":{\"@id\":\"https:\/\/www.isaac-del-toro.mx\/de\/#website\"},\"primaryImageOfPage\":{\"@id\":\"https:\/\/www.isaac-del-toro.mx\/de\/la-fleche-wallonne-2026-del-toro-teilnahme-verletzung-ungewiss\/#primaryimage\"},\"image\":{\"@id\":\"https:\/\/www.isaac-del-toro.mx\/de\/la-fleche-wallonne-2026-del-toro-teilnahme-verletzung-ungewiss\/#primaryimage\"},\"thumbnailUrl\":\"https:\/\/www.isaac-del-toro.mx\/wp-content\/uploads\/2026\/04\/job-34-20260421071822.png\",\"datePublished\":\"2026-04-21T05:18:50+00:00\",\"description\":\"La Fl\u00e8che Wallonne 2026 am 22. April mit dem legend\u00e4ren Mur de Huy. Isaac del Toros Teilnahme nach Oberschenkelverletzung fraglich.\",\"breadcrumb\":{\"@id\":\"https:\/\/www.isaac-del-toro.mx\/de\/la-fleche-wallonne-2026-del-toro-teilnahme-verletzung-ungewiss\/#breadcrumb\"},\"inLanguage\":\"de\",\"potentialAction\":[{\"@type\":\"ReadAction\",\"target\":[\"https:\/\/www.isaac-del-toro.mx\/de\/la-fleche-wallonne-2026-del-toro-teilnahme-verletzung-ungewiss\/\"]}]},{\"@type\":\"ImageObject\",\"inLanguage\":\"de\",\"@id\":\"https:\/\/www.isaac-del-toro.mx\/de\/la-fleche-wallonne-2026-del-toro-teilnahme-verletzung-ungewiss\/#primaryimage\",\"url\":\"https:\/\/www.isaac-del-toro.mx\/wp-content\/uploads\/2026\/04\/job-34-20260421071822.png\",\"contentUrl\":\"https:\/\/www.isaac-del-toro.mx\/wp-content\/uploads\/2026\/04\/job-34-20260421071822.png\",\"width\":1024,\"height\":1024,\"caption\":\"Un ciclista solitario sube una carretera de monta\u00f1a con el Mur de Huy al fondo, bajo un cielo nublado.\"},{\"@type\":\"BreadcrumbList\",\"@id\":\"https:\/\/www.isaac-del-toro.mx\/de\/la-fleche-wallonne-2026-del-toro-teilnahme-verletzung-ungewiss\/#breadcrumb\",\"itemListElement\":[{\"@type\":\"ListItem\",\"position\":1,\"name\":\"Start\",\"item\":\"https:\/\/www.isaac-del-toro.mx\/de\/\"},{\"@type\":\"ListItem\",\"position\":2,\"name\":\"La Fl\u00e8che Wallonne 2026: Del Toro-Teilnahme nach Verletzung ungewiss\"}]},{\"@type\":\"WebSite\",\"@id\":\"https:\/\/www.isaac-del-toro.mx\/de\/#website\",\"url\":\"https:\/\/www.isaac-del-toro.mx\/de\/\",\"name\":\"Isaac del Toro Romero\",\"description\":\"\",\"publisher\":{\"@id\":\"https:\/\/www.isaac-del-toro.mx\/de\/#\/schema\/person\/7cbbcf16bd93d1b98eeb4ab7a1fbd7ba\"},\"potentialAction\":[{\"@type\":\"SearchAction\",\"target\":{\"@type\":\"EntryPoint\",\"urlTemplate\":\"https:\/\/www.isaac-del-toro.mx\/de\/?s={search_term_string}\"},\"query-input\":{\"@type\":\"PropertyValueSpecification\",\"valueRequired\":true,\"valueName\":\"search_term_string\"}}],\"inLanguage\":\"de\"},{\"@type\":[\"Person\",\"Organization\"],\"@id\":\"https:\/\/www.isaac-del-toro.mx\/de\/#\/schema\/person\/7cbbcf16bd93d1b98eeb4ab7a1fbd7ba\",\"name\":\"Isaac del Toro Romero\",\"logo\":{\"@id\":\"https:\/\/www.isaac-del-toro.mx\/de\/#\/schema\/person\/image\/\"}},{\"@type\":\"Person\",\"@id\":\"https:\/\/www.isaac-del-toro.mx\/de\/#\/schema\/person\/dcd12bccf645d7a2112bdb90aa7ff9f2\",\"name\":\"Frank\",\"sameAs\":[\"https:\/\/www.isaac-del-toro.mx\"],\"url\":\"https:\/\/www.isaac-del-toro.mx\/de\/author\/frank-kuglerwebarbeit-net\/\"}]}<\/script>\n<!-- \/ Yoast SEO plugin. -->","yoast_head_json":{"title":"La Fl\u00e8che Wallonne 2026: Del Toro-Teilnahme ungewiss","description":"La Fl\u00e8che Wallonne 2026 am 22. April mit dem legend\u00e4ren Mur de Huy. Isaac del Toros Teilnahme nach Oberschenkelverletzung fraglich.","robots":{"index":"index","follow":"follow","max-snippet":"max-snippet:-1","max-image-preview":"max-image-preview:large","max-video-preview":"max-video-preview:-1"},"canonical":"https:\/\/www.isaac-del-toro.mx\/de\/la-fleche-wallonne-2026-del-toro-teilnahme-verletzung-ungewiss\/","og_locale":"de_DE","og_type":"article","og_title":"La Fl\u00e8che Wallonne 2026: Del Toro-Teilnahme ungewiss","og_description":"La Fl\u00e8che Wallonne 2026 am 22. April mit dem legend\u00e4ren Mur de Huy. Isaac del Toros Teilnahme nach Oberschenkelverletzung fraglich.","og_url":"https:\/\/www.isaac-del-toro.mx\/de\/la-fleche-wallonne-2026-del-toro-teilnahme-verletzung-ungewiss\/","og_site_name":"Isaac del Toro Romero","article_published_time":"2026-04-21T05:18:50+00:00","og_image":[{"url":"https:\/\/www.isaac-del-toro.mx\/wp-content\/uploads\/2026\/04\/job-34-20260421071822.png","width":1024,"height":1024,"type":"image\/png"}],"author":"Frank","twitter_card":"summary_large_image","twitter_misc":{"Verfasst von":"Frank","Gesch\u00e4tzte Lesezeit":"1\u00a0Minute"},"schema":{"@context":"https:\/\/schema.org","@graph":[{"@type":"Article","@id":"https:\/\/www.isaac-del-toro.mx\/de\/la-fleche-wallonne-2026-del-toro-teilnahme-verletzung-ungewiss\/#article","isPartOf":{"@id":"https:\/\/www.isaac-del-toro.mx\/de\/la-fleche-wallonne-2026-del-toro-teilnahme-verletzung-ungewiss\/"},"author":{"name":"Frank","@id":"https:\/\/www.isaac-del-toro.mx\/de\/#\/schema\/person\/dcd12bccf645d7a2112bdb90aa7ff9f2"},"headline":"La Fl\u00e8che Wallonne 2026: Del Toro-Teilnahme nach Verletzung ungewiss","datePublished":"2026-04-21T05:18:50+00:00","mainEntityOfPage":{"@id":"https:\/\/www.isaac-del-toro.mx\/de\/la-fleche-wallonne-2026-del-toro-teilnahme-verletzung-ungewiss\/"},"wordCount":271,"commentCount":0,"publisher":{"@id":"https:\/\/www.isaac-del-toro.mx\/de\/#\/schema\/person\/7cbbcf16bd93d1b98eeb4ab7a1fbd7ba"},"image":{"@id":"https:\/\/www.isaac-del-toro.mx\/de\/la-fleche-wallonne-2026-del-toro-teilnahme-verletzung-ungewiss\/#primaryimage"},"thumbnailUrl":"https:\/\/www.isaac-del-toro.mx\/wp-content\/uploads\/2026\/04\/job-34-20260421071822.png","articleSection":["Rennvorschau"],"inLanguage":"de","potentialAction":[{"@type":"CommentAction","name":"Comment","target":["https:\/\/www.isaac-del-toro.mx\/de\/la-fleche-wallonne-2026-del-toro-teilnahme-verletzung-ungewiss\/#respond"]}]},{"@type":"WebPage","@id":"https:\/\/www.isaac-del-toro.mx\/de\/la-fleche-wallonne-2026-del-toro-teilnahme-verletzung-ungewiss\/","url":"https:\/\/www.isaac-del-toro.mx\/de\/la-fleche-wallonne-2026-del-toro-teilnahme-verletzung-ungewiss\/","name":"La Fl\u00e8che Wallonne 2026: Del Toro-Teilnahme ungewiss","isPartOf":{"@id":"https:\/\/www.isaac-del-toro.mx\/de\/#website"},"primaryImageOfPage":{"@id":"https:\/\/www.isaac-del-toro.mx\/de\/la-fleche-wallonne-2026-del-toro-teilnahme-verletzung-ungewiss\/#primaryimage"},"image":{"@id":"https:\/\/www.isaac-del-toro.mx\/de\/la-fleche-wallonne-2026-del-toro-teilnahme-verletzung-ungewiss\/#primaryimage"},"thumbnailUrl":"https:\/\/www.isaac-del-toro.mx\/wp-content\/uploads\/2026\/04\/job-34-20260421071822.png","datePublished":"2026-04-21T05:18:50+00:00","description":"La Fl\u00e8che Wallonne 2026 am 22. April mit dem legend\u00e4ren Mur de Huy. Isaac del Toros Teilnahme nach Oberschenkelverletzung fraglich.","breadcrumb":{"@id":"https:\/\/www.isaac-del-toro.mx\/de\/la-fleche-wallonne-2026-del-toro-teilnahme-verletzung-ungewiss\/#breadcrumb"},"inLanguage":"de","potentialAction":[{"@type":"ReadAction","target":["https:\/\/www.isaac-del-toro.mx\/de\/la-fleche-wallonne-2026-del-toro-teilnahme-verletzung-ungewiss\/"]}]},{"@type":"ImageObject","inLanguage":"de","@id":"https:\/\/www.isaac-del-toro.mx\/de\/la-fleche-wallonne-2026-del-toro-teilnahme-verletzung-ungewiss\/#primaryimage","url":"https:\/\/www.isaac-del-toro.mx\/wp-content\/uploads\/2026\/04\/job-34-20260421071822.png","contentUrl":"https:\/\/www.isaac-del-toro.mx\/wp-content\/uploads\/2026\/04\/job-34-20260421071822.png","width":1024,"height":1024,"caption":"Un ciclista solitario sube una carretera de monta\u00f1a con el Mur de Huy al fondo, bajo un cielo nublado."},{"@type":"BreadcrumbList","@id":"https:\/\/www.isaac-del-toro.mx\/de\/la-fleche-wallonne-2026-del-toro-teilnahme-verletzung-ungewiss\/#breadcrumb","itemListElement":[{"@type":"ListItem","position":1,"name":"Start","item":"https:\/\/www.isaac-del-toro.mx\/de\/"},{"@type":"ListItem","position":2,"name":"La Fl\u00e8che Wallonne 2026: Del Toro-Teilnahme nach Verletzung ungewiss"}]},{"@type":"WebSite","@id":"https:\/\/www.isaac-del-toro.mx\/de\/#website","url":"https:\/\/www.isaac-del-toro.mx\/de\/","name":"Isaac del Toro Romero","description":"","publisher":{"@id":"https:\/\/www.isaac-del-toro.mx\/de\/#\/schema\/person\/7cbbcf16bd93d1b98eeb4ab7a1fbd7ba"},"potentialAction":[{"@type":"SearchAction","target":{"@type":"EntryPoint","urlTemplate":"https:\/\/www.isaac-del-toro.mx\/de\/?s={search_term_string}"},"query-input":{"@type":"PropertyValueSpecification","valueRequired":true,"valueName":"search_term_string"}}],"inLanguage":"de"},{"@type":["Person","Organization"],"@id":"https:\/\/www.isaac-del-toro.mx\/de\/#\/schema\/person\/7cbbcf16bd93d1b98eeb4ab7a1fbd7ba","name":"Isaac del Toro Romero","logo":{"@id":"https:\/\/www.isaac-del-toro.mx\/de\/#\/schema\/person\/image\/"}},{"@type":"Person","@id":"https:\/\/www.isaac-del-toro.mx\/de\/#\/schema\/person\/dcd12bccf645d7a2112bdb90aa7ff9f2","name":"Frank","sameAs":["https:\/\/www.isaac-del-toro.mx"],"url":"https:\/\/www.isaac-del-toro.mx\/de\/author\/frank-kuglerwebarbeit-net\/"}]}},"_links":{"self":[{"href":"https:\/\/www.isaac-del-toro.mx\/de\/wp-json\/wp\/v2\/posts\/1094","targetHints":{"allow":["GET"]}}],"collection":[{"href":"https:\/\/www.isaac-del-toro.mx\/de\/wp-json\/wp\/v2\/posts"}],"about":[{"href":"https:\/\/www.isaac-del-toro.mx\/de\/wp-json\/wp\/v2\/types\/post"}],"author":[{"embeddable":true,"href":"https:\/\/www.isaac-del-toro.mx\/de\/wp-json\/wp\/v2\/users\/1"}],"replies":[{"embeddable":true,"href":"https:\/\/www.isaac-del-toro.mx\/de\/wp-json\/wp\/v2\/comments?post=1094"}],"version-history":[{"count":0,"href":"https:\/\/www.isaac-del-toro.mx\/de\/wp-json\/wp\/v2\/posts\/1094\/revisions"}],"wp:featuredmedia":[{"embeddable":true,"href":"https:\/\/www.isaac-del-toro.mx\/de\/wp-json\/wp\/v2\/media\/1092"}],"wp:attachment":[{"href":"https:\/\/www.isaac-del-toro.mx\/de\/wp-json\/wp\/v2\/media?parent=1094"}],"wp:term":[{"taxonomy":"category","embeddable":true,"href":"https:\/\/www.isaac-del-toro.mx\/de\/wp-json\/wp\/v2\/categories?post=1094"},{"taxonomy":"post_tag","embeddable":true,"href":"https:\/\/www.isaac-del-toro.mx\/de\/wp-json\/wp\/v2\/tags?post=1094"}],"curies":[{"name":"wp","href":"https:\/\/api.w.org\/{rel}","templated":true}]}}