{"id":165,"date":"2025-12-18T06:52:58","date_gmt":"2025-12-18T12:52:58","guid":{"rendered":"https:\/\/www.isaac-del-toro.mx\/?p=165"},"modified":"2026-02-02T08:34:45","modified_gmt":"2026-02-02T14:34:45","slug":"isaac-del-toro-weg-nach-los-angeles-2028","status":"publish","type":"post","link":"https:\/\/www.isaac-del-toro.mx\/de\/isaac-del-toro-weg-nach-los-angeles-2028\/","title":{"rendered":"Isaac del Toro und sein Weg zu den Olympischen Spielen 2028"},"content":{"rendered":"\n<p><strong>Isaac del Toro setzt seinen beeindruckenden Aufstieg fort<\/strong> \u2013 und ein gro\u00dfes Ziel r\u00fcckt immer n\u00e4her: die Olympischen Spiele in Los Angeles 2028. Nach seinen starken Leistungen in Europa und seinem historischen Durchbruch auf WorldTour-Niveau tr\u00e4umt der Mexikaner nun davon, bei den Olympischen Spielen f\u00fcr sein Land zu starten.<\/p>\n\n<h2>Ein anderes Qualifikationssystem als bei gro\u00dfen Landesrundfahrten<\/h2>\n<p>Der Weg zu den Olympischen Spielen funktioniert im Stra\u00dfenradsport v\u00f6llig anders als beim Giro d\u2019Italia oder der Vuelta. <strong>Startpl\u00e4tze werden nicht an einzelne Fahrer vergeben, sondern an Nationen<\/strong>.<\/p>\n\n<p>Laut <em>Diario de M\u00e9xico<\/em> orientiert sich das Qualifikationsmodell f\u00fcr Los Angeles 2028 am System von Paris 2024. Das bedeutet: <strong>Die UCI-Nationenwertung entscheidet \u00fcber die Vergabe der Olympiastartpl\u00e4tze<\/strong>. Punkte daf\u00fcr stammen haupts\u00e4chlich aus:<\/p>\n\n<ul>\n  <li>WorldTour-Eintagesrennen<\/li>\n  <li>Etappen- und Gesamtwertungen in UCI-2.Pro- und 2.1-Rennen<\/li>\n  <li>Kontinentalmeisterschaften<\/li>\n  <li>UCI-Stra\u00dfenweltmeisterschaft<\/li>\n<\/ul>\n\n<p>F\u00fcr Mexiko ist das ein Vorteil, denn <strong>Isaac del Toro geh\u00f6rt bereits zu den punktst\u00e4rksten Fahrern Amerikas<\/strong>. Seine Ergebnisse im WorldTour-Kalender geben dem Land einen deutlichen Schub.<\/p>\n\n<h2>Wie Mexiko einen Startplatz erhalten kann<\/h2>\n\n<h3>1. Qualifikation \u00fcber die UCI-Nationenwertung<\/h3>\n<p>Dies ist der wichtigste und wahrscheinlichste Weg. Wenn Mexiko in der Nations-Rangliste innerhalb der relevanten Zonen landet, erh\u00e4lt das Land automatisch ein oder mehrere Tickets. <strong>Del Toros Punkte aus Europa sind daf\u00fcr entscheidend<\/strong>.<\/p>\n\n<h3>2. Qualifikation \u00fcber die Weltmeisterschaft<\/h3>\n<p>Erreicht ein Land beim Stra\u00dfenrennen oder Zeitfahren der WM ein herausragendes Ergebnis, kann dies ebenfalls zu einem Startplatz f\u00fchren. <strong>Isaac hat bereits bewiesen, dass er in WM-Feldern konkurrenzf\u00e4hig ist<\/strong>.<\/p>\n\n<h2>Der logische Olympia-Kandidat Mexikos<\/h2>\n<p>Sollte Mexiko einen Platz erhalten, muss der Verband entscheiden, welcher Fahrer das Ticket bekommt. Aus heutiger Sicht ist die Antwort klar: <strong>Kein mexikanischer Fahrer ist international so etabliert wie Isaac del Toro<\/strong>. Seine Kletterst\u00e4rke, sein Rennverst\u00e4ndnis und seine WorldTour-Erfahrung machen ihn zur logischen Wahl.<\/p>\n\n<p>Auch fahrerisch passt er perfekt: Moderne Olympiakurse beinhalten kurze Anstiege, schnelle Rhythmuswechsel und taktische Passagen. <strong>Genau dort zeigt Del Toro regelm\u00e4\u00dfig seine St\u00e4rken<\/strong>.<\/p>\n\n<h2>2028: Ein Ziel mit emotionaler Bedeutung<\/h2>\n<p>F\u00fcr Isaac w\u00e4ren Olympische Spiele mehr als ein sportlicher Meilenstein. Sie w\u00e4ren die Belohnung f\u00fcr einen Weg voller Opfer: die Unterst\u00fctzung seiner Familie, die Jahre ohne F\u00f6rderung, seine Ausbildung im Ausland und sein Durchbruch zum Profiradsport.<\/p>\n\n<p><strong>Del Toro hat den mexikanischen Radsport bereits ver\u00e4ndert<\/strong>. Die Teilnahme an den Olympischen Spielen \u2013 und vielleicht sogar ein historisches Ergebnis \u2013 w\u00e4re das n\u00e4chste gro\u00dfe Kapitel seiner Karriere.<\/p>\n\n<p><em>Auf geht\u2019s, Isaac. Der Weg nach Los Angeles hat schon begonnen.<\/em><\/p>\n\n","protected":false},"excerpt":{"rendered":"<p>Isaac del Toro setzt seinen beeindruckenden Aufstieg fort \u2013 und ein gro\u00dfes Ziel r\u00fcckt immer n\u00e4her: die Olympischen Spiele in [&hellip;]<\/p>\n","protected":false},"author":1,"featured_media":184,"comment_status":"open","ping_status":"open","sticky":false,"template":"","format":"standard","meta":{"footnotes":""},"categories":[29],"tags":[],"class_list":["post-165","post","type-post","status-publish","format-standard","has-post-thumbnail","hentry","category-nachrichten"],"yoast_head":"<!-- This site is optimized with the Yoast SEO plugin v27.1.1 - https:\/\/yoast.com\/product\/yoast-seo-wordpress\/ -->\n<title>Isaac del Toro auf dem Weg nach Los Angeles 2028<\/title>\n<meta name=\"description\" content=\"Wie Isaac del Toro sich f\u00fcr die Olympischen Spiele qualifizieren kann \u2013 und warum er der Schl\u00fcssel f\u00fcr Mexikos Chancen ist.\" \/>\n<meta name=\"robots\" content=\"index, follow, max-snippet:-1, max-image-preview:large, max-video-preview:-1\" \/>\n<link rel=\"canonical\" href=\"https:\/\/www.isaac-del-toro.mx\/de\/isaac-del-toro-weg-nach-los-angeles-2028\/\" \/>\n<meta property=\"og:locale\" content=\"de_DE\" \/>\n<meta property=\"og:type\" content=\"article\" \/>\n<meta property=\"og:title\" content=\"Isaac del Toro auf dem Weg nach Los Angeles 2028\" \/>\n<meta property=\"og:description\" content=\"Wie Isaac del Toro sich f\u00fcr die Olympischen Spiele qualifizieren kann \u2013 und warum er der Schl\u00fcssel f\u00fcr Mexikos Chancen ist.\" \/>\n<meta property=\"og:url\" content=\"https:\/\/www.isaac-del-toro.mx\/de\/isaac-del-toro-weg-nach-los-angeles-2028\/\" \/>\n<meta property=\"og:site_name\" content=\"Isaac del Toro Romero\" \/>\n<meta property=\"article:published_time\" content=\"2025-12-18T12:52:58+00:00\" \/>\n<meta property=\"article:modified_time\" content=\"2026-02-02T14:34:45+00:00\" \/>\n<meta property=\"og:image\" content=\"https:\/\/www.isaac-del-toro.mx\/wp-content\/uploads\/2025\/12\/isaac-del-toro-los-angeles-2028-1-scaled.webp\" \/>\n\t<meta property=\"og:image:width\" content=\"2560\" \/>\n\t<meta property=\"og:image:height\" content=\"1463\" \/>\n\t<meta property=\"og:image:type\" content=\"image\/webp\" \/>\n<meta name=\"author\" content=\"Frank\" \/>\n<meta name=\"twitter:card\" content=\"summary_large_image\" \/>\n<meta name=\"twitter:label1\" content=\"Verfasst von\" \/>\n\t<meta name=\"twitter:data1\" content=\"Frank\" \/>\n\t<meta name=\"twitter:label2\" content=\"Gesch\u00e4tzte Lesezeit\" \/>\n\t<meta name=\"twitter:data2\" content=\"3\u00a0Minuten\" \/>\n<script type=\"application\/ld+json\" class=\"yoast-schema-graph\">{\"@context\":\"https:\/\/schema.org\",\"@graph\":[{\"@type\":\"Article\",\"@id\":\"https:\/\/www.isaac-del-toro.mx\/de\/isaac-del-toro-weg-nach-los-angeles-2028\/#article\",\"isPartOf\":{\"@id\":\"https:\/\/www.isaac-del-toro.mx\/de\/isaac-del-toro-weg-nach-los-angeles-2028\/\"},\"author\":{\"name\":\"Frank\",\"@id\":\"https:\/\/www.isaac-del-toro.mx\/de\/#\/schema\/person\/dcd12bccf645d7a2112bdb90aa7ff9f2\"},\"headline\":\"Isaac del Toro und sein Weg zu den Olympischen Spielen 2028\",\"datePublished\":\"2025-12-18T12:52:58+00:00\",\"dateModified\":\"2026-02-02T14:34:45+00:00\",\"mainEntityOfPage\":{\"@id\":\"https:\/\/www.isaac-del-toro.mx\/de\/isaac-del-toro-weg-nach-los-angeles-2028\/\"},\"wordCount\":425,\"commentCount\":0,\"publisher\":{\"@id\":\"https:\/\/www.isaac-del-toro.mx\/de\/#\/schema\/person\/7cbbcf16bd93d1b98eeb4ab7a1fbd7ba\"},\"image\":{\"@id\":\"https:\/\/www.isaac-del-toro.mx\/de\/isaac-del-toro-weg-nach-los-angeles-2028\/#primaryimage\"},\"thumbnailUrl\":\"https:\/\/www.isaac-del-toro.mx\/wp-content\/uploads\/2025\/12\/isaac-del-toro-los-angeles-2028-1-scaled.webp\",\"articleSection\":[\"Nachrichten\"],\"inLanguage\":\"de\",\"potentialAction\":[{\"@type\":\"CommentAction\",\"name\":\"Comment\",\"target\":[\"https:\/\/www.isaac-del-toro.mx\/de\/isaac-del-toro-weg-nach-los-angeles-2028\/#respond\"]}]},{\"@type\":\"WebPage\",\"@id\":\"https:\/\/www.isaac-del-toro.mx\/de\/isaac-del-toro-weg-nach-los-angeles-2028\/\",\"url\":\"https:\/\/www.isaac-del-toro.mx\/de\/isaac-del-toro-weg-nach-los-angeles-2028\/\",\"name\":\"Isaac del Toro auf dem Weg nach Los Angeles 2028\",\"isPartOf\":{\"@id\":\"https:\/\/www.isaac-del-toro.mx\/de\/#website\"},\"primaryImageOfPage\":{\"@id\":\"https:\/\/www.isaac-del-toro.mx\/de\/isaac-del-toro-weg-nach-los-angeles-2028\/#primaryimage\"},\"image\":{\"@id\":\"https:\/\/www.isaac-del-toro.mx\/de\/isaac-del-toro-weg-nach-los-angeles-2028\/#primaryimage\"},\"thumbnailUrl\":\"https:\/\/www.isaac-del-toro.mx\/wp-content\/uploads\/2025\/12\/isaac-del-toro-los-angeles-2028-1-scaled.webp\",\"datePublished\":\"2025-12-18T12:52:58+00:00\",\"dateModified\":\"2026-02-02T14:34:45+00:00\",\"description\":\"Wie Isaac del Toro sich f\u00fcr die Olympischen Spiele qualifizieren kann \u2013 und warum er der Schl\u00fcssel f\u00fcr Mexikos Chancen ist.\",\"breadcrumb\":{\"@id\":\"https:\/\/www.isaac-del-toro.mx\/de\/isaac-del-toro-weg-nach-los-angeles-2028\/#breadcrumb\"},\"inLanguage\":\"de\",\"potentialAction\":[{\"@type\":\"ReadAction\",\"target\":[\"https:\/\/www.isaac-del-toro.mx\/de\/isaac-del-toro-weg-nach-los-angeles-2028\/\"]}]},{\"@type\":\"ImageObject\",\"inLanguage\":\"de\",\"@id\":\"https:\/\/www.isaac-del-toro.mx\/de\/isaac-del-toro-weg-nach-los-angeles-2028\/#primaryimage\",\"url\":\"https:\/\/www.isaac-del-toro.mx\/wp-content\/uploads\/2025\/12\/isaac-del-toro-los-angeles-2028-1-scaled.webp\",\"contentUrl\":\"https:\/\/www.isaac-del-toro.mx\/wp-content\/uploads\/2025\/12\/isaac-del-toro-los-angeles-2028-1-scaled.webp\",\"width\":2560,\"height\":1463},{\"@type\":\"BreadcrumbList\",\"@id\":\"https:\/\/www.isaac-del-toro.mx\/de\/isaac-del-toro-weg-nach-los-angeles-2028\/#breadcrumb\",\"itemListElement\":[{\"@type\":\"ListItem\",\"position\":1,\"name\":\"Start\",\"item\":\"https:\/\/www.isaac-del-toro.mx\/de\/\"},{\"@type\":\"ListItem\",\"position\":2,\"name\":\"Isaac del Toro und sein Weg zu den Olympischen Spielen 2028\"}]},{\"@type\":\"WebSite\",\"@id\":\"https:\/\/www.isaac-del-toro.mx\/de\/#website\",\"url\":\"https:\/\/www.isaac-del-toro.mx\/de\/\",\"name\":\"Isaac del Toro Romero\",\"description\":\"\",\"publisher\":{\"@id\":\"https:\/\/www.isaac-del-toro.mx\/de\/#\/schema\/person\/7cbbcf16bd93d1b98eeb4ab7a1fbd7ba\"},\"potentialAction\":[{\"@type\":\"SearchAction\",\"target\":{\"@type\":\"EntryPoint\",\"urlTemplate\":\"https:\/\/www.isaac-del-toro.mx\/de\/?s={search_term_string}\"},\"query-input\":{\"@type\":\"PropertyValueSpecification\",\"valueRequired\":true,\"valueName\":\"search_term_string\"}}],\"inLanguage\":\"de\"},{\"@type\":[\"Person\",\"Organization\"],\"@id\":\"https:\/\/www.isaac-del-toro.mx\/de\/#\/schema\/person\/7cbbcf16bd93d1b98eeb4ab7a1fbd7ba\",\"name\":\"Isaac del Toro Romero\",\"logo\":{\"@id\":\"https:\/\/www.isaac-del-toro.mx\/de\/#\/schema\/person\/image\/\"}},{\"@type\":\"Person\",\"@id\":\"https:\/\/www.isaac-del-toro.mx\/de\/#\/schema\/person\/dcd12bccf645d7a2112bdb90aa7ff9f2\",\"name\":\"Frank\",\"sameAs\":[\"https:\/\/www.isaac-del-toro.mx\"],\"url\":\"https:\/\/www.isaac-del-toro.mx\/de\/author\/frank-kuglerwebarbeit-net\/\"}]}<\/script>\n<!-- \/ Yoast SEO plugin. -->","yoast_head_json":{"title":"Isaac del Toro auf dem Weg nach Los Angeles 2028","description":"Wie Isaac del Toro sich f\u00fcr die Olympischen Spiele qualifizieren kann \u2013 und warum er der Schl\u00fcssel f\u00fcr Mexikos Chancen ist.","robots":{"index":"index","follow":"follow","max-snippet":"max-snippet:-1","max-image-preview":"max-image-preview:large","max-video-preview":"max-video-preview:-1"},"canonical":"https:\/\/www.isaac-del-toro.mx\/de\/isaac-del-toro-weg-nach-los-angeles-2028\/","og_locale":"de_DE","og_type":"article","og_title":"Isaac del Toro auf dem Weg nach Los Angeles 2028","og_description":"Wie Isaac del Toro sich f\u00fcr die Olympischen Spiele qualifizieren kann \u2013 und warum er der Schl\u00fcssel f\u00fcr Mexikos Chancen ist.","og_url":"https:\/\/www.isaac-del-toro.mx\/de\/isaac-del-toro-weg-nach-los-angeles-2028\/","og_site_name":"Isaac del Toro Romero","article_published_time":"2025-12-18T12:52:58+00:00","article_modified_time":"2026-02-02T14:34:45+00:00","og_image":[{"width":2560,"height":1463,"url":"https:\/\/www.isaac-del-toro.mx\/wp-content\/uploads\/2025\/12\/isaac-del-toro-los-angeles-2028-1-scaled.webp","type":"image\/webp"}],"author":"Frank","twitter_card":"summary_large_image","twitter_misc":{"Verfasst von":"Frank","Gesch\u00e4tzte Lesezeit":"3\u00a0Minuten"},"schema":{"@context":"https:\/\/schema.org","@graph":[{"@type":"Article","@id":"https:\/\/www.isaac-del-toro.mx\/de\/isaac-del-toro-weg-nach-los-angeles-2028\/#article","isPartOf":{"@id":"https:\/\/www.isaac-del-toro.mx\/de\/isaac-del-toro-weg-nach-los-angeles-2028\/"},"author":{"name":"Frank","@id":"https:\/\/www.isaac-del-toro.mx\/de\/#\/schema\/person\/dcd12bccf645d7a2112bdb90aa7ff9f2"},"headline":"Isaac del Toro und sein Weg zu den Olympischen Spielen 2028","datePublished":"2025-12-18T12:52:58+00:00","dateModified":"2026-02-02T14:34:45+00:00","mainEntityOfPage":{"@id":"https:\/\/www.isaac-del-toro.mx\/de\/isaac-del-toro-weg-nach-los-angeles-2028\/"},"wordCount":425,"commentCount":0,"publisher":{"@id":"https:\/\/www.isaac-del-toro.mx\/de\/#\/schema\/person\/7cbbcf16bd93d1b98eeb4ab7a1fbd7ba"},"image":{"@id":"https:\/\/www.isaac-del-toro.mx\/de\/isaac-del-toro-weg-nach-los-angeles-2028\/#primaryimage"},"thumbnailUrl":"https:\/\/www.isaac-del-toro.mx\/wp-content\/uploads\/2025\/12\/isaac-del-toro-los-angeles-2028-1-scaled.webp","articleSection":["Nachrichten"],"inLanguage":"de","potentialAction":[{"@type":"CommentAction","name":"Comment","target":["https:\/\/www.isaac-del-toro.mx\/de\/isaac-del-toro-weg-nach-los-angeles-2028\/#respond"]}]},{"@type":"WebPage","@id":"https:\/\/www.isaac-del-toro.mx\/de\/isaac-del-toro-weg-nach-los-angeles-2028\/","url":"https:\/\/www.isaac-del-toro.mx\/de\/isaac-del-toro-weg-nach-los-angeles-2028\/","name":"Isaac del Toro auf dem Weg nach Los Angeles 2028","isPartOf":{"@id":"https:\/\/www.isaac-del-toro.mx\/de\/#website"},"primaryImageOfPage":{"@id":"https:\/\/www.isaac-del-toro.mx\/de\/isaac-del-toro-weg-nach-los-angeles-2028\/#primaryimage"},"image":{"@id":"https:\/\/www.isaac-del-toro.mx\/de\/isaac-del-toro-weg-nach-los-angeles-2028\/#primaryimage"},"thumbnailUrl":"https:\/\/www.isaac-del-toro.mx\/wp-content\/uploads\/2025\/12\/isaac-del-toro-los-angeles-2028-1-scaled.webp","datePublished":"2025-12-18T12:52:58+00:00","dateModified":"2026-02-02T14:34:45+00:00","description":"Wie Isaac del Toro sich f\u00fcr die Olympischen Spiele qualifizieren kann \u2013 und warum er der Schl\u00fcssel f\u00fcr Mexikos Chancen ist.","breadcrumb":{"@id":"https:\/\/www.isaac-del-toro.mx\/de\/isaac-del-toro-weg-nach-los-angeles-2028\/#breadcrumb"},"inLanguage":"de","potentialAction":[{"@type":"ReadAction","target":["https:\/\/www.isaac-del-toro.mx\/de\/isaac-del-toro-weg-nach-los-angeles-2028\/"]}]},{"@type":"ImageObject","inLanguage":"de","@id":"https:\/\/www.isaac-del-toro.mx\/de\/isaac-del-toro-weg-nach-los-angeles-2028\/#primaryimage","url":"https:\/\/www.isaac-del-toro.mx\/wp-content\/uploads\/2025\/12\/isaac-del-toro-los-angeles-2028-1-scaled.webp","contentUrl":"https:\/\/www.isaac-del-toro.mx\/wp-content\/uploads\/2025\/12\/isaac-del-toro-los-angeles-2028-1-scaled.webp","width":2560,"height":1463},{"@type":"BreadcrumbList","@id":"https:\/\/www.isaac-del-toro.mx\/de\/isaac-del-toro-weg-nach-los-angeles-2028\/#breadcrumb","itemListElement":[{"@type":"ListItem","position":1,"name":"Start","item":"https:\/\/www.isaac-del-toro.mx\/de\/"},{"@type":"ListItem","position":2,"name":"Isaac del Toro und sein Weg zu den Olympischen Spielen 2028"}]},{"@type":"WebSite","@id":"https:\/\/www.isaac-del-toro.mx\/de\/#website","url":"https:\/\/www.isaac-del-toro.mx\/de\/","name":"Isaac del Toro Romero","description":"","publisher":{"@id":"https:\/\/www.isaac-del-toro.mx\/de\/#\/schema\/person\/7cbbcf16bd93d1b98eeb4ab7a1fbd7ba"},"potentialAction":[{"@type":"SearchAction","target":{"@type":"EntryPoint","urlTemplate":"https:\/\/www.isaac-del-toro.mx\/de\/?s={search_term_string}"},"query-input":{"@type":"PropertyValueSpecification","valueRequired":true,"valueName":"search_term_string"}}],"inLanguage":"de"},{"@type":["Person","Organization"],"@id":"https:\/\/www.isaac-del-toro.mx\/de\/#\/schema\/person\/7cbbcf16bd93d1b98eeb4ab7a1fbd7ba","name":"Isaac del Toro Romero","logo":{"@id":"https:\/\/www.isaac-del-toro.mx\/de\/#\/schema\/person\/image\/"}},{"@type":"Person","@id":"https:\/\/www.isaac-del-toro.mx\/de\/#\/schema\/person\/dcd12bccf645d7a2112bdb90aa7ff9f2","name":"Frank","sameAs":["https:\/\/www.isaac-del-toro.mx"],"url":"https:\/\/www.isaac-del-toro.mx\/de\/author\/frank-kuglerwebarbeit-net\/"}]}},"_links":{"self":[{"href":"https:\/\/www.isaac-del-toro.mx\/de\/wp-json\/wp\/v2\/posts\/165","targetHints":{"allow":["GET"]}}],"collection":[{"href":"https:\/\/www.isaac-del-toro.mx\/de\/wp-json\/wp\/v2\/posts"}],"about":[{"href":"https:\/\/www.isaac-del-toro.mx\/de\/wp-json\/wp\/v2\/types\/post"}],"author":[{"embeddable":true,"href":"https:\/\/www.isaac-del-toro.mx\/de\/wp-json\/wp\/v2\/users\/1"}],"replies":[{"embeddable":true,"href":"https:\/\/www.isaac-del-toro.mx\/de\/wp-json\/wp\/v2\/comments?post=165"}],"version-history":[{"count":1,"href":"https:\/\/www.isaac-del-toro.mx\/de\/wp-json\/wp\/v2\/posts\/165\/revisions"}],"predecessor-version":[{"id":166,"href":"https:\/\/www.isaac-del-toro.mx\/de\/wp-json\/wp\/v2\/posts\/165\/revisions\/166"}],"wp:featuredmedia":[{"embeddable":true,"href":"https:\/\/www.isaac-del-toro.mx\/de\/wp-json\/wp\/v2\/media\/184"}],"wp:attachment":[{"href":"https:\/\/www.isaac-del-toro.mx\/de\/wp-json\/wp\/v2\/media?parent=165"}],"wp:term":[{"taxonomy":"category","embeddable":true,"href":"https:\/\/www.isaac-del-toro.mx\/de\/wp-json\/wp\/v2\/categories?post=165"},{"taxonomy":"post_tag","embeddable":true,"href":"https:\/\/www.isaac-del-toro.mx\/de\/wp-json\/wp\/v2\/tags?post=165"}],"curies":[{"name":"wp","href":"https:\/\/api.w.org\/{rel}","templated":true}]}}