{"id":250,"date":"2025-12-24T04:57:58","date_gmt":"2025-12-24T10:57:58","guid":{"rendered":"https:\/\/www.isaac-del-toro.mx\/?p=250"},"modified":"2025-12-24T04:58:25","modified_gmt":"2025-12-24T10:58:25","slug":"ernaehrung-isaac-del-toro-profiradsport","status":"publish","type":"post","link":"https:\/\/www.isaac-del-toro.mx\/de\/ernaehrung-isaac-del-toro-profiradsport\/","title":{"rendered":"Ern\u00e4hrung im Profiradsport: der Treibstoff hinter Isaac del Toros Leistung"},"content":{"rendered":"\n<p>Im Profiradsport beginnt Leistung nicht erst auf dem Rad, sondern lange davor \u2013 am Fr\u00fchst\u00fcckstisch. Um lange und intensive Belastungen zu bew\u00e4ltigen, ist die Ern\u00e4hrung ein zentraler Baustein. <strong>Isaac del Toro<\/strong> zeigt eindrucksvoll, wie entscheidend eine pr\u00e4zise abgestimmte Ern\u00e4hrung f\u00fcr Erfolge auf h\u00f6chstem Niveau ist.<\/p>\n\n<h2>Lange Fr\u00fchst\u00fccke f\u00fcr lange Trainingseinheiten<\/h2>\n<p>Vor einem f\u00fcnfst\u00fcndigen Training ben\u00f6tigt Isaac mitunter <strong>bis zu anderthalb Stunden allein f\u00fcr das Fr\u00fchst\u00fcck<\/strong>. Das ist kein Luxus, sondern eine Notwendigkeit. Der K\u00f6rper muss mit vollst\u00e4ndig gef\u00fcllten Energiespeichern in die Einheit starten, insbesondere bei intensiven Belastungen oder Trainings in der H\u00f6he.<\/p>\n\n<p>Das Fr\u00fchst\u00fcck ist umfangreich, ausgewogen und genau geplant. Kohlenhydrate stehen im Mittelpunkt, um die Glykogenspeicher zu f\u00fcllen. Erg\u00e4nzt werden sie durch Proteine zum Muskelerhalt sowie gesunde Fette, die eine langanhaltende Energieversorgung sicherstellen.<\/p>\n\n<h2>Essen \u00fcber Stunden geh\u00f6rt zum Alltag<\/h2>\n<p>Auf Profi-Niveau ist Essen keine Frage des Hungers, sondern der Strategie. W\u00e4hrend langer Trainingsfahrten oder harter Rennen muss Isaac <strong>kontinuierlich Energie zuf\u00fchren<\/strong>: Gels, Riegel, Reisprodukte, isotonische Getr\u00e4nke und weitere speziell abgestimmte Nahrungsmittel.<\/p>\n\n<p>Diese scheinbar endlosen Mahlzeiten sind fester Bestandteil des Tagesablaufs eines Profiradfahrers. Ziel ist es, Leistungseinbr\u00fcche zu vermeiden, die Konzentration hochzuhalten und den K\u00f6rper auch nach vielen Stunden belastbar zu halten.<\/p>\n\n<h2>Eine Ern\u00e4hrung f\u00fcr h\u00f6chste Anforderungen<\/h2>\n<p>Die Ern\u00e4hrung von Isaac del Toro ist kein Zufallsprodukt. Sie ist gezielt darauf ausgelegt, Rennen mit hoher Belastung zu bew\u00e4ltigen \u2013 lange Etappen, anspruchsvolle Anstiege, Hitze und st\u00e4ndige Tempowechsel. Im Fokus stehen dabei:<\/p>\n\n<ul>\n  <li><strong>Kohlenhydrate<\/strong> als wichtigste Energiequelle<\/li>\n  <li><strong>Proteine<\/strong> f\u00fcr Regeneration und Muskelerhalt<\/li>\n  <li><strong>Mikron\u00e4hrstoffe<\/strong> zur Unterst\u00fctzung von Immunsystem und Ausdauer<\/li>\n  <li><strong>Gezielte Hydration<\/strong>, entscheidend f\u00fcr Leistung und Erholung<\/li>\n<\/ul>\n\n<p>Jede Mahlzeit erf\u00fcllt eine klare Funktion innerhalb des t\u00e4glichen und w\u00f6chentlichen Trainingsplans und wird an Belastung und Wettkampf angepasst.<\/p>\n\n<h2>Disziplin als Erfolgsfaktor<\/h2>\n<p>Neben Talent spiegelt die Ern\u00e4hrung vor allem die Disziplin und Professionalit\u00e4t von Isaac del Toro wider. Zur richtigen Zeit das Richtige zu essen, in der passenden Menge, geh\u00f6rt zu den unsichtbaren Opfern des modernen Profiradsports.<\/p>\n\n<p><strong>Ern\u00e4hrung ist der Treibstoff, der Training in Leistung verwandelt<\/strong> \u2013 und bei Isaac del Toro einer der Schl\u00fcssel zu seinem kontinuierlichen Aufstieg in der Weltspitze.<\/p>\n\n","protected":false},"excerpt":{"rendered":"<p>Im Profiradsport beginnt Leistung nicht erst auf dem Rad, sondern lange davor \u2013 am Fr\u00fchst\u00fcckstisch. Um lange und intensive Belastungen [&hellip;]<\/p>\n","protected":false},"author":1,"featured_media":249,"comment_status":"open","ping_status":"open","sticky":false,"template":"","format":"standard","meta":{"footnotes":""},"categories":[53],"tags":[],"class_list":["post-250","post","type-post","status-publish","format-standard","has-post-thumbnail","hentry","category-vorbereitung"],"yoast_head":"<!-- This site is optimized with the Yoast SEO plugin v27.1.1 - https:\/\/yoast.com\/product\/yoast-seo-wordpress\/ -->\n<title>Ern\u00e4hrung von Isaac del Toro: Schl\u00fcssel zur Spitzenleistung<\/title>\n<meta name=\"description\" content=\"So ern\u00e4hrt sich Isaac del Toro im Profiradsport: lange Fr\u00fchst\u00fccke, konstante Energiezufuhr und eine Ern\u00e4hrung f\u00fcr h\u00f6chste Belastungen.\" \/>\n<meta name=\"robots\" content=\"index, follow, max-snippet:-1, max-image-preview:large, max-video-preview:-1\" \/>\n<link rel=\"canonical\" href=\"https:\/\/www.isaac-del-toro.mx\/de\/ernaehrung-isaac-del-toro-profiradsport\/\" \/>\n<meta property=\"og:locale\" content=\"de_DE\" \/>\n<meta property=\"og:type\" content=\"article\" \/>\n<meta property=\"og:title\" content=\"Ern\u00e4hrung von Isaac del Toro: Schl\u00fcssel zur Spitzenleistung\" \/>\n<meta property=\"og:description\" content=\"So ern\u00e4hrt sich Isaac del Toro im Profiradsport: lange Fr\u00fchst\u00fccke, konstante Energiezufuhr und eine Ern\u00e4hrung f\u00fcr h\u00f6chste Belastungen.\" \/>\n<meta property=\"og:url\" content=\"https:\/\/www.isaac-del-toro.mx\/de\/ernaehrung-isaac-del-toro-profiradsport\/\" \/>\n<meta property=\"og:site_name\" content=\"Isaac del Toro Romero\" \/>\n<meta property=\"article:published_time\" content=\"2025-12-24T10:57:58+00:00\" \/>\n<meta property=\"article:modified_time\" content=\"2025-12-24T10:58:25+00:00\" \/>\n<meta property=\"og:image\" content=\"https:\/\/www.isaac-del-toro.mx\/wp-content\/uploads\/2025\/12\/isaac-del-toro-nutricion-scaled.webp\" \/>\n\t<meta property=\"og:image:width\" content=\"2560\" \/>\n\t<meta property=\"og:image:height\" content=\"1463\" \/>\n\t<meta property=\"og:image:type\" content=\"image\/webp\" \/>\n<meta name=\"author\" content=\"Frank\" \/>\n<meta name=\"twitter:card\" content=\"summary_large_image\" \/>\n<meta name=\"twitter:label1\" content=\"Verfasst von\" \/>\n\t<meta name=\"twitter:data1\" content=\"Frank\" \/>\n\t<meta name=\"twitter:label2\" content=\"Gesch\u00e4tzte Lesezeit\" \/>\n\t<meta name=\"twitter:data2\" content=\"3\u00a0Minuten\" \/>\n<script type=\"application\/ld+json\" class=\"yoast-schema-graph\">{\"@context\":\"https:\/\/schema.org\",\"@graph\":[{\"@type\":\"Article\",\"@id\":\"https:\/\/www.isaac-del-toro.mx\/de\/ernaehrung-isaac-del-toro-profiradsport\/#article\",\"isPartOf\":{\"@id\":\"https:\/\/www.isaac-del-toro.mx\/de\/ernaehrung-isaac-del-toro-profiradsport\/\"},\"author\":{\"name\":\"Frank\",\"@id\":\"https:\/\/www.isaac-del-toro.mx\/de\/#\/schema\/person\/dcd12bccf645d7a2112bdb90aa7ff9f2\"},\"headline\":\"Ern\u00e4hrung im Profiradsport: der Treibstoff hinter Isaac del Toros Leistung\",\"datePublished\":\"2025-12-24T10:57:58+00:00\",\"dateModified\":\"2025-12-24T10:58:25+00:00\",\"mainEntityOfPage\":{\"@id\":\"https:\/\/www.isaac-del-toro.mx\/de\/ernaehrung-isaac-del-toro-profiradsport\/\"},\"wordCount\":392,\"commentCount\":0,\"publisher\":{\"@id\":\"https:\/\/www.isaac-del-toro.mx\/de\/#\/schema\/person\/7cbbcf16bd93d1b98eeb4ab7a1fbd7ba\"},\"image\":{\"@id\":\"https:\/\/www.isaac-del-toro.mx\/de\/ernaehrung-isaac-del-toro-profiradsport\/#primaryimage\"},\"thumbnailUrl\":\"https:\/\/www.isaac-del-toro.mx\/wp-content\/uploads\/2025\/12\/isaac-del-toro-nutricion-scaled.webp\",\"articleSection\":[\"Vorbereitung\"],\"inLanguage\":\"de\",\"potentialAction\":[{\"@type\":\"CommentAction\",\"name\":\"Comment\",\"target\":[\"https:\/\/www.isaac-del-toro.mx\/de\/ernaehrung-isaac-del-toro-profiradsport\/#respond\"]}]},{\"@type\":\"WebPage\",\"@id\":\"https:\/\/www.isaac-del-toro.mx\/de\/ernaehrung-isaac-del-toro-profiradsport\/\",\"url\":\"https:\/\/www.isaac-del-toro.mx\/de\/ernaehrung-isaac-del-toro-profiradsport\/\",\"name\":\"Ern\u00e4hrung von Isaac del Toro: Schl\u00fcssel zur Spitzenleistung\",\"isPartOf\":{\"@id\":\"https:\/\/www.isaac-del-toro.mx\/de\/#website\"},\"primaryImageOfPage\":{\"@id\":\"https:\/\/www.isaac-del-toro.mx\/de\/ernaehrung-isaac-del-toro-profiradsport\/#primaryimage\"},\"image\":{\"@id\":\"https:\/\/www.isaac-del-toro.mx\/de\/ernaehrung-isaac-del-toro-profiradsport\/#primaryimage\"},\"thumbnailUrl\":\"https:\/\/www.isaac-del-toro.mx\/wp-content\/uploads\/2025\/12\/isaac-del-toro-nutricion-scaled.webp\",\"datePublished\":\"2025-12-24T10:57:58+00:00\",\"dateModified\":\"2025-12-24T10:58:25+00:00\",\"description\":\"So ern\u00e4hrt sich Isaac del Toro im Profiradsport: lange Fr\u00fchst\u00fccke, konstante Energiezufuhr und eine Ern\u00e4hrung f\u00fcr h\u00f6chste Belastungen.\",\"breadcrumb\":{\"@id\":\"https:\/\/www.isaac-del-toro.mx\/de\/ernaehrung-isaac-del-toro-profiradsport\/#breadcrumb\"},\"inLanguage\":\"de\",\"potentialAction\":[{\"@type\":\"ReadAction\",\"target\":[\"https:\/\/www.isaac-del-toro.mx\/de\/ernaehrung-isaac-del-toro-profiradsport\/\"]}]},{\"@type\":\"ImageObject\",\"inLanguage\":\"de\",\"@id\":\"https:\/\/www.isaac-del-toro.mx\/de\/ernaehrung-isaac-del-toro-profiradsport\/#primaryimage\",\"url\":\"https:\/\/www.isaac-del-toro.mx\/wp-content\/uploads\/2025\/12\/isaac-del-toro-nutricion-scaled.webp\",\"contentUrl\":\"https:\/\/www.isaac-del-toro.mx\/wp-content\/uploads\/2025\/12\/isaac-del-toro-nutricion-scaled.webp\",\"width\":2560,\"height\":1463},{\"@type\":\"BreadcrumbList\",\"@id\":\"https:\/\/www.isaac-del-toro.mx\/de\/ernaehrung-isaac-del-toro-profiradsport\/#breadcrumb\",\"itemListElement\":[{\"@type\":\"ListItem\",\"position\":1,\"name\":\"Start\",\"item\":\"https:\/\/www.isaac-del-toro.mx\/de\/\"},{\"@type\":\"ListItem\",\"position\":2,\"name\":\"Ern\u00e4hrung im Profiradsport: der Treibstoff hinter Isaac del Toros Leistung\"}]},{\"@type\":\"WebSite\",\"@id\":\"https:\/\/www.isaac-del-toro.mx\/de\/#website\",\"url\":\"https:\/\/www.isaac-del-toro.mx\/de\/\",\"name\":\"Isaac del Toro Romero\",\"description\":\"\",\"publisher\":{\"@id\":\"https:\/\/www.isaac-del-toro.mx\/de\/#\/schema\/person\/7cbbcf16bd93d1b98eeb4ab7a1fbd7ba\"},\"potentialAction\":[{\"@type\":\"SearchAction\",\"target\":{\"@type\":\"EntryPoint\",\"urlTemplate\":\"https:\/\/www.isaac-del-toro.mx\/de\/?s={search_term_string}\"},\"query-input\":{\"@type\":\"PropertyValueSpecification\",\"valueRequired\":true,\"valueName\":\"search_term_string\"}}],\"inLanguage\":\"de\"},{\"@type\":[\"Person\",\"Organization\"],\"@id\":\"https:\/\/www.isaac-del-toro.mx\/de\/#\/schema\/person\/7cbbcf16bd93d1b98eeb4ab7a1fbd7ba\",\"name\":\"Isaac del Toro Romero\",\"logo\":{\"@id\":\"https:\/\/www.isaac-del-toro.mx\/de\/#\/schema\/person\/image\/\"}},{\"@type\":\"Person\",\"@id\":\"https:\/\/www.isaac-del-toro.mx\/de\/#\/schema\/person\/dcd12bccf645d7a2112bdb90aa7ff9f2\",\"name\":\"Frank\",\"sameAs\":[\"https:\/\/www.isaac-del-toro.mx\"],\"url\":\"https:\/\/www.isaac-del-toro.mx\/de\/author\/frank-kuglerwebarbeit-net\/\"}]}<\/script>\n<!-- \/ Yoast SEO plugin. -->","yoast_head_json":{"title":"Ern\u00e4hrung von Isaac del Toro: Schl\u00fcssel zur Spitzenleistung","description":"So ern\u00e4hrt sich Isaac del Toro im Profiradsport: lange Fr\u00fchst\u00fccke, konstante Energiezufuhr und eine Ern\u00e4hrung f\u00fcr h\u00f6chste Belastungen.","robots":{"index":"index","follow":"follow","max-snippet":"max-snippet:-1","max-image-preview":"max-image-preview:large","max-video-preview":"max-video-preview:-1"},"canonical":"https:\/\/www.isaac-del-toro.mx\/de\/ernaehrung-isaac-del-toro-profiradsport\/","og_locale":"de_DE","og_type":"article","og_title":"Ern\u00e4hrung von Isaac del Toro: Schl\u00fcssel zur Spitzenleistung","og_description":"So ern\u00e4hrt sich Isaac del Toro im Profiradsport: lange Fr\u00fchst\u00fccke, konstante Energiezufuhr und eine Ern\u00e4hrung f\u00fcr h\u00f6chste Belastungen.","og_url":"https:\/\/www.isaac-del-toro.mx\/de\/ernaehrung-isaac-del-toro-profiradsport\/","og_site_name":"Isaac del Toro Romero","article_published_time":"2025-12-24T10:57:58+00:00","article_modified_time":"2025-12-24T10:58:25+00:00","og_image":[{"width":2560,"height":1463,"url":"https:\/\/www.isaac-del-toro.mx\/wp-content\/uploads\/2025\/12\/isaac-del-toro-nutricion-scaled.webp","type":"image\/webp"}],"author":"Frank","twitter_card":"summary_large_image","twitter_misc":{"Verfasst von":"Frank","Gesch\u00e4tzte Lesezeit":"3\u00a0Minuten"},"schema":{"@context":"https:\/\/schema.org","@graph":[{"@type":"Article","@id":"https:\/\/www.isaac-del-toro.mx\/de\/ernaehrung-isaac-del-toro-profiradsport\/#article","isPartOf":{"@id":"https:\/\/www.isaac-del-toro.mx\/de\/ernaehrung-isaac-del-toro-profiradsport\/"},"author":{"name":"Frank","@id":"https:\/\/www.isaac-del-toro.mx\/de\/#\/schema\/person\/dcd12bccf645d7a2112bdb90aa7ff9f2"},"headline":"Ern\u00e4hrung im Profiradsport: der Treibstoff hinter Isaac del Toros Leistung","datePublished":"2025-12-24T10:57:58+00:00","dateModified":"2025-12-24T10:58:25+00:00","mainEntityOfPage":{"@id":"https:\/\/www.isaac-del-toro.mx\/de\/ernaehrung-isaac-del-toro-profiradsport\/"},"wordCount":392,"commentCount":0,"publisher":{"@id":"https:\/\/www.isaac-del-toro.mx\/de\/#\/schema\/person\/7cbbcf16bd93d1b98eeb4ab7a1fbd7ba"},"image":{"@id":"https:\/\/www.isaac-del-toro.mx\/de\/ernaehrung-isaac-del-toro-profiradsport\/#primaryimage"},"thumbnailUrl":"https:\/\/www.isaac-del-toro.mx\/wp-content\/uploads\/2025\/12\/isaac-del-toro-nutricion-scaled.webp","articleSection":["Vorbereitung"],"inLanguage":"de","potentialAction":[{"@type":"CommentAction","name":"Comment","target":["https:\/\/www.isaac-del-toro.mx\/de\/ernaehrung-isaac-del-toro-profiradsport\/#respond"]}]},{"@type":"WebPage","@id":"https:\/\/www.isaac-del-toro.mx\/de\/ernaehrung-isaac-del-toro-profiradsport\/","url":"https:\/\/www.isaac-del-toro.mx\/de\/ernaehrung-isaac-del-toro-profiradsport\/","name":"Ern\u00e4hrung von Isaac del Toro: Schl\u00fcssel zur Spitzenleistung","isPartOf":{"@id":"https:\/\/www.isaac-del-toro.mx\/de\/#website"},"primaryImageOfPage":{"@id":"https:\/\/www.isaac-del-toro.mx\/de\/ernaehrung-isaac-del-toro-profiradsport\/#primaryimage"},"image":{"@id":"https:\/\/www.isaac-del-toro.mx\/de\/ernaehrung-isaac-del-toro-profiradsport\/#primaryimage"},"thumbnailUrl":"https:\/\/www.isaac-del-toro.mx\/wp-content\/uploads\/2025\/12\/isaac-del-toro-nutricion-scaled.webp","datePublished":"2025-12-24T10:57:58+00:00","dateModified":"2025-12-24T10:58:25+00:00","description":"So ern\u00e4hrt sich Isaac del Toro im Profiradsport: lange Fr\u00fchst\u00fccke, konstante Energiezufuhr und eine Ern\u00e4hrung f\u00fcr h\u00f6chste Belastungen.","breadcrumb":{"@id":"https:\/\/www.isaac-del-toro.mx\/de\/ernaehrung-isaac-del-toro-profiradsport\/#breadcrumb"},"inLanguage":"de","potentialAction":[{"@type":"ReadAction","target":["https:\/\/www.isaac-del-toro.mx\/de\/ernaehrung-isaac-del-toro-profiradsport\/"]}]},{"@type":"ImageObject","inLanguage":"de","@id":"https:\/\/www.isaac-del-toro.mx\/de\/ernaehrung-isaac-del-toro-profiradsport\/#primaryimage","url":"https:\/\/www.isaac-del-toro.mx\/wp-content\/uploads\/2025\/12\/isaac-del-toro-nutricion-scaled.webp","contentUrl":"https:\/\/www.isaac-del-toro.mx\/wp-content\/uploads\/2025\/12\/isaac-del-toro-nutricion-scaled.webp","width":2560,"height":1463},{"@type":"BreadcrumbList","@id":"https:\/\/www.isaac-del-toro.mx\/de\/ernaehrung-isaac-del-toro-profiradsport\/#breadcrumb","itemListElement":[{"@type":"ListItem","position":1,"name":"Start","item":"https:\/\/www.isaac-del-toro.mx\/de\/"},{"@type":"ListItem","position":2,"name":"Ern\u00e4hrung im Profiradsport: der Treibstoff hinter Isaac del Toros Leistung"}]},{"@type":"WebSite","@id":"https:\/\/www.isaac-del-toro.mx\/de\/#website","url":"https:\/\/www.isaac-del-toro.mx\/de\/","name":"Isaac del Toro Romero","description":"","publisher":{"@id":"https:\/\/www.isaac-del-toro.mx\/de\/#\/schema\/person\/7cbbcf16bd93d1b98eeb4ab7a1fbd7ba"},"potentialAction":[{"@type":"SearchAction","target":{"@type":"EntryPoint","urlTemplate":"https:\/\/www.isaac-del-toro.mx\/de\/?s={search_term_string}"},"query-input":{"@type":"PropertyValueSpecification","valueRequired":true,"valueName":"search_term_string"}}],"inLanguage":"de"},{"@type":["Person","Organization"],"@id":"https:\/\/www.isaac-del-toro.mx\/de\/#\/schema\/person\/7cbbcf16bd93d1b98eeb4ab7a1fbd7ba","name":"Isaac del Toro Romero","logo":{"@id":"https:\/\/www.isaac-del-toro.mx\/de\/#\/schema\/person\/image\/"}},{"@type":"Person","@id":"https:\/\/www.isaac-del-toro.mx\/de\/#\/schema\/person\/dcd12bccf645d7a2112bdb90aa7ff9f2","name":"Frank","sameAs":["https:\/\/www.isaac-del-toro.mx"],"url":"https:\/\/www.isaac-del-toro.mx\/de\/author\/frank-kuglerwebarbeit-net\/"}]}},"_links":{"self":[{"href":"https:\/\/www.isaac-del-toro.mx\/de\/wp-json\/wp\/v2\/posts\/250","targetHints":{"allow":["GET"]}}],"collection":[{"href":"https:\/\/www.isaac-del-toro.mx\/de\/wp-json\/wp\/v2\/posts"}],"about":[{"href":"https:\/\/www.isaac-del-toro.mx\/de\/wp-json\/wp\/v2\/types\/post"}],"author":[{"embeddable":true,"href":"https:\/\/www.isaac-del-toro.mx\/de\/wp-json\/wp\/v2\/users\/1"}],"replies":[{"embeddable":true,"href":"https:\/\/www.isaac-del-toro.mx\/de\/wp-json\/wp\/v2\/comments?post=250"}],"version-history":[{"count":1,"href":"https:\/\/www.isaac-del-toro.mx\/de\/wp-json\/wp\/v2\/posts\/250\/revisions"}],"predecessor-version":[{"id":251,"href":"https:\/\/www.isaac-del-toro.mx\/de\/wp-json\/wp\/v2\/posts\/250\/revisions\/251"}],"wp:featuredmedia":[{"embeddable":true,"href":"https:\/\/www.isaac-del-toro.mx\/de\/wp-json\/wp\/v2\/media\/249"}],"wp:attachment":[{"href":"https:\/\/www.isaac-del-toro.mx\/de\/wp-json\/wp\/v2\/media?parent=250"}],"wp:term":[{"taxonomy":"category","embeddable":true,"href":"https:\/\/www.isaac-del-toro.mx\/de\/wp-json\/wp\/v2\/categories?post=250"},{"taxonomy":"post_tag","embeddable":true,"href":"https:\/\/www.isaac-del-toro.mx\/de\/wp-json\/wp\/v2\/tags?post=250"}],"curies":[{"name":"wp","href":"https:\/\/api.w.org\/{rel}","templated":true}]}}