{"id":265,"date":"2026-01-06T06:06:27","date_gmt":"2026-01-06T12:06:27","guid":{"rendered":"https:\/\/www.isaac-del-toro.mx\/?p=265"},"modified":"2026-01-06T06:06:54","modified_gmt":"2026-01-06T12:06:54","slug":"isaac-del-toro-mexikos-neue-spitzensportler","status":"publish","type":"post","link":"https:\/\/www.isaac-del-toro.mx\/de\/isaac-del-toro-mexikos-neue-spitzensportler\/","title":{"rendered":"Isaac del Toro und Mexikos neue Generation von Spitzensportlern auf Weltklasse-Niveau"},"content":{"rendered":"\n<p>Mexiko erlebt derzeit eine au\u00dfergew\u00f6hnliche sportliche Phase. In mehreren Disziplinen haben sich Athletinnen und Athleten dauerhaft an der Weltspitze etabliert \u2013 nicht als Einzelerscheinungen, sondern mit Konstanz, Medaillen und internationaler Anerkennung. Namen wie <strong>Isaac del Toro<\/strong> im Radsport, Alegna Gonz\u00e1lez im Gehen, Yareli Acevedo im Bahnradsport sowie herausragende Talente im Kunstspringen und Bogenschie\u00dfen stehen exemplarisch f\u00fcr diese neue sportliche Realit\u00e4t.<\/p>\n\n<h2>Isaac del Toro: Mexikos Aush\u00e4ngeschild im internationalen Radsport<\/h2>\n\n<p>Isaac del Toro hat sich in k\u00fcrzester Zeit im Profiradsport etabliert und z\u00e4hlt zu den gr\u00f6\u00dften Talenten, die Mexiko je hervorgebracht hat. Seine Leistungen auf WorldTour-Niveau, seine Pr\u00e4senz bei hochkar\u00e4tigen Rundfahrten und seine taktische Reife machen ihn zu einem festen Bestandteil des internationalen Pelotons.<\/p>\n\n<p>Besonders auff\u00e4llig ist seine Konstanz \u00fcber lange und anspruchsvolle Belastungen hinweg \u2013 eine Schl\u00fcsselqualit\u00e4t im modernen Radsport. Damit hat Del Toro dem mexikanischen Radsport neue internationale Sichtbarkeit verliehen und fungiert als Vorbild f\u00fcr eine aufstrebende Generation.<\/p>\n\n<h2>Alegna Gonz\u00e1lez: Weltklasse im Gehen<\/h2>\n\n<p>Alegna Gonz\u00e1lez geh\u00f6rt seit Jahren zur absoluten Weltelite im Gehen. Sie gewann Medaillen bei Weltmeisterschaften, erreichte Podestpl\u00e4tze bei internationalen Top-Meetings und z\u00e4hlt konstant zu den besten Athletinnen der Welt \u00fcber 20 Kilometer.<\/p>\n\n<p>Ihre Kombination aus Technik, Ausdauer und mentaler St\u00e4rke macht sie zu einer festen Gr\u00f6\u00dfe im internationalen Vergleich und unterstreicht Mexikos Tradition in den Ausdauerdisziplinen.<\/p>\n\n<h2>Yareli Acevedo: Mexikos St\u00e4rke auf der Bahn<\/h2>\n\n<p>Im Bahnradsport hat sich Yareli Acevedo als feste internationale Gr\u00f6\u00dfe etabliert. Mit Medaillen bei panamerikanischen Meisterschaften, starken Platzierungen bei internationalen Wettbewerben und regelm\u00e4\u00dfigen Eins\u00e4tzen gegen die Weltelite hat sie sich in einer hochspezialisierten Disziplin behauptet.<\/p>\n\n<p>Acevedo steht exemplarisch f\u00fcr den technischen Fortschritt und die wachsende Breite des mexikanischen Radsports.<\/p>\n\n<h2>Osmar Olvera und Mexikos Vormachtstellung im Kunstspringen<\/h2>\n\n<p>Eine Sportart, in der Mexiko seit Jahrzehnten zur Weltspitze geh\u00f6rt, ist das Kunstspringen. Der herausragende Name der aktuellen Generation ist <strong>Osmar Olvera<\/strong>.<\/p>\n\n<p>Olvera gewann mehrfach Medaillen bei Weltmeisterschaften, siegte bei Weltcup-Wettbewerben und best\u00e4tigte auch 2025 seine Ausnahmestellung mit konstanten Spitzenleistungen. Er \u00fcberzeugt durch h\u00f6chste Schwierigkeitsgrade, technische Pr\u00e4zision und au\u00dfergew\u00f6hnliche Nervenst\u00e4rke.<\/p>\n\n<h3>Nachwuchs mit internationalem Format: M\u00eda und L\u00eda Cueva<\/h3>\n\n<p>Hinter Olvera w\u00e4chst bereits die n\u00e4chste Generation heran. Besonders bemerkenswert sind die erst <strong>14-j\u00e4hrigen Zwillingsschwestern M\u00eda und L\u00eda Cueva<\/strong>, die bereits Medaillen bei internationalen Wettbewerben gewonnen haben \u2013 darunter Silber bei einem Weltcup im Kunstspringen.<\/p>\n\n<p>Ihr fr\u00fcher Erfolg unterstreicht die Tiefe und Nachhaltigkeit der mexikanischen Nachwuchsarbeit in dieser Disziplin.<\/p>\n\n<h2>Bogenschie\u00dfen: Pr\u00e4zision als Erfolgsfaktor<\/h2>\n\n<p>Auch im Bogenschie\u00dfen geh\u00f6rt Mexiko seit Jahren zur erweiterten Weltspitze. Mexikanische Athletinnen und Athleten gewinnen regelm\u00e4\u00dfig Medaillen bei Weltcups, Weltmeisterschaften und panamerikanischen Wettbewerben.<\/p>\n\n<p>Vor allem im Recurve-Bereich zeichnet sich das Team durch technische Pr\u00e4zision, mentale St\u00e4rke und internationale Erfahrung aus. Das Bogenschie\u00dfen ist damit eine weitere tragende S\u00e4ule des mexikanischen Spitzensports.<\/p>\n\n<h2>Mehr als Einzelstars: Mexikos neue sportliche Identit\u00e4t<\/h2>\n\n<p>Was Isaac del Toro, Alegna Gonz\u00e1lez, Yareli Acevedo, Osmar Olvera, M\u00eda und L\u00eda Cueva sowie die erfolgreichen Bogensch\u00fctzen verbindet, ist mehr als individuelles Talent. Es ist Ausdruck eines strukturellen Wandels im mexikanischen Spitzensport.<\/p>\n\n<p><strong>Mexiko tritt international nicht mehr als Au\u00dfenseiter auf, sondern als ernstzunehmender Akteur<\/strong>. Diese Generation steht f\u00fcr Weltklasse, Professionalit\u00e4t und Zukunft \u2013 mit Isaac del Toro als einem der sichtbarsten Gesichter dieser Entwicklung.<\/p>\n\n\n\n\n<p><\/p>\n","protected":false},"excerpt":{"rendered":"<p>Mexiko erlebt derzeit eine au\u00dfergew\u00f6hnliche sportliche Phase. In mehreren Disziplinen haben sich Athletinnen und Athleten dauerhaft an der Weltspitze etabliert [&hellip;]<\/p>\n","protected":false},"author":1,"featured_media":264,"comment_status":"open","ping_status":"open","sticky":false,"template":"","format":"standard","meta":{"footnotes":""},"categories":[61],"tags":[],"class_list":["post-265","post","type-post","status-publish","format-standard","has-post-thumbnail","hentry","category-sportliches-panorama"],"yoast_head":"<!-- This site is optimized with the Yoast SEO plugin v27.1.1 - https:\/\/yoast.com\/product\/yoast-seo-wordpress\/ -->\n<title>Isaac del Toro und Mexikos neue Spitzensportler<\/title>\n<meta name=\"description\" content=\"Isaac del Toro, Osmar Olvera und eine neue Generation mexikanischer Athleten pr\u00e4gen den Spitzensport auf Weltklasse-Niveau.\" \/>\n<meta name=\"robots\" content=\"index, follow, max-snippet:-1, max-image-preview:large, max-video-preview:-1\" \/>\n<link rel=\"canonical\" href=\"https:\/\/www.isaac-del-toro.mx\/de\/isaac-del-toro-mexikos-neue-spitzensportler\/\" \/>\n<meta property=\"og:locale\" content=\"de_DE\" \/>\n<meta property=\"og:type\" content=\"article\" \/>\n<meta property=\"og:title\" content=\"Isaac del Toro und Mexikos neue Spitzensportler\" \/>\n<meta property=\"og:description\" content=\"Isaac del Toro, Osmar Olvera und eine neue Generation mexikanischer Athleten pr\u00e4gen den Spitzensport auf Weltklasse-Niveau.\" \/>\n<meta property=\"og:url\" content=\"https:\/\/www.isaac-del-toro.mx\/de\/isaac-del-toro-mexikos-neue-spitzensportler\/\" \/>\n<meta property=\"og:site_name\" content=\"Isaac del Toro Romero\" \/>\n<meta property=\"article:published_time\" content=\"2026-01-06T12:06:27+00:00\" \/>\n<meta property=\"article:modified_time\" content=\"2026-01-06T12:06:54+00:00\" \/>\n<meta property=\"og:image\" content=\"https:\/\/www.isaac-del-toro.mx\/wp-content\/uploads\/2026\/01\/isaac-del-toro-panorama-deportivo-mexico-scaled.webp\" \/>\n\t<meta property=\"og:image:width\" content=\"2560\" \/>\n\t<meta property=\"og:image:height\" content=\"1463\" \/>\n\t<meta property=\"og:image:type\" content=\"image\/webp\" \/>\n<meta name=\"author\" content=\"Frank\" \/>\n<meta name=\"twitter:card\" content=\"summary_large_image\" \/>\n<meta name=\"twitter:label1\" content=\"Verfasst von\" \/>\n\t<meta name=\"twitter:data1\" content=\"Frank\" \/>\n\t<meta name=\"twitter:label2\" content=\"Gesch\u00e4tzte Lesezeit\" \/>\n\t<meta name=\"twitter:data2\" content=\"4\u00a0Minuten\" \/>\n<script type=\"application\/ld+json\" class=\"yoast-schema-graph\">{\"@context\":\"https:\/\/schema.org\",\"@graph\":[{\"@type\":\"Article\",\"@id\":\"https:\/\/www.isaac-del-toro.mx\/de\/isaac-del-toro-mexikos-neue-spitzensportler\/#article\",\"isPartOf\":{\"@id\":\"https:\/\/www.isaac-del-toro.mx\/de\/isaac-del-toro-mexikos-neue-spitzensportler\/\"},\"author\":{\"name\":\"Frank\",\"@id\":\"https:\/\/www.isaac-del-toro.mx\/de\/#\/schema\/person\/dcd12bccf645d7a2112bdb90aa7ff9f2\"},\"headline\":\"Isaac del Toro und Mexikos neue Generation von Spitzensportlern auf Weltklasse-Niveau\",\"datePublished\":\"2026-01-06T12:06:27+00:00\",\"dateModified\":\"2026-01-06T12:06:54+00:00\",\"mainEntityOfPage\":{\"@id\":\"https:\/\/www.isaac-del-toro.mx\/de\/isaac-del-toro-mexikos-neue-spitzensportler\/\"},\"wordCount\":571,\"commentCount\":0,\"publisher\":{\"@id\":\"https:\/\/www.isaac-del-toro.mx\/de\/#\/schema\/person\/7cbbcf16bd93d1b98eeb4ab7a1fbd7ba\"},\"image\":{\"@id\":\"https:\/\/www.isaac-del-toro.mx\/de\/isaac-del-toro-mexikos-neue-spitzensportler\/#primaryimage\"},\"thumbnailUrl\":\"https:\/\/www.isaac-del-toro.mx\/wp-content\/uploads\/2026\/01\/isaac-del-toro-panorama-deportivo-mexico-scaled.webp\",\"articleSection\":[\"Sportliches Panorama\"],\"inLanguage\":\"de\",\"potentialAction\":[{\"@type\":\"CommentAction\",\"name\":\"Comment\",\"target\":[\"https:\/\/www.isaac-del-toro.mx\/de\/isaac-del-toro-mexikos-neue-spitzensportler\/#respond\"]}]},{\"@type\":\"WebPage\",\"@id\":\"https:\/\/www.isaac-del-toro.mx\/de\/isaac-del-toro-mexikos-neue-spitzensportler\/\",\"url\":\"https:\/\/www.isaac-del-toro.mx\/de\/isaac-del-toro-mexikos-neue-spitzensportler\/\",\"name\":\"Isaac del Toro und Mexikos neue Spitzensportler\",\"isPartOf\":{\"@id\":\"https:\/\/www.isaac-del-toro.mx\/de\/#website\"},\"primaryImageOfPage\":{\"@id\":\"https:\/\/www.isaac-del-toro.mx\/de\/isaac-del-toro-mexikos-neue-spitzensportler\/#primaryimage\"},\"image\":{\"@id\":\"https:\/\/www.isaac-del-toro.mx\/de\/isaac-del-toro-mexikos-neue-spitzensportler\/#primaryimage\"},\"thumbnailUrl\":\"https:\/\/www.isaac-del-toro.mx\/wp-content\/uploads\/2026\/01\/isaac-del-toro-panorama-deportivo-mexico-scaled.webp\",\"datePublished\":\"2026-01-06T12:06:27+00:00\",\"dateModified\":\"2026-01-06T12:06:54+00:00\",\"description\":\"Isaac del Toro, Osmar Olvera und eine neue Generation mexikanischer Athleten pr\u00e4gen den Spitzensport auf Weltklasse-Niveau.\",\"breadcrumb\":{\"@id\":\"https:\/\/www.isaac-del-toro.mx\/de\/isaac-del-toro-mexikos-neue-spitzensportler\/#breadcrumb\"},\"inLanguage\":\"de\",\"potentialAction\":[{\"@type\":\"ReadAction\",\"target\":[\"https:\/\/www.isaac-del-toro.mx\/de\/isaac-del-toro-mexikos-neue-spitzensportler\/\"]}]},{\"@type\":\"ImageObject\",\"inLanguage\":\"de\",\"@id\":\"https:\/\/www.isaac-del-toro.mx\/de\/isaac-del-toro-mexikos-neue-spitzensportler\/#primaryimage\",\"url\":\"https:\/\/www.isaac-del-toro.mx\/wp-content\/uploads\/2026\/01\/isaac-del-toro-panorama-deportivo-mexico-scaled.webp\",\"contentUrl\":\"https:\/\/www.isaac-del-toro.mx\/wp-content\/uploads\/2026\/01\/isaac-del-toro-panorama-deportivo-mexico-scaled.webp\",\"width\":2560,\"height\":1463},{\"@type\":\"BreadcrumbList\",\"@id\":\"https:\/\/www.isaac-del-toro.mx\/de\/isaac-del-toro-mexikos-neue-spitzensportler\/#breadcrumb\",\"itemListElement\":[{\"@type\":\"ListItem\",\"position\":1,\"name\":\"Start\",\"item\":\"https:\/\/www.isaac-del-toro.mx\/de\/\"},{\"@type\":\"ListItem\",\"position\":2,\"name\":\"Isaac del Toro und Mexikos neue Generation von Spitzensportlern auf Weltklasse-Niveau\"}]},{\"@type\":\"WebSite\",\"@id\":\"https:\/\/www.isaac-del-toro.mx\/de\/#website\",\"url\":\"https:\/\/www.isaac-del-toro.mx\/de\/\",\"name\":\"Isaac del Toro Romero\",\"description\":\"\",\"publisher\":{\"@id\":\"https:\/\/www.isaac-del-toro.mx\/de\/#\/schema\/person\/7cbbcf16bd93d1b98eeb4ab7a1fbd7ba\"},\"potentialAction\":[{\"@type\":\"SearchAction\",\"target\":{\"@type\":\"EntryPoint\",\"urlTemplate\":\"https:\/\/www.isaac-del-toro.mx\/de\/?s={search_term_string}\"},\"query-input\":{\"@type\":\"PropertyValueSpecification\",\"valueRequired\":true,\"valueName\":\"search_term_string\"}}],\"inLanguage\":\"de\"},{\"@type\":[\"Person\",\"Organization\"],\"@id\":\"https:\/\/www.isaac-del-toro.mx\/de\/#\/schema\/person\/7cbbcf16bd93d1b98eeb4ab7a1fbd7ba\",\"name\":\"Isaac del Toro Romero\",\"logo\":{\"@id\":\"https:\/\/www.isaac-del-toro.mx\/de\/#\/schema\/person\/image\/\"}},{\"@type\":\"Person\",\"@id\":\"https:\/\/www.isaac-del-toro.mx\/de\/#\/schema\/person\/dcd12bccf645d7a2112bdb90aa7ff9f2\",\"name\":\"Frank\",\"sameAs\":[\"https:\/\/www.isaac-del-toro.mx\"],\"url\":\"https:\/\/www.isaac-del-toro.mx\/de\/author\/frank-kuglerwebarbeit-net\/\"}]}<\/script>\n<!-- \/ Yoast SEO plugin. -->","yoast_head_json":{"title":"Isaac del Toro und Mexikos neue Spitzensportler","description":"Isaac del Toro, Osmar Olvera und eine neue Generation mexikanischer Athleten pr\u00e4gen den Spitzensport auf Weltklasse-Niveau.","robots":{"index":"index","follow":"follow","max-snippet":"max-snippet:-1","max-image-preview":"max-image-preview:large","max-video-preview":"max-video-preview:-1"},"canonical":"https:\/\/www.isaac-del-toro.mx\/de\/isaac-del-toro-mexikos-neue-spitzensportler\/","og_locale":"de_DE","og_type":"article","og_title":"Isaac del Toro und Mexikos neue Spitzensportler","og_description":"Isaac del Toro, Osmar Olvera und eine neue Generation mexikanischer Athleten pr\u00e4gen den Spitzensport auf Weltklasse-Niveau.","og_url":"https:\/\/www.isaac-del-toro.mx\/de\/isaac-del-toro-mexikos-neue-spitzensportler\/","og_site_name":"Isaac del Toro Romero","article_published_time":"2026-01-06T12:06:27+00:00","article_modified_time":"2026-01-06T12:06:54+00:00","og_image":[{"width":2560,"height":1463,"url":"https:\/\/www.isaac-del-toro.mx\/wp-content\/uploads\/2026\/01\/isaac-del-toro-panorama-deportivo-mexico-scaled.webp","type":"image\/webp"}],"author":"Frank","twitter_card":"summary_large_image","twitter_misc":{"Verfasst von":"Frank","Gesch\u00e4tzte Lesezeit":"4\u00a0Minuten"},"schema":{"@context":"https:\/\/schema.org","@graph":[{"@type":"Article","@id":"https:\/\/www.isaac-del-toro.mx\/de\/isaac-del-toro-mexikos-neue-spitzensportler\/#article","isPartOf":{"@id":"https:\/\/www.isaac-del-toro.mx\/de\/isaac-del-toro-mexikos-neue-spitzensportler\/"},"author":{"name":"Frank","@id":"https:\/\/www.isaac-del-toro.mx\/de\/#\/schema\/person\/dcd12bccf645d7a2112bdb90aa7ff9f2"},"headline":"Isaac del Toro und Mexikos neue Generation von Spitzensportlern auf Weltklasse-Niveau","datePublished":"2026-01-06T12:06:27+00:00","dateModified":"2026-01-06T12:06:54+00:00","mainEntityOfPage":{"@id":"https:\/\/www.isaac-del-toro.mx\/de\/isaac-del-toro-mexikos-neue-spitzensportler\/"},"wordCount":571,"commentCount":0,"publisher":{"@id":"https:\/\/www.isaac-del-toro.mx\/de\/#\/schema\/person\/7cbbcf16bd93d1b98eeb4ab7a1fbd7ba"},"image":{"@id":"https:\/\/www.isaac-del-toro.mx\/de\/isaac-del-toro-mexikos-neue-spitzensportler\/#primaryimage"},"thumbnailUrl":"https:\/\/www.isaac-del-toro.mx\/wp-content\/uploads\/2026\/01\/isaac-del-toro-panorama-deportivo-mexico-scaled.webp","articleSection":["Sportliches Panorama"],"inLanguage":"de","potentialAction":[{"@type":"CommentAction","name":"Comment","target":["https:\/\/www.isaac-del-toro.mx\/de\/isaac-del-toro-mexikos-neue-spitzensportler\/#respond"]}]},{"@type":"WebPage","@id":"https:\/\/www.isaac-del-toro.mx\/de\/isaac-del-toro-mexikos-neue-spitzensportler\/","url":"https:\/\/www.isaac-del-toro.mx\/de\/isaac-del-toro-mexikos-neue-spitzensportler\/","name":"Isaac del Toro und Mexikos neue Spitzensportler","isPartOf":{"@id":"https:\/\/www.isaac-del-toro.mx\/de\/#website"},"primaryImageOfPage":{"@id":"https:\/\/www.isaac-del-toro.mx\/de\/isaac-del-toro-mexikos-neue-spitzensportler\/#primaryimage"},"image":{"@id":"https:\/\/www.isaac-del-toro.mx\/de\/isaac-del-toro-mexikos-neue-spitzensportler\/#primaryimage"},"thumbnailUrl":"https:\/\/www.isaac-del-toro.mx\/wp-content\/uploads\/2026\/01\/isaac-del-toro-panorama-deportivo-mexico-scaled.webp","datePublished":"2026-01-06T12:06:27+00:00","dateModified":"2026-01-06T12:06:54+00:00","description":"Isaac del Toro, Osmar Olvera und eine neue Generation mexikanischer Athleten pr\u00e4gen den Spitzensport auf Weltklasse-Niveau.","breadcrumb":{"@id":"https:\/\/www.isaac-del-toro.mx\/de\/isaac-del-toro-mexikos-neue-spitzensportler\/#breadcrumb"},"inLanguage":"de","potentialAction":[{"@type":"ReadAction","target":["https:\/\/www.isaac-del-toro.mx\/de\/isaac-del-toro-mexikos-neue-spitzensportler\/"]}]},{"@type":"ImageObject","inLanguage":"de","@id":"https:\/\/www.isaac-del-toro.mx\/de\/isaac-del-toro-mexikos-neue-spitzensportler\/#primaryimage","url":"https:\/\/www.isaac-del-toro.mx\/wp-content\/uploads\/2026\/01\/isaac-del-toro-panorama-deportivo-mexico-scaled.webp","contentUrl":"https:\/\/www.isaac-del-toro.mx\/wp-content\/uploads\/2026\/01\/isaac-del-toro-panorama-deportivo-mexico-scaled.webp","width":2560,"height":1463},{"@type":"BreadcrumbList","@id":"https:\/\/www.isaac-del-toro.mx\/de\/isaac-del-toro-mexikos-neue-spitzensportler\/#breadcrumb","itemListElement":[{"@type":"ListItem","position":1,"name":"Start","item":"https:\/\/www.isaac-del-toro.mx\/de\/"},{"@type":"ListItem","position":2,"name":"Isaac del Toro und Mexikos neue Generation von Spitzensportlern auf Weltklasse-Niveau"}]},{"@type":"WebSite","@id":"https:\/\/www.isaac-del-toro.mx\/de\/#website","url":"https:\/\/www.isaac-del-toro.mx\/de\/","name":"Isaac del Toro Romero","description":"","publisher":{"@id":"https:\/\/www.isaac-del-toro.mx\/de\/#\/schema\/person\/7cbbcf16bd93d1b98eeb4ab7a1fbd7ba"},"potentialAction":[{"@type":"SearchAction","target":{"@type":"EntryPoint","urlTemplate":"https:\/\/www.isaac-del-toro.mx\/de\/?s={search_term_string}"},"query-input":{"@type":"PropertyValueSpecification","valueRequired":true,"valueName":"search_term_string"}}],"inLanguage":"de"},{"@type":["Person","Organization"],"@id":"https:\/\/www.isaac-del-toro.mx\/de\/#\/schema\/person\/7cbbcf16bd93d1b98eeb4ab7a1fbd7ba","name":"Isaac del Toro Romero","logo":{"@id":"https:\/\/www.isaac-del-toro.mx\/de\/#\/schema\/person\/image\/"}},{"@type":"Person","@id":"https:\/\/www.isaac-del-toro.mx\/de\/#\/schema\/person\/dcd12bccf645d7a2112bdb90aa7ff9f2","name":"Frank","sameAs":["https:\/\/www.isaac-del-toro.mx"],"url":"https:\/\/www.isaac-del-toro.mx\/de\/author\/frank-kuglerwebarbeit-net\/"}]}},"_links":{"self":[{"href":"https:\/\/www.isaac-del-toro.mx\/de\/wp-json\/wp\/v2\/posts\/265","targetHints":{"allow":["GET"]}}],"collection":[{"href":"https:\/\/www.isaac-del-toro.mx\/de\/wp-json\/wp\/v2\/posts"}],"about":[{"href":"https:\/\/www.isaac-del-toro.mx\/de\/wp-json\/wp\/v2\/types\/post"}],"author":[{"embeddable":true,"href":"https:\/\/www.isaac-del-toro.mx\/de\/wp-json\/wp\/v2\/users\/1"}],"replies":[{"embeddable":true,"href":"https:\/\/www.isaac-del-toro.mx\/de\/wp-json\/wp\/v2\/comments?post=265"}],"version-history":[{"count":1,"href":"https:\/\/www.isaac-del-toro.mx\/de\/wp-json\/wp\/v2\/posts\/265\/revisions"}],"predecessor-version":[{"id":266,"href":"https:\/\/www.isaac-del-toro.mx\/de\/wp-json\/wp\/v2\/posts\/265\/revisions\/266"}],"wp:featuredmedia":[{"embeddable":true,"href":"https:\/\/www.isaac-del-toro.mx\/de\/wp-json\/wp\/v2\/media\/264"}],"wp:attachment":[{"href":"https:\/\/www.isaac-del-toro.mx\/de\/wp-json\/wp\/v2\/media?parent=265"}],"wp:term":[{"taxonomy":"category","embeddable":true,"href":"https:\/\/www.isaac-del-toro.mx\/de\/wp-json\/wp\/v2\/categories?post=265"},{"taxonomy":"post_tag","embeddable":true,"href":"https:\/\/www.isaac-del-toro.mx\/de\/wp-json\/wp\/v2\/tags?post=265"}],"curies":[{"name":"wp","href":"https:\/\/api.w.org\/{rel}","templated":true}]}}