{"id":487,"date":"2026-02-03T07:04:32","date_gmt":"2026-02-03T13:04:32","guid":{"rendered":"https:\/\/www.isaac-del-toro.mx\/isaac-del-toro-debuet-uae-tour-2026\/"},"modified":"2026-02-03T07:04:34","modified_gmt":"2026-02-03T13:04:34","slug":"isaac-del-toro-debuet-uae-tour-2026","status":"publish","type":"post","link":"https:\/\/www.isaac-del-toro.mx\/de\/isaac-del-toro-debuet-uae-tour-2026\/","title":{"rendered":"Isaac del Toro gibt Deb\u00fct bei der UAE Tour 2026"},"content":{"rendered":"<p>Der mexikanische Radprofi Isaac del Toro wird sein Deb\u00fct bei der UAE Tour 2026 geben. Das siebent\u00e4gige Etappenrennen findet vom 16. bis 22. Februar statt und verspricht mit der Teilnahme von Topfahrern wie Jonas Vingegaard und Remco Evenepoel hochklassigen Radsport.<\/p>\n\n<h2>Wichtige Rolle im UAE Team Emirates<\/h2>\n<p>In Abwesenheit von Teamkapit\u00e4n Tadej Pogacar wird del Toro gemeinsam mit Jay Vine die Farben des UAE Team Emirates vertreten. Der Mexikaner ist als zweite Option des Teams vorgesehen und erh\u00e4lt damit eine bedeutende Rolle bei einem der prestigetr\u00e4chtigsten Rennen zu Beginn der Saison.<\/p>\n\n<h2>Anspruchsvolles Streckenprofil<\/h2>\n<p>Die UAE Tour 2026 wartet mit einem abwechslungsreichen Programm auf. \u00dcber sieben Etappen m\u00fcssen sich die Fahrer verschiedenen Herausforderungen stellen. Besonders hervorzuheben sind ein Zeitfahren \u00fcber 12,2 Kilometer sowie zwei Bergank\u00fcnfte, die f\u00fcr die Entscheidung im Gesamtklassement von gro\u00dfer Bedeutung sein d\u00fcrften.<\/p>\n\n<p>Wie sich del Toro bei seiner Premiere gegen die etablierte Konkurrenz behaupten wird, bleibt abzuwarten. Das hochkar\u00e4tig besetzte Teilnehmerfeld wird den jungen Mexikaner vor eine echte Bew\u00e4hrungsprobe stellen.<\/p>","protected":false},"excerpt":{"rendered":"<p>Der mexikanische Radprofi Isaac del Toro wird sein Deb\u00fct bei der UAE Tour 2026 geben. Das siebent\u00e4gige Etappenrennen findet vom [&hellip;]<\/p>\n","protected":false},"author":1,"featured_media":493,"comment_status":"open","ping_status":"open","sticky":false,"template":"","format":"standard","meta":{"footnotes":""},"categories":[29],"tags":[],"class_list":["post-487","post","type-post","status-publish","format-standard","has-post-thumbnail","hentry","category-nachrichten"],"yoast_head":"<!-- This site is optimized with the Yoast SEO plugin v27.1.1 - https:\/\/yoast.com\/product\/yoast-seo-wordpress\/ -->\n<title>Isaac del Toro: Premiere bei der UAE Tour 2026 | Radprofi-Deb\u00fct<\/title>\n<meta name=\"description\" content=\"Der mexikanische Radprofi Isaac del Toro wird bei der UAE Tour 2026 erstmals gegen Top-Fahrer wie Jonas Vingegaard und Remco Evenepoel antreten.\" \/>\n<meta name=\"robots\" content=\"index, follow, max-snippet:-1, max-image-preview:large, max-video-preview:-1\" \/>\n<link rel=\"canonical\" href=\"https:\/\/www.isaac-del-toro.mx\/de\/isaac-del-toro-debuet-uae-tour-2026\/\" \/>\n<meta property=\"og:locale\" content=\"de_DE\" \/>\n<meta property=\"og:type\" content=\"article\" \/>\n<meta property=\"og:title\" content=\"Isaac del Toro: Premiere bei der UAE Tour 2026 | Radprofi-Deb\u00fct\" \/>\n<meta property=\"og:description\" content=\"Der mexikanische Radprofi Isaac del Toro wird bei der UAE Tour 2026 erstmals gegen Top-Fahrer wie Jonas Vingegaard und Remco Evenepoel antreten.\" \/>\n<meta property=\"og:url\" content=\"https:\/\/www.isaac-del-toro.mx\/de\/isaac-del-toro-debuet-uae-tour-2026\/\" \/>\n<meta property=\"og:site_name\" content=\"Isaac del Toro Romero\" \/>\n<meta property=\"article:published_time\" content=\"2026-02-03T13:04:32+00:00\" \/>\n<meta property=\"article:modified_time\" content=\"2026-02-03T13:04:34+00:00\" \/>\n<meta property=\"og:image\" content=\"https:\/\/www.isaac-del-toro.mx\/wp-content\/uploads\/2026\/02\/job-5-20260203132616.webp\" \/>\n\t<meta property=\"og:image:width\" content=\"1024\" \/>\n\t<meta property=\"og:image:height\" content=\"1024\" \/>\n\t<meta property=\"og:image:type\" content=\"image\/webp\" \/>\n<meta name=\"author\" content=\"Frank\" \/>\n<meta name=\"twitter:card\" content=\"summary_large_image\" \/>\n<meta name=\"twitter:label1\" content=\"Verfasst von\" \/>\n\t<meta name=\"twitter:data1\" content=\"Frank\" \/>\n\t<meta name=\"twitter:label2\" content=\"Gesch\u00e4tzte Lesezeit\" \/>\n\t<meta name=\"twitter:data2\" content=\"1\u00a0Minute\" \/>\n<script type=\"application\/ld+json\" class=\"yoast-schema-graph\">{\"@context\":\"https:\/\/schema.org\",\"@graph\":[{\"@type\":\"Article\",\"@id\":\"https:\/\/www.isaac-del-toro.mx\/de\/isaac-del-toro-debuet-uae-tour-2026\/#article\",\"isPartOf\":{\"@id\":\"https:\/\/www.isaac-del-toro.mx\/de\/isaac-del-toro-debuet-uae-tour-2026\/\"},\"author\":{\"name\":\"Frank\",\"@id\":\"https:\/\/www.isaac-del-toro.mx\/de\/#\/schema\/person\/dcd12bccf645d7a2112bdb90aa7ff9f2\"},\"headline\":\"Isaac del Toro gibt Deb\u00fct bei der UAE Tour 2026\",\"datePublished\":\"2026-02-03T13:04:32+00:00\",\"dateModified\":\"2026-02-03T13:04:34+00:00\",\"mainEntityOfPage\":{\"@id\":\"https:\/\/www.isaac-del-toro.mx\/de\/isaac-del-toro-debuet-uae-tour-2026\/\"},\"wordCount\":179,\"commentCount\":0,\"publisher\":{\"@id\":\"https:\/\/www.isaac-del-toro.mx\/de\/#\/schema\/person\/7cbbcf16bd93d1b98eeb4ab7a1fbd7ba\"},\"image\":{\"@id\":\"https:\/\/www.isaac-del-toro.mx\/de\/isaac-del-toro-debuet-uae-tour-2026\/#primaryimage\"},\"thumbnailUrl\":\"https:\/\/www.isaac-del-toro.mx\/wp-content\/uploads\/2026\/02\/isaac-del-toro-uae-tour-2026-scaled.webp\",\"articleSection\":[\"Nachrichten\"],\"inLanguage\":\"de\",\"potentialAction\":[{\"@type\":\"CommentAction\",\"name\":\"Comment\",\"target\":[\"https:\/\/www.isaac-del-toro.mx\/de\/isaac-del-toro-debuet-uae-tour-2026\/#respond\"]}]},{\"@type\":\"WebPage\",\"@id\":\"https:\/\/www.isaac-del-toro.mx\/de\/isaac-del-toro-debuet-uae-tour-2026\/\",\"url\":\"https:\/\/www.isaac-del-toro.mx\/de\/isaac-del-toro-debuet-uae-tour-2026\/\",\"name\":\"Isaac del Toro: Premiere bei der UAE Tour 2026 | Radprofi-Deb\u00fct\",\"isPartOf\":{\"@id\":\"https:\/\/www.isaac-del-toro.mx\/de\/#website\"},\"primaryImageOfPage\":{\"@id\":\"https:\/\/www.isaac-del-toro.mx\/de\/isaac-del-toro-debuet-uae-tour-2026\/#primaryimage\"},\"image\":{\"@id\":\"https:\/\/www.isaac-del-toro.mx\/de\/isaac-del-toro-debuet-uae-tour-2026\/#primaryimage\"},\"thumbnailUrl\":\"https:\/\/www.isaac-del-toro.mx\/wp-content\/uploads\/2026\/02\/isaac-del-toro-uae-tour-2026-scaled.webp\",\"datePublished\":\"2026-02-03T13:04:32+00:00\",\"dateModified\":\"2026-02-03T13:04:34+00:00\",\"description\":\"Der mexikanische Radprofi Isaac del Toro wird bei der UAE Tour 2026 erstmals gegen Top-Fahrer wie Jonas Vingegaard und Remco Evenepoel antreten.\",\"breadcrumb\":{\"@id\":\"https:\/\/www.isaac-del-toro.mx\/de\/isaac-del-toro-debuet-uae-tour-2026\/#breadcrumb\"},\"inLanguage\":\"de\",\"potentialAction\":[{\"@type\":\"ReadAction\",\"target\":[\"https:\/\/www.isaac-del-toro.mx\/de\/isaac-del-toro-debuet-uae-tour-2026\/\"]}]},{\"@type\":\"ImageObject\",\"inLanguage\":\"de\",\"@id\":\"https:\/\/www.isaac-del-toro.mx\/de\/isaac-del-toro-debuet-uae-tour-2026\/#primaryimage\",\"url\":\"https:\/\/www.isaac-del-toro.mx\/wp-content\/uploads\/2026\/02\/isaac-del-toro-uae-tour-2026-scaled.webp\",\"contentUrl\":\"https:\/\/www.isaac-del-toro.mx\/wp-content\/uploads\/2026\/02\/isaac-del-toro-uae-tour-2026-scaled.webp\",\"width\":2560,\"height\":1463,\"caption\":\"Un joven ciclista, representando a Isaac del Toro, pedalea solo en una carretera des\u00e9rtica al atardecer, con un paisaje de dunas y un cielo c\u00e1lido al fondo.\"},{\"@type\":\"BreadcrumbList\",\"@id\":\"https:\/\/www.isaac-del-toro.mx\/de\/isaac-del-toro-debuet-uae-tour-2026\/#breadcrumb\",\"itemListElement\":[{\"@type\":\"ListItem\",\"position\":1,\"name\":\"Start\",\"item\":\"https:\/\/www.isaac-del-toro.mx\/de\/\"},{\"@type\":\"ListItem\",\"position\":2,\"name\":\"Isaac del Toro gibt Deb\u00fct bei der UAE Tour 2026\"}]},{\"@type\":\"WebSite\",\"@id\":\"https:\/\/www.isaac-del-toro.mx\/de\/#website\",\"url\":\"https:\/\/www.isaac-del-toro.mx\/de\/\",\"name\":\"Isaac del Toro Romero\",\"description\":\"\",\"publisher\":{\"@id\":\"https:\/\/www.isaac-del-toro.mx\/de\/#\/schema\/person\/7cbbcf16bd93d1b98eeb4ab7a1fbd7ba\"},\"potentialAction\":[{\"@type\":\"SearchAction\",\"target\":{\"@type\":\"EntryPoint\",\"urlTemplate\":\"https:\/\/www.isaac-del-toro.mx\/de\/?s={search_term_string}\"},\"query-input\":{\"@type\":\"PropertyValueSpecification\",\"valueRequired\":true,\"valueName\":\"search_term_string\"}}],\"inLanguage\":\"de\"},{\"@type\":[\"Person\",\"Organization\"],\"@id\":\"https:\/\/www.isaac-del-toro.mx\/de\/#\/schema\/person\/7cbbcf16bd93d1b98eeb4ab7a1fbd7ba\",\"name\":\"Isaac del Toro Romero\",\"logo\":{\"@id\":\"https:\/\/www.isaac-del-toro.mx\/de\/#\/schema\/person\/image\/\"}},{\"@type\":\"Person\",\"@id\":\"https:\/\/www.isaac-del-toro.mx\/de\/#\/schema\/person\/dcd12bccf645d7a2112bdb90aa7ff9f2\",\"name\":\"Frank\",\"sameAs\":[\"https:\/\/www.isaac-del-toro.mx\"],\"url\":\"https:\/\/www.isaac-del-toro.mx\/de\/author\/frank-kuglerwebarbeit-net\/\"}]}<\/script>\n<!-- \/ Yoast SEO plugin. -->","yoast_head_json":{"title":"Isaac del Toro: Premiere bei der UAE Tour 2026 | Radprofi-Deb\u00fct","description":"Der mexikanische Radprofi Isaac del Toro wird bei der UAE Tour 2026 erstmals gegen Top-Fahrer wie Jonas Vingegaard und Remco Evenepoel antreten.","robots":{"index":"index","follow":"follow","max-snippet":"max-snippet:-1","max-image-preview":"max-image-preview:large","max-video-preview":"max-video-preview:-1"},"canonical":"https:\/\/www.isaac-del-toro.mx\/de\/isaac-del-toro-debuet-uae-tour-2026\/","og_locale":"de_DE","og_type":"article","og_title":"Isaac del Toro: Premiere bei der UAE Tour 2026 | Radprofi-Deb\u00fct","og_description":"Der mexikanische Radprofi Isaac del Toro wird bei der UAE Tour 2026 erstmals gegen Top-Fahrer wie Jonas Vingegaard und Remco Evenepoel antreten.","og_url":"https:\/\/www.isaac-del-toro.mx\/de\/isaac-del-toro-debuet-uae-tour-2026\/","og_site_name":"Isaac del Toro Romero","article_published_time":"2026-02-03T13:04:32+00:00","article_modified_time":"2026-02-03T13:04:34+00:00","og_image":[{"width":1024,"height":1024,"url":"https:\/\/www.isaac-del-toro.mx\/wp-content\/uploads\/2026\/02\/job-5-20260203132616.webp","type":"image\/webp"}],"author":"Frank","twitter_card":"summary_large_image","twitter_misc":{"Verfasst von":"Frank","Gesch\u00e4tzte Lesezeit":"1\u00a0Minute"},"schema":{"@context":"https:\/\/schema.org","@graph":[{"@type":"Article","@id":"https:\/\/www.isaac-del-toro.mx\/de\/isaac-del-toro-debuet-uae-tour-2026\/#article","isPartOf":{"@id":"https:\/\/www.isaac-del-toro.mx\/de\/isaac-del-toro-debuet-uae-tour-2026\/"},"author":{"name":"Frank","@id":"https:\/\/www.isaac-del-toro.mx\/de\/#\/schema\/person\/dcd12bccf645d7a2112bdb90aa7ff9f2"},"headline":"Isaac del Toro gibt Deb\u00fct bei der UAE Tour 2026","datePublished":"2026-02-03T13:04:32+00:00","dateModified":"2026-02-03T13:04:34+00:00","mainEntityOfPage":{"@id":"https:\/\/www.isaac-del-toro.mx\/de\/isaac-del-toro-debuet-uae-tour-2026\/"},"wordCount":179,"commentCount":0,"publisher":{"@id":"https:\/\/www.isaac-del-toro.mx\/de\/#\/schema\/person\/7cbbcf16bd93d1b98eeb4ab7a1fbd7ba"},"image":{"@id":"https:\/\/www.isaac-del-toro.mx\/de\/isaac-del-toro-debuet-uae-tour-2026\/#primaryimage"},"thumbnailUrl":"https:\/\/www.isaac-del-toro.mx\/wp-content\/uploads\/2026\/02\/isaac-del-toro-uae-tour-2026-scaled.webp","articleSection":["Nachrichten"],"inLanguage":"de","potentialAction":[{"@type":"CommentAction","name":"Comment","target":["https:\/\/www.isaac-del-toro.mx\/de\/isaac-del-toro-debuet-uae-tour-2026\/#respond"]}]},{"@type":"WebPage","@id":"https:\/\/www.isaac-del-toro.mx\/de\/isaac-del-toro-debuet-uae-tour-2026\/","url":"https:\/\/www.isaac-del-toro.mx\/de\/isaac-del-toro-debuet-uae-tour-2026\/","name":"Isaac del Toro: Premiere bei der UAE Tour 2026 | Radprofi-Deb\u00fct","isPartOf":{"@id":"https:\/\/www.isaac-del-toro.mx\/de\/#website"},"primaryImageOfPage":{"@id":"https:\/\/www.isaac-del-toro.mx\/de\/isaac-del-toro-debuet-uae-tour-2026\/#primaryimage"},"image":{"@id":"https:\/\/www.isaac-del-toro.mx\/de\/isaac-del-toro-debuet-uae-tour-2026\/#primaryimage"},"thumbnailUrl":"https:\/\/www.isaac-del-toro.mx\/wp-content\/uploads\/2026\/02\/isaac-del-toro-uae-tour-2026-scaled.webp","datePublished":"2026-02-03T13:04:32+00:00","dateModified":"2026-02-03T13:04:34+00:00","description":"Der mexikanische Radprofi Isaac del Toro wird bei der UAE Tour 2026 erstmals gegen Top-Fahrer wie Jonas Vingegaard und Remco Evenepoel antreten.","breadcrumb":{"@id":"https:\/\/www.isaac-del-toro.mx\/de\/isaac-del-toro-debuet-uae-tour-2026\/#breadcrumb"},"inLanguage":"de","potentialAction":[{"@type":"ReadAction","target":["https:\/\/www.isaac-del-toro.mx\/de\/isaac-del-toro-debuet-uae-tour-2026\/"]}]},{"@type":"ImageObject","inLanguage":"de","@id":"https:\/\/www.isaac-del-toro.mx\/de\/isaac-del-toro-debuet-uae-tour-2026\/#primaryimage","url":"https:\/\/www.isaac-del-toro.mx\/wp-content\/uploads\/2026\/02\/isaac-del-toro-uae-tour-2026-scaled.webp","contentUrl":"https:\/\/www.isaac-del-toro.mx\/wp-content\/uploads\/2026\/02\/isaac-del-toro-uae-tour-2026-scaled.webp","width":2560,"height":1463,"caption":"Un joven ciclista, representando a Isaac del Toro, pedalea solo en una carretera des\u00e9rtica al atardecer, con un paisaje de dunas y un cielo c\u00e1lido al fondo."},{"@type":"BreadcrumbList","@id":"https:\/\/www.isaac-del-toro.mx\/de\/isaac-del-toro-debuet-uae-tour-2026\/#breadcrumb","itemListElement":[{"@type":"ListItem","position":1,"name":"Start","item":"https:\/\/www.isaac-del-toro.mx\/de\/"},{"@type":"ListItem","position":2,"name":"Isaac del Toro gibt Deb\u00fct bei der UAE Tour 2026"}]},{"@type":"WebSite","@id":"https:\/\/www.isaac-del-toro.mx\/de\/#website","url":"https:\/\/www.isaac-del-toro.mx\/de\/","name":"Isaac del Toro Romero","description":"","publisher":{"@id":"https:\/\/www.isaac-del-toro.mx\/de\/#\/schema\/person\/7cbbcf16bd93d1b98eeb4ab7a1fbd7ba"},"potentialAction":[{"@type":"SearchAction","target":{"@type":"EntryPoint","urlTemplate":"https:\/\/www.isaac-del-toro.mx\/de\/?s={search_term_string}"},"query-input":{"@type":"PropertyValueSpecification","valueRequired":true,"valueName":"search_term_string"}}],"inLanguage":"de"},{"@type":["Person","Organization"],"@id":"https:\/\/www.isaac-del-toro.mx\/de\/#\/schema\/person\/7cbbcf16bd93d1b98eeb4ab7a1fbd7ba","name":"Isaac del Toro Romero","logo":{"@id":"https:\/\/www.isaac-del-toro.mx\/de\/#\/schema\/person\/image\/"}},{"@type":"Person","@id":"https:\/\/www.isaac-del-toro.mx\/de\/#\/schema\/person\/dcd12bccf645d7a2112bdb90aa7ff9f2","name":"Frank","sameAs":["https:\/\/www.isaac-del-toro.mx"],"url":"https:\/\/www.isaac-del-toro.mx\/de\/author\/frank-kuglerwebarbeit-net\/"}]}},"_links":{"self":[{"href":"https:\/\/www.isaac-del-toro.mx\/de\/wp-json\/wp\/v2\/posts\/487","targetHints":{"allow":["GET"]}}],"collection":[{"href":"https:\/\/www.isaac-del-toro.mx\/de\/wp-json\/wp\/v2\/posts"}],"about":[{"href":"https:\/\/www.isaac-del-toro.mx\/de\/wp-json\/wp\/v2\/types\/post"}],"author":[{"embeddable":true,"href":"https:\/\/www.isaac-del-toro.mx\/de\/wp-json\/wp\/v2\/users\/1"}],"replies":[{"embeddable":true,"href":"https:\/\/www.isaac-del-toro.mx\/de\/wp-json\/wp\/v2\/comments?post=487"}],"version-history":[{"count":0,"href":"https:\/\/www.isaac-del-toro.mx\/de\/wp-json\/wp\/v2\/posts\/487\/revisions"}],"wp:featuredmedia":[{"embeddable":true,"href":"https:\/\/www.isaac-del-toro.mx\/de\/wp-json\/wp\/v2\/media\/493"}],"wp:attachment":[{"href":"https:\/\/www.isaac-del-toro.mx\/de\/wp-json\/wp\/v2\/media?parent=487"}],"wp:term":[{"taxonomy":"category","embeddable":true,"href":"https:\/\/www.isaac-del-toro.mx\/de\/wp-json\/wp\/v2\/categories?post=487"},{"taxonomy":"post_tag","embeddable":true,"href":"https:\/\/www.isaac-del-toro.mx\/de\/wp-json\/wp\/v2\/tags?post=487"}],"curies":[{"name":"wp","href":"https:\/\/api.w.org\/{rel}","templated":true}]}}