{"id":506,"date":"2026-02-17T05:35:49","date_gmt":"2026-02-17T11:35:49","guid":{"rendered":"https:\/\/www.isaac-del-toro.mx\/del-toro-verliert-gesamtfuehrung-uae-tour-zeitfahren-evenepoel\/"},"modified":"2026-02-17T05:35:51","modified_gmt":"2026-02-17T11:35:51","slug":"del-toro-verliert-gesamtfuehrung-uae-tour-zeitfahren-evenepoel","status":"publish","type":"post","link":"https:\/\/www.isaac-del-toro.mx\/de\/del-toro-verliert-gesamtfuehrung-uae-tour-zeitfahren-evenepoel\/","title":{"rendered":"Del Toro verliert Gesamtf\u00fchrung bei der UAE Tour im Zeitfahren an Evenepoel"},"content":{"rendered":"<p>Bei der UAE Tour 2026 hat Isaac del Toro seine Gesamtf\u00fchrung im Zeitfahren eingeb\u00fc\u00dft. Der Fahrer, der mit einem Vorsprung von zehn Sekunden in das Rennen gegen die Uhr gegangen war, verlor auf der 12,2 Kilometer langen Strecke deutlich an Zeit und musste die F\u00fchrung in der Gesamtwertung an den Tagessieger Remco Evenepoel abgeben.<\/p>\n\n<h2>Evenepoel dominiert das Zeitfahren<\/h2>\n<p>Remco Evenepoel zeigte eine beeindruckende Leistung auf dem Kurs und sicherte sich den Tagessieg. Der Belgier distanzierte den zweitplatzierten Joshua Tarling um sechs Sekunden und unterstrich damit seine ausgezeichnete Form.<\/p>\n\n<h2>Del Toros Zeitverlust<\/h2>\n<p>F\u00fcr Isaac del Toro verlief das Zeitfahren weniger erfolgreich. Mit einem R\u00fcckstand von 42 Sekunden auf die Bestzeit von Evenepoel musste er nicht nur den Tagessieg, sondern auch seine Position an der Spitze der Gesamtwertung abgeben. Sein urspr\u00fcnglicher Vorsprung von zehn Sekunden verwandelte sich damit in einen deutlichen R\u00fcckstand.<\/p>\n\n<h2>Neue Ausgangslage im Gesamtklassement<\/h2>\n<p>Durch den Ausgang des Zeitfahrens hat sich die Situation in der Gesamtwertung der UAE Tour 2026 grundlegend ver\u00e4ndert. Remco Evenepoel \u00fcbernahm die F\u00fchrung und wird nun versuchen, diese Position in den kommenden Etappen zu verteidigen.<\/p>","protected":false},"excerpt":{"rendered":"<p>Bei der UAE Tour 2026 hat Isaac del Toro seine Gesamtf\u00fchrung im Zeitfahren eingeb\u00fc\u00dft. Der Fahrer, der mit einem Vorsprung [&hellip;]<\/p>\n","protected":false},"author":1,"featured_media":0,"comment_status":"open","ping_status":"open","sticky":false,"template":"","format":"standard","meta":{"footnotes":""},"categories":[29],"tags":[],"class_list":["post-506","post","type-post","status-publish","format-standard","hentry","category-nachrichten"],"yoast_head":"<!-- This site is optimized with the Yoast SEO plugin v27.1.1 - https:\/\/yoast.com\/product\/yoast-seo-wordpress\/ -->\n<title>UAE Tour: Del Toro verliert F\u00fchrung im Zeitfahren an Evenepoel<\/title>\n<meta name=\"description\" content=\"Isaac del Toro b\u00fc\u00dft bei der UAE Tour 2026 seine Gesamtf\u00fchrung im Zeitfahren ein. Remco Evenepoel gewinnt die Etappe und \u00fcbernimmt das Leadertrikot.\" \/>\n<meta name=\"robots\" content=\"index, follow, max-snippet:-1, max-image-preview:large, max-video-preview:-1\" \/>\n<link rel=\"canonical\" href=\"https:\/\/www.isaac-del-toro.mx\/de\/del-toro-verliert-gesamtfuehrung-uae-tour-zeitfahren-evenepoel\/\" \/>\n<meta property=\"og:locale\" content=\"de_DE\" \/>\n<meta property=\"og:type\" content=\"article\" \/>\n<meta property=\"og:title\" content=\"UAE Tour: Del Toro verliert F\u00fchrung im Zeitfahren an Evenepoel\" \/>\n<meta property=\"og:description\" content=\"Isaac del Toro b\u00fc\u00dft bei der UAE Tour 2026 seine Gesamtf\u00fchrung im Zeitfahren ein. Remco Evenepoel gewinnt die Etappe und \u00fcbernimmt das Leadertrikot.\" \/>\n<meta property=\"og:url\" content=\"https:\/\/www.isaac-del-toro.mx\/de\/del-toro-verliert-gesamtfuehrung-uae-tour-zeitfahren-evenepoel\/\" \/>\n<meta property=\"og:site_name\" content=\"Isaac del Toro Romero\" \/>\n<meta property=\"article:published_time\" content=\"2026-02-17T11:35:49+00:00\" \/>\n<meta property=\"article:modified_time\" content=\"2026-02-17T11:35:51+00:00\" \/>\n<meta name=\"author\" content=\"Frank\" \/>\n<meta name=\"twitter:card\" content=\"summary_large_image\" \/>\n<meta name=\"twitter:label1\" content=\"Verfasst von\" \/>\n\t<meta name=\"twitter:data1\" content=\"Frank\" \/>\n\t<meta name=\"twitter:label2\" content=\"Gesch\u00e4tzte Lesezeit\" \/>\n\t<meta name=\"twitter:data2\" content=\"1\u00a0Minute\" \/>\n<script type=\"application\/ld+json\" class=\"yoast-schema-graph\">{\"@context\":\"https:\/\/schema.org\",\"@graph\":[{\"@type\":\"Article\",\"@id\":\"https:\/\/www.isaac-del-toro.mx\/de\/del-toro-verliert-gesamtfuehrung-uae-tour-zeitfahren-evenepoel\/#article\",\"isPartOf\":{\"@id\":\"https:\/\/www.isaac-del-toro.mx\/de\/del-toro-verliert-gesamtfuehrung-uae-tour-zeitfahren-evenepoel\/\"},\"author\":{\"name\":\"Frank\",\"@id\":\"https:\/\/www.isaac-del-toro.mx\/de\/#\/schema\/person\/dcd12bccf645d7a2112bdb90aa7ff9f2\"},\"headline\":\"Del Toro verliert Gesamtf\u00fchrung bei der UAE Tour im Zeitfahren an Evenepoel\",\"datePublished\":\"2026-02-17T11:35:49+00:00\",\"dateModified\":\"2026-02-17T11:35:51+00:00\",\"mainEntityOfPage\":{\"@id\":\"https:\/\/www.isaac-del-toro.mx\/de\/del-toro-verliert-gesamtfuehrung-uae-tour-zeitfahren-evenepoel\/\"},\"wordCount\":197,\"commentCount\":0,\"publisher\":{\"@id\":\"https:\/\/www.isaac-del-toro.mx\/de\/#\/schema\/person\/7cbbcf16bd93d1b98eeb4ab7a1fbd7ba\"},\"articleSection\":[\"Nachrichten\"],\"inLanguage\":\"de\",\"potentialAction\":[{\"@type\":\"CommentAction\",\"name\":\"Comment\",\"target\":[\"https:\/\/www.isaac-del-toro.mx\/de\/del-toro-verliert-gesamtfuehrung-uae-tour-zeitfahren-evenepoel\/#respond\"]}]},{\"@type\":\"WebPage\",\"@id\":\"https:\/\/www.isaac-del-toro.mx\/de\/del-toro-verliert-gesamtfuehrung-uae-tour-zeitfahren-evenepoel\/\",\"url\":\"https:\/\/www.isaac-del-toro.mx\/de\/del-toro-verliert-gesamtfuehrung-uae-tour-zeitfahren-evenepoel\/\",\"name\":\"UAE Tour: Del Toro verliert F\u00fchrung im Zeitfahren an Evenepoel\",\"isPartOf\":{\"@id\":\"https:\/\/www.isaac-del-toro.mx\/de\/#website\"},\"datePublished\":\"2026-02-17T11:35:49+00:00\",\"dateModified\":\"2026-02-17T11:35:51+00:00\",\"description\":\"Isaac del Toro b\u00fc\u00dft bei der UAE Tour 2026 seine Gesamtf\u00fchrung im Zeitfahren ein. Remco Evenepoel gewinnt die Etappe und \u00fcbernimmt das Leadertrikot.\",\"breadcrumb\":{\"@id\":\"https:\/\/www.isaac-del-toro.mx\/de\/del-toro-verliert-gesamtfuehrung-uae-tour-zeitfahren-evenepoel\/#breadcrumb\"},\"inLanguage\":\"de\",\"potentialAction\":[{\"@type\":\"ReadAction\",\"target\":[\"https:\/\/www.isaac-del-toro.mx\/de\/del-toro-verliert-gesamtfuehrung-uae-tour-zeitfahren-evenepoel\/\"]}]},{\"@type\":\"BreadcrumbList\",\"@id\":\"https:\/\/www.isaac-del-toro.mx\/de\/del-toro-verliert-gesamtfuehrung-uae-tour-zeitfahren-evenepoel\/#breadcrumb\",\"itemListElement\":[{\"@type\":\"ListItem\",\"position\":1,\"name\":\"Start\",\"item\":\"https:\/\/www.isaac-del-toro.mx\/de\/\"},{\"@type\":\"ListItem\",\"position\":2,\"name\":\"Del Toro verliert Gesamtf\u00fchrung bei der UAE Tour im Zeitfahren an Evenepoel\"}]},{\"@type\":\"WebSite\",\"@id\":\"https:\/\/www.isaac-del-toro.mx\/de\/#website\",\"url\":\"https:\/\/www.isaac-del-toro.mx\/de\/\",\"name\":\"Isaac del Toro Romero\",\"description\":\"\",\"publisher\":{\"@id\":\"https:\/\/www.isaac-del-toro.mx\/de\/#\/schema\/person\/7cbbcf16bd93d1b98eeb4ab7a1fbd7ba\"},\"potentialAction\":[{\"@type\":\"SearchAction\",\"target\":{\"@type\":\"EntryPoint\",\"urlTemplate\":\"https:\/\/www.isaac-del-toro.mx\/de\/?s={search_term_string}\"},\"query-input\":{\"@type\":\"PropertyValueSpecification\",\"valueRequired\":true,\"valueName\":\"search_term_string\"}}],\"inLanguage\":\"de\"},{\"@type\":[\"Person\",\"Organization\"],\"@id\":\"https:\/\/www.isaac-del-toro.mx\/de\/#\/schema\/person\/7cbbcf16bd93d1b98eeb4ab7a1fbd7ba\",\"name\":\"Isaac del Toro Romero\",\"logo\":{\"@id\":\"https:\/\/www.isaac-del-toro.mx\/de\/#\/schema\/person\/image\/\"}},{\"@type\":\"Person\",\"@id\":\"https:\/\/www.isaac-del-toro.mx\/de\/#\/schema\/person\/dcd12bccf645d7a2112bdb90aa7ff9f2\",\"name\":\"Frank\",\"sameAs\":[\"https:\/\/www.isaac-del-toro.mx\"],\"url\":\"https:\/\/www.isaac-del-toro.mx\/de\/author\/frank-kuglerwebarbeit-net\/\"}]}<\/script>\n<!-- \/ Yoast SEO plugin. -->","yoast_head_json":{"title":"UAE Tour: Del Toro verliert F\u00fchrung im Zeitfahren an Evenepoel","description":"Isaac del Toro b\u00fc\u00dft bei der UAE Tour 2026 seine Gesamtf\u00fchrung im Zeitfahren ein. Remco Evenepoel gewinnt die Etappe und \u00fcbernimmt das Leadertrikot.","robots":{"index":"index","follow":"follow","max-snippet":"max-snippet:-1","max-image-preview":"max-image-preview:large","max-video-preview":"max-video-preview:-1"},"canonical":"https:\/\/www.isaac-del-toro.mx\/de\/del-toro-verliert-gesamtfuehrung-uae-tour-zeitfahren-evenepoel\/","og_locale":"de_DE","og_type":"article","og_title":"UAE Tour: Del Toro verliert F\u00fchrung im Zeitfahren an Evenepoel","og_description":"Isaac del Toro b\u00fc\u00dft bei der UAE Tour 2026 seine Gesamtf\u00fchrung im Zeitfahren ein. Remco Evenepoel gewinnt die Etappe und \u00fcbernimmt das Leadertrikot.","og_url":"https:\/\/www.isaac-del-toro.mx\/de\/del-toro-verliert-gesamtfuehrung-uae-tour-zeitfahren-evenepoel\/","og_site_name":"Isaac del Toro Romero","article_published_time":"2026-02-17T11:35:49+00:00","article_modified_time":"2026-02-17T11:35:51+00:00","author":"Frank","twitter_card":"summary_large_image","twitter_misc":{"Verfasst von":"Frank","Gesch\u00e4tzte Lesezeit":"1\u00a0Minute"},"schema":{"@context":"https:\/\/schema.org","@graph":[{"@type":"Article","@id":"https:\/\/www.isaac-del-toro.mx\/de\/del-toro-verliert-gesamtfuehrung-uae-tour-zeitfahren-evenepoel\/#article","isPartOf":{"@id":"https:\/\/www.isaac-del-toro.mx\/de\/del-toro-verliert-gesamtfuehrung-uae-tour-zeitfahren-evenepoel\/"},"author":{"name":"Frank","@id":"https:\/\/www.isaac-del-toro.mx\/de\/#\/schema\/person\/dcd12bccf645d7a2112bdb90aa7ff9f2"},"headline":"Del Toro verliert Gesamtf\u00fchrung bei der UAE Tour im Zeitfahren an Evenepoel","datePublished":"2026-02-17T11:35:49+00:00","dateModified":"2026-02-17T11:35:51+00:00","mainEntityOfPage":{"@id":"https:\/\/www.isaac-del-toro.mx\/de\/del-toro-verliert-gesamtfuehrung-uae-tour-zeitfahren-evenepoel\/"},"wordCount":197,"commentCount":0,"publisher":{"@id":"https:\/\/www.isaac-del-toro.mx\/de\/#\/schema\/person\/7cbbcf16bd93d1b98eeb4ab7a1fbd7ba"},"articleSection":["Nachrichten"],"inLanguage":"de","potentialAction":[{"@type":"CommentAction","name":"Comment","target":["https:\/\/www.isaac-del-toro.mx\/de\/del-toro-verliert-gesamtfuehrung-uae-tour-zeitfahren-evenepoel\/#respond"]}]},{"@type":"WebPage","@id":"https:\/\/www.isaac-del-toro.mx\/de\/del-toro-verliert-gesamtfuehrung-uae-tour-zeitfahren-evenepoel\/","url":"https:\/\/www.isaac-del-toro.mx\/de\/del-toro-verliert-gesamtfuehrung-uae-tour-zeitfahren-evenepoel\/","name":"UAE Tour: Del Toro verliert F\u00fchrung im Zeitfahren an Evenepoel","isPartOf":{"@id":"https:\/\/www.isaac-del-toro.mx\/de\/#website"},"datePublished":"2026-02-17T11:35:49+00:00","dateModified":"2026-02-17T11:35:51+00:00","description":"Isaac del Toro b\u00fc\u00dft bei der UAE Tour 2026 seine Gesamtf\u00fchrung im Zeitfahren ein. Remco Evenepoel gewinnt die Etappe und \u00fcbernimmt das Leadertrikot.","breadcrumb":{"@id":"https:\/\/www.isaac-del-toro.mx\/de\/del-toro-verliert-gesamtfuehrung-uae-tour-zeitfahren-evenepoel\/#breadcrumb"},"inLanguage":"de","potentialAction":[{"@type":"ReadAction","target":["https:\/\/www.isaac-del-toro.mx\/de\/del-toro-verliert-gesamtfuehrung-uae-tour-zeitfahren-evenepoel\/"]}]},{"@type":"BreadcrumbList","@id":"https:\/\/www.isaac-del-toro.mx\/de\/del-toro-verliert-gesamtfuehrung-uae-tour-zeitfahren-evenepoel\/#breadcrumb","itemListElement":[{"@type":"ListItem","position":1,"name":"Start","item":"https:\/\/www.isaac-del-toro.mx\/de\/"},{"@type":"ListItem","position":2,"name":"Del Toro verliert Gesamtf\u00fchrung bei der UAE Tour im Zeitfahren an Evenepoel"}]},{"@type":"WebSite","@id":"https:\/\/www.isaac-del-toro.mx\/de\/#website","url":"https:\/\/www.isaac-del-toro.mx\/de\/","name":"Isaac del Toro Romero","description":"","publisher":{"@id":"https:\/\/www.isaac-del-toro.mx\/de\/#\/schema\/person\/7cbbcf16bd93d1b98eeb4ab7a1fbd7ba"},"potentialAction":[{"@type":"SearchAction","target":{"@type":"EntryPoint","urlTemplate":"https:\/\/www.isaac-del-toro.mx\/de\/?s={search_term_string}"},"query-input":{"@type":"PropertyValueSpecification","valueRequired":true,"valueName":"search_term_string"}}],"inLanguage":"de"},{"@type":["Person","Organization"],"@id":"https:\/\/www.isaac-del-toro.mx\/de\/#\/schema\/person\/7cbbcf16bd93d1b98eeb4ab7a1fbd7ba","name":"Isaac del Toro Romero","logo":{"@id":"https:\/\/www.isaac-del-toro.mx\/de\/#\/schema\/person\/image\/"}},{"@type":"Person","@id":"https:\/\/www.isaac-del-toro.mx\/de\/#\/schema\/person\/dcd12bccf645d7a2112bdb90aa7ff9f2","name":"Frank","sameAs":["https:\/\/www.isaac-del-toro.mx"],"url":"https:\/\/www.isaac-del-toro.mx\/de\/author\/frank-kuglerwebarbeit-net\/"}]}},"_links":{"self":[{"href":"https:\/\/www.isaac-del-toro.mx\/de\/wp-json\/wp\/v2\/posts\/506","targetHints":{"allow":["GET"]}}],"collection":[{"href":"https:\/\/www.isaac-del-toro.mx\/de\/wp-json\/wp\/v2\/posts"}],"about":[{"href":"https:\/\/www.isaac-del-toro.mx\/de\/wp-json\/wp\/v2\/types\/post"}],"author":[{"embeddable":true,"href":"https:\/\/www.isaac-del-toro.mx\/de\/wp-json\/wp\/v2\/users\/1"}],"replies":[{"embeddable":true,"href":"https:\/\/www.isaac-del-toro.mx\/de\/wp-json\/wp\/v2\/comments?post=506"}],"version-history":[{"count":0,"href":"https:\/\/www.isaac-del-toro.mx\/de\/wp-json\/wp\/v2\/posts\/506\/revisions"}],"wp:attachment":[{"href":"https:\/\/www.isaac-del-toro.mx\/de\/wp-json\/wp\/v2\/media?parent=506"}],"wp:term":[{"taxonomy":"category","embeddable":true,"href":"https:\/\/www.isaac-del-toro.mx\/de\/wp-json\/wp\/v2\/categories?post=506"},{"taxonomy":"post_tag","embeddable":true,"href":"https:\/\/www.isaac-del-toro.mx\/de\/wp-json\/wp\/v2\/tags?post=506"}],"curies":[{"name":"wp","href":"https:\/\/api.w.org\/{rel}","templated":true}]}}