{"id":515,"date":"2026-02-18T07:40:45","date_gmt":"2026-02-18T13:40:45","guid":{"rendered":"https:\/\/www.isaac-del-toro.mx\/uae-tour-2026-del-toro-im-engen-rennen-mit-tiberi\/"},"modified":"2026-02-18T07:40:47","modified_gmt":"2026-02-18T13:40:47","slug":"uae-tour-2026-del-toro-im-engen-rennen-mit-tiberi","status":"publish","type":"post","link":"https:\/\/www.isaac-del-toro.mx\/de\/uae-tour-2026-del-toro-im-engen-rennen-mit-tiberi\/","title":{"rendered":"UAE Tour 2026: Del Toro im engen Rennen mit Tiberi"},"content":{"rendered":"<p>Bei der UAE Tour 2026 entwickelt sich ein spannendes Duell um die Gesamtf\u00fchrung zwischen Isaac del Toro und Antonio Tiberi. Nach der dritten Etappe \u00fcber 182 Kilometer trennen die beiden Kontrahenten lediglich 14 Sekunden.<\/p>\n\n<h2>Tiberi \u00fcbernimmt die F\u00fchrung<\/h2>\n<p>Antonio Tiberi setzte sich am Ende der dritten Etappe durch und konnte dabei nicht nur den Tagessieg f\u00fcr sich verbuchen, sondern auch die Gesamtf\u00fchrung \u00fcbernehmen. Isaac del Toro zeigte ebenfalls eine starke Leistung und kam mit einem R\u00fcckstand von 14 Sekunden ins Ziel.<\/p>\n\n<h2>Evenepoel verliert deutlich an Boden<\/h2>\n<p>Ein \u00fcberraschender Wendepunkt der Etappe war der deutliche Einbruch von Remco Evenepoel. Der bisherige Tr\u00e4ger des roten Trikots musste seine F\u00fchrungsposition an Tiberi abgeben und verlor \u00fcber zwei Minuten auf den Tagessieger. Dieser R\u00fcckschlag d\u00fcrfte Evenepoels Chancen auf den Gesamtsieg erheblich schm\u00e4lern.<\/p>\n\n<h2>Spannendes Finale in Aussicht<\/h2>\n<p>Mit dem geringen Zeitabstand zwischen Tiberi und del Toro verspricht der weitere Verlauf der UAE Tour 2026 hochspannend zu werden. Der knappe R\u00fcckstand von 14 Sekunden l\u00e4sst f\u00fcr del Toro noch alle M\u00f6glichkeiten offen, die F\u00fchrung in den kommenden Etappen zu \u00fcbernehmen.<\/p>","protected":false},"excerpt":{"rendered":"<p>Bei der UAE Tour 2026 entwickelt sich ein spannendes Duell um die Gesamtf\u00fchrung zwischen Isaac del Toro und Antonio Tiberi. [&hellip;]<\/p>\n","protected":false},"author":1,"featured_media":0,"comment_status":"open","ping_status":"open","sticky":false,"template":"","format":"standard","meta":{"footnotes":""},"categories":[29],"tags":[],"class_list":["post-515","post","type-post","status-publish","format-standard","hentry","category-nachrichten"],"yoast_head":"<!-- This site is optimized with the Yoast SEO plugin v27.1.1 - https:\/\/yoast.com\/product\/yoast-seo-wordpress\/ -->\n<title>UAE Tour 2026: Del Toro k\u00e4mpft um Gesamtf\u00fchrung gegen Tiberi<\/title>\n<meta name=\"description\" content=\"Isaac del Toro liegt bei der UAE Tour 2026 nach der dritten Etappe nur 14 Sekunden hinter Antonio Tiberi zur\u00fcck. Evenepoel verliert das rote Trikot.\" \/>\n<meta name=\"robots\" content=\"index, follow, max-snippet:-1, max-image-preview:large, max-video-preview:-1\" \/>\n<link rel=\"canonical\" href=\"https:\/\/www.isaac-del-toro.mx\/de\/uae-tour-2026-del-toro-im-engen-rennen-mit-tiberi\/\" \/>\n<meta property=\"og:locale\" content=\"de_DE\" \/>\n<meta property=\"og:type\" content=\"article\" \/>\n<meta property=\"og:title\" content=\"UAE Tour 2026: Del Toro k\u00e4mpft um Gesamtf\u00fchrung gegen Tiberi\" \/>\n<meta property=\"og:description\" content=\"Isaac del Toro liegt bei der UAE Tour 2026 nach der dritten Etappe nur 14 Sekunden hinter Antonio Tiberi zur\u00fcck. Evenepoel verliert das rote Trikot.\" \/>\n<meta property=\"og:url\" content=\"https:\/\/www.isaac-del-toro.mx\/de\/uae-tour-2026-del-toro-im-engen-rennen-mit-tiberi\/\" \/>\n<meta property=\"og:site_name\" content=\"Isaac del Toro Romero\" \/>\n<meta property=\"article:published_time\" content=\"2026-02-18T13:40:45+00:00\" \/>\n<meta property=\"article:modified_time\" content=\"2026-02-18T13:40:47+00:00\" \/>\n<meta name=\"author\" content=\"Frank\" \/>\n<meta name=\"twitter:card\" content=\"summary_large_image\" \/>\n<meta name=\"twitter:label1\" content=\"Verfasst von\" \/>\n\t<meta name=\"twitter:data1\" content=\"Frank\" \/>\n\t<meta name=\"twitter:label2\" content=\"Gesch\u00e4tzte Lesezeit\" \/>\n\t<meta name=\"twitter:data2\" content=\"1\u00a0Minute\" \/>\n<script type=\"application\/ld+json\" class=\"yoast-schema-graph\">{\"@context\":\"https:\/\/schema.org\",\"@graph\":[{\"@type\":\"Article\",\"@id\":\"https:\/\/www.isaac-del-toro.mx\/de\/uae-tour-2026-del-toro-im-engen-rennen-mit-tiberi\/#article\",\"isPartOf\":{\"@id\":\"https:\/\/www.isaac-del-toro.mx\/de\/uae-tour-2026-del-toro-im-engen-rennen-mit-tiberi\/\"},\"author\":{\"name\":\"Frank\",\"@id\":\"https:\/\/www.isaac-del-toro.mx\/de\/#\/schema\/person\/dcd12bccf645d7a2112bdb90aa7ff9f2\"},\"headline\":\"UAE Tour 2026: Del Toro im engen Rennen mit Tiberi\",\"datePublished\":\"2026-02-18T13:40:45+00:00\",\"dateModified\":\"2026-02-18T13:40:47+00:00\",\"mainEntityOfPage\":{\"@id\":\"https:\/\/www.isaac-del-toro.mx\/de\/uae-tour-2026-del-toro-im-engen-rennen-mit-tiberi\/\"},\"wordCount\":192,\"commentCount\":0,\"publisher\":{\"@id\":\"https:\/\/www.isaac-del-toro.mx\/de\/#\/schema\/person\/7cbbcf16bd93d1b98eeb4ab7a1fbd7ba\"},\"articleSection\":[\"Nachrichten\"],\"inLanguage\":\"de\",\"potentialAction\":[{\"@type\":\"CommentAction\",\"name\":\"Comment\",\"target\":[\"https:\/\/www.isaac-del-toro.mx\/de\/uae-tour-2026-del-toro-im-engen-rennen-mit-tiberi\/#respond\"]}]},{\"@type\":\"WebPage\",\"@id\":\"https:\/\/www.isaac-del-toro.mx\/de\/uae-tour-2026-del-toro-im-engen-rennen-mit-tiberi\/\",\"url\":\"https:\/\/www.isaac-del-toro.mx\/de\/uae-tour-2026-del-toro-im-engen-rennen-mit-tiberi\/\",\"name\":\"UAE Tour 2026: Del Toro k\u00e4mpft um Gesamtf\u00fchrung gegen Tiberi\",\"isPartOf\":{\"@id\":\"https:\/\/www.isaac-del-toro.mx\/de\/#website\"},\"datePublished\":\"2026-02-18T13:40:45+00:00\",\"dateModified\":\"2026-02-18T13:40:47+00:00\",\"description\":\"Isaac del Toro liegt bei der UAE Tour 2026 nach der dritten Etappe nur 14 Sekunden hinter Antonio Tiberi zur\u00fcck. Evenepoel verliert das rote Trikot.\",\"breadcrumb\":{\"@id\":\"https:\/\/www.isaac-del-toro.mx\/de\/uae-tour-2026-del-toro-im-engen-rennen-mit-tiberi\/#breadcrumb\"},\"inLanguage\":\"de\",\"potentialAction\":[{\"@type\":\"ReadAction\",\"target\":[\"https:\/\/www.isaac-del-toro.mx\/de\/uae-tour-2026-del-toro-im-engen-rennen-mit-tiberi\/\"]}]},{\"@type\":\"BreadcrumbList\",\"@id\":\"https:\/\/www.isaac-del-toro.mx\/de\/uae-tour-2026-del-toro-im-engen-rennen-mit-tiberi\/#breadcrumb\",\"itemListElement\":[{\"@type\":\"ListItem\",\"position\":1,\"name\":\"Start\",\"item\":\"https:\/\/www.isaac-del-toro.mx\/de\/\"},{\"@type\":\"ListItem\",\"position\":2,\"name\":\"UAE Tour 2026: Del Toro im engen Rennen mit Tiberi\"}]},{\"@type\":\"WebSite\",\"@id\":\"https:\/\/www.isaac-del-toro.mx\/de\/#website\",\"url\":\"https:\/\/www.isaac-del-toro.mx\/de\/\",\"name\":\"Isaac del Toro Romero\",\"description\":\"\",\"publisher\":{\"@id\":\"https:\/\/www.isaac-del-toro.mx\/de\/#\/schema\/person\/7cbbcf16bd93d1b98eeb4ab7a1fbd7ba\"},\"potentialAction\":[{\"@type\":\"SearchAction\",\"target\":{\"@type\":\"EntryPoint\",\"urlTemplate\":\"https:\/\/www.isaac-del-toro.mx\/de\/?s={search_term_string}\"},\"query-input\":{\"@type\":\"PropertyValueSpecification\",\"valueRequired\":true,\"valueName\":\"search_term_string\"}}],\"inLanguage\":\"de\"},{\"@type\":[\"Person\",\"Organization\"],\"@id\":\"https:\/\/www.isaac-del-toro.mx\/de\/#\/schema\/person\/7cbbcf16bd93d1b98eeb4ab7a1fbd7ba\",\"name\":\"Isaac del Toro Romero\",\"logo\":{\"@id\":\"https:\/\/www.isaac-del-toro.mx\/de\/#\/schema\/person\/image\/\"}},{\"@type\":\"Person\",\"@id\":\"https:\/\/www.isaac-del-toro.mx\/de\/#\/schema\/person\/dcd12bccf645d7a2112bdb90aa7ff9f2\",\"name\":\"Frank\",\"sameAs\":[\"https:\/\/www.isaac-del-toro.mx\"],\"url\":\"https:\/\/www.isaac-del-toro.mx\/de\/author\/frank-kuglerwebarbeit-net\/\"}]}<\/script>\n<!-- \/ Yoast SEO plugin. -->","yoast_head_json":{"title":"UAE Tour 2026: Del Toro k\u00e4mpft um Gesamtf\u00fchrung gegen Tiberi","description":"Isaac del Toro liegt bei der UAE Tour 2026 nach der dritten Etappe nur 14 Sekunden hinter Antonio Tiberi zur\u00fcck. Evenepoel verliert das rote Trikot.","robots":{"index":"index","follow":"follow","max-snippet":"max-snippet:-1","max-image-preview":"max-image-preview:large","max-video-preview":"max-video-preview:-1"},"canonical":"https:\/\/www.isaac-del-toro.mx\/de\/uae-tour-2026-del-toro-im-engen-rennen-mit-tiberi\/","og_locale":"de_DE","og_type":"article","og_title":"UAE Tour 2026: Del Toro k\u00e4mpft um Gesamtf\u00fchrung gegen Tiberi","og_description":"Isaac del Toro liegt bei der UAE Tour 2026 nach der dritten Etappe nur 14 Sekunden hinter Antonio Tiberi zur\u00fcck. Evenepoel verliert das rote Trikot.","og_url":"https:\/\/www.isaac-del-toro.mx\/de\/uae-tour-2026-del-toro-im-engen-rennen-mit-tiberi\/","og_site_name":"Isaac del Toro Romero","article_published_time":"2026-02-18T13:40:45+00:00","article_modified_time":"2026-02-18T13:40:47+00:00","author":"Frank","twitter_card":"summary_large_image","twitter_misc":{"Verfasst von":"Frank","Gesch\u00e4tzte Lesezeit":"1\u00a0Minute"},"schema":{"@context":"https:\/\/schema.org","@graph":[{"@type":"Article","@id":"https:\/\/www.isaac-del-toro.mx\/de\/uae-tour-2026-del-toro-im-engen-rennen-mit-tiberi\/#article","isPartOf":{"@id":"https:\/\/www.isaac-del-toro.mx\/de\/uae-tour-2026-del-toro-im-engen-rennen-mit-tiberi\/"},"author":{"name":"Frank","@id":"https:\/\/www.isaac-del-toro.mx\/de\/#\/schema\/person\/dcd12bccf645d7a2112bdb90aa7ff9f2"},"headline":"UAE Tour 2026: Del Toro im engen Rennen mit Tiberi","datePublished":"2026-02-18T13:40:45+00:00","dateModified":"2026-02-18T13:40:47+00:00","mainEntityOfPage":{"@id":"https:\/\/www.isaac-del-toro.mx\/de\/uae-tour-2026-del-toro-im-engen-rennen-mit-tiberi\/"},"wordCount":192,"commentCount":0,"publisher":{"@id":"https:\/\/www.isaac-del-toro.mx\/de\/#\/schema\/person\/7cbbcf16bd93d1b98eeb4ab7a1fbd7ba"},"articleSection":["Nachrichten"],"inLanguage":"de","potentialAction":[{"@type":"CommentAction","name":"Comment","target":["https:\/\/www.isaac-del-toro.mx\/de\/uae-tour-2026-del-toro-im-engen-rennen-mit-tiberi\/#respond"]}]},{"@type":"WebPage","@id":"https:\/\/www.isaac-del-toro.mx\/de\/uae-tour-2026-del-toro-im-engen-rennen-mit-tiberi\/","url":"https:\/\/www.isaac-del-toro.mx\/de\/uae-tour-2026-del-toro-im-engen-rennen-mit-tiberi\/","name":"UAE Tour 2026: Del Toro k\u00e4mpft um Gesamtf\u00fchrung gegen Tiberi","isPartOf":{"@id":"https:\/\/www.isaac-del-toro.mx\/de\/#website"},"datePublished":"2026-02-18T13:40:45+00:00","dateModified":"2026-02-18T13:40:47+00:00","description":"Isaac del Toro liegt bei der UAE Tour 2026 nach der dritten Etappe nur 14 Sekunden hinter Antonio Tiberi zur\u00fcck. Evenepoel verliert das rote Trikot.","breadcrumb":{"@id":"https:\/\/www.isaac-del-toro.mx\/de\/uae-tour-2026-del-toro-im-engen-rennen-mit-tiberi\/#breadcrumb"},"inLanguage":"de","potentialAction":[{"@type":"ReadAction","target":["https:\/\/www.isaac-del-toro.mx\/de\/uae-tour-2026-del-toro-im-engen-rennen-mit-tiberi\/"]}]},{"@type":"BreadcrumbList","@id":"https:\/\/www.isaac-del-toro.mx\/de\/uae-tour-2026-del-toro-im-engen-rennen-mit-tiberi\/#breadcrumb","itemListElement":[{"@type":"ListItem","position":1,"name":"Start","item":"https:\/\/www.isaac-del-toro.mx\/de\/"},{"@type":"ListItem","position":2,"name":"UAE Tour 2026: Del Toro im engen Rennen mit Tiberi"}]},{"@type":"WebSite","@id":"https:\/\/www.isaac-del-toro.mx\/de\/#website","url":"https:\/\/www.isaac-del-toro.mx\/de\/","name":"Isaac del Toro Romero","description":"","publisher":{"@id":"https:\/\/www.isaac-del-toro.mx\/de\/#\/schema\/person\/7cbbcf16bd93d1b98eeb4ab7a1fbd7ba"},"potentialAction":[{"@type":"SearchAction","target":{"@type":"EntryPoint","urlTemplate":"https:\/\/www.isaac-del-toro.mx\/de\/?s={search_term_string}"},"query-input":{"@type":"PropertyValueSpecification","valueRequired":true,"valueName":"search_term_string"}}],"inLanguage":"de"},{"@type":["Person","Organization"],"@id":"https:\/\/www.isaac-del-toro.mx\/de\/#\/schema\/person\/7cbbcf16bd93d1b98eeb4ab7a1fbd7ba","name":"Isaac del Toro Romero","logo":{"@id":"https:\/\/www.isaac-del-toro.mx\/de\/#\/schema\/person\/image\/"}},{"@type":"Person","@id":"https:\/\/www.isaac-del-toro.mx\/de\/#\/schema\/person\/dcd12bccf645d7a2112bdb90aa7ff9f2","name":"Frank","sameAs":["https:\/\/www.isaac-del-toro.mx"],"url":"https:\/\/www.isaac-del-toro.mx\/de\/author\/frank-kuglerwebarbeit-net\/"}]}},"_links":{"self":[{"href":"https:\/\/www.isaac-del-toro.mx\/de\/wp-json\/wp\/v2\/posts\/515","targetHints":{"allow":["GET"]}}],"collection":[{"href":"https:\/\/www.isaac-del-toro.mx\/de\/wp-json\/wp\/v2\/posts"}],"about":[{"href":"https:\/\/www.isaac-del-toro.mx\/de\/wp-json\/wp\/v2\/types\/post"}],"author":[{"embeddable":true,"href":"https:\/\/www.isaac-del-toro.mx\/de\/wp-json\/wp\/v2\/users\/1"}],"replies":[{"embeddable":true,"href":"https:\/\/www.isaac-del-toro.mx\/de\/wp-json\/wp\/v2\/comments?post=515"}],"version-history":[{"count":0,"href":"https:\/\/www.isaac-del-toro.mx\/de\/wp-json\/wp\/v2\/posts\/515\/revisions"}],"wp:attachment":[{"href":"https:\/\/www.isaac-del-toro.mx\/de\/wp-json\/wp\/v2\/media?parent=515"}],"wp:term":[{"taxonomy":"category","embeddable":true,"href":"https:\/\/www.isaac-del-toro.mx\/de\/wp-json\/wp\/v2\/categories?post=515"},{"taxonomy":"post_tag","embeddable":true,"href":"https:\/\/www.isaac-del-toro.mx\/de\/wp-json\/wp\/v2\/tags?post=515"}],"curies":[{"name":"wp","href":"https:\/\/api.w.org\/{rel}","templated":true}]}}