{"id":523,"date":"2026-02-19T08:40:58","date_gmt":"2026-02-19T14:40:58","guid":{"rendered":"https:\/\/www.isaac-del-toro.mx\/del-toro-behauptet-zweiten-gesamtrang-bei-uae-tour-2026\/"},"modified":"2026-02-19T08:40:59","modified_gmt":"2026-02-19T14:40:59","slug":"del-toro-behauptet-zweiten-gesamtrang-bei-uae-tour-2026","status":"publish","type":"post","link":"https:\/\/www.isaac-del-toro.mx\/de\/del-toro-behauptet-zweiten-gesamtrang-bei-uae-tour-2026\/","title":{"rendered":"Del Toro behauptet zweiten Gesamtrang bei UAE Tour 2026"},"content":{"rendered":"<p>Der mexikanische Radrennfahrer Isaac del Toro hat seine starke Position bei der UAE Tour 2026 erfolgreich verteidigt. Nach der vierten Etappe, die am Donnerstag ausgetragen wurde, liegt er weiterhin auf dem zweiten Platz der Gesamtwertung.<\/p>\n\n<h2>Solide Leistung in der vierten Etappe<\/h2>\n<p>Del Toro erreichte im Tagesabschnitt den 23. Platz, w\u00e4hrend sich der Italiener Jonathan Milan den Etappensieg sicherte. Diese Platzierung reichte dem Mexikaner aus, um seine Position im Gesamtklassement zu behaupten.<\/p>\n\n<h2>Spannendes Duell um die Gesamtf\u00fchrung<\/h2>\n<p>In der Gesamtwertung liegt del Toro nun 21 Sekunden hinter dem F\u00fchrenden Antonio Tiberi zur\u00fcck. Der Mexikaner befindet sich damit weiterhin in einer aussichtsreichen Position f\u00fcr die verbleibenden Etappen der UAE Tour.<\/p>","protected":false},"excerpt":{"rendered":"<p>Der mexikanische Radrennfahrer Isaac del Toro hat seine starke Position bei der UAE Tour 2026 erfolgreich verteidigt. Nach der vierten [&hellip;]<\/p>\n","protected":false},"author":1,"featured_media":0,"comment_status":"open","ping_status":"open","sticky":false,"template":"","format":"standard","meta":{"footnotes":""},"categories":[29],"tags":[],"class_list":["post-523","post","type-post","status-publish","format-standard","hentry","category-nachrichten"],"yoast_head":"<!-- This site is optimized with the Yoast SEO plugin v27.1.1 - https:\/\/yoast.com\/product\/yoast-seo-wordpress\/ -->\n<title>UAE Tour 2026: Del Toro verteidigt zweiten Gesamtplatz nach vierter Etappe<\/title>\n<meta name=\"description\" content=\"Der mexikanische Radprofi Isaac del Toro belegt nach der vierten Etappe der UAE Tour 2026 weiterhin den zweiten Gesamtrang. Der R\u00fcckstand auf Spitzenreiter Tiberi betr\u00e4gt 21 Sekunden.\" \/>\n<meta name=\"robots\" content=\"index, follow, max-snippet:-1, max-image-preview:large, max-video-preview:-1\" \/>\n<link rel=\"canonical\" href=\"https:\/\/www.isaac-del-toro.mx\/de\/del-toro-behauptet-zweiten-gesamtrang-bei-uae-tour-2026\/\" \/>\n<meta property=\"og:locale\" content=\"de_DE\" \/>\n<meta property=\"og:type\" content=\"article\" \/>\n<meta property=\"og:title\" content=\"UAE Tour 2026: Del Toro verteidigt zweiten Gesamtplatz nach vierter Etappe\" \/>\n<meta property=\"og:description\" content=\"Der mexikanische Radprofi Isaac del Toro belegt nach der vierten Etappe der UAE Tour 2026 weiterhin den zweiten Gesamtrang. Der R\u00fcckstand auf Spitzenreiter Tiberi betr\u00e4gt 21 Sekunden.\" \/>\n<meta property=\"og:url\" content=\"https:\/\/www.isaac-del-toro.mx\/de\/del-toro-behauptet-zweiten-gesamtrang-bei-uae-tour-2026\/\" \/>\n<meta property=\"og:site_name\" content=\"Isaac del Toro Romero\" \/>\n<meta property=\"article:published_time\" content=\"2026-02-19T14:40:58+00:00\" \/>\n<meta property=\"article:modified_time\" content=\"2026-02-19T14:40:59+00:00\" \/>\n<meta name=\"author\" content=\"Frank\" \/>\n<meta name=\"twitter:card\" content=\"summary_large_image\" \/>\n<meta name=\"twitter:label1\" content=\"Verfasst von\" \/>\n\t<meta name=\"twitter:data1\" content=\"Frank\" \/>\n\t<meta name=\"twitter:label2\" content=\"Gesch\u00e4tzte Lesezeit\" \/>\n\t<meta name=\"twitter:data2\" content=\"1\u00a0Minute\" \/>\n<script type=\"application\/ld+json\" class=\"yoast-schema-graph\">{\"@context\":\"https:\/\/schema.org\",\"@graph\":[{\"@type\":\"Article\",\"@id\":\"https:\/\/www.isaac-del-toro.mx\/de\/del-toro-behauptet-zweiten-gesamtrang-bei-uae-tour-2026\/#article\",\"isPartOf\":{\"@id\":\"https:\/\/www.isaac-del-toro.mx\/de\/del-toro-behauptet-zweiten-gesamtrang-bei-uae-tour-2026\/\"},\"author\":{\"name\":\"Frank\",\"@id\":\"https:\/\/www.isaac-del-toro.mx\/de\/#\/schema\/person\/dcd12bccf645d7a2112bdb90aa7ff9f2\"},\"headline\":\"Del Toro behauptet zweiten Gesamtrang bei UAE Tour 2026\",\"datePublished\":\"2026-02-19T14:40:58+00:00\",\"dateModified\":\"2026-02-19T14:40:59+00:00\",\"mainEntityOfPage\":{\"@id\":\"https:\/\/www.isaac-del-toro.mx\/de\/del-toro-behauptet-zweiten-gesamtrang-bei-uae-tour-2026\/\"},\"wordCount\":118,\"commentCount\":0,\"publisher\":{\"@id\":\"https:\/\/www.isaac-del-toro.mx\/de\/#\/schema\/person\/7cbbcf16bd93d1b98eeb4ab7a1fbd7ba\"},\"articleSection\":[\"Nachrichten\"],\"inLanguage\":\"de\",\"potentialAction\":[{\"@type\":\"CommentAction\",\"name\":\"Comment\",\"target\":[\"https:\/\/www.isaac-del-toro.mx\/de\/del-toro-behauptet-zweiten-gesamtrang-bei-uae-tour-2026\/#respond\"]}]},{\"@type\":\"WebPage\",\"@id\":\"https:\/\/www.isaac-del-toro.mx\/de\/del-toro-behauptet-zweiten-gesamtrang-bei-uae-tour-2026\/\",\"url\":\"https:\/\/www.isaac-del-toro.mx\/de\/del-toro-behauptet-zweiten-gesamtrang-bei-uae-tour-2026\/\",\"name\":\"UAE Tour 2026: Del Toro verteidigt zweiten Gesamtplatz nach vierter Etappe\",\"isPartOf\":{\"@id\":\"https:\/\/www.isaac-del-toro.mx\/de\/#website\"},\"datePublished\":\"2026-02-19T14:40:58+00:00\",\"dateModified\":\"2026-02-19T14:40:59+00:00\",\"description\":\"Der mexikanische Radprofi Isaac del Toro belegt nach der vierten Etappe der UAE Tour 2026 weiterhin den zweiten Gesamtrang. Der R\u00fcckstand auf Spitzenreiter Tiberi betr\u00e4gt 21 Sekunden.\",\"breadcrumb\":{\"@id\":\"https:\/\/www.isaac-del-toro.mx\/de\/del-toro-behauptet-zweiten-gesamtrang-bei-uae-tour-2026\/#breadcrumb\"},\"inLanguage\":\"de\",\"potentialAction\":[{\"@type\":\"ReadAction\",\"target\":[\"https:\/\/www.isaac-del-toro.mx\/de\/del-toro-behauptet-zweiten-gesamtrang-bei-uae-tour-2026\/\"]}]},{\"@type\":\"BreadcrumbList\",\"@id\":\"https:\/\/www.isaac-del-toro.mx\/de\/del-toro-behauptet-zweiten-gesamtrang-bei-uae-tour-2026\/#breadcrumb\",\"itemListElement\":[{\"@type\":\"ListItem\",\"position\":1,\"name\":\"Start\",\"item\":\"https:\/\/www.isaac-del-toro.mx\/de\/\"},{\"@type\":\"ListItem\",\"position\":2,\"name\":\"Del Toro behauptet zweiten Gesamtrang bei UAE Tour 2026\"}]},{\"@type\":\"WebSite\",\"@id\":\"https:\/\/www.isaac-del-toro.mx\/de\/#website\",\"url\":\"https:\/\/www.isaac-del-toro.mx\/de\/\",\"name\":\"Isaac del Toro Romero\",\"description\":\"\",\"publisher\":{\"@id\":\"https:\/\/www.isaac-del-toro.mx\/de\/#\/schema\/person\/7cbbcf16bd93d1b98eeb4ab7a1fbd7ba\"},\"potentialAction\":[{\"@type\":\"SearchAction\",\"target\":{\"@type\":\"EntryPoint\",\"urlTemplate\":\"https:\/\/www.isaac-del-toro.mx\/de\/?s={search_term_string}\"},\"query-input\":{\"@type\":\"PropertyValueSpecification\",\"valueRequired\":true,\"valueName\":\"search_term_string\"}}],\"inLanguage\":\"de\"},{\"@type\":[\"Person\",\"Organization\"],\"@id\":\"https:\/\/www.isaac-del-toro.mx\/de\/#\/schema\/person\/7cbbcf16bd93d1b98eeb4ab7a1fbd7ba\",\"name\":\"Isaac del Toro Romero\",\"logo\":{\"@id\":\"https:\/\/www.isaac-del-toro.mx\/de\/#\/schema\/person\/image\/\"}},{\"@type\":\"Person\",\"@id\":\"https:\/\/www.isaac-del-toro.mx\/de\/#\/schema\/person\/dcd12bccf645d7a2112bdb90aa7ff9f2\",\"name\":\"Frank\",\"sameAs\":[\"https:\/\/www.isaac-del-toro.mx\"],\"url\":\"https:\/\/www.isaac-del-toro.mx\/de\/author\/frank-kuglerwebarbeit-net\/\"}]}<\/script>\n<!-- \/ Yoast SEO plugin. -->","yoast_head_json":{"title":"UAE Tour 2026: Del Toro verteidigt zweiten Gesamtplatz nach vierter Etappe","description":"Der mexikanische Radprofi Isaac del Toro belegt nach der vierten Etappe der UAE Tour 2026 weiterhin den zweiten Gesamtrang. Der R\u00fcckstand auf Spitzenreiter Tiberi betr\u00e4gt 21 Sekunden.","robots":{"index":"index","follow":"follow","max-snippet":"max-snippet:-1","max-image-preview":"max-image-preview:large","max-video-preview":"max-video-preview:-1"},"canonical":"https:\/\/www.isaac-del-toro.mx\/de\/del-toro-behauptet-zweiten-gesamtrang-bei-uae-tour-2026\/","og_locale":"de_DE","og_type":"article","og_title":"UAE Tour 2026: Del Toro verteidigt zweiten Gesamtplatz nach vierter Etappe","og_description":"Der mexikanische Radprofi Isaac del Toro belegt nach der vierten Etappe der UAE Tour 2026 weiterhin den zweiten Gesamtrang. Der R\u00fcckstand auf Spitzenreiter Tiberi betr\u00e4gt 21 Sekunden.","og_url":"https:\/\/www.isaac-del-toro.mx\/de\/del-toro-behauptet-zweiten-gesamtrang-bei-uae-tour-2026\/","og_site_name":"Isaac del Toro Romero","article_published_time":"2026-02-19T14:40:58+00:00","article_modified_time":"2026-02-19T14:40:59+00:00","author":"Frank","twitter_card":"summary_large_image","twitter_misc":{"Verfasst von":"Frank","Gesch\u00e4tzte Lesezeit":"1\u00a0Minute"},"schema":{"@context":"https:\/\/schema.org","@graph":[{"@type":"Article","@id":"https:\/\/www.isaac-del-toro.mx\/de\/del-toro-behauptet-zweiten-gesamtrang-bei-uae-tour-2026\/#article","isPartOf":{"@id":"https:\/\/www.isaac-del-toro.mx\/de\/del-toro-behauptet-zweiten-gesamtrang-bei-uae-tour-2026\/"},"author":{"name":"Frank","@id":"https:\/\/www.isaac-del-toro.mx\/de\/#\/schema\/person\/dcd12bccf645d7a2112bdb90aa7ff9f2"},"headline":"Del Toro behauptet zweiten Gesamtrang bei UAE Tour 2026","datePublished":"2026-02-19T14:40:58+00:00","dateModified":"2026-02-19T14:40:59+00:00","mainEntityOfPage":{"@id":"https:\/\/www.isaac-del-toro.mx\/de\/del-toro-behauptet-zweiten-gesamtrang-bei-uae-tour-2026\/"},"wordCount":118,"commentCount":0,"publisher":{"@id":"https:\/\/www.isaac-del-toro.mx\/de\/#\/schema\/person\/7cbbcf16bd93d1b98eeb4ab7a1fbd7ba"},"articleSection":["Nachrichten"],"inLanguage":"de","potentialAction":[{"@type":"CommentAction","name":"Comment","target":["https:\/\/www.isaac-del-toro.mx\/de\/del-toro-behauptet-zweiten-gesamtrang-bei-uae-tour-2026\/#respond"]}]},{"@type":"WebPage","@id":"https:\/\/www.isaac-del-toro.mx\/de\/del-toro-behauptet-zweiten-gesamtrang-bei-uae-tour-2026\/","url":"https:\/\/www.isaac-del-toro.mx\/de\/del-toro-behauptet-zweiten-gesamtrang-bei-uae-tour-2026\/","name":"UAE Tour 2026: Del Toro verteidigt zweiten Gesamtplatz nach vierter Etappe","isPartOf":{"@id":"https:\/\/www.isaac-del-toro.mx\/de\/#website"},"datePublished":"2026-02-19T14:40:58+00:00","dateModified":"2026-02-19T14:40:59+00:00","description":"Der mexikanische Radprofi Isaac del Toro belegt nach der vierten Etappe der UAE Tour 2026 weiterhin den zweiten Gesamtrang. Der R\u00fcckstand auf Spitzenreiter Tiberi betr\u00e4gt 21 Sekunden.","breadcrumb":{"@id":"https:\/\/www.isaac-del-toro.mx\/de\/del-toro-behauptet-zweiten-gesamtrang-bei-uae-tour-2026\/#breadcrumb"},"inLanguage":"de","potentialAction":[{"@type":"ReadAction","target":["https:\/\/www.isaac-del-toro.mx\/de\/del-toro-behauptet-zweiten-gesamtrang-bei-uae-tour-2026\/"]}]},{"@type":"BreadcrumbList","@id":"https:\/\/www.isaac-del-toro.mx\/de\/del-toro-behauptet-zweiten-gesamtrang-bei-uae-tour-2026\/#breadcrumb","itemListElement":[{"@type":"ListItem","position":1,"name":"Start","item":"https:\/\/www.isaac-del-toro.mx\/de\/"},{"@type":"ListItem","position":2,"name":"Del Toro behauptet zweiten Gesamtrang bei UAE Tour 2026"}]},{"@type":"WebSite","@id":"https:\/\/www.isaac-del-toro.mx\/de\/#website","url":"https:\/\/www.isaac-del-toro.mx\/de\/","name":"Isaac del Toro Romero","description":"","publisher":{"@id":"https:\/\/www.isaac-del-toro.mx\/de\/#\/schema\/person\/7cbbcf16bd93d1b98eeb4ab7a1fbd7ba"},"potentialAction":[{"@type":"SearchAction","target":{"@type":"EntryPoint","urlTemplate":"https:\/\/www.isaac-del-toro.mx\/de\/?s={search_term_string}"},"query-input":{"@type":"PropertyValueSpecification","valueRequired":true,"valueName":"search_term_string"}}],"inLanguage":"de"},{"@type":["Person","Organization"],"@id":"https:\/\/www.isaac-del-toro.mx\/de\/#\/schema\/person\/7cbbcf16bd93d1b98eeb4ab7a1fbd7ba","name":"Isaac del Toro Romero","logo":{"@id":"https:\/\/www.isaac-del-toro.mx\/de\/#\/schema\/person\/image\/"}},{"@type":"Person","@id":"https:\/\/www.isaac-del-toro.mx\/de\/#\/schema\/person\/dcd12bccf645d7a2112bdb90aa7ff9f2","name":"Frank","sameAs":["https:\/\/www.isaac-del-toro.mx"],"url":"https:\/\/www.isaac-del-toro.mx\/de\/author\/frank-kuglerwebarbeit-net\/"}]}},"_links":{"self":[{"href":"https:\/\/www.isaac-del-toro.mx\/de\/wp-json\/wp\/v2\/posts\/523","targetHints":{"allow":["GET"]}}],"collection":[{"href":"https:\/\/www.isaac-del-toro.mx\/de\/wp-json\/wp\/v2\/posts"}],"about":[{"href":"https:\/\/www.isaac-del-toro.mx\/de\/wp-json\/wp\/v2\/types\/post"}],"author":[{"embeddable":true,"href":"https:\/\/www.isaac-del-toro.mx\/de\/wp-json\/wp\/v2\/users\/1"}],"replies":[{"embeddable":true,"href":"https:\/\/www.isaac-del-toro.mx\/de\/wp-json\/wp\/v2\/comments?post=523"}],"version-history":[{"count":0,"href":"https:\/\/www.isaac-del-toro.mx\/de\/wp-json\/wp\/v2\/posts\/523\/revisions"}],"wp:attachment":[{"href":"https:\/\/www.isaac-del-toro.mx\/de\/wp-json\/wp\/v2\/media?parent=523"}],"wp:term":[{"taxonomy":"category","embeddable":true,"href":"https:\/\/www.isaac-del-toro.mx\/de\/wp-json\/wp\/v2\/categories?post=523"},{"taxonomy":"post_tag","embeddable":true,"href":"https:\/\/www.isaac-del-toro.mx\/de\/wp-json\/wp\/v2\/tags?post=523"}],"curies":[{"name":"wp","href":"https:\/\/api.w.org\/{rel}","templated":true}]}}