{"id":643,"date":"2026-03-05T07:32:58","date_gmt":"2026-03-05T13:32:58","guid":{"rendered":"https:\/\/www.isaac-del-toro.mx\/isaac-del-toro-startet-bei-strade-bianche-2026\/"},"modified":"2026-03-05T07:32:59","modified_gmt":"2026-03-05T13:32:59","slug":"isaac-del-toro-startet-bei-strade-bianche-2026","status":"publish","type":"post","link":"https:\/\/www.isaac-del-toro.mx\/de\/isaac-del-toro-startet-bei-strade-bianche-2026\/","title":{"rendered":"Isaac del Toro startet bei der Strade Bianche 2026"},"content":{"rendered":"<p>Der mexikanische Radrennfahrer Isaac del Toro wird bei der kommenden Ausgabe der Strade Bianche am 7. M\u00e4rz 2026 an den Start gehen. Bei dem prestigetr\u00e4chtigen Eintagesrennen in der Toskana trifft er auf den dominierenden Fahrer der letzten Jahre, Tadej Pogacar, der bereits drei Siege bei diesem Klassiker verbuchen konnte.<\/p>\n\n<h2>Anspruchsvolle Streckenf\u00fchrung \u00fcber 202 Kilometer<\/h2>\n<p>Die Veranstalter haben f\u00fcr die Ausgabe 2026 eine herausfordernde Route von 202,7 Kilometern festgelegt. Die Strecke zeichnet sich besonders durch ihre charakteristischen Schotterabschnitte aus, die sogenannten &#8218;Sterrati&#8216;. Diese unbefestigten Passagen erstrecken sich \u00fcber insgesamt 64 Kilometer und stellen h\u00f6chste Anforderungen an das fahrerische K\u00f6nnen der Teilnehmer.<\/p>\n\n<h2>Pogacar peilt historischen vierten Sieg an<\/h2>\n<p>Titelverteidiger Tadej Pogacar wird in Siena mit gro\u00dfen Ambitionen an den Start gehen. Der Slowene konnte das Rennen bereits 2022, 2024 und 2025 f\u00fcr sich entscheiden. Ein weiterer Triumph w\u00fcrde seine beeindruckende Erfolgsbilanz bei diesem italienischen Fr\u00fchjahrsklassiker weiter ausbauen.<\/p>\n\n<p>Die Strade Bianche hat sich in den vergangenen Jahren zu einem der spektakul\u00e4rsten Eintagesrennen im Radsportkalender entwickelt. Die Kombination aus anspruchsvollem Terrain, landschaftlicher Sch\u00f6nheit und hochkar\u00e4tiger Besetzung verspricht auch 2026 wieder erstklassigen Radsport.<\/p>","protected":false},"excerpt":{"rendered":"<p>Der mexikanische Radrennfahrer Isaac del Toro wird bei der kommenden Ausgabe der Strade Bianche am 7. M\u00e4rz 2026 an den [&hellip;]<\/p>\n","protected":false},"author":1,"featured_media":649,"comment_status":"open","ping_status":"open","sticky":false,"template":"","format":"standard","meta":{"footnotes":""},"categories":[29],"tags":[],"class_list":["post-643","post","type-post","status-publish","format-standard","has-post-thumbnail","hentry","category-nachrichten"],"yoast_head":"<!-- This site is optimized with the Yoast SEO plugin v27.1.1 - https:\/\/yoast.com\/product\/yoast-seo-wordpress\/ -->\n<title>Isaac del Toro tritt bei der Strade Bianche 2026 an | Radsport<\/title>\n<meta name=\"description\" content=\"Der mexikanische Radsportler Isaac del Toro wird am 7. M\u00e4rz 2026 bei der Strade Bianche an den Start gehen. Titelverteidiger Tadej Pogacar peilt seinen vierten Sieg an.\" \/>\n<meta name=\"robots\" content=\"index, follow, max-snippet:-1, max-image-preview:large, max-video-preview:-1\" \/>\n<link rel=\"canonical\" href=\"https:\/\/www.isaac-del-toro.mx\/de\/isaac-del-toro-startet-bei-strade-bianche-2026\/\" \/>\n<meta property=\"og:locale\" content=\"de_DE\" \/>\n<meta property=\"og:type\" content=\"article\" \/>\n<meta property=\"og:title\" content=\"Isaac del Toro tritt bei der Strade Bianche 2026 an | Radsport\" \/>\n<meta property=\"og:description\" content=\"Der mexikanische Radsportler Isaac del Toro wird am 7. M\u00e4rz 2026 bei der Strade Bianche an den Start gehen. Titelverteidiger Tadej Pogacar peilt seinen vierten Sieg an.\" \/>\n<meta property=\"og:url\" content=\"https:\/\/www.isaac-del-toro.mx\/de\/isaac-del-toro-startet-bei-strade-bianche-2026\/\" \/>\n<meta property=\"og:site_name\" content=\"Isaac del Toro Romero\" \/>\n<meta property=\"article:published_time\" content=\"2026-03-05T13:32:58+00:00\" \/>\n<meta property=\"article:modified_time\" content=\"2026-03-05T13:32:59+00:00\" \/>\n<meta name=\"author\" content=\"Frank\" \/>\n<meta name=\"twitter:card\" content=\"summary_large_image\" \/>\n<meta name=\"twitter:label1\" content=\"Verfasst von\" \/>\n\t<meta name=\"twitter:data1\" content=\"Frank\" \/>\n\t<meta name=\"twitter:label2\" content=\"Gesch\u00e4tzte Lesezeit\" \/>\n\t<meta name=\"twitter:data2\" content=\"1\u00a0Minute\" \/>\n<script type=\"application\/ld+json\" class=\"yoast-schema-graph\">{\"@context\":\"https:\/\/schema.org\",\"@graph\":[{\"@type\":\"Article\",\"@id\":\"https:\/\/www.isaac-del-toro.mx\/de\/isaac-del-toro-startet-bei-strade-bianche-2026\/#article\",\"isPartOf\":{\"@id\":\"https:\/\/www.isaac-del-toro.mx\/de\/isaac-del-toro-startet-bei-strade-bianche-2026\/\"},\"author\":{\"name\":\"Frank\",\"@id\":\"https:\/\/www.isaac-del-toro.mx\/de\/#\/schema\/person\/dcd12bccf645d7a2112bdb90aa7ff9f2\"},\"headline\":\"Isaac del Toro startet bei der Strade Bianche 2026\",\"datePublished\":\"2026-03-05T13:32:58+00:00\",\"dateModified\":\"2026-03-05T13:32:59+00:00\",\"mainEntityOfPage\":{\"@id\":\"https:\/\/www.isaac-del-toro.mx\/de\/isaac-del-toro-startet-bei-strade-bianche-2026\/\"},\"wordCount\":189,\"commentCount\":0,\"publisher\":{\"@id\":\"https:\/\/www.isaac-del-toro.mx\/de\/#\/schema\/person\/7cbbcf16bd93d1b98eeb4ab7a1fbd7ba\"},\"image\":{\"@id\":\"https:\/\/www.isaac-del-toro.mx\/de\/isaac-del-toro-startet-bei-strade-bianche-2026\/#primaryimage\"},\"thumbnailUrl\":\"https:\/\/www.isaac-del-toro.mx\/wp-content\/uploads\/2026\/03\/strade-bianche-2026.webp\",\"articleSection\":[\"Nachrichten\"],\"inLanguage\":\"de\",\"potentialAction\":[{\"@type\":\"CommentAction\",\"name\":\"Comment\",\"target\":[\"https:\/\/www.isaac-del-toro.mx\/de\/isaac-del-toro-startet-bei-strade-bianche-2026\/#respond\"]}]},{\"@type\":\"WebPage\",\"@id\":\"https:\/\/www.isaac-del-toro.mx\/de\/isaac-del-toro-startet-bei-strade-bianche-2026\/\",\"url\":\"https:\/\/www.isaac-del-toro.mx\/de\/isaac-del-toro-startet-bei-strade-bianche-2026\/\",\"name\":\"Isaac del Toro tritt bei der Strade Bianche 2026 an | Radsport\",\"isPartOf\":{\"@id\":\"https:\/\/www.isaac-del-toro.mx\/de\/#website\"},\"primaryImageOfPage\":{\"@id\":\"https:\/\/www.isaac-del-toro.mx\/de\/isaac-del-toro-startet-bei-strade-bianche-2026\/#primaryimage\"},\"image\":{\"@id\":\"https:\/\/www.isaac-del-toro.mx\/de\/isaac-del-toro-startet-bei-strade-bianche-2026\/#primaryimage\"},\"thumbnailUrl\":\"https:\/\/www.isaac-del-toro.mx\/wp-content\/uploads\/2026\/03\/strade-bianche-2026.webp\",\"datePublished\":\"2026-03-05T13:32:58+00:00\",\"dateModified\":\"2026-03-05T13:32:59+00:00\",\"description\":\"Der mexikanische Radsportler Isaac del Toro wird am 7. M\u00e4rz 2026 bei der Strade Bianche an den Start gehen. Titelverteidiger Tadej Pogacar peilt seinen vierten Sieg an.\",\"breadcrumb\":{\"@id\":\"https:\/\/www.isaac-del-toro.mx\/de\/isaac-del-toro-startet-bei-strade-bianche-2026\/#breadcrumb\"},\"inLanguage\":\"de\",\"potentialAction\":[{\"@type\":\"ReadAction\",\"target\":[\"https:\/\/www.isaac-del-toro.mx\/de\/isaac-del-toro-startet-bei-strade-bianche-2026\/\"]}]},{\"@type\":\"ImageObject\",\"inLanguage\":\"de\",\"@id\":\"https:\/\/www.isaac-del-toro.mx\/de\/isaac-del-toro-startet-bei-strade-bianche-2026\/#primaryimage\",\"url\":\"https:\/\/www.isaac-del-toro.mx\/wp-content\/uploads\/2026\/03\/strade-bianche-2026.webp\",\"contentUrl\":\"https:\/\/www.isaac-del-toro.mx\/wp-content\/uploads\/2026\/03\/strade-bianche-2026.webp\",\"width\":1376,\"height\":768},{\"@type\":\"BreadcrumbList\",\"@id\":\"https:\/\/www.isaac-del-toro.mx\/de\/isaac-del-toro-startet-bei-strade-bianche-2026\/#breadcrumb\",\"itemListElement\":[{\"@type\":\"ListItem\",\"position\":1,\"name\":\"Start\",\"item\":\"https:\/\/www.isaac-del-toro.mx\/de\/\"},{\"@type\":\"ListItem\",\"position\":2,\"name\":\"Isaac del Toro startet bei der Strade Bianche 2026\"}]},{\"@type\":\"WebSite\",\"@id\":\"https:\/\/www.isaac-del-toro.mx\/de\/#website\",\"url\":\"https:\/\/www.isaac-del-toro.mx\/de\/\",\"name\":\"Isaac del Toro Romero\",\"description\":\"\",\"publisher\":{\"@id\":\"https:\/\/www.isaac-del-toro.mx\/de\/#\/schema\/person\/7cbbcf16bd93d1b98eeb4ab7a1fbd7ba\"},\"potentialAction\":[{\"@type\":\"SearchAction\",\"target\":{\"@type\":\"EntryPoint\",\"urlTemplate\":\"https:\/\/www.isaac-del-toro.mx\/de\/?s={search_term_string}\"},\"query-input\":{\"@type\":\"PropertyValueSpecification\",\"valueRequired\":true,\"valueName\":\"search_term_string\"}}],\"inLanguage\":\"de\"},{\"@type\":[\"Person\",\"Organization\"],\"@id\":\"https:\/\/www.isaac-del-toro.mx\/de\/#\/schema\/person\/7cbbcf16bd93d1b98eeb4ab7a1fbd7ba\",\"name\":\"Isaac del Toro Romero\",\"logo\":{\"@id\":\"https:\/\/www.isaac-del-toro.mx\/de\/#\/schema\/person\/image\/\"}},{\"@type\":\"Person\",\"@id\":\"https:\/\/www.isaac-del-toro.mx\/de\/#\/schema\/person\/dcd12bccf645d7a2112bdb90aa7ff9f2\",\"name\":\"Frank\",\"sameAs\":[\"https:\/\/www.isaac-del-toro.mx\"],\"url\":\"https:\/\/www.isaac-del-toro.mx\/de\/author\/frank-kuglerwebarbeit-net\/\"}]}<\/script>\n<!-- \/ Yoast SEO plugin. -->","yoast_head_json":{"title":"Isaac del Toro tritt bei der Strade Bianche 2026 an | Radsport","description":"Der mexikanische Radsportler Isaac del Toro wird am 7. M\u00e4rz 2026 bei der Strade Bianche an den Start gehen. Titelverteidiger Tadej Pogacar peilt seinen vierten Sieg an.","robots":{"index":"index","follow":"follow","max-snippet":"max-snippet:-1","max-image-preview":"max-image-preview:large","max-video-preview":"max-video-preview:-1"},"canonical":"https:\/\/www.isaac-del-toro.mx\/de\/isaac-del-toro-startet-bei-strade-bianche-2026\/","og_locale":"de_DE","og_type":"article","og_title":"Isaac del Toro tritt bei der Strade Bianche 2026 an | Radsport","og_description":"Der mexikanische Radsportler Isaac del Toro wird am 7. M\u00e4rz 2026 bei der Strade Bianche an den Start gehen. Titelverteidiger Tadej Pogacar peilt seinen vierten Sieg an.","og_url":"https:\/\/www.isaac-del-toro.mx\/de\/isaac-del-toro-startet-bei-strade-bianche-2026\/","og_site_name":"Isaac del Toro Romero","article_published_time":"2026-03-05T13:32:58+00:00","article_modified_time":"2026-03-05T13:32:59+00:00","author":"Frank","twitter_card":"summary_large_image","twitter_misc":{"Verfasst von":"Frank","Gesch\u00e4tzte Lesezeit":"1\u00a0Minute"},"schema":{"@context":"https:\/\/schema.org","@graph":[{"@type":"Article","@id":"https:\/\/www.isaac-del-toro.mx\/de\/isaac-del-toro-startet-bei-strade-bianche-2026\/#article","isPartOf":{"@id":"https:\/\/www.isaac-del-toro.mx\/de\/isaac-del-toro-startet-bei-strade-bianche-2026\/"},"author":{"name":"Frank","@id":"https:\/\/www.isaac-del-toro.mx\/de\/#\/schema\/person\/dcd12bccf645d7a2112bdb90aa7ff9f2"},"headline":"Isaac del Toro startet bei der Strade Bianche 2026","datePublished":"2026-03-05T13:32:58+00:00","dateModified":"2026-03-05T13:32:59+00:00","mainEntityOfPage":{"@id":"https:\/\/www.isaac-del-toro.mx\/de\/isaac-del-toro-startet-bei-strade-bianche-2026\/"},"wordCount":189,"commentCount":0,"publisher":{"@id":"https:\/\/www.isaac-del-toro.mx\/de\/#\/schema\/person\/7cbbcf16bd93d1b98eeb4ab7a1fbd7ba"},"image":{"@id":"https:\/\/www.isaac-del-toro.mx\/de\/isaac-del-toro-startet-bei-strade-bianche-2026\/#primaryimage"},"thumbnailUrl":"https:\/\/www.isaac-del-toro.mx\/wp-content\/uploads\/2026\/03\/strade-bianche-2026.webp","articleSection":["Nachrichten"],"inLanguage":"de","potentialAction":[{"@type":"CommentAction","name":"Comment","target":["https:\/\/www.isaac-del-toro.mx\/de\/isaac-del-toro-startet-bei-strade-bianche-2026\/#respond"]}]},{"@type":"WebPage","@id":"https:\/\/www.isaac-del-toro.mx\/de\/isaac-del-toro-startet-bei-strade-bianche-2026\/","url":"https:\/\/www.isaac-del-toro.mx\/de\/isaac-del-toro-startet-bei-strade-bianche-2026\/","name":"Isaac del Toro tritt bei der Strade Bianche 2026 an | Radsport","isPartOf":{"@id":"https:\/\/www.isaac-del-toro.mx\/de\/#website"},"primaryImageOfPage":{"@id":"https:\/\/www.isaac-del-toro.mx\/de\/isaac-del-toro-startet-bei-strade-bianche-2026\/#primaryimage"},"image":{"@id":"https:\/\/www.isaac-del-toro.mx\/de\/isaac-del-toro-startet-bei-strade-bianche-2026\/#primaryimage"},"thumbnailUrl":"https:\/\/www.isaac-del-toro.mx\/wp-content\/uploads\/2026\/03\/strade-bianche-2026.webp","datePublished":"2026-03-05T13:32:58+00:00","dateModified":"2026-03-05T13:32:59+00:00","description":"Der mexikanische Radsportler Isaac del Toro wird am 7. M\u00e4rz 2026 bei der Strade Bianche an den Start gehen. Titelverteidiger Tadej Pogacar peilt seinen vierten Sieg an.","breadcrumb":{"@id":"https:\/\/www.isaac-del-toro.mx\/de\/isaac-del-toro-startet-bei-strade-bianche-2026\/#breadcrumb"},"inLanguage":"de","potentialAction":[{"@type":"ReadAction","target":["https:\/\/www.isaac-del-toro.mx\/de\/isaac-del-toro-startet-bei-strade-bianche-2026\/"]}]},{"@type":"ImageObject","inLanguage":"de","@id":"https:\/\/www.isaac-del-toro.mx\/de\/isaac-del-toro-startet-bei-strade-bianche-2026\/#primaryimage","url":"https:\/\/www.isaac-del-toro.mx\/wp-content\/uploads\/2026\/03\/strade-bianche-2026.webp","contentUrl":"https:\/\/www.isaac-del-toro.mx\/wp-content\/uploads\/2026\/03\/strade-bianche-2026.webp","width":1376,"height":768},{"@type":"BreadcrumbList","@id":"https:\/\/www.isaac-del-toro.mx\/de\/isaac-del-toro-startet-bei-strade-bianche-2026\/#breadcrumb","itemListElement":[{"@type":"ListItem","position":1,"name":"Start","item":"https:\/\/www.isaac-del-toro.mx\/de\/"},{"@type":"ListItem","position":2,"name":"Isaac del Toro startet bei der Strade Bianche 2026"}]},{"@type":"WebSite","@id":"https:\/\/www.isaac-del-toro.mx\/de\/#website","url":"https:\/\/www.isaac-del-toro.mx\/de\/","name":"Isaac del Toro Romero","description":"","publisher":{"@id":"https:\/\/www.isaac-del-toro.mx\/de\/#\/schema\/person\/7cbbcf16bd93d1b98eeb4ab7a1fbd7ba"},"potentialAction":[{"@type":"SearchAction","target":{"@type":"EntryPoint","urlTemplate":"https:\/\/www.isaac-del-toro.mx\/de\/?s={search_term_string}"},"query-input":{"@type":"PropertyValueSpecification","valueRequired":true,"valueName":"search_term_string"}}],"inLanguage":"de"},{"@type":["Person","Organization"],"@id":"https:\/\/www.isaac-del-toro.mx\/de\/#\/schema\/person\/7cbbcf16bd93d1b98eeb4ab7a1fbd7ba","name":"Isaac del Toro Romero","logo":{"@id":"https:\/\/www.isaac-del-toro.mx\/de\/#\/schema\/person\/image\/"}},{"@type":"Person","@id":"https:\/\/www.isaac-del-toro.mx\/de\/#\/schema\/person\/dcd12bccf645d7a2112bdb90aa7ff9f2","name":"Frank","sameAs":["https:\/\/www.isaac-del-toro.mx"],"url":"https:\/\/www.isaac-del-toro.mx\/de\/author\/frank-kuglerwebarbeit-net\/"}]}},"_links":{"self":[{"href":"https:\/\/www.isaac-del-toro.mx\/de\/wp-json\/wp\/v2\/posts\/643","targetHints":{"allow":["GET"]}}],"collection":[{"href":"https:\/\/www.isaac-del-toro.mx\/de\/wp-json\/wp\/v2\/posts"}],"about":[{"href":"https:\/\/www.isaac-del-toro.mx\/de\/wp-json\/wp\/v2\/types\/post"}],"author":[{"embeddable":true,"href":"https:\/\/www.isaac-del-toro.mx\/de\/wp-json\/wp\/v2\/users\/1"}],"replies":[{"embeddable":true,"href":"https:\/\/www.isaac-del-toro.mx\/de\/wp-json\/wp\/v2\/comments?post=643"}],"version-history":[{"count":0,"href":"https:\/\/www.isaac-del-toro.mx\/de\/wp-json\/wp\/v2\/posts\/643\/revisions"}],"wp:featuredmedia":[{"embeddable":true,"href":"https:\/\/www.isaac-del-toro.mx\/de\/wp-json\/wp\/v2\/media\/649"}],"wp:attachment":[{"href":"https:\/\/www.isaac-del-toro.mx\/de\/wp-json\/wp\/v2\/media?parent=643"}],"wp:term":[{"taxonomy":"category","embeddable":true,"href":"https:\/\/www.isaac-del-toro.mx\/de\/wp-json\/wp\/v2\/categories?post=643"},{"taxonomy":"post_tag","embeddable":true,"href":"https:\/\/www.isaac-del-toro.mx\/de\/wp-json\/wp\/v2\/tags?post=643"}],"curies":[{"name":"wp","href":"https:\/\/api.w.org\/{rel}","templated":true}]}}