{"id":654,"date":"2026-03-07T09:54:26","date_gmt":"2026-03-07T15:54:26","guid":{"rendered":"https:\/\/www.isaac-del-toro.mx\/del-toro-erreicht-podiumsplatz-bei-strade-bianche-2026\/"},"modified":"2026-03-07T09:54:27","modified_gmt":"2026-03-07T15:54:27","slug":"del-toro-erreicht-podiumsplatz-bei-strade-bianche-2026","status":"publish","type":"post","link":"https:\/\/www.isaac-del-toro.mx\/de\/del-toro-erreicht-podiumsplatz-bei-strade-bianche-2026\/","title":{"rendered":"Del Toro erreicht Podiumsplatz bei der Strade Bianche 2026"},"content":{"rendered":"<p>Isaac del Toro hat bei der Strade Bianche 2026 den dritten Platz erreicht. Der UAE-Team-Emirates-Fahrer musste sich bei dem italienischen Eintagesrennen am 7. M\u00e4rz nur dem Sieger Tadej Poga\u010dar und dem Zweitplatzierten Paul Seixas geschlagen geben.<\/p>\n\n<h2>Spannendes Rennen auf toskanischen Schotterpisten<\/h2>\n<p>Die 201 Kilometer lange Strecke von Siena nach Siena stellte die Fahrer vor ihre charakteristischen Herausforderungen. Del Toro zeigte sich w\u00e4hrend des gesamten Rennens in ausgezeichneter Position und konnte den entscheidenden Bewegungen im Feld folgen.<\/p>\n\n<h2>Poga\u010dar setzt sich durch<\/h2>\n<p>Den Grundstein f\u00fcr seinen Sieg legte Tadej Poga\u010dar mit einer entscheidenden Attacke. Paul Seixas vom Team Decathlon CMA CGM erreichte das Ziel mit einem R\u00fcckstand von einer Minute auf den Slowenen. Del Toro folgte weitere acht Sekunden sp\u00e4ter und sicherte sich mit einem R\u00fcckstand von 1:09 Minuten auf den Sieger den letzten Podiumsplatz.<\/p>\n\n<p>Mit dieser Leistung unterstrich del Toro seine F\u00e4higkeit, bei anspruchsvollen Eintagesrennen mit den Besten mitzuhalten. Das Rennen best\u00e4tigte zudem die herausragende Form von Poga\u010dar, der die toskanischen Schotterstra\u00dfen einmal mehr zu seiner B\u00fchne machte.<\/p>","protected":false},"excerpt":{"rendered":"<p>Isaac del Toro hat bei der Strade Bianche 2026 den dritten Platz erreicht. Der UAE-Team-Emirates-Fahrer musste sich bei dem italienischen [&hellip;]<\/p>\n","protected":false},"author":1,"featured_media":649,"comment_status":"open","ping_status":"open","sticky":false,"template":"","format":"standard","meta":{"footnotes":""},"categories":[29],"tags":[],"class_list":["post-654","post","type-post","status-publish","format-standard","has-post-thumbnail","hentry","category-nachrichten"],"yoast_head":"<!-- This site is optimized with the Yoast SEO plugin v27.1.1 - https:\/\/yoast.com\/product\/yoast-seo-wordpress\/ -->\n<title>Strade Bianche 2026: Isaac del Toro sichert sich dritten Platz hinter Poga\u010dar<\/title>\n<meta name=\"description\" content=\"Bei der Strade Bianche 2026 fuhr Isaac del Toro auf den dritten Platz. Tadej Poga\u010dar gewann das Rennen, Paul Seixas wurde Zweiter.\" \/>\n<meta name=\"robots\" content=\"index, follow, max-snippet:-1, max-image-preview:large, max-video-preview:-1\" \/>\n<link rel=\"canonical\" href=\"https:\/\/www.isaac-del-toro.mx\/de\/del-toro-erreicht-podiumsplatz-bei-strade-bianche-2026\/\" \/>\n<meta property=\"og:locale\" content=\"de_DE\" \/>\n<meta property=\"og:type\" content=\"article\" \/>\n<meta property=\"og:title\" content=\"Strade Bianche 2026: Isaac del Toro sichert sich dritten Platz hinter Poga\u010dar\" \/>\n<meta property=\"og:description\" content=\"Bei der Strade Bianche 2026 fuhr Isaac del Toro auf den dritten Platz. Tadej Poga\u010dar gewann das Rennen, Paul Seixas wurde Zweiter.\" \/>\n<meta property=\"og:url\" content=\"https:\/\/www.isaac-del-toro.mx\/de\/del-toro-erreicht-podiumsplatz-bei-strade-bianche-2026\/\" \/>\n<meta property=\"og:site_name\" content=\"Isaac del Toro Romero\" \/>\n<meta property=\"article:published_time\" content=\"2026-03-07T15:54:26+00:00\" \/>\n<meta property=\"article:modified_time\" content=\"2026-03-07T15:54:27+00:00\" \/>\n<meta name=\"author\" content=\"Frank\" \/>\n<meta name=\"twitter:card\" content=\"summary_large_image\" \/>\n<meta name=\"twitter:label1\" content=\"Verfasst von\" \/>\n\t<meta name=\"twitter:data1\" content=\"Frank\" \/>\n\t<meta name=\"twitter:label2\" content=\"Gesch\u00e4tzte Lesezeit\" \/>\n\t<meta name=\"twitter:data2\" content=\"1\u00a0Minute\" \/>\n<script type=\"application\/ld+json\" class=\"yoast-schema-graph\">{\"@context\":\"https:\/\/schema.org\",\"@graph\":[{\"@type\":\"Article\",\"@id\":\"https:\/\/www.isaac-del-toro.mx\/de\/del-toro-erreicht-podiumsplatz-bei-strade-bianche-2026\/#article\",\"isPartOf\":{\"@id\":\"https:\/\/www.isaac-del-toro.mx\/de\/del-toro-erreicht-podiumsplatz-bei-strade-bianche-2026\/\"},\"author\":{\"name\":\"Frank\",\"@id\":\"https:\/\/www.isaac-del-toro.mx\/de\/#\/schema\/person\/dcd12bccf645d7a2112bdb90aa7ff9f2\"},\"headline\":\"Del Toro erreicht Podiumsplatz bei der Strade Bianche 2026\",\"datePublished\":\"2026-03-07T15:54:26+00:00\",\"dateModified\":\"2026-03-07T15:54:27+00:00\",\"mainEntityOfPage\":{\"@id\":\"https:\/\/www.isaac-del-toro.mx\/de\/del-toro-erreicht-podiumsplatz-bei-strade-bianche-2026\/\"},\"wordCount\":185,\"commentCount\":0,\"publisher\":{\"@id\":\"https:\/\/www.isaac-del-toro.mx\/de\/#\/schema\/person\/7cbbcf16bd93d1b98eeb4ab7a1fbd7ba\"},\"image\":{\"@id\":\"https:\/\/www.isaac-del-toro.mx\/de\/del-toro-erreicht-podiumsplatz-bei-strade-bianche-2026\/#primaryimage\"},\"thumbnailUrl\":\"https:\/\/www.isaac-del-toro.mx\/wp-content\/uploads\/2026\/03\/strade-bianche-2026.webp\",\"articleSection\":[\"Nachrichten\"],\"inLanguage\":\"de\",\"potentialAction\":[{\"@type\":\"CommentAction\",\"name\":\"Comment\",\"target\":[\"https:\/\/www.isaac-del-toro.mx\/de\/del-toro-erreicht-podiumsplatz-bei-strade-bianche-2026\/#respond\"]}]},{\"@type\":\"WebPage\",\"@id\":\"https:\/\/www.isaac-del-toro.mx\/de\/del-toro-erreicht-podiumsplatz-bei-strade-bianche-2026\/\",\"url\":\"https:\/\/www.isaac-del-toro.mx\/de\/del-toro-erreicht-podiumsplatz-bei-strade-bianche-2026\/\",\"name\":\"Strade Bianche 2026: Isaac del Toro sichert sich dritten Platz hinter Poga\u010dar\",\"isPartOf\":{\"@id\":\"https:\/\/www.isaac-del-toro.mx\/de\/#website\"},\"primaryImageOfPage\":{\"@id\":\"https:\/\/www.isaac-del-toro.mx\/de\/del-toro-erreicht-podiumsplatz-bei-strade-bianche-2026\/#primaryimage\"},\"image\":{\"@id\":\"https:\/\/www.isaac-del-toro.mx\/de\/del-toro-erreicht-podiumsplatz-bei-strade-bianche-2026\/#primaryimage\"},\"thumbnailUrl\":\"https:\/\/www.isaac-del-toro.mx\/wp-content\/uploads\/2026\/03\/strade-bianche-2026.webp\",\"datePublished\":\"2026-03-07T15:54:26+00:00\",\"dateModified\":\"2026-03-07T15:54:27+00:00\",\"description\":\"Bei der Strade Bianche 2026 fuhr Isaac del Toro auf den dritten Platz. Tadej Poga\u010dar gewann das Rennen, Paul Seixas wurde Zweiter.\",\"breadcrumb\":{\"@id\":\"https:\/\/www.isaac-del-toro.mx\/de\/del-toro-erreicht-podiumsplatz-bei-strade-bianche-2026\/#breadcrumb\"},\"inLanguage\":\"de\",\"potentialAction\":[{\"@type\":\"ReadAction\",\"target\":[\"https:\/\/www.isaac-del-toro.mx\/de\/del-toro-erreicht-podiumsplatz-bei-strade-bianche-2026\/\"]}]},{\"@type\":\"ImageObject\",\"inLanguage\":\"de\",\"@id\":\"https:\/\/www.isaac-del-toro.mx\/de\/del-toro-erreicht-podiumsplatz-bei-strade-bianche-2026\/#primaryimage\",\"url\":\"https:\/\/www.isaac-del-toro.mx\/wp-content\/uploads\/2026\/03\/strade-bianche-2026.webp\",\"contentUrl\":\"https:\/\/www.isaac-del-toro.mx\/wp-content\/uploads\/2026\/03\/strade-bianche-2026.webp\",\"width\":1376,\"height\":768},{\"@type\":\"BreadcrumbList\",\"@id\":\"https:\/\/www.isaac-del-toro.mx\/de\/del-toro-erreicht-podiumsplatz-bei-strade-bianche-2026\/#breadcrumb\",\"itemListElement\":[{\"@type\":\"ListItem\",\"position\":1,\"name\":\"Start\",\"item\":\"https:\/\/www.isaac-del-toro.mx\/de\/\"},{\"@type\":\"ListItem\",\"position\":2,\"name\":\"Del Toro erreicht Podiumsplatz bei der Strade Bianche 2026\"}]},{\"@type\":\"WebSite\",\"@id\":\"https:\/\/www.isaac-del-toro.mx\/de\/#website\",\"url\":\"https:\/\/www.isaac-del-toro.mx\/de\/\",\"name\":\"Isaac del Toro Romero\",\"description\":\"\",\"publisher\":{\"@id\":\"https:\/\/www.isaac-del-toro.mx\/de\/#\/schema\/person\/7cbbcf16bd93d1b98eeb4ab7a1fbd7ba\"},\"potentialAction\":[{\"@type\":\"SearchAction\",\"target\":{\"@type\":\"EntryPoint\",\"urlTemplate\":\"https:\/\/www.isaac-del-toro.mx\/de\/?s={search_term_string}\"},\"query-input\":{\"@type\":\"PropertyValueSpecification\",\"valueRequired\":true,\"valueName\":\"search_term_string\"}}],\"inLanguage\":\"de\"},{\"@type\":[\"Person\",\"Organization\"],\"@id\":\"https:\/\/www.isaac-del-toro.mx\/de\/#\/schema\/person\/7cbbcf16bd93d1b98eeb4ab7a1fbd7ba\",\"name\":\"Isaac del Toro Romero\",\"logo\":{\"@id\":\"https:\/\/www.isaac-del-toro.mx\/de\/#\/schema\/person\/image\/\"}},{\"@type\":\"Person\",\"@id\":\"https:\/\/www.isaac-del-toro.mx\/de\/#\/schema\/person\/dcd12bccf645d7a2112bdb90aa7ff9f2\",\"name\":\"Frank\",\"sameAs\":[\"https:\/\/www.isaac-del-toro.mx\"],\"url\":\"https:\/\/www.isaac-del-toro.mx\/de\/author\/frank-kuglerwebarbeit-net\/\"}]}<\/script>\n<!-- \/ Yoast SEO plugin. -->","yoast_head_json":{"title":"Strade Bianche 2026: Isaac del Toro sichert sich dritten Platz hinter Poga\u010dar","description":"Bei der Strade Bianche 2026 fuhr Isaac del Toro auf den dritten Platz. Tadej Poga\u010dar gewann das Rennen, Paul Seixas wurde Zweiter.","robots":{"index":"index","follow":"follow","max-snippet":"max-snippet:-1","max-image-preview":"max-image-preview:large","max-video-preview":"max-video-preview:-1"},"canonical":"https:\/\/www.isaac-del-toro.mx\/de\/del-toro-erreicht-podiumsplatz-bei-strade-bianche-2026\/","og_locale":"de_DE","og_type":"article","og_title":"Strade Bianche 2026: Isaac del Toro sichert sich dritten Platz hinter Poga\u010dar","og_description":"Bei der Strade Bianche 2026 fuhr Isaac del Toro auf den dritten Platz. Tadej Poga\u010dar gewann das Rennen, Paul Seixas wurde Zweiter.","og_url":"https:\/\/www.isaac-del-toro.mx\/de\/del-toro-erreicht-podiumsplatz-bei-strade-bianche-2026\/","og_site_name":"Isaac del Toro Romero","article_published_time":"2026-03-07T15:54:26+00:00","article_modified_time":"2026-03-07T15:54:27+00:00","author":"Frank","twitter_card":"summary_large_image","twitter_misc":{"Verfasst von":"Frank","Gesch\u00e4tzte Lesezeit":"1\u00a0Minute"},"schema":{"@context":"https:\/\/schema.org","@graph":[{"@type":"Article","@id":"https:\/\/www.isaac-del-toro.mx\/de\/del-toro-erreicht-podiumsplatz-bei-strade-bianche-2026\/#article","isPartOf":{"@id":"https:\/\/www.isaac-del-toro.mx\/de\/del-toro-erreicht-podiumsplatz-bei-strade-bianche-2026\/"},"author":{"name":"Frank","@id":"https:\/\/www.isaac-del-toro.mx\/de\/#\/schema\/person\/dcd12bccf645d7a2112bdb90aa7ff9f2"},"headline":"Del Toro erreicht Podiumsplatz bei der Strade Bianche 2026","datePublished":"2026-03-07T15:54:26+00:00","dateModified":"2026-03-07T15:54:27+00:00","mainEntityOfPage":{"@id":"https:\/\/www.isaac-del-toro.mx\/de\/del-toro-erreicht-podiumsplatz-bei-strade-bianche-2026\/"},"wordCount":185,"commentCount":0,"publisher":{"@id":"https:\/\/www.isaac-del-toro.mx\/de\/#\/schema\/person\/7cbbcf16bd93d1b98eeb4ab7a1fbd7ba"},"image":{"@id":"https:\/\/www.isaac-del-toro.mx\/de\/del-toro-erreicht-podiumsplatz-bei-strade-bianche-2026\/#primaryimage"},"thumbnailUrl":"https:\/\/www.isaac-del-toro.mx\/wp-content\/uploads\/2026\/03\/strade-bianche-2026.webp","articleSection":["Nachrichten"],"inLanguage":"de","potentialAction":[{"@type":"CommentAction","name":"Comment","target":["https:\/\/www.isaac-del-toro.mx\/de\/del-toro-erreicht-podiumsplatz-bei-strade-bianche-2026\/#respond"]}]},{"@type":"WebPage","@id":"https:\/\/www.isaac-del-toro.mx\/de\/del-toro-erreicht-podiumsplatz-bei-strade-bianche-2026\/","url":"https:\/\/www.isaac-del-toro.mx\/de\/del-toro-erreicht-podiumsplatz-bei-strade-bianche-2026\/","name":"Strade Bianche 2026: Isaac del Toro sichert sich dritten Platz hinter Poga\u010dar","isPartOf":{"@id":"https:\/\/www.isaac-del-toro.mx\/de\/#website"},"primaryImageOfPage":{"@id":"https:\/\/www.isaac-del-toro.mx\/de\/del-toro-erreicht-podiumsplatz-bei-strade-bianche-2026\/#primaryimage"},"image":{"@id":"https:\/\/www.isaac-del-toro.mx\/de\/del-toro-erreicht-podiumsplatz-bei-strade-bianche-2026\/#primaryimage"},"thumbnailUrl":"https:\/\/www.isaac-del-toro.mx\/wp-content\/uploads\/2026\/03\/strade-bianche-2026.webp","datePublished":"2026-03-07T15:54:26+00:00","dateModified":"2026-03-07T15:54:27+00:00","description":"Bei der Strade Bianche 2026 fuhr Isaac del Toro auf den dritten Platz. Tadej Poga\u010dar gewann das Rennen, Paul Seixas wurde Zweiter.","breadcrumb":{"@id":"https:\/\/www.isaac-del-toro.mx\/de\/del-toro-erreicht-podiumsplatz-bei-strade-bianche-2026\/#breadcrumb"},"inLanguage":"de","potentialAction":[{"@type":"ReadAction","target":["https:\/\/www.isaac-del-toro.mx\/de\/del-toro-erreicht-podiumsplatz-bei-strade-bianche-2026\/"]}]},{"@type":"ImageObject","inLanguage":"de","@id":"https:\/\/www.isaac-del-toro.mx\/de\/del-toro-erreicht-podiumsplatz-bei-strade-bianche-2026\/#primaryimage","url":"https:\/\/www.isaac-del-toro.mx\/wp-content\/uploads\/2026\/03\/strade-bianche-2026.webp","contentUrl":"https:\/\/www.isaac-del-toro.mx\/wp-content\/uploads\/2026\/03\/strade-bianche-2026.webp","width":1376,"height":768},{"@type":"BreadcrumbList","@id":"https:\/\/www.isaac-del-toro.mx\/de\/del-toro-erreicht-podiumsplatz-bei-strade-bianche-2026\/#breadcrumb","itemListElement":[{"@type":"ListItem","position":1,"name":"Start","item":"https:\/\/www.isaac-del-toro.mx\/de\/"},{"@type":"ListItem","position":2,"name":"Del Toro erreicht Podiumsplatz bei der Strade Bianche 2026"}]},{"@type":"WebSite","@id":"https:\/\/www.isaac-del-toro.mx\/de\/#website","url":"https:\/\/www.isaac-del-toro.mx\/de\/","name":"Isaac del Toro Romero","description":"","publisher":{"@id":"https:\/\/www.isaac-del-toro.mx\/de\/#\/schema\/person\/7cbbcf16bd93d1b98eeb4ab7a1fbd7ba"},"potentialAction":[{"@type":"SearchAction","target":{"@type":"EntryPoint","urlTemplate":"https:\/\/www.isaac-del-toro.mx\/de\/?s={search_term_string}"},"query-input":{"@type":"PropertyValueSpecification","valueRequired":true,"valueName":"search_term_string"}}],"inLanguage":"de"},{"@type":["Person","Organization"],"@id":"https:\/\/www.isaac-del-toro.mx\/de\/#\/schema\/person\/7cbbcf16bd93d1b98eeb4ab7a1fbd7ba","name":"Isaac del Toro Romero","logo":{"@id":"https:\/\/www.isaac-del-toro.mx\/de\/#\/schema\/person\/image\/"}},{"@type":"Person","@id":"https:\/\/www.isaac-del-toro.mx\/de\/#\/schema\/person\/dcd12bccf645d7a2112bdb90aa7ff9f2","name":"Frank","sameAs":["https:\/\/www.isaac-del-toro.mx"],"url":"https:\/\/www.isaac-del-toro.mx\/de\/author\/frank-kuglerwebarbeit-net\/"}]}},"_links":{"self":[{"href":"https:\/\/www.isaac-del-toro.mx\/de\/wp-json\/wp\/v2\/posts\/654","targetHints":{"allow":["GET"]}}],"collection":[{"href":"https:\/\/www.isaac-del-toro.mx\/de\/wp-json\/wp\/v2\/posts"}],"about":[{"href":"https:\/\/www.isaac-del-toro.mx\/de\/wp-json\/wp\/v2\/types\/post"}],"author":[{"embeddable":true,"href":"https:\/\/www.isaac-del-toro.mx\/de\/wp-json\/wp\/v2\/users\/1"}],"replies":[{"embeddable":true,"href":"https:\/\/www.isaac-del-toro.mx\/de\/wp-json\/wp\/v2\/comments?post=654"}],"version-history":[{"count":0,"href":"https:\/\/www.isaac-del-toro.mx\/de\/wp-json\/wp\/v2\/posts\/654\/revisions"}],"wp:featuredmedia":[{"embeddable":true,"href":"https:\/\/www.isaac-del-toro.mx\/de\/wp-json\/wp\/v2\/media\/649"}],"wp:attachment":[{"href":"https:\/\/www.isaac-del-toro.mx\/de\/wp-json\/wp\/v2\/media?parent=654"}],"wp:term":[{"taxonomy":"category","embeddable":true,"href":"https:\/\/www.isaac-del-toro.mx\/de\/wp-json\/wp\/v2\/categories?post=654"},{"taxonomy":"post_tag","embeddable":true,"href":"https:\/\/www.isaac-del-toro.mx\/de\/wp-json\/wp\/v2\/tags?post=654"}],"curies":[{"name":"wp","href":"https:\/\/api.w.org\/{rel}","templated":true}]}}