{"id":682,"date":"2026-03-09T02:47:06","date_gmt":"2026-03-09T08:47:06","guid":{"rendered":"https:\/\/www.isaac-del-toro.mx\/del-toro-fuehrt-uae-team-emirates-bei-tirreno-adriatico-2026\/"},"modified":"2026-03-09T02:47:06","modified_gmt":"2026-03-09T08:47:06","slug":"del-toro-fuehrt-uae-team-emirates-bei-tirreno-adriatico-2026","status":"publish","type":"post","link":"https:\/\/www.isaac-del-toro.mx\/de\/del-toro-fuehrt-uae-team-emirates-bei-tirreno-adriatico-2026\/","title":{"rendered":"Del Toro f\u00fchrt UAE Team Emirates bei der Tirreno-Adriatico an"},"content":{"rendered":"\n<p>Der mexikanische Radprofi Isaac del Toro wird UAE Team Emirates bei der kommenden Tirreno-Adriatico anf\u00fchren. Das siebent\u00e4gige WorldTour-Rennen findet vom 9. bis 15. M\u00e4rz 2026 statt und markiert einen wichtigen Fr\u00fchjahrsklassiker im internationalen Radsportkalender.<\/p>\n\n<h2>Starke Form nach UAE-Tour-Triumph<\/h2>\n<p>Del Toro reist mit beeindruckender Form zur &#8218;Wettfahrt zwischen den Meeren&#8216; an. Der Mexikaner sicherte sich erst k\u00fcrzlich den Gesamtsieg bei der UAE Tour, wo er besonders am Jebel Hafeet seine Kletterst\u00e4rke unter Beweis stellte. Diese Form m\u00f6chte er nun auch auf italienischen Stra\u00dfen best\u00e4tigen.<\/p>\n\n<h2>Erfahrung im Gep\u00e4ck<\/h2>\n<p>F\u00fcr del Toro ist es bereits die dritte Teilnahme an der Tirreno-Adriatico. Diese Erfahrung k\u00f6nnte sich als wertvoll erweisen, da er die anspruchsvollen Strecken und wechselhaften Wetterbedingungen der italienischen Fr\u00fchjahrsklassiker bereits kennt.<\/p>\n\n<h2>UAE Team Emirates mit hohen Ambitionen<\/h2>\n<p>Als designierter Teamkapit\u00e4n wird del Toro die volle Unterst\u00fctzung seiner Mannschaft genie\u00dfen. UAE Team Emirates setzt gro\u00dfe Hoffnungen in den formstarken Mexikaner, der in dieser Saison bereits bewiesen hat, dass er bei mehrt\u00e4gigen Rundfahrten zur absoluten Weltspitze geh\u00f6rt.<\/p>\n\n<p>Die Radsportfans d\u00fcrfen sich auf spannende sieben Tage freuen, wenn sich die Elite des Pelotons auf den Weg zwischen der Tyrrhenischen und der Adriatischen K\u00fcste macht. Mit del Toro hat sich ein weiterer Topfavorit f\u00fcr den Gesamtsieg in Stellung gebracht.<\/p>\n","protected":false},"excerpt":{"rendered":"<p>Der mexikanische Radprofi Isaac del Toro wird UAE Team Emirates bei der kommenden Tirreno-Adriatico anf\u00fchren. Das siebent\u00e4gige WorldTour-Rennen findet vom [&hellip;]<\/p>\n","protected":false},"author":1,"featured_media":0,"comment_status":"open","ping_status":"open","sticky":false,"template":"","format":"standard","meta":{"footnotes":""},"categories":[73],"tags":[],"class_list":["post-682","post","type-post","status-publish","format-standard","hentry","category-rennvorschau"],"yoast_head":"<!-- This site is optimized with the Yoast SEO plugin v27.1.1 - https:\/\/yoast.com\/product\/yoast-seo-wordpress\/ -->\n<title>Del Toro f\u00fchrt UAE Team Emirates bei Tirreno-Adriatico 2026 an<\/title>\n<meta name=\"description\" content=\"Der mexikanische Radprofi Isaac del Toro geht nach seinem UAE-Tour-Sieg als Kapit\u00e4n von UAE Team Emirates bei der Tirreno-Adriatico 2026 an den Start.\" \/>\n<meta name=\"robots\" content=\"index, follow, max-snippet:-1, max-image-preview:large, max-video-preview:-1\" \/>\n<link rel=\"canonical\" href=\"https:\/\/www.isaac-del-toro.mx\/de\/del-toro-fuehrt-uae-team-emirates-bei-tirreno-adriatico-2026\/\" \/>\n<meta property=\"og:locale\" content=\"de_DE\" \/>\n<meta property=\"og:type\" content=\"article\" \/>\n<meta property=\"og:title\" content=\"Del Toro f\u00fchrt UAE Team Emirates bei Tirreno-Adriatico 2026 an\" \/>\n<meta property=\"og:description\" content=\"Der mexikanische Radprofi Isaac del Toro geht nach seinem UAE-Tour-Sieg als Kapit\u00e4n von UAE Team Emirates bei der Tirreno-Adriatico 2026 an den Start.\" \/>\n<meta property=\"og:url\" content=\"https:\/\/www.isaac-del-toro.mx\/de\/del-toro-fuehrt-uae-team-emirates-bei-tirreno-adriatico-2026\/\" \/>\n<meta property=\"og:site_name\" content=\"Isaac del Toro Romero\" \/>\n<meta property=\"article:published_time\" content=\"2026-03-09T08:47:06+00:00\" \/>\n<meta name=\"author\" content=\"Frank\" \/>\n<meta name=\"twitter:card\" content=\"summary_large_image\" \/>\n<meta name=\"twitter:label1\" content=\"Verfasst von\" \/>\n\t<meta name=\"twitter:data1\" content=\"Frank\" \/>\n\t<meta name=\"twitter:label2\" content=\"Gesch\u00e4tzte Lesezeit\" \/>\n\t<meta name=\"twitter:data2\" content=\"1\u00a0Minute\" \/>\n<script type=\"application\/ld+json\" class=\"yoast-schema-graph\">{\"@context\":\"https:\/\/schema.org\",\"@graph\":[{\"@type\":\"Article\",\"@id\":\"https:\/\/www.isaac-del-toro.mx\/de\/del-toro-fuehrt-uae-team-emirates-bei-tirreno-adriatico-2026\/#article\",\"isPartOf\":{\"@id\":\"https:\/\/www.isaac-del-toro.mx\/de\/del-toro-fuehrt-uae-team-emirates-bei-tirreno-adriatico-2026\/\"},\"author\":{\"name\":\"Frank\",\"@id\":\"https:\/\/www.isaac-del-toro.mx\/de\/#\/schema\/person\/dcd12bccf645d7a2112bdb90aa7ff9f2\"},\"headline\":\"Del Toro f\u00fchrt UAE Team Emirates bei der Tirreno-Adriatico an\",\"datePublished\":\"2026-03-09T08:47:06+00:00\",\"mainEntityOfPage\":{\"@id\":\"https:\/\/www.isaac-del-toro.mx\/de\/del-toro-fuehrt-uae-team-emirates-bei-tirreno-adriatico-2026\/\"},\"wordCount\":232,\"commentCount\":0,\"publisher\":{\"@id\":\"https:\/\/www.isaac-del-toro.mx\/de\/#\/schema\/person\/7cbbcf16bd93d1b98eeb4ab7a1fbd7ba\"},\"articleSection\":[\"Rennvorschau\"],\"inLanguage\":\"de\",\"potentialAction\":[{\"@type\":\"CommentAction\",\"name\":\"Comment\",\"target\":[\"https:\/\/www.isaac-del-toro.mx\/de\/del-toro-fuehrt-uae-team-emirates-bei-tirreno-adriatico-2026\/#respond\"]}]},{\"@type\":\"WebPage\",\"@id\":\"https:\/\/www.isaac-del-toro.mx\/de\/del-toro-fuehrt-uae-team-emirates-bei-tirreno-adriatico-2026\/\",\"url\":\"https:\/\/www.isaac-del-toro.mx\/de\/del-toro-fuehrt-uae-team-emirates-bei-tirreno-adriatico-2026\/\",\"name\":\"Del Toro f\u00fchrt UAE Team Emirates bei Tirreno-Adriatico 2026 an\",\"isPartOf\":{\"@id\":\"https:\/\/www.isaac-del-toro.mx\/de\/#website\"},\"datePublished\":\"2026-03-09T08:47:06+00:00\",\"description\":\"Der mexikanische Radprofi Isaac del Toro geht nach seinem UAE-Tour-Sieg als Kapit\u00e4n von UAE Team Emirates bei der Tirreno-Adriatico 2026 an den Start.\",\"breadcrumb\":{\"@id\":\"https:\/\/www.isaac-del-toro.mx\/de\/del-toro-fuehrt-uae-team-emirates-bei-tirreno-adriatico-2026\/#breadcrumb\"},\"inLanguage\":\"de\",\"potentialAction\":[{\"@type\":\"ReadAction\",\"target\":[\"https:\/\/www.isaac-del-toro.mx\/de\/del-toro-fuehrt-uae-team-emirates-bei-tirreno-adriatico-2026\/\"]}]},{\"@type\":\"BreadcrumbList\",\"@id\":\"https:\/\/www.isaac-del-toro.mx\/de\/del-toro-fuehrt-uae-team-emirates-bei-tirreno-adriatico-2026\/#breadcrumb\",\"itemListElement\":[{\"@type\":\"ListItem\",\"position\":1,\"name\":\"Start\",\"item\":\"https:\/\/www.isaac-del-toro.mx\/de\/\"},{\"@type\":\"ListItem\",\"position\":2,\"name\":\"Del Toro f\u00fchrt UAE Team Emirates bei der Tirreno-Adriatico an\"}]},{\"@type\":\"WebSite\",\"@id\":\"https:\/\/www.isaac-del-toro.mx\/de\/#website\",\"url\":\"https:\/\/www.isaac-del-toro.mx\/de\/\",\"name\":\"Isaac del Toro Romero\",\"description\":\"\",\"publisher\":{\"@id\":\"https:\/\/www.isaac-del-toro.mx\/de\/#\/schema\/person\/7cbbcf16bd93d1b98eeb4ab7a1fbd7ba\"},\"potentialAction\":[{\"@type\":\"SearchAction\",\"target\":{\"@type\":\"EntryPoint\",\"urlTemplate\":\"https:\/\/www.isaac-del-toro.mx\/de\/?s={search_term_string}\"},\"query-input\":{\"@type\":\"PropertyValueSpecification\",\"valueRequired\":true,\"valueName\":\"search_term_string\"}}],\"inLanguage\":\"de\"},{\"@type\":[\"Person\",\"Organization\"],\"@id\":\"https:\/\/www.isaac-del-toro.mx\/de\/#\/schema\/person\/7cbbcf16bd93d1b98eeb4ab7a1fbd7ba\",\"name\":\"Isaac del Toro Romero\",\"logo\":{\"@id\":\"https:\/\/www.isaac-del-toro.mx\/de\/#\/schema\/person\/image\/\"}},{\"@type\":\"Person\",\"@id\":\"https:\/\/www.isaac-del-toro.mx\/de\/#\/schema\/person\/dcd12bccf645d7a2112bdb90aa7ff9f2\",\"name\":\"Frank\",\"sameAs\":[\"https:\/\/www.isaac-del-toro.mx\"],\"url\":\"https:\/\/www.isaac-del-toro.mx\/de\/author\/frank-kuglerwebarbeit-net\/\"}]}<\/script>\n<!-- \/ Yoast SEO plugin. -->","yoast_head_json":{"title":"Del Toro f\u00fchrt UAE Team Emirates bei Tirreno-Adriatico 2026 an","description":"Der mexikanische Radprofi Isaac del Toro geht nach seinem UAE-Tour-Sieg als Kapit\u00e4n von UAE Team Emirates bei der Tirreno-Adriatico 2026 an den Start.","robots":{"index":"index","follow":"follow","max-snippet":"max-snippet:-1","max-image-preview":"max-image-preview:large","max-video-preview":"max-video-preview:-1"},"canonical":"https:\/\/www.isaac-del-toro.mx\/de\/del-toro-fuehrt-uae-team-emirates-bei-tirreno-adriatico-2026\/","og_locale":"de_DE","og_type":"article","og_title":"Del Toro f\u00fchrt UAE Team Emirates bei Tirreno-Adriatico 2026 an","og_description":"Der mexikanische Radprofi Isaac del Toro geht nach seinem UAE-Tour-Sieg als Kapit\u00e4n von UAE Team Emirates bei der Tirreno-Adriatico 2026 an den Start.","og_url":"https:\/\/www.isaac-del-toro.mx\/de\/del-toro-fuehrt-uae-team-emirates-bei-tirreno-adriatico-2026\/","og_site_name":"Isaac del Toro Romero","article_published_time":"2026-03-09T08:47:06+00:00","author":"Frank","twitter_card":"summary_large_image","twitter_misc":{"Verfasst von":"Frank","Gesch\u00e4tzte Lesezeit":"1\u00a0Minute"},"schema":{"@context":"https:\/\/schema.org","@graph":[{"@type":"Article","@id":"https:\/\/www.isaac-del-toro.mx\/de\/del-toro-fuehrt-uae-team-emirates-bei-tirreno-adriatico-2026\/#article","isPartOf":{"@id":"https:\/\/www.isaac-del-toro.mx\/de\/del-toro-fuehrt-uae-team-emirates-bei-tirreno-adriatico-2026\/"},"author":{"name":"Frank","@id":"https:\/\/www.isaac-del-toro.mx\/de\/#\/schema\/person\/dcd12bccf645d7a2112bdb90aa7ff9f2"},"headline":"Del Toro f\u00fchrt UAE Team Emirates bei der Tirreno-Adriatico an","datePublished":"2026-03-09T08:47:06+00:00","mainEntityOfPage":{"@id":"https:\/\/www.isaac-del-toro.mx\/de\/del-toro-fuehrt-uae-team-emirates-bei-tirreno-adriatico-2026\/"},"wordCount":232,"commentCount":0,"publisher":{"@id":"https:\/\/www.isaac-del-toro.mx\/de\/#\/schema\/person\/7cbbcf16bd93d1b98eeb4ab7a1fbd7ba"},"articleSection":["Rennvorschau"],"inLanguage":"de","potentialAction":[{"@type":"CommentAction","name":"Comment","target":["https:\/\/www.isaac-del-toro.mx\/de\/del-toro-fuehrt-uae-team-emirates-bei-tirreno-adriatico-2026\/#respond"]}]},{"@type":"WebPage","@id":"https:\/\/www.isaac-del-toro.mx\/de\/del-toro-fuehrt-uae-team-emirates-bei-tirreno-adriatico-2026\/","url":"https:\/\/www.isaac-del-toro.mx\/de\/del-toro-fuehrt-uae-team-emirates-bei-tirreno-adriatico-2026\/","name":"Del Toro f\u00fchrt UAE Team Emirates bei Tirreno-Adriatico 2026 an","isPartOf":{"@id":"https:\/\/www.isaac-del-toro.mx\/de\/#website"},"datePublished":"2026-03-09T08:47:06+00:00","description":"Der mexikanische Radprofi Isaac del Toro geht nach seinem UAE-Tour-Sieg als Kapit\u00e4n von UAE Team Emirates bei der Tirreno-Adriatico 2026 an den Start.","breadcrumb":{"@id":"https:\/\/www.isaac-del-toro.mx\/de\/del-toro-fuehrt-uae-team-emirates-bei-tirreno-adriatico-2026\/#breadcrumb"},"inLanguage":"de","potentialAction":[{"@type":"ReadAction","target":["https:\/\/www.isaac-del-toro.mx\/de\/del-toro-fuehrt-uae-team-emirates-bei-tirreno-adriatico-2026\/"]}]},{"@type":"BreadcrumbList","@id":"https:\/\/www.isaac-del-toro.mx\/de\/del-toro-fuehrt-uae-team-emirates-bei-tirreno-adriatico-2026\/#breadcrumb","itemListElement":[{"@type":"ListItem","position":1,"name":"Start","item":"https:\/\/www.isaac-del-toro.mx\/de\/"},{"@type":"ListItem","position":2,"name":"Del Toro f\u00fchrt UAE Team Emirates bei der Tirreno-Adriatico an"}]},{"@type":"WebSite","@id":"https:\/\/www.isaac-del-toro.mx\/de\/#website","url":"https:\/\/www.isaac-del-toro.mx\/de\/","name":"Isaac del Toro Romero","description":"","publisher":{"@id":"https:\/\/www.isaac-del-toro.mx\/de\/#\/schema\/person\/7cbbcf16bd93d1b98eeb4ab7a1fbd7ba"},"potentialAction":[{"@type":"SearchAction","target":{"@type":"EntryPoint","urlTemplate":"https:\/\/www.isaac-del-toro.mx\/de\/?s={search_term_string}"},"query-input":{"@type":"PropertyValueSpecification","valueRequired":true,"valueName":"search_term_string"}}],"inLanguage":"de"},{"@type":["Person","Organization"],"@id":"https:\/\/www.isaac-del-toro.mx\/de\/#\/schema\/person\/7cbbcf16bd93d1b98eeb4ab7a1fbd7ba","name":"Isaac del Toro Romero","logo":{"@id":"https:\/\/www.isaac-del-toro.mx\/de\/#\/schema\/person\/image\/"}},{"@type":"Person","@id":"https:\/\/www.isaac-del-toro.mx\/de\/#\/schema\/person\/dcd12bccf645d7a2112bdb90aa7ff9f2","name":"Frank","sameAs":["https:\/\/www.isaac-del-toro.mx"],"url":"https:\/\/www.isaac-del-toro.mx\/de\/author\/frank-kuglerwebarbeit-net\/"}]}},"_links":{"self":[{"href":"https:\/\/www.isaac-del-toro.mx\/de\/wp-json\/wp\/v2\/posts\/682","targetHints":{"allow":["GET"]}}],"collection":[{"href":"https:\/\/www.isaac-del-toro.mx\/de\/wp-json\/wp\/v2\/posts"}],"about":[{"href":"https:\/\/www.isaac-del-toro.mx\/de\/wp-json\/wp\/v2\/types\/post"}],"author":[{"embeddable":true,"href":"https:\/\/www.isaac-del-toro.mx\/de\/wp-json\/wp\/v2\/users\/1"}],"replies":[{"embeddable":true,"href":"https:\/\/www.isaac-del-toro.mx\/de\/wp-json\/wp\/v2\/comments?post=682"}],"version-history":[{"count":0,"href":"https:\/\/www.isaac-del-toro.mx\/de\/wp-json\/wp\/v2\/posts\/682\/revisions"}],"wp:attachment":[{"href":"https:\/\/www.isaac-del-toro.mx\/de\/wp-json\/wp\/v2\/media?parent=682"}],"wp:term":[{"taxonomy":"category","embeddable":true,"href":"https:\/\/www.isaac-del-toro.mx\/de\/wp-json\/wp\/v2\/categories?post=682"},{"taxonomy":"post_tag","embeddable":true,"href":"https:\/\/www.isaac-del-toro.mx\/de\/wp-json\/wp\/v2\/tags?post=682"}],"curies":[{"name":"wp","href":"https:\/\/api.w.org\/{rel}","templated":true}]}}