{"id":692,"date":"2026-03-09T03:03:23","date_gmt":"2026-03-09T09:03:23","guid":{"rendered":"https:\/\/www.isaac-del-toro.mx\/tirreno-adriatico-2026-etappe-1-zeitfahren-lido-di-camaiore\/"},"modified":"2026-03-09T03:03:23","modified_gmt":"2026-03-09T09:03:23","slug":"tirreno-adriatico-2026-etappe-1-zeitfahren-lido-di-camaiore","status":"publish","type":"post","link":"https:\/\/www.isaac-del-toro.mx\/de\/tirreno-adriatico-2026-etappe-1-zeitfahren-lido-di-camaiore\/","title":{"rendered":"Tirreno-Adriatico startet mit Zeitfahren in Lido di Camaiore"},"content":{"rendered":"\n<p>Die 61. Ausgabe der Tirreno-Adriatico beginnt heute mit einem komplett flachen Einzelzeitfahren \u00fcber 11,5 Kilometer in Lido di Camaiore. Der erste Fahrer wird um 12:40 Uhr auf die Strecke gehen, das Finale wird gegen 15:44 Uhr erwartet.<\/p>\n\n<h2>Die Strecke<\/h2>\n<p>Das Einzelzeitfahren f\u00fchrt die Fahrer auf einem schnellen Kurs durch Lido di Camaiore. Die v\u00f6llig flache Strecke beg\u00fcnstigt die reinen Zeitfahrspezialisten und wird erste wichtige Zeitabst\u00e4nde im Gesamtklassement schaffen. Start und Ziel befinden sich im selben Ort, was den Zuschauern optimale M\u00f6glichkeiten bietet, die Fahrer mehrfach zu sehen.<\/p>\n\n<h2>Del Toro vor Zeitfahrpr\u00fcfung<\/h2>\n<p>F\u00fcr den mexikanischen UAE-Team-Emirates-Profi Isaac del Toro wird der Auftakt eine besondere Herausforderung. Der junge Kletterer wird versuchen m\u00fcssen, den Zeitverlust gegen\u00fcber den Spezialisten in Grenzen zu halten, um seine Chancen im Gesamtklassement zu wahren. Die siebent\u00e4gige Rundfahrt mit ihren 15.550 H\u00f6henmetern bietet sp\u00e4ter noch reichlich Gelegenheit f\u00fcr die Bergspezialisten.<\/p>\n\n<h2>Zeitplan und \u00dcbertragung<\/h2>\n<p>Die erste Etappe der insgesamt 1.170 Kilometer langen Rundfahrt beginnt um 12:40 Uhr. Die Fahrer starten in festgelegten Zeitabst\u00e4nden, wobei die Favoriten traditionell zum Schluss auf die Strecke gehen. Der letzte Fahrer wird voraussichtlich um 15:44 Uhr das Ziel erreichen.<\/p>\n\n<p>Mit diesem Zeitfahren beginnt eine spannende Woche italienischen Radsports, die bis zum 15. M\u00e4rz dauern wird. Die Zuschauer d\u00fcrfen sich auf packende Duelle zwischen den Klassementfahrern freuen.<\/p>\n","protected":false},"excerpt":{"rendered":"<p>Die 61. Ausgabe der Tirreno-Adriatico beginnt heute mit einem komplett flachen Einzelzeitfahren \u00fcber 11,5 Kilometer in Lido di Camaiore. Der [&hellip;]<\/p>\n","protected":false},"author":1,"featured_media":0,"comment_status":"open","ping_status":"open","sticky":false,"template":"","format":"standard","meta":{"footnotes":""},"categories":[73],"tags":[],"class_list":["post-692","post","type-post","status-publish","format-standard","hentry","category-rennvorschau"],"yoast_head":"<!-- This site is optimized with the Yoast SEO plugin v27.1.1 - https:\/\/yoast.com\/product\/yoast-seo-wordpress\/ -->\n<title>Tirreno-Adriatico 2026: Auftakt-Zeitfahren in Lido di Camaiore<\/title>\n<meta name=\"description\" content=\"Die 61. Ausgabe der Tirreno-Adriatico beginnt mit einem 11,5 km langen Einzelzeitfahren in Lido di Camaiore. Der mexikanische Shootingstar Isaac del Toro steht vor seiner Zeitfahrpr\u00fcfung.\" \/>\n<meta name=\"robots\" content=\"index, follow, max-snippet:-1, max-image-preview:large, max-video-preview:-1\" \/>\n<link rel=\"canonical\" href=\"https:\/\/www.isaac-del-toro.mx\/de\/tirreno-adriatico-2026-etappe-1-zeitfahren-lido-di-camaiore\/\" \/>\n<meta property=\"og:locale\" content=\"de_DE\" \/>\n<meta property=\"og:type\" content=\"article\" \/>\n<meta property=\"og:title\" content=\"Tirreno-Adriatico 2026: Auftakt-Zeitfahren in Lido di Camaiore\" \/>\n<meta property=\"og:description\" content=\"Die 61. Ausgabe der Tirreno-Adriatico beginnt mit einem 11,5 km langen Einzelzeitfahren in Lido di Camaiore. Der mexikanische Shootingstar Isaac del Toro steht vor seiner Zeitfahrpr\u00fcfung.\" \/>\n<meta property=\"og:url\" content=\"https:\/\/www.isaac-del-toro.mx\/de\/tirreno-adriatico-2026-etappe-1-zeitfahren-lido-di-camaiore\/\" \/>\n<meta property=\"og:site_name\" content=\"Isaac del Toro Romero\" \/>\n<meta property=\"article:published_time\" content=\"2026-03-09T09:03:23+00:00\" \/>\n<meta name=\"author\" content=\"Frank\" \/>\n<meta name=\"twitter:card\" content=\"summary_large_image\" \/>\n<meta name=\"twitter:label1\" content=\"Verfasst von\" \/>\n\t<meta name=\"twitter:data1\" content=\"Frank\" \/>\n\t<meta name=\"twitter:label2\" content=\"Gesch\u00e4tzte Lesezeit\" \/>\n\t<meta name=\"twitter:data2\" content=\"1\u00a0Minute\" \/>\n<script type=\"application\/ld+json\" class=\"yoast-schema-graph\">{\"@context\":\"https:\/\/schema.org\",\"@graph\":[{\"@type\":\"Article\",\"@id\":\"https:\/\/www.isaac-del-toro.mx\/de\/tirreno-adriatico-2026-etappe-1-zeitfahren-lido-di-camaiore\/#article\",\"isPartOf\":{\"@id\":\"https:\/\/www.isaac-del-toro.mx\/de\/tirreno-adriatico-2026-etappe-1-zeitfahren-lido-di-camaiore\/\"},\"author\":{\"name\":\"Frank\",\"@id\":\"https:\/\/www.isaac-del-toro.mx\/de\/#\/schema\/person\/dcd12bccf645d7a2112bdb90aa7ff9f2\"},\"headline\":\"Tirreno-Adriatico startet mit Zeitfahren in Lido di Camaiore\",\"datePublished\":\"2026-03-09T09:03:23+00:00\",\"mainEntityOfPage\":{\"@id\":\"https:\/\/www.isaac-del-toro.mx\/de\/tirreno-adriatico-2026-etappe-1-zeitfahren-lido-di-camaiore\/\"},\"wordCount\":226,\"commentCount\":0,\"publisher\":{\"@id\":\"https:\/\/www.isaac-del-toro.mx\/de\/#\/schema\/person\/7cbbcf16bd93d1b98eeb4ab7a1fbd7ba\"},\"articleSection\":[\"Rennvorschau\"],\"inLanguage\":\"de\",\"potentialAction\":[{\"@type\":\"CommentAction\",\"name\":\"Comment\",\"target\":[\"https:\/\/www.isaac-del-toro.mx\/de\/tirreno-adriatico-2026-etappe-1-zeitfahren-lido-di-camaiore\/#respond\"]}]},{\"@type\":\"WebPage\",\"@id\":\"https:\/\/www.isaac-del-toro.mx\/de\/tirreno-adriatico-2026-etappe-1-zeitfahren-lido-di-camaiore\/\",\"url\":\"https:\/\/www.isaac-del-toro.mx\/de\/tirreno-adriatico-2026-etappe-1-zeitfahren-lido-di-camaiore\/\",\"name\":\"Tirreno-Adriatico 2026: Auftakt-Zeitfahren in Lido di Camaiore\",\"isPartOf\":{\"@id\":\"https:\/\/www.isaac-del-toro.mx\/de\/#website\"},\"datePublished\":\"2026-03-09T09:03:23+00:00\",\"description\":\"Die 61. Ausgabe der Tirreno-Adriatico beginnt mit einem 11,5 km langen Einzelzeitfahren in Lido di Camaiore. Der mexikanische Shootingstar Isaac del Toro steht vor seiner Zeitfahrpr\u00fcfung.\",\"breadcrumb\":{\"@id\":\"https:\/\/www.isaac-del-toro.mx\/de\/tirreno-adriatico-2026-etappe-1-zeitfahren-lido-di-camaiore\/#breadcrumb\"},\"inLanguage\":\"de\",\"potentialAction\":[{\"@type\":\"ReadAction\",\"target\":[\"https:\/\/www.isaac-del-toro.mx\/de\/tirreno-adriatico-2026-etappe-1-zeitfahren-lido-di-camaiore\/\"]}]},{\"@type\":\"BreadcrumbList\",\"@id\":\"https:\/\/www.isaac-del-toro.mx\/de\/tirreno-adriatico-2026-etappe-1-zeitfahren-lido-di-camaiore\/#breadcrumb\",\"itemListElement\":[{\"@type\":\"ListItem\",\"position\":1,\"name\":\"Start\",\"item\":\"https:\/\/www.isaac-del-toro.mx\/de\/\"},{\"@type\":\"ListItem\",\"position\":2,\"name\":\"Tirreno-Adriatico startet mit Zeitfahren in Lido di Camaiore\"}]},{\"@type\":\"WebSite\",\"@id\":\"https:\/\/www.isaac-del-toro.mx\/de\/#website\",\"url\":\"https:\/\/www.isaac-del-toro.mx\/de\/\",\"name\":\"Isaac del Toro Romero\",\"description\":\"\",\"publisher\":{\"@id\":\"https:\/\/www.isaac-del-toro.mx\/de\/#\/schema\/person\/7cbbcf16bd93d1b98eeb4ab7a1fbd7ba\"},\"potentialAction\":[{\"@type\":\"SearchAction\",\"target\":{\"@type\":\"EntryPoint\",\"urlTemplate\":\"https:\/\/www.isaac-del-toro.mx\/de\/?s={search_term_string}\"},\"query-input\":{\"@type\":\"PropertyValueSpecification\",\"valueRequired\":true,\"valueName\":\"search_term_string\"}}],\"inLanguage\":\"de\"},{\"@type\":[\"Person\",\"Organization\"],\"@id\":\"https:\/\/www.isaac-del-toro.mx\/de\/#\/schema\/person\/7cbbcf16bd93d1b98eeb4ab7a1fbd7ba\",\"name\":\"Isaac del Toro Romero\",\"logo\":{\"@id\":\"https:\/\/www.isaac-del-toro.mx\/de\/#\/schema\/person\/image\/\"}},{\"@type\":\"Person\",\"@id\":\"https:\/\/www.isaac-del-toro.mx\/de\/#\/schema\/person\/dcd12bccf645d7a2112bdb90aa7ff9f2\",\"name\":\"Frank\",\"sameAs\":[\"https:\/\/www.isaac-del-toro.mx\"],\"url\":\"https:\/\/www.isaac-del-toro.mx\/de\/author\/frank-kuglerwebarbeit-net\/\"}]}<\/script>\n<!-- \/ Yoast SEO plugin. -->","yoast_head_json":{"title":"Tirreno-Adriatico 2026: Auftakt-Zeitfahren in Lido di Camaiore","description":"Die 61. Ausgabe der Tirreno-Adriatico beginnt mit einem 11,5 km langen Einzelzeitfahren in Lido di Camaiore. Der mexikanische Shootingstar Isaac del Toro steht vor seiner Zeitfahrpr\u00fcfung.","robots":{"index":"index","follow":"follow","max-snippet":"max-snippet:-1","max-image-preview":"max-image-preview:large","max-video-preview":"max-video-preview:-1"},"canonical":"https:\/\/www.isaac-del-toro.mx\/de\/tirreno-adriatico-2026-etappe-1-zeitfahren-lido-di-camaiore\/","og_locale":"de_DE","og_type":"article","og_title":"Tirreno-Adriatico 2026: Auftakt-Zeitfahren in Lido di Camaiore","og_description":"Die 61. Ausgabe der Tirreno-Adriatico beginnt mit einem 11,5 km langen Einzelzeitfahren in Lido di Camaiore. Der mexikanische Shootingstar Isaac del Toro steht vor seiner Zeitfahrpr\u00fcfung.","og_url":"https:\/\/www.isaac-del-toro.mx\/de\/tirreno-adriatico-2026-etappe-1-zeitfahren-lido-di-camaiore\/","og_site_name":"Isaac del Toro Romero","article_published_time":"2026-03-09T09:03:23+00:00","author":"Frank","twitter_card":"summary_large_image","twitter_misc":{"Verfasst von":"Frank","Gesch\u00e4tzte Lesezeit":"1\u00a0Minute"},"schema":{"@context":"https:\/\/schema.org","@graph":[{"@type":"Article","@id":"https:\/\/www.isaac-del-toro.mx\/de\/tirreno-adriatico-2026-etappe-1-zeitfahren-lido-di-camaiore\/#article","isPartOf":{"@id":"https:\/\/www.isaac-del-toro.mx\/de\/tirreno-adriatico-2026-etappe-1-zeitfahren-lido-di-camaiore\/"},"author":{"name":"Frank","@id":"https:\/\/www.isaac-del-toro.mx\/de\/#\/schema\/person\/dcd12bccf645d7a2112bdb90aa7ff9f2"},"headline":"Tirreno-Adriatico startet mit Zeitfahren in Lido di Camaiore","datePublished":"2026-03-09T09:03:23+00:00","mainEntityOfPage":{"@id":"https:\/\/www.isaac-del-toro.mx\/de\/tirreno-adriatico-2026-etappe-1-zeitfahren-lido-di-camaiore\/"},"wordCount":226,"commentCount":0,"publisher":{"@id":"https:\/\/www.isaac-del-toro.mx\/de\/#\/schema\/person\/7cbbcf16bd93d1b98eeb4ab7a1fbd7ba"},"articleSection":["Rennvorschau"],"inLanguage":"de","potentialAction":[{"@type":"CommentAction","name":"Comment","target":["https:\/\/www.isaac-del-toro.mx\/de\/tirreno-adriatico-2026-etappe-1-zeitfahren-lido-di-camaiore\/#respond"]}]},{"@type":"WebPage","@id":"https:\/\/www.isaac-del-toro.mx\/de\/tirreno-adriatico-2026-etappe-1-zeitfahren-lido-di-camaiore\/","url":"https:\/\/www.isaac-del-toro.mx\/de\/tirreno-adriatico-2026-etappe-1-zeitfahren-lido-di-camaiore\/","name":"Tirreno-Adriatico 2026: Auftakt-Zeitfahren in Lido di Camaiore","isPartOf":{"@id":"https:\/\/www.isaac-del-toro.mx\/de\/#website"},"datePublished":"2026-03-09T09:03:23+00:00","description":"Die 61. Ausgabe der Tirreno-Adriatico beginnt mit einem 11,5 km langen Einzelzeitfahren in Lido di Camaiore. Der mexikanische Shootingstar Isaac del Toro steht vor seiner Zeitfahrpr\u00fcfung.","breadcrumb":{"@id":"https:\/\/www.isaac-del-toro.mx\/de\/tirreno-adriatico-2026-etappe-1-zeitfahren-lido-di-camaiore\/#breadcrumb"},"inLanguage":"de","potentialAction":[{"@type":"ReadAction","target":["https:\/\/www.isaac-del-toro.mx\/de\/tirreno-adriatico-2026-etappe-1-zeitfahren-lido-di-camaiore\/"]}]},{"@type":"BreadcrumbList","@id":"https:\/\/www.isaac-del-toro.mx\/de\/tirreno-adriatico-2026-etappe-1-zeitfahren-lido-di-camaiore\/#breadcrumb","itemListElement":[{"@type":"ListItem","position":1,"name":"Start","item":"https:\/\/www.isaac-del-toro.mx\/de\/"},{"@type":"ListItem","position":2,"name":"Tirreno-Adriatico startet mit Zeitfahren in Lido di Camaiore"}]},{"@type":"WebSite","@id":"https:\/\/www.isaac-del-toro.mx\/de\/#website","url":"https:\/\/www.isaac-del-toro.mx\/de\/","name":"Isaac del Toro Romero","description":"","publisher":{"@id":"https:\/\/www.isaac-del-toro.mx\/de\/#\/schema\/person\/7cbbcf16bd93d1b98eeb4ab7a1fbd7ba"},"potentialAction":[{"@type":"SearchAction","target":{"@type":"EntryPoint","urlTemplate":"https:\/\/www.isaac-del-toro.mx\/de\/?s={search_term_string}"},"query-input":{"@type":"PropertyValueSpecification","valueRequired":true,"valueName":"search_term_string"}}],"inLanguage":"de"},{"@type":["Person","Organization"],"@id":"https:\/\/www.isaac-del-toro.mx\/de\/#\/schema\/person\/7cbbcf16bd93d1b98eeb4ab7a1fbd7ba","name":"Isaac del Toro Romero","logo":{"@id":"https:\/\/www.isaac-del-toro.mx\/de\/#\/schema\/person\/image\/"}},{"@type":"Person","@id":"https:\/\/www.isaac-del-toro.mx\/de\/#\/schema\/person\/dcd12bccf645d7a2112bdb90aa7ff9f2","name":"Frank","sameAs":["https:\/\/www.isaac-del-toro.mx"],"url":"https:\/\/www.isaac-del-toro.mx\/de\/author\/frank-kuglerwebarbeit-net\/"}]}},"_links":{"self":[{"href":"https:\/\/www.isaac-del-toro.mx\/de\/wp-json\/wp\/v2\/posts\/692","targetHints":{"allow":["GET"]}}],"collection":[{"href":"https:\/\/www.isaac-del-toro.mx\/de\/wp-json\/wp\/v2\/posts"}],"about":[{"href":"https:\/\/www.isaac-del-toro.mx\/de\/wp-json\/wp\/v2\/types\/post"}],"author":[{"embeddable":true,"href":"https:\/\/www.isaac-del-toro.mx\/de\/wp-json\/wp\/v2\/users\/1"}],"replies":[{"embeddable":true,"href":"https:\/\/www.isaac-del-toro.mx\/de\/wp-json\/wp\/v2\/comments?post=692"}],"version-history":[{"count":0,"href":"https:\/\/www.isaac-del-toro.mx\/de\/wp-json\/wp\/v2\/posts\/692\/revisions"}],"wp:attachment":[{"href":"https:\/\/www.isaac-del-toro.mx\/de\/wp-json\/wp\/v2\/media?parent=692"}],"wp:term":[{"taxonomy":"category","embeddable":true,"href":"https:\/\/www.isaac-del-toro.mx\/de\/wp-json\/wp\/v2\/categories?post=692"},{"taxonomy":"post_tag","embeddable":true,"href":"https:\/\/www.isaac-del-toro.mx\/de\/wp-json\/wp\/v2\/tags?post=692"}],"curies":[{"name":"wp","href":"https:\/\/api.w.org\/{rel}","templated":true}]}}