{"id":70,"date":"2025-12-16T05:07:36","date_gmt":"2025-12-16T11:07:36","guid":{"rendered":"https:\/\/www.isaac-del-toro.mx\/?p=70"},"modified":"2026-02-02T08:34:47","modified_gmt":"2026-02-02T14:34:47","slug":"isaac-del-toro-saison-2026-ausblick-rennkalender","status":"publish","type":"post","link":"https:\/\/www.isaac-del-toro.mx\/de\/isaac-del-toro-saison-2026-ausblick-rennkalender\/","title":{"rendered":"Isaac del Toro: Saisonvorschau 2026 und Rennkalender"},"content":{"rendered":"\n<h2>Was erwartet Isaac del Toro in der Saison 2026? Rennkalender, Ziele und sein Tour-de-France-Deb\u00fct<\/h2>\nF\u00fcr Isaac del Toro beginnt 2026 eine richtungsweisende Saison. Nachdem er sich als eines der gr\u00f6\u00dften Talente im internationalen Radsport etabliert hat, startet der Mexikaner mit einem anspruchsvollen Wettkampfprogramm in sein bislang bedeutendstes Jahr. Der Fahrplan umfasst mehrere WorldTour-Rennen, italienische Fr\u00fchjahrsklassiker und als H\u00f6hepunkt sein erstes <strong>Tour-de-France-Deb\u00fct<\/strong>. Im Folgenden finden Sie den best\u00e4tigten Rennkalender sowie eine Einsch\u00e4tzung dessen, was man 2026 vom UAE-Team-Emirates-Fahrer erwarten kann.\n<h2>Best\u00e4tigter Rennkalender von Isaac del Toro f\u00fcr 2026<\/h2>\nDer vorl\u00e4ufige Rennplan f\u00fcr 2026 folgt einer klassischen Vorbereitung auf gro\u00dfe Rundfahrten: Einstieg im Nahen Osten, dann italienische Traditionsevents, gefolgt von anspruchsvollen Etappenrennen in Europa und schlie\u00dflich der Weg zur Tour de France.\n<table>\n<thead>\n<tr>\n<th>Datum<\/th>\n<th>Rennen<\/th>\n<th>Kategorie<\/th>\n<\/tr>\n<\/thead>\n<tbody>\n<tr>\n<td><strong>16. Februar 2026<\/strong><\/td>\n<td>UAE Tour<\/td>\n<td>2.UWT<\/td>\n<\/tr>\n<tr>\n<td><strong>7. M\u00e4rz 2026<\/strong><\/td>\n<td>Strade Bianche<\/td>\n<td>1.UWT<\/td>\n<\/tr>\n<tr>\n<td><strong>9. M\u00e4rz 2026<\/strong><\/td>\n<td>Tirreno\u2013Adriatico<\/td>\n<td>2.UWT<\/td>\n<\/tr>\n<tr>\n<td><strong>21. M\u00e4rz 2026<\/strong><\/td>\n<td>Mailand\u2013Sanremo<\/td>\n<td>1.UWT<\/td>\n<\/tr>\n<tr>\n<td><strong>6. April 2026<\/strong><\/td>\n<td>Itzulia Basque Country<\/td>\n<td>2.UWT<\/td>\n<\/tr>\n<tr>\n<td><strong>7. Juni 2026<\/strong><\/td>\n<td>Tour Auvergne \u2013 Rh\u00f4ne-Alpes<\/td>\n<td>2.UWT<\/td>\n<\/tr>\n<tr>\n<td><strong>4. Juli 2026<\/strong><\/td>\n<td>Tour de France<\/td>\n<td>2.UWT<\/td>\n<\/tr>\n<\/tbody>\n<\/table>\nDer Plan zeigt deutlich, dass Del Toro ein \u00e4hnliches Programm wie andere Kletterer des UAE Teams absolviert: Rennen mit hoher Belastung, viele H\u00f6henmeter und eine gezielte Vorbereitung auf die gro\u00dfen Herausforderungen im Sommer.\n<h2>Die Bedeutung der UAE Tour f\u00fcr seinen Saisonauftakt<\/h2>\nDie <strong>UAE Tour<\/strong> bildet den Startpunkt seines Wettkampfjahres und ist zugleich eine erste Form\u00fcberpr\u00fcfung nach dem Wintertraining. Obwohl sie nicht zu seinen Hauptzielen z\u00e4hlt, liefert die Rundfahrt wertvolle Hinweise darauf, wie gut Del Toro in die Saison startet.\n<h2>Intensive Fr\u00fchjahrsphase: Strade Bianche, Tirreno\u2013Adriatico und Mailand\u2013Sanremo<\/h2>\nDas M\u00e4rz-Programm wird entscheidend sein:\n<ul>\n \t<li><strong>Strade Bianche<\/strong>: ideal zur Pr\u00fcfung von Technik, Kraft und Explosivit\u00e4t.<\/li>\n \t<li><strong>Tirreno\u2013Adriatico<\/strong>: das wichtigste Etappenrennen seiner Fr\u00fchjahrsvorbereitung, inklusive anspruchsvoller Bergank\u00fcnfte.<\/li>\n \t<li><strong>Mailand\u2013Sanremo<\/strong>: ein extrem langer Renntag zur Entwicklung der Grundlagenausdauer.<\/li>\n<\/ul>\nDiese drei Rennen bilden die Grundlage f\u00fcr einen reibungslosen \u00dcbergang in den europ\u00e4ischen Rennblock im April.\n<h2>Itzulia Basque Country: der h\u00e4rteste Test vor dem Sommer<\/h2>\nDie <strong>Itzulia Basque Country<\/strong> z\u00e4hlt zu den anspruchsvollsten Etappenrennen des gesamten Kalenders. Kurze, explosive Anstiege und technisch schwierige Strecken verlangen absolute Topform. Ein starkes Ergebnis w\u00fcrde best\u00e4tigen, dass Del Toro bereit ist f\u00fcr eine bedeutende Rolle in der Saisonmitte.\n<h2>Der Weg zur Tour: Tour Auvergne \u2013 Rh\u00f4ne-Alpes<\/h2>\nDiese franz\u00f6sische Rundfahrt ist typischerweise der letzte Baustein im Formaufbau. Mit mehreren Bergetappen bietet sie ideale Bedingungen, um Rennh\u00e4rte und Teamabstimmung zu verfeinern, bevor der finale Trainingsblock f\u00fcr den Juli beginnt.\n<h2>Tour de France 2026: ein historisches Deb\u00fct<\/h2>\nAm 4. Juli 2026 wird Isaac del Toro erstmals bei der <strong>Tour de France<\/strong> starten \u2013 ein Meilenstein, den nur wenige mexikanische Fahrer erreicht haben. Seine genaue Rolle im UAE Team Emirates ist noch nicht offiziell best\u00e4tigt, jedoch rechnen Beobachter mit:\n<ul>\n \t<li>Unterst\u00fctzung des Teamkapit\u00e4ns in der Gesamtwertung,<\/li>\n \t<li>Attacken oder Ausrei\u00dfversuchen auf ausgew\u00e4hlten Bergetappen,<\/li>\n \t<li>wertvoller Erfahrungssammlung f\u00fcr zuk\u00fcnftige Grand-Tour-Ambitionen.<\/li>\n<\/ul>\nUnabh\u00e4ngig vom Resultat stellt seine Teilnahme einen bedeutenden Moment f\u00fcr den mexikanischen Radsport dar.\n<h2>Welche realistischen Erwartungen gibt es an Del Toro f\u00fcr 2026?<\/h2>\nExperten sehen 2026 als Entwicklungsjahr mit gro\u00dfem Potenzial. Setzt Del Toro seine positive Entwicklung fort, k\u00f6nnte er:\n<ul>\n \t<li>sich als einer der st\u00e4rksten jungen Kletterer etablieren,<\/li>\n \t<li>Top-10-Ergebnisse bei Tirreno\u2013Adriatico oder der Itzulia erzielen,<\/li>\n \t<li>auf schweren Tour-de-France-Bergank\u00fcnften eine entscheidende Rolle spielen.<\/li>\n<\/ul>\n<h2>Fazit<\/h2>\nDie Saison 2026 bietet Isaac del Toro die Chance, ein entscheidendes Kapitel seiner Karriere einzuleiten. Sein Deb\u00fct bei der Tour de France, kombiniert mit einem anspruchsvollen und gut abgestimmten Rennprogramm, macht ihn zu einem der spannendsten Fahrer des Jahres. Fans wie Experten werden seine Entwicklung aufmerksam verfolgen.\n\n\n\n<p><\/p>\n","protected":false},"excerpt":{"rendered":"<p>Was erwartet Isaac del Toro in der Saison 2026? Rennkalender, Ziele und sein Tour-de-France-Deb\u00fct F\u00fcr Isaac del Toro beginnt 2026 [&hellip;]<\/p>\n","protected":false},"author":1,"featured_media":177,"comment_status":"open","ping_status":"open","sticky":false,"template":"","format":"standard","meta":{"footnotes":""},"categories":[29],"tags":[],"class_list":["post-70","post","type-post","status-publish","format-standard","has-post-thumbnail","hentry","category-nachrichten"],"yoast_head":"<!-- This site is optimized with the Yoast SEO plugin v27.1.1 - https:\/\/yoast.com\/product\/yoast-seo-wordpress\/ -->\n<title>Isaac del Toro: Saisonvorschau 2026 und Rennkalender - Isaac del Toro Romero<\/title>\n<meta name=\"description\" content=\"Vorschau auf Isaac del Toros Saison 2026 mit UAE Tour, Klassikern, Itzulia, Vorbereitung in Frankreich und seinem Deb\u00fct bei der Tour de France.\" \/>\n<meta name=\"robots\" content=\"index, follow, max-snippet:-1, max-image-preview:large, max-video-preview:-1\" \/>\n<link rel=\"canonical\" href=\"https:\/\/www.isaac-del-toro.mx\/de\/isaac-del-toro-saison-2026-ausblick-rennkalender\/\" \/>\n<meta property=\"og:locale\" content=\"de_DE\" \/>\n<meta property=\"og:type\" content=\"article\" \/>\n<meta property=\"og:title\" content=\"Isaac del Toro: Saisonvorschau 2026 und Rennkalender - Isaac del Toro Romero\" \/>\n<meta property=\"og:description\" content=\"Vorschau auf Isaac del Toros Saison 2026 mit UAE Tour, Klassikern, Itzulia, Vorbereitung in Frankreich und seinem Deb\u00fct bei der Tour de France.\" \/>\n<meta property=\"og:url\" content=\"https:\/\/www.isaac-del-toro.mx\/de\/isaac-del-toro-saison-2026-ausblick-rennkalender\/\" \/>\n<meta property=\"og:site_name\" content=\"Isaac del Toro Romero\" \/>\n<meta property=\"article:published_time\" content=\"2025-12-16T11:07:36+00:00\" \/>\n<meta property=\"article:modified_time\" content=\"2026-02-02T14:34:47+00:00\" \/>\n<meta property=\"og:image\" content=\"https:\/\/www.isaac-del-toro.mx\/wp-content\/uploads\/2025\/12\/isaac-del-toro-2026-scaled.webp\" \/>\n\t<meta property=\"og:image:width\" content=\"2560\" \/>\n\t<meta property=\"og:image:height\" content=\"1463\" \/>\n\t<meta property=\"og:image:type\" content=\"image\/webp\" \/>\n<meta name=\"author\" content=\"Frank\" \/>\n<meta name=\"twitter:card\" content=\"summary_large_image\" \/>\n<meta name=\"twitter:label1\" content=\"Verfasst von\" \/>\n\t<meta name=\"twitter:data1\" content=\"Frank\" \/>\n\t<meta name=\"twitter:label2\" content=\"Gesch\u00e4tzte Lesezeit\" \/>\n\t<meta name=\"twitter:data2\" content=\"4\u00a0Minuten\" \/>\n<script type=\"application\/ld+json\" class=\"yoast-schema-graph\">{\"@context\":\"https:\/\/schema.org\",\"@graph\":[{\"@type\":\"Article\",\"@id\":\"https:\/\/www.isaac-del-toro.mx\/de\/isaac-del-toro-saison-2026-ausblick-rennkalender\/#article\",\"isPartOf\":{\"@id\":\"https:\/\/www.isaac-del-toro.mx\/de\/isaac-del-toro-saison-2026-ausblick-rennkalender\/\"},\"author\":{\"name\":\"Frank\",\"@id\":\"https:\/\/www.isaac-del-toro.mx\/de\/#\/schema\/person\/dcd12bccf645d7a2112bdb90aa7ff9f2\"},\"headline\":\"Isaac del Toro: Saisonvorschau 2026 und Rennkalender\",\"datePublished\":\"2025-12-16T11:07:36+00:00\",\"dateModified\":\"2026-02-02T14:34:47+00:00\",\"mainEntityOfPage\":{\"@id\":\"https:\/\/www.isaac-del-toro.mx\/de\/isaac-del-toro-saison-2026-ausblick-rennkalender\/\"},\"wordCount\":608,\"commentCount\":0,\"publisher\":{\"@id\":\"https:\/\/www.isaac-del-toro.mx\/de\/#\/schema\/person\/7cbbcf16bd93d1b98eeb4ab7a1fbd7ba\"},\"image\":{\"@id\":\"https:\/\/www.isaac-del-toro.mx\/de\/isaac-del-toro-saison-2026-ausblick-rennkalender\/#primaryimage\"},\"thumbnailUrl\":\"https:\/\/www.isaac-del-toro.mx\/wp-content\/uploads\/2025\/12\/isaac-del-toro-2026-scaled.webp\",\"articleSection\":[\"Nachrichten\"],\"inLanguage\":\"de\",\"potentialAction\":[{\"@type\":\"CommentAction\",\"name\":\"Comment\",\"target\":[\"https:\/\/www.isaac-del-toro.mx\/de\/isaac-del-toro-saison-2026-ausblick-rennkalender\/#respond\"]}]},{\"@type\":\"WebPage\",\"@id\":\"https:\/\/www.isaac-del-toro.mx\/de\/isaac-del-toro-saison-2026-ausblick-rennkalender\/\",\"url\":\"https:\/\/www.isaac-del-toro.mx\/de\/isaac-del-toro-saison-2026-ausblick-rennkalender\/\",\"name\":\"Isaac del Toro: Saisonvorschau 2026 und Rennkalender - Isaac del Toro Romero\",\"isPartOf\":{\"@id\":\"https:\/\/www.isaac-del-toro.mx\/de\/#website\"},\"primaryImageOfPage\":{\"@id\":\"https:\/\/www.isaac-del-toro.mx\/de\/isaac-del-toro-saison-2026-ausblick-rennkalender\/#primaryimage\"},\"image\":{\"@id\":\"https:\/\/www.isaac-del-toro.mx\/de\/isaac-del-toro-saison-2026-ausblick-rennkalender\/#primaryimage\"},\"thumbnailUrl\":\"https:\/\/www.isaac-del-toro.mx\/wp-content\/uploads\/2025\/12\/isaac-del-toro-2026-scaled.webp\",\"datePublished\":\"2025-12-16T11:07:36+00:00\",\"dateModified\":\"2026-02-02T14:34:47+00:00\",\"description\":\"Vorschau auf Isaac del Toros Saison 2026 mit UAE Tour, Klassikern, Itzulia, Vorbereitung in Frankreich und seinem Deb\u00fct bei der Tour de France.\",\"breadcrumb\":{\"@id\":\"https:\/\/www.isaac-del-toro.mx\/de\/isaac-del-toro-saison-2026-ausblick-rennkalender\/#breadcrumb\"},\"inLanguage\":\"de\",\"potentialAction\":[{\"@type\":\"ReadAction\",\"target\":[\"https:\/\/www.isaac-del-toro.mx\/de\/isaac-del-toro-saison-2026-ausblick-rennkalender\/\"]}]},{\"@type\":\"ImageObject\",\"inLanguage\":\"de\",\"@id\":\"https:\/\/www.isaac-del-toro.mx\/de\/isaac-del-toro-saison-2026-ausblick-rennkalender\/#primaryimage\",\"url\":\"https:\/\/www.isaac-del-toro.mx\/wp-content\/uploads\/2025\/12\/isaac-del-toro-2026-scaled.webp\",\"contentUrl\":\"https:\/\/www.isaac-del-toro.mx\/wp-content\/uploads\/2025\/12\/isaac-del-toro-2026-scaled.webp\",\"width\":2560,\"height\":1463},{\"@type\":\"BreadcrumbList\",\"@id\":\"https:\/\/www.isaac-del-toro.mx\/de\/isaac-del-toro-saison-2026-ausblick-rennkalender\/#breadcrumb\",\"itemListElement\":[{\"@type\":\"ListItem\",\"position\":1,\"name\":\"Start\",\"item\":\"https:\/\/www.isaac-del-toro.mx\/de\/\"},{\"@type\":\"ListItem\",\"position\":2,\"name\":\"Isaac del Toro: Saisonvorschau 2026 und Rennkalender\"}]},{\"@type\":\"WebSite\",\"@id\":\"https:\/\/www.isaac-del-toro.mx\/de\/#website\",\"url\":\"https:\/\/www.isaac-del-toro.mx\/de\/\",\"name\":\"Isaac del Toro Romero\",\"description\":\"\",\"publisher\":{\"@id\":\"https:\/\/www.isaac-del-toro.mx\/de\/#\/schema\/person\/7cbbcf16bd93d1b98eeb4ab7a1fbd7ba\"},\"potentialAction\":[{\"@type\":\"SearchAction\",\"target\":{\"@type\":\"EntryPoint\",\"urlTemplate\":\"https:\/\/www.isaac-del-toro.mx\/de\/?s={search_term_string}\"},\"query-input\":{\"@type\":\"PropertyValueSpecification\",\"valueRequired\":true,\"valueName\":\"search_term_string\"}}],\"inLanguage\":\"de\"},{\"@type\":[\"Person\",\"Organization\"],\"@id\":\"https:\/\/www.isaac-del-toro.mx\/de\/#\/schema\/person\/7cbbcf16bd93d1b98eeb4ab7a1fbd7ba\",\"name\":\"Isaac del Toro Romero\",\"logo\":{\"@id\":\"https:\/\/www.isaac-del-toro.mx\/de\/#\/schema\/person\/image\/\"}},{\"@type\":\"Person\",\"@id\":\"https:\/\/www.isaac-del-toro.mx\/de\/#\/schema\/person\/dcd12bccf645d7a2112bdb90aa7ff9f2\",\"name\":\"Frank\",\"sameAs\":[\"https:\/\/www.isaac-del-toro.mx\"],\"url\":\"https:\/\/www.isaac-del-toro.mx\/de\/author\/frank-kuglerwebarbeit-net\/\"}]}<\/script>\n<!-- \/ Yoast SEO plugin. -->","yoast_head_json":{"title":"Isaac del Toro: Saisonvorschau 2026 und Rennkalender - Isaac del Toro Romero","description":"Vorschau auf Isaac del Toros Saison 2026 mit UAE Tour, Klassikern, Itzulia, Vorbereitung in Frankreich und seinem Deb\u00fct bei der Tour de France.","robots":{"index":"index","follow":"follow","max-snippet":"max-snippet:-1","max-image-preview":"max-image-preview:large","max-video-preview":"max-video-preview:-1"},"canonical":"https:\/\/www.isaac-del-toro.mx\/de\/isaac-del-toro-saison-2026-ausblick-rennkalender\/","og_locale":"de_DE","og_type":"article","og_title":"Isaac del Toro: Saisonvorschau 2026 und Rennkalender - Isaac del Toro Romero","og_description":"Vorschau auf Isaac del Toros Saison 2026 mit UAE Tour, Klassikern, Itzulia, Vorbereitung in Frankreich und seinem Deb\u00fct bei der Tour de France.","og_url":"https:\/\/www.isaac-del-toro.mx\/de\/isaac-del-toro-saison-2026-ausblick-rennkalender\/","og_site_name":"Isaac del Toro Romero","article_published_time":"2025-12-16T11:07:36+00:00","article_modified_time":"2026-02-02T14:34:47+00:00","og_image":[{"width":2560,"height":1463,"url":"https:\/\/www.isaac-del-toro.mx\/wp-content\/uploads\/2025\/12\/isaac-del-toro-2026-scaled.webp","type":"image\/webp"}],"author":"Frank","twitter_card":"summary_large_image","twitter_misc":{"Verfasst von":"Frank","Gesch\u00e4tzte Lesezeit":"4\u00a0Minuten"},"schema":{"@context":"https:\/\/schema.org","@graph":[{"@type":"Article","@id":"https:\/\/www.isaac-del-toro.mx\/de\/isaac-del-toro-saison-2026-ausblick-rennkalender\/#article","isPartOf":{"@id":"https:\/\/www.isaac-del-toro.mx\/de\/isaac-del-toro-saison-2026-ausblick-rennkalender\/"},"author":{"name":"Frank","@id":"https:\/\/www.isaac-del-toro.mx\/de\/#\/schema\/person\/dcd12bccf645d7a2112bdb90aa7ff9f2"},"headline":"Isaac del Toro: Saisonvorschau 2026 und Rennkalender","datePublished":"2025-12-16T11:07:36+00:00","dateModified":"2026-02-02T14:34:47+00:00","mainEntityOfPage":{"@id":"https:\/\/www.isaac-del-toro.mx\/de\/isaac-del-toro-saison-2026-ausblick-rennkalender\/"},"wordCount":608,"commentCount":0,"publisher":{"@id":"https:\/\/www.isaac-del-toro.mx\/de\/#\/schema\/person\/7cbbcf16bd93d1b98eeb4ab7a1fbd7ba"},"image":{"@id":"https:\/\/www.isaac-del-toro.mx\/de\/isaac-del-toro-saison-2026-ausblick-rennkalender\/#primaryimage"},"thumbnailUrl":"https:\/\/www.isaac-del-toro.mx\/wp-content\/uploads\/2025\/12\/isaac-del-toro-2026-scaled.webp","articleSection":["Nachrichten"],"inLanguage":"de","potentialAction":[{"@type":"CommentAction","name":"Comment","target":["https:\/\/www.isaac-del-toro.mx\/de\/isaac-del-toro-saison-2026-ausblick-rennkalender\/#respond"]}]},{"@type":"WebPage","@id":"https:\/\/www.isaac-del-toro.mx\/de\/isaac-del-toro-saison-2026-ausblick-rennkalender\/","url":"https:\/\/www.isaac-del-toro.mx\/de\/isaac-del-toro-saison-2026-ausblick-rennkalender\/","name":"Isaac del Toro: Saisonvorschau 2026 und Rennkalender - Isaac del Toro Romero","isPartOf":{"@id":"https:\/\/www.isaac-del-toro.mx\/de\/#website"},"primaryImageOfPage":{"@id":"https:\/\/www.isaac-del-toro.mx\/de\/isaac-del-toro-saison-2026-ausblick-rennkalender\/#primaryimage"},"image":{"@id":"https:\/\/www.isaac-del-toro.mx\/de\/isaac-del-toro-saison-2026-ausblick-rennkalender\/#primaryimage"},"thumbnailUrl":"https:\/\/www.isaac-del-toro.mx\/wp-content\/uploads\/2025\/12\/isaac-del-toro-2026-scaled.webp","datePublished":"2025-12-16T11:07:36+00:00","dateModified":"2026-02-02T14:34:47+00:00","description":"Vorschau auf Isaac del Toros Saison 2026 mit UAE Tour, Klassikern, Itzulia, Vorbereitung in Frankreich und seinem Deb\u00fct bei der Tour de France.","breadcrumb":{"@id":"https:\/\/www.isaac-del-toro.mx\/de\/isaac-del-toro-saison-2026-ausblick-rennkalender\/#breadcrumb"},"inLanguage":"de","potentialAction":[{"@type":"ReadAction","target":["https:\/\/www.isaac-del-toro.mx\/de\/isaac-del-toro-saison-2026-ausblick-rennkalender\/"]}]},{"@type":"ImageObject","inLanguage":"de","@id":"https:\/\/www.isaac-del-toro.mx\/de\/isaac-del-toro-saison-2026-ausblick-rennkalender\/#primaryimage","url":"https:\/\/www.isaac-del-toro.mx\/wp-content\/uploads\/2025\/12\/isaac-del-toro-2026-scaled.webp","contentUrl":"https:\/\/www.isaac-del-toro.mx\/wp-content\/uploads\/2025\/12\/isaac-del-toro-2026-scaled.webp","width":2560,"height":1463},{"@type":"BreadcrumbList","@id":"https:\/\/www.isaac-del-toro.mx\/de\/isaac-del-toro-saison-2026-ausblick-rennkalender\/#breadcrumb","itemListElement":[{"@type":"ListItem","position":1,"name":"Start","item":"https:\/\/www.isaac-del-toro.mx\/de\/"},{"@type":"ListItem","position":2,"name":"Isaac del Toro: Saisonvorschau 2026 und Rennkalender"}]},{"@type":"WebSite","@id":"https:\/\/www.isaac-del-toro.mx\/de\/#website","url":"https:\/\/www.isaac-del-toro.mx\/de\/","name":"Isaac del Toro Romero","description":"","publisher":{"@id":"https:\/\/www.isaac-del-toro.mx\/de\/#\/schema\/person\/7cbbcf16bd93d1b98eeb4ab7a1fbd7ba"},"potentialAction":[{"@type":"SearchAction","target":{"@type":"EntryPoint","urlTemplate":"https:\/\/www.isaac-del-toro.mx\/de\/?s={search_term_string}"},"query-input":{"@type":"PropertyValueSpecification","valueRequired":true,"valueName":"search_term_string"}}],"inLanguage":"de"},{"@type":["Person","Organization"],"@id":"https:\/\/www.isaac-del-toro.mx\/de\/#\/schema\/person\/7cbbcf16bd93d1b98eeb4ab7a1fbd7ba","name":"Isaac del Toro Romero","logo":{"@id":"https:\/\/www.isaac-del-toro.mx\/de\/#\/schema\/person\/image\/"}},{"@type":"Person","@id":"https:\/\/www.isaac-del-toro.mx\/de\/#\/schema\/person\/dcd12bccf645d7a2112bdb90aa7ff9f2","name":"Frank","sameAs":["https:\/\/www.isaac-del-toro.mx"],"url":"https:\/\/www.isaac-del-toro.mx\/de\/author\/frank-kuglerwebarbeit-net\/"}]}},"_links":{"self":[{"href":"https:\/\/www.isaac-del-toro.mx\/de\/wp-json\/wp\/v2\/posts\/70","targetHints":{"allow":["GET"]}}],"collection":[{"href":"https:\/\/www.isaac-del-toro.mx\/de\/wp-json\/wp\/v2\/posts"}],"about":[{"href":"https:\/\/www.isaac-del-toro.mx\/de\/wp-json\/wp\/v2\/types\/post"}],"author":[{"embeddable":true,"href":"https:\/\/www.isaac-del-toro.mx\/de\/wp-json\/wp\/v2\/users\/1"}],"replies":[{"embeddable":true,"href":"https:\/\/www.isaac-del-toro.mx\/de\/wp-json\/wp\/v2\/comments?post=70"}],"version-history":[{"count":1,"href":"https:\/\/www.isaac-del-toro.mx\/de\/wp-json\/wp\/v2\/posts\/70\/revisions"}],"predecessor-version":[{"id":71,"href":"https:\/\/www.isaac-del-toro.mx\/de\/wp-json\/wp\/v2\/posts\/70\/revisions\/71"}],"wp:featuredmedia":[{"embeddable":true,"href":"https:\/\/www.isaac-del-toro.mx\/de\/wp-json\/wp\/v2\/media\/177"}],"wp:attachment":[{"href":"https:\/\/www.isaac-del-toro.mx\/de\/wp-json\/wp\/v2\/media?parent=70"}],"wp:term":[{"taxonomy":"category","embeddable":true,"href":"https:\/\/www.isaac-del-toro.mx\/de\/wp-json\/wp\/v2\/categories?post=70"},{"taxonomy":"post_tag","embeddable":true,"href":"https:\/\/www.isaac-del-toro.mx\/de\/wp-json\/wp\/v2\/tags?post=70"}],"curies":[{"name":"wp","href":"https:\/\/api.w.org\/{rel}","templated":true}]}}