{"id":741,"date":"2026-03-09T10:48:59","date_gmt":"2026-03-09T16:48:59","guid":{"rendered":"https:\/\/www.isaac-del-toro.mx\/del-toro-zehnter-tirreno-adriatico-auftakt-ganna-zeitfahren\/"},"modified":"2026-03-09T10:48:59","modified_gmt":"2026-03-09T16:48:59","slug":"del-toro-zehnter-tirreno-adriatico-auftakt-ganna-zeitfahren","status":"publish","type":"post","link":"https:\/\/www.isaac-del-toro.mx\/de\/del-toro-zehnter-tirreno-adriatico-auftakt-ganna-zeitfahren\/","title":{"rendered":"Del Toro auf Platz 10 beim Tirreno-Adriatico-Auftakt &#8211; Ganna siegt im Zeitfahren"},"content":{"rendered":"\n<p>Der aufstrebende mexikanische Radprofi Isaac del Toro (UAE Team Emirates) zeigte beim Auftakt der Tirreno-Adriatico 2026 eine beachtliche Leistung. Im 11,5 Kilometer langen Einzelzeitfahren in Lido di Camaiore belegte der UAE-Fahrer den zehnten Platz mit einem R\u00fcckstand von 36 Sekunden auf den Sieger.<\/p>\n\n<h2>Ganna dominiert das Auftaktzeitfahren<\/h2>\n<p>Der italienische Zeitfahrspezialist Filippo Ganna setzte sich mit einer Zeit von 12:08 Minuten an die Spitze des Klassements. Seine beeindruckende Vorstellung auf dem flachen Kurs in der Toskana unterstrich einmal mehr seine Dominanz in dieser Disziplin.<\/p>\n\n<h2>Del Toro \u00fcberzeugt im Kampf gegen die Uhr<\/h2>\n<p>Del Toros Leistung im Zeitfahren war besonders bemerkenswert, da er sich in der N\u00e4he anderer Gesamtklassement-Favoriten platzierte. Der Mexikaner zeigte damit, dass er auch in dieser technischen Disziplin mit den Besten mithalten kann.<\/p>\n\n<h2>Ausgangslage f\u00fcr die Bergetappen<\/h2>\n<p>Mit seinem soliden zehnten Platz hat sich del Toro eine vielversprechende Position f\u00fcr die kommenden Etappen erarbeitet. Der moderate Zeitverlust von 36 Sekunden l\u00e4sst alle Optionen f\u00fcr das Gesamtklassement offen, besonders mit Blick auf die noch bevorstehenden Bergetappen.<\/p>\n","protected":false},"excerpt":{"rendered":"<p>Der aufstrebende mexikanische Radprofi Isaac del Toro (UAE Team Emirates) zeigte beim Auftakt der Tirreno-Adriatico 2026 eine beachtliche Leistung. Im [&hellip;]<\/p>\n","protected":false},"author":1,"featured_media":739,"comment_status":"open","ping_status":"open","sticky":false,"template":"","format":"standard","meta":{"footnotes":""},"categories":[69],"tags":[],"class_list":["post-741","post","type-post","status-publish","format-standard","has-post-thumbnail","hentry","category-rennbericht"],"yoast_head":"<!-- This site is optimized with the Yoast SEO plugin v27.1.1 - https:\/\/yoast.com\/product\/yoast-seo-wordpress\/ -->\n<title>Tirreno-Adriatico: Del Toro Zehnter beim Auftaktzeitfahren<\/title>\n<meta name=\"description\" content=\"Der mexikanische UAE-Fahrer Isaac del Toro erreichte beim Auftaktzeitfahren der Tirreno-Adriatico 2026 in Lido di Camaiore den zehnten Platz. Filippo Ganna siegte souver\u00e4n.\" \/>\n<meta name=\"robots\" content=\"index, follow, max-snippet:-1, max-image-preview:large, max-video-preview:-1\" \/>\n<link rel=\"canonical\" href=\"https:\/\/www.isaac-del-toro.mx\/de\/del-toro-zehnter-tirreno-adriatico-auftakt-ganna-zeitfahren\/\" \/>\n<meta property=\"og:locale\" content=\"de_DE\" \/>\n<meta property=\"og:type\" content=\"article\" \/>\n<meta property=\"og:title\" content=\"Tirreno-Adriatico: Del Toro Zehnter beim Auftaktzeitfahren\" \/>\n<meta property=\"og:description\" content=\"Der mexikanische UAE-Fahrer Isaac del Toro erreichte beim Auftaktzeitfahren der Tirreno-Adriatico 2026 in Lido di Camaiore den zehnten Platz. Filippo Ganna siegte souver\u00e4n.\" \/>\n<meta property=\"og:url\" content=\"https:\/\/www.isaac-del-toro.mx\/de\/del-toro-zehnter-tirreno-adriatico-auftakt-ganna-zeitfahren\/\" \/>\n<meta property=\"og:site_name\" content=\"Isaac del Toro Romero\" \/>\n<meta property=\"article:published_time\" content=\"2026-03-09T16:48:59+00:00\" \/>\n<meta property=\"og:image\" content=\"https:\/\/www.isaac-del-toro.mx\/wp-content\/uploads\/2026\/03\/job-3-20260309174830.png\" \/>\n\t<meta property=\"og:image:width\" content=\"1024\" \/>\n\t<meta property=\"og:image:height\" content=\"1024\" \/>\n\t<meta property=\"og:image:type\" content=\"image\/png\" \/>\n<meta name=\"author\" content=\"Frank\" \/>\n<meta name=\"twitter:card\" content=\"summary_large_image\" \/>\n<meta name=\"twitter:label1\" content=\"Verfasst von\" \/>\n\t<meta name=\"twitter:data1\" content=\"Frank\" \/>\n\t<meta name=\"twitter:label2\" content=\"Gesch\u00e4tzte Lesezeit\" \/>\n\t<meta name=\"twitter:data2\" content=\"1\u00a0Minute\" \/>\n<script type=\"application\/ld+json\" class=\"yoast-schema-graph\">{\"@context\":\"https:\/\/schema.org\",\"@graph\":[{\"@type\":\"Article\",\"@id\":\"https:\/\/www.isaac-del-toro.mx\/de\/del-toro-zehnter-tirreno-adriatico-auftakt-ganna-zeitfahren\/#article\",\"isPartOf\":{\"@id\":\"https:\/\/www.isaac-del-toro.mx\/de\/del-toro-zehnter-tirreno-adriatico-auftakt-ganna-zeitfahren\/\"},\"author\":{\"name\":\"Frank\",\"@id\":\"https:\/\/www.isaac-del-toro.mx\/de\/#\/schema\/person\/dcd12bccf645d7a2112bdb90aa7ff9f2\"},\"headline\":\"Del Toro auf Platz 10 beim Tirreno-Adriatico-Auftakt &#8211; Ganna siegt im Zeitfahren\",\"datePublished\":\"2026-03-09T16:48:59+00:00\",\"mainEntityOfPage\":{\"@id\":\"https:\/\/www.isaac-del-toro.mx\/de\/del-toro-zehnter-tirreno-adriatico-auftakt-ganna-zeitfahren\/\"},\"wordCount\":178,\"commentCount\":0,\"publisher\":{\"@id\":\"https:\/\/www.isaac-del-toro.mx\/de\/#\/schema\/person\/7cbbcf16bd93d1b98eeb4ab7a1fbd7ba\"},\"image\":{\"@id\":\"https:\/\/www.isaac-del-toro.mx\/de\/del-toro-zehnter-tirreno-adriatico-auftakt-ganna-zeitfahren\/#primaryimage\"},\"thumbnailUrl\":\"https:\/\/www.isaac-del-toro.mx\/wp-content\/uploads\/2026\/03\/job-3-20260309174830.png\",\"articleSection\":[\"Rennbericht\"],\"inLanguage\":\"de\",\"potentialAction\":[{\"@type\":\"CommentAction\",\"name\":\"Comment\",\"target\":[\"https:\/\/www.isaac-del-toro.mx\/de\/del-toro-zehnter-tirreno-adriatico-auftakt-ganna-zeitfahren\/#respond\"]}]},{\"@type\":\"WebPage\",\"@id\":\"https:\/\/www.isaac-del-toro.mx\/de\/del-toro-zehnter-tirreno-adriatico-auftakt-ganna-zeitfahren\/\",\"url\":\"https:\/\/www.isaac-del-toro.mx\/de\/del-toro-zehnter-tirreno-adriatico-auftakt-ganna-zeitfahren\/\",\"name\":\"Tirreno-Adriatico: Del Toro Zehnter beim Auftaktzeitfahren\",\"isPartOf\":{\"@id\":\"https:\/\/www.isaac-del-toro.mx\/de\/#website\"},\"primaryImageOfPage\":{\"@id\":\"https:\/\/www.isaac-del-toro.mx\/de\/del-toro-zehnter-tirreno-adriatico-auftakt-ganna-zeitfahren\/#primaryimage\"},\"image\":{\"@id\":\"https:\/\/www.isaac-del-toro.mx\/de\/del-toro-zehnter-tirreno-adriatico-auftakt-ganna-zeitfahren\/#primaryimage\"},\"thumbnailUrl\":\"https:\/\/www.isaac-del-toro.mx\/wp-content\/uploads\/2026\/03\/job-3-20260309174830.png\",\"datePublished\":\"2026-03-09T16:48:59+00:00\",\"description\":\"Der mexikanische UAE-Fahrer Isaac del Toro erreichte beim Auftaktzeitfahren der Tirreno-Adriatico 2026 in Lido di Camaiore den zehnten Platz. Filippo Ganna siegte souver\u00e4n.\",\"breadcrumb\":{\"@id\":\"https:\/\/www.isaac-del-toro.mx\/de\/del-toro-zehnter-tirreno-adriatico-auftakt-ganna-zeitfahren\/#breadcrumb\"},\"inLanguage\":\"de\",\"potentialAction\":[{\"@type\":\"ReadAction\",\"target\":[\"https:\/\/www.isaac-del-toro.mx\/de\/del-toro-zehnter-tirreno-adriatico-auftakt-ganna-zeitfahren\/\"]}]},{\"@type\":\"ImageObject\",\"inLanguage\":\"de\",\"@id\":\"https:\/\/www.isaac-del-toro.mx\/de\/del-toro-zehnter-tirreno-adriatico-auftakt-ganna-zeitfahren\/#primaryimage\",\"url\":\"https:\/\/www.isaac-del-toro.mx\/wp-content\/uploads\/2026\/03\/job-3-20260309174830.png\",\"contentUrl\":\"https:\/\/www.isaac-del-toro.mx\/wp-content\/uploads\/2026\/03\/job-3-20260309174830.png\",\"width\":1024,\"height\":1024,\"caption\":\"Isaac del Toro compitiendo en la contrarreloj de la etapa 1 del Tirreno-Adriatico 2026.\"},{\"@type\":\"BreadcrumbList\",\"@id\":\"https:\/\/www.isaac-del-toro.mx\/de\/del-toro-zehnter-tirreno-adriatico-auftakt-ganna-zeitfahren\/#breadcrumb\",\"itemListElement\":[{\"@type\":\"ListItem\",\"position\":1,\"name\":\"Start\",\"item\":\"https:\/\/www.isaac-del-toro.mx\/de\/\"},{\"@type\":\"ListItem\",\"position\":2,\"name\":\"Del Toro auf Platz 10 beim Tirreno-Adriatico-Auftakt &#8211; Ganna siegt im Zeitfahren\"}]},{\"@type\":\"WebSite\",\"@id\":\"https:\/\/www.isaac-del-toro.mx\/de\/#website\",\"url\":\"https:\/\/www.isaac-del-toro.mx\/de\/\",\"name\":\"Isaac del Toro Romero\",\"description\":\"\",\"publisher\":{\"@id\":\"https:\/\/www.isaac-del-toro.mx\/de\/#\/schema\/person\/7cbbcf16bd93d1b98eeb4ab7a1fbd7ba\"},\"potentialAction\":[{\"@type\":\"SearchAction\",\"target\":{\"@type\":\"EntryPoint\",\"urlTemplate\":\"https:\/\/www.isaac-del-toro.mx\/de\/?s={search_term_string}\"},\"query-input\":{\"@type\":\"PropertyValueSpecification\",\"valueRequired\":true,\"valueName\":\"search_term_string\"}}],\"inLanguage\":\"de\"},{\"@type\":[\"Person\",\"Organization\"],\"@id\":\"https:\/\/www.isaac-del-toro.mx\/de\/#\/schema\/person\/7cbbcf16bd93d1b98eeb4ab7a1fbd7ba\",\"name\":\"Isaac del Toro Romero\",\"logo\":{\"@id\":\"https:\/\/www.isaac-del-toro.mx\/de\/#\/schema\/person\/image\/\"}},{\"@type\":\"Person\",\"@id\":\"https:\/\/www.isaac-del-toro.mx\/de\/#\/schema\/person\/dcd12bccf645d7a2112bdb90aa7ff9f2\",\"name\":\"Frank\",\"sameAs\":[\"https:\/\/www.isaac-del-toro.mx\"],\"url\":\"https:\/\/www.isaac-del-toro.mx\/de\/author\/frank-kuglerwebarbeit-net\/\"}]}<\/script>\n<!-- \/ Yoast SEO plugin. -->","yoast_head_json":{"title":"Tirreno-Adriatico: Del Toro Zehnter beim Auftaktzeitfahren","description":"Der mexikanische UAE-Fahrer Isaac del Toro erreichte beim Auftaktzeitfahren der Tirreno-Adriatico 2026 in Lido di Camaiore den zehnten Platz. Filippo Ganna siegte souver\u00e4n.","robots":{"index":"index","follow":"follow","max-snippet":"max-snippet:-1","max-image-preview":"max-image-preview:large","max-video-preview":"max-video-preview:-1"},"canonical":"https:\/\/www.isaac-del-toro.mx\/de\/del-toro-zehnter-tirreno-adriatico-auftakt-ganna-zeitfahren\/","og_locale":"de_DE","og_type":"article","og_title":"Tirreno-Adriatico: Del Toro Zehnter beim Auftaktzeitfahren","og_description":"Der mexikanische UAE-Fahrer Isaac del Toro erreichte beim Auftaktzeitfahren der Tirreno-Adriatico 2026 in Lido di Camaiore den zehnten Platz. Filippo Ganna siegte souver\u00e4n.","og_url":"https:\/\/www.isaac-del-toro.mx\/de\/del-toro-zehnter-tirreno-adriatico-auftakt-ganna-zeitfahren\/","og_site_name":"Isaac del Toro Romero","article_published_time":"2026-03-09T16:48:59+00:00","og_image":[{"width":1024,"height":1024,"url":"https:\/\/www.isaac-del-toro.mx\/wp-content\/uploads\/2026\/03\/job-3-20260309174830.png","type":"image\/png"}],"author":"Frank","twitter_card":"summary_large_image","twitter_misc":{"Verfasst von":"Frank","Gesch\u00e4tzte Lesezeit":"1\u00a0Minute"},"schema":{"@context":"https:\/\/schema.org","@graph":[{"@type":"Article","@id":"https:\/\/www.isaac-del-toro.mx\/de\/del-toro-zehnter-tirreno-adriatico-auftakt-ganna-zeitfahren\/#article","isPartOf":{"@id":"https:\/\/www.isaac-del-toro.mx\/de\/del-toro-zehnter-tirreno-adriatico-auftakt-ganna-zeitfahren\/"},"author":{"name":"Frank","@id":"https:\/\/www.isaac-del-toro.mx\/de\/#\/schema\/person\/dcd12bccf645d7a2112bdb90aa7ff9f2"},"headline":"Del Toro auf Platz 10 beim Tirreno-Adriatico-Auftakt &#8211; Ganna siegt im Zeitfahren","datePublished":"2026-03-09T16:48:59+00:00","mainEntityOfPage":{"@id":"https:\/\/www.isaac-del-toro.mx\/de\/del-toro-zehnter-tirreno-adriatico-auftakt-ganna-zeitfahren\/"},"wordCount":178,"commentCount":0,"publisher":{"@id":"https:\/\/www.isaac-del-toro.mx\/de\/#\/schema\/person\/7cbbcf16bd93d1b98eeb4ab7a1fbd7ba"},"image":{"@id":"https:\/\/www.isaac-del-toro.mx\/de\/del-toro-zehnter-tirreno-adriatico-auftakt-ganna-zeitfahren\/#primaryimage"},"thumbnailUrl":"https:\/\/www.isaac-del-toro.mx\/wp-content\/uploads\/2026\/03\/job-3-20260309174830.png","articleSection":["Rennbericht"],"inLanguage":"de","potentialAction":[{"@type":"CommentAction","name":"Comment","target":["https:\/\/www.isaac-del-toro.mx\/de\/del-toro-zehnter-tirreno-adriatico-auftakt-ganna-zeitfahren\/#respond"]}]},{"@type":"WebPage","@id":"https:\/\/www.isaac-del-toro.mx\/de\/del-toro-zehnter-tirreno-adriatico-auftakt-ganna-zeitfahren\/","url":"https:\/\/www.isaac-del-toro.mx\/de\/del-toro-zehnter-tirreno-adriatico-auftakt-ganna-zeitfahren\/","name":"Tirreno-Adriatico: Del Toro Zehnter beim Auftaktzeitfahren","isPartOf":{"@id":"https:\/\/www.isaac-del-toro.mx\/de\/#website"},"primaryImageOfPage":{"@id":"https:\/\/www.isaac-del-toro.mx\/de\/del-toro-zehnter-tirreno-adriatico-auftakt-ganna-zeitfahren\/#primaryimage"},"image":{"@id":"https:\/\/www.isaac-del-toro.mx\/de\/del-toro-zehnter-tirreno-adriatico-auftakt-ganna-zeitfahren\/#primaryimage"},"thumbnailUrl":"https:\/\/www.isaac-del-toro.mx\/wp-content\/uploads\/2026\/03\/job-3-20260309174830.png","datePublished":"2026-03-09T16:48:59+00:00","description":"Der mexikanische UAE-Fahrer Isaac del Toro erreichte beim Auftaktzeitfahren der Tirreno-Adriatico 2026 in Lido di Camaiore den zehnten Platz. Filippo Ganna siegte souver\u00e4n.","breadcrumb":{"@id":"https:\/\/www.isaac-del-toro.mx\/de\/del-toro-zehnter-tirreno-adriatico-auftakt-ganna-zeitfahren\/#breadcrumb"},"inLanguage":"de","potentialAction":[{"@type":"ReadAction","target":["https:\/\/www.isaac-del-toro.mx\/de\/del-toro-zehnter-tirreno-adriatico-auftakt-ganna-zeitfahren\/"]}]},{"@type":"ImageObject","inLanguage":"de","@id":"https:\/\/www.isaac-del-toro.mx\/de\/del-toro-zehnter-tirreno-adriatico-auftakt-ganna-zeitfahren\/#primaryimage","url":"https:\/\/www.isaac-del-toro.mx\/wp-content\/uploads\/2026\/03\/job-3-20260309174830.png","contentUrl":"https:\/\/www.isaac-del-toro.mx\/wp-content\/uploads\/2026\/03\/job-3-20260309174830.png","width":1024,"height":1024,"caption":"Isaac del Toro compitiendo en la contrarreloj de la etapa 1 del Tirreno-Adriatico 2026."},{"@type":"BreadcrumbList","@id":"https:\/\/www.isaac-del-toro.mx\/de\/del-toro-zehnter-tirreno-adriatico-auftakt-ganna-zeitfahren\/#breadcrumb","itemListElement":[{"@type":"ListItem","position":1,"name":"Start","item":"https:\/\/www.isaac-del-toro.mx\/de\/"},{"@type":"ListItem","position":2,"name":"Del Toro auf Platz 10 beim Tirreno-Adriatico-Auftakt &#8211; Ganna siegt im Zeitfahren"}]},{"@type":"WebSite","@id":"https:\/\/www.isaac-del-toro.mx\/de\/#website","url":"https:\/\/www.isaac-del-toro.mx\/de\/","name":"Isaac del Toro Romero","description":"","publisher":{"@id":"https:\/\/www.isaac-del-toro.mx\/de\/#\/schema\/person\/7cbbcf16bd93d1b98eeb4ab7a1fbd7ba"},"potentialAction":[{"@type":"SearchAction","target":{"@type":"EntryPoint","urlTemplate":"https:\/\/www.isaac-del-toro.mx\/de\/?s={search_term_string}"},"query-input":{"@type":"PropertyValueSpecification","valueRequired":true,"valueName":"search_term_string"}}],"inLanguage":"de"},{"@type":["Person","Organization"],"@id":"https:\/\/www.isaac-del-toro.mx\/de\/#\/schema\/person\/7cbbcf16bd93d1b98eeb4ab7a1fbd7ba","name":"Isaac del Toro Romero","logo":{"@id":"https:\/\/www.isaac-del-toro.mx\/de\/#\/schema\/person\/image\/"}},{"@type":"Person","@id":"https:\/\/www.isaac-del-toro.mx\/de\/#\/schema\/person\/dcd12bccf645d7a2112bdb90aa7ff9f2","name":"Frank","sameAs":["https:\/\/www.isaac-del-toro.mx"],"url":"https:\/\/www.isaac-del-toro.mx\/de\/author\/frank-kuglerwebarbeit-net\/"}]}},"_links":{"self":[{"href":"https:\/\/www.isaac-del-toro.mx\/de\/wp-json\/wp\/v2\/posts\/741","targetHints":{"allow":["GET"]}}],"collection":[{"href":"https:\/\/www.isaac-del-toro.mx\/de\/wp-json\/wp\/v2\/posts"}],"about":[{"href":"https:\/\/www.isaac-del-toro.mx\/de\/wp-json\/wp\/v2\/types\/post"}],"author":[{"embeddable":true,"href":"https:\/\/www.isaac-del-toro.mx\/de\/wp-json\/wp\/v2\/users\/1"}],"replies":[{"embeddable":true,"href":"https:\/\/www.isaac-del-toro.mx\/de\/wp-json\/wp\/v2\/comments?post=741"}],"version-history":[{"count":0,"href":"https:\/\/www.isaac-del-toro.mx\/de\/wp-json\/wp\/v2\/posts\/741\/revisions"}],"wp:featuredmedia":[{"embeddable":true,"href":"https:\/\/www.isaac-del-toro.mx\/de\/wp-json\/wp\/v2\/media\/739"}],"wp:attachment":[{"href":"https:\/\/www.isaac-del-toro.mx\/de\/wp-json\/wp\/v2\/media?parent=741"}],"wp:term":[{"taxonomy":"category","embeddable":true,"href":"https:\/\/www.isaac-del-toro.mx\/de\/wp-json\/wp\/v2\/categories?post=741"},{"taxonomy":"post_tag","embeddable":true,"href":"https:\/\/www.isaac-del-toro.mx\/de\/wp-json\/wp\/v2\/tags?post=741"}],"curies":[{"name":"wp","href":"https:\/\/api.w.org\/{rel}","templated":true}]}}