{"id":747,"date":"2026-03-10T00:19:19","date_gmt":"2026-03-10T06:19:19","guid":{"rendered":"https:\/\/www.isaac-del-toro.mx\/tirreno-adriatico-2026-etappe-2-preview-del-toro-san-gimignano\/"},"modified":"2026-03-10T00:19:19","modified_gmt":"2026-03-10T06:19:19","slug":"tirreno-adriatico-2026-etappe-2-preview-del-toro-san-gimignano","status":"publish","type":"post","link":"https:\/\/www.isaac-del-toro.mx\/de\/tirreno-adriatico-2026-etappe-2-preview-del-toro-san-gimignano\/","title":{"rendered":"Tirreno-Adriatico: Schotterfinale in San Gimignano wartet auf del Toro"},"content":{"rendered":"\n<p>Die zweite Etappe der Tirreno-Adriatico 2026 verspricht heute ein spannendes Rennen mit einem besonderen Finale. Auf dem 206 Kilometer langen Weg von Camaiore nach San Gimignano m\u00fcssen die Fahrer insgesamt 2.208 H\u00f6henmeter bew\u00e4ltigen, bevor sie das spektakul\u00e4re Schotterfinale in Angriff nehmen.<\/p>\n\n<h2>Anspruchsvolles Streckenprofil<\/h2>\n<p>Der Start erfolgt um 10:55 Uhr in Camaiore. Die Strecke f\u00fchrt durch die toskanische Landschaft und gipfelt in einem besonderen Highlight: Der Schlussanstieg nach San Gimignano wird auf Schotter ausgetragen und weist eine durchschnittliche Steigung von 7,8 Prozent auf. Diese Kombination aus Untergrund und Steigung verspricht ein selektives Finale.<\/p>\n\n<h2>Del Toro als Mitfavorit<\/h2>\n<p>Der mexikanische UAE-Team-Emirates-Profi Isaac del Toro geh\u00f6rt zu den Favoriten f\u00fcr diese anspruchsvolle Etappe. Seine Kletterf\u00e4higkeiten machen ihn zu einem ernstzunehmenden Kandidaten f\u00fcr den Tagessieg auf dem steilen Schotteranstieg zum Ziel. Der junge Mexikaner k\u00f6nnte heute seine Ambitionen im Gesamtklassement unterstreichen.<\/p>\n\n<h2>Entscheidende Phase<\/h2>\n<p>Das ungew\u00f6hnliche Finale auf Schotter wird die Spreu vom Weizen trennen. Die Kombination aus der langen Distanz und dem technisch anspruchsvollen Schlussanstieg erfordert sowohl taktisches Geschick als auch ausgezeichnete Bike-Handling-F\u00e4higkeiten. Die Klassementfahrer m\u00fcssen besonders aufmerksam sein, um keine wertvollen Sekunden zu verlieren.<\/p>\n\n<p>Die Radsportfans k\u00f6nnen sich auf einen spannenden Schlagabtausch auf den malerischen Schotterwegen der Toskana freuen, wenn sich das Peloton dem historischen San Gimignano n\u00e4hert.<\/p>\n","protected":false},"excerpt":{"rendered":"<p>Die zweite Etappe der Tirreno-Adriatico 2026 verspricht heute ein spannendes Rennen mit einem besonderen Finale. Auf dem 206 Kilometer langen [&hellip;]<\/p>\n","protected":false},"author":1,"featured_media":745,"comment_status":"open","ping_status":"open","sticky":false,"template":"","format":"standard","meta":{"footnotes":""},"categories":[73],"tags":[],"class_list":["post-747","post","type-post","status-publish","format-standard","has-post-thumbnail","hentry","category-rennvorschau"],"yoast_head":"<!-- This site is optimized with the Yoast SEO plugin v27.1.1 - https:\/\/yoast.com\/product\/yoast-seo-wordpress\/ -->\n<title>Tirreno-Adriatico: Schotterfinale in San Gimignano erwartet del Toro<\/title>\n<meta name=\"description\" content=\"Die zweite Etappe der Tirreno-Adriatico 2026 f\u00fchrt \u00fcber 206 Kilometer von Camaiore nach San Gimignano. Ein spektakul\u00e4res Schotterfinale wartet auf die Fahrer.\" \/>\n<meta name=\"robots\" content=\"index, follow, max-snippet:-1, max-image-preview:large, max-video-preview:-1\" \/>\n<link rel=\"canonical\" href=\"https:\/\/www.isaac-del-toro.mx\/de\/tirreno-adriatico-2026-etappe-2-preview-del-toro-san-gimignano\/\" \/>\n<meta property=\"og:locale\" content=\"de_DE\" \/>\n<meta property=\"og:type\" content=\"article\" \/>\n<meta property=\"og:title\" content=\"Tirreno-Adriatico: Schotterfinale in San Gimignano erwartet del Toro\" \/>\n<meta property=\"og:description\" content=\"Die zweite Etappe der Tirreno-Adriatico 2026 f\u00fchrt \u00fcber 206 Kilometer von Camaiore nach San Gimignano. Ein spektakul\u00e4res Schotterfinale wartet auf die Fahrer.\" \/>\n<meta property=\"og:url\" content=\"https:\/\/www.isaac-del-toro.mx\/de\/tirreno-adriatico-2026-etappe-2-preview-del-toro-san-gimignano\/\" \/>\n<meta property=\"og:site_name\" content=\"Isaac del Toro Romero\" \/>\n<meta property=\"article:published_time\" content=\"2026-03-10T06:19:19+00:00\" \/>\n<meta property=\"og:image\" content=\"https:\/\/www.isaac-del-toro.mx\/wp-content\/uploads\/2026\/03\/job-4-20260310071847.png\" \/>\n\t<meta property=\"og:image:width\" content=\"1024\" \/>\n\t<meta property=\"og:image:height\" content=\"1024\" \/>\n\t<meta property=\"og:image:type\" content=\"image\/png\" \/>\n<meta name=\"author\" content=\"Frank\" \/>\n<meta name=\"twitter:card\" content=\"summary_large_image\" \/>\n<meta name=\"twitter:label1\" content=\"Verfasst von\" \/>\n\t<meta name=\"twitter:data1\" content=\"Frank\" \/>\n\t<meta name=\"twitter:label2\" content=\"Gesch\u00e4tzte Lesezeit\" \/>\n\t<meta name=\"twitter:data2\" content=\"1\u00a0Minute\" \/>\n<script type=\"application\/ld+json\" class=\"yoast-schema-graph\">{\"@context\":\"https:\/\/schema.org\",\"@graph\":[{\"@type\":\"Article\",\"@id\":\"https:\/\/www.isaac-del-toro.mx\/de\/tirreno-adriatico-2026-etappe-2-preview-del-toro-san-gimignano\/#article\",\"isPartOf\":{\"@id\":\"https:\/\/www.isaac-del-toro.mx\/de\/tirreno-adriatico-2026-etappe-2-preview-del-toro-san-gimignano\/\"},\"author\":{\"name\":\"Frank\",\"@id\":\"https:\/\/www.isaac-del-toro.mx\/de\/#\/schema\/person\/dcd12bccf645d7a2112bdb90aa7ff9f2\"},\"headline\":\"Tirreno-Adriatico: Schotterfinale in San Gimignano wartet auf del Toro\",\"datePublished\":\"2026-03-10T06:19:19+00:00\",\"mainEntityOfPage\":{\"@id\":\"https:\/\/www.isaac-del-toro.mx\/de\/tirreno-adriatico-2026-etappe-2-preview-del-toro-san-gimignano\/\"},\"wordCount\":224,\"commentCount\":0,\"publisher\":{\"@id\":\"https:\/\/www.isaac-del-toro.mx\/de\/#\/schema\/person\/7cbbcf16bd93d1b98eeb4ab7a1fbd7ba\"},\"image\":{\"@id\":\"https:\/\/www.isaac-del-toro.mx\/de\/tirreno-adriatico-2026-etappe-2-preview-del-toro-san-gimignano\/#primaryimage\"},\"thumbnailUrl\":\"https:\/\/www.isaac-del-toro.mx\/wp-content\/uploads\/2026\/03\/job-4-20260310071847.png\",\"articleSection\":[\"Rennvorschau\"],\"inLanguage\":\"de\",\"potentialAction\":[{\"@type\":\"CommentAction\",\"name\":\"Comment\",\"target\":[\"https:\/\/www.isaac-del-toro.mx\/de\/tirreno-adriatico-2026-etappe-2-preview-del-toro-san-gimignano\/#respond\"]}]},{\"@type\":\"WebPage\",\"@id\":\"https:\/\/www.isaac-del-toro.mx\/de\/tirreno-adriatico-2026-etappe-2-preview-del-toro-san-gimignano\/\",\"url\":\"https:\/\/www.isaac-del-toro.mx\/de\/tirreno-adriatico-2026-etappe-2-preview-del-toro-san-gimignano\/\",\"name\":\"Tirreno-Adriatico: Schotterfinale in San Gimignano erwartet del Toro\",\"isPartOf\":{\"@id\":\"https:\/\/www.isaac-del-toro.mx\/de\/#website\"},\"primaryImageOfPage\":{\"@id\":\"https:\/\/www.isaac-del-toro.mx\/de\/tirreno-adriatico-2026-etappe-2-preview-del-toro-san-gimignano\/#primaryimage\"},\"image\":{\"@id\":\"https:\/\/www.isaac-del-toro.mx\/de\/tirreno-adriatico-2026-etappe-2-preview-del-toro-san-gimignano\/#primaryimage\"},\"thumbnailUrl\":\"https:\/\/www.isaac-del-toro.mx\/wp-content\/uploads\/2026\/03\/job-4-20260310071847.png\",\"datePublished\":\"2026-03-10T06:19:19+00:00\",\"description\":\"Die zweite Etappe der Tirreno-Adriatico 2026 f\u00fchrt \u00fcber 206 Kilometer von Camaiore nach San Gimignano. Ein spektakul\u00e4res Schotterfinale wartet auf die Fahrer.\",\"breadcrumb\":{\"@id\":\"https:\/\/www.isaac-del-toro.mx\/de\/tirreno-adriatico-2026-etappe-2-preview-del-toro-san-gimignano\/#breadcrumb\"},\"inLanguage\":\"de\",\"potentialAction\":[{\"@type\":\"ReadAction\",\"target\":[\"https:\/\/www.isaac-del-toro.mx\/de\/tirreno-adriatico-2026-etappe-2-preview-del-toro-san-gimignano\/\"]}]},{\"@type\":\"ImageObject\",\"inLanguage\":\"de\",\"@id\":\"https:\/\/www.isaac-del-toro.mx\/de\/tirreno-adriatico-2026-etappe-2-preview-del-toro-san-gimignano\/#primaryimage\",\"url\":\"https:\/\/www.isaac-del-toro.mx\/wp-content\/uploads\/2026\/03\/job-4-20260310071847.png\",\"contentUrl\":\"https:\/\/www.isaac-del-toro.mx\/wp-content\/uploads\/2026\/03\/job-4-20260310071847.png\",\"width\":1024,\"height\":1024,\"caption\":\"Ciclista ascendiendo una carretera de grava hacia la cima en San Gimignano, con paisaje toscano de fondo.\"},{\"@type\":\"BreadcrumbList\",\"@id\":\"https:\/\/www.isaac-del-toro.mx\/de\/tirreno-adriatico-2026-etappe-2-preview-del-toro-san-gimignano\/#breadcrumb\",\"itemListElement\":[{\"@type\":\"ListItem\",\"position\":1,\"name\":\"Start\",\"item\":\"https:\/\/www.isaac-del-toro.mx\/de\/\"},{\"@type\":\"ListItem\",\"position\":2,\"name\":\"Tirreno-Adriatico: Schotterfinale in San Gimignano wartet auf del Toro\"}]},{\"@type\":\"WebSite\",\"@id\":\"https:\/\/www.isaac-del-toro.mx\/de\/#website\",\"url\":\"https:\/\/www.isaac-del-toro.mx\/de\/\",\"name\":\"Isaac del Toro Romero\",\"description\":\"\",\"publisher\":{\"@id\":\"https:\/\/www.isaac-del-toro.mx\/de\/#\/schema\/person\/7cbbcf16bd93d1b98eeb4ab7a1fbd7ba\"},\"potentialAction\":[{\"@type\":\"SearchAction\",\"target\":{\"@type\":\"EntryPoint\",\"urlTemplate\":\"https:\/\/www.isaac-del-toro.mx\/de\/?s={search_term_string}\"},\"query-input\":{\"@type\":\"PropertyValueSpecification\",\"valueRequired\":true,\"valueName\":\"search_term_string\"}}],\"inLanguage\":\"de\"},{\"@type\":[\"Person\",\"Organization\"],\"@id\":\"https:\/\/www.isaac-del-toro.mx\/de\/#\/schema\/person\/7cbbcf16bd93d1b98eeb4ab7a1fbd7ba\",\"name\":\"Isaac del Toro Romero\",\"logo\":{\"@id\":\"https:\/\/www.isaac-del-toro.mx\/de\/#\/schema\/person\/image\/\"}},{\"@type\":\"Person\",\"@id\":\"https:\/\/www.isaac-del-toro.mx\/de\/#\/schema\/person\/dcd12bccf645d7a2112bdb90aa7ff9f2\",\"name\":\"Frank\",\"sameAs\":[\"https:\/\/www.isaac-del-toro.mx\"],\"url\":\"https:\/\/www.isaac-del-toro.mx\/de\/author\/frank-kuglerwebarbeit-net\/\"}]}<\/script>\n<!-- \/ Yoast SEO plugin. -->","yoast_head_json":{"title":"Tirreno-Adriatico: Schotterfinale in San Gimignano erwartet del Toro","description":"Die zweite Etappe der Tirreno-Adriatico 2026 f\u00fchrt \u00fcber 206 Kilometer von Camaiore nach San Gimignano. Ein spektakul\u00e4res Schotterfinale wartet auf die Fahrer.","robots":{"index":"index","follow":"follow","max-snippet":"max-snippet:-1","max-image-preview":"max-image-preview:large","max-video-preview":"max-video-preview:-1"},"canonical":"https:\/\/www.isaac-del-toro.mx\/de\/tirreno-adriatico-2026-etappe-2-preview-del-toro-san-gimignano\/","og_locale":"de_DE","og_type":"article","og_title":"Tirreno-Adriatico: Schotterfinale in San Gimignano erwartet del Toro","og_description":"Die zweite Etappe der Tirreno-Adriatico 2026 f\u00fchrt \u00fcber 206 Kilometer von Camaiore nach San Gimignano. Ein spektakul\u00e4res Schotterfinale wartet auf die Fahrer.","og_url":"https:\/\/www.isaac-del-toro.mx\/de\/tirreno-adriatico-2026-etappe-2-preview-del-toro-san-gimignano\/","og_site_name":"Isaac del Toro Romero","article_published_time":"2026-03-10T06:19:19+00:00","og_image":[{"width":1024,"height":1024,"url":"https:\/\/www.isaac-del-toro.mx\/wp-content\/uploads\/2026\/03\/job-4-20260310071847.png","type":"image\/png"}],"author":"Frank","twitter_card":"summary_large_image","twitter_misc":{"Verfasst von":"Frank","Gesch\u00e4tzte Lesezeit":"1\u00a0Minute"},"schema":{"@context":"https:\/\/schema.org","@graph":[{"@type":"Article","@id":"https:\/\/www.isaac-del-toro.mx\/de\/tirreno-adriatico-2026-etappe-2-preview-del-toro-san-gimignano\/#article","isPartOf":{"@id":"https:\/\/www.isaac-del-toro.mx\/de\/tirreno-adriatico-2026-etappe-2-preview-del-toro-san-gimignano\/"},"author":{"name":"Frank","@id":"https:\/\/www.isaac-del-toro.mx\/de\/#\/schema\/person\/dcd12bccf645d7a2112bdb90aa7ff9f2"},"headline":"Tirreno-Adriatico: Schotterfinale in San Gimignano wartet auf del Toro","datePublished":"2026-03-10T06:19:19+00:00","mainEntityOfPage":{"@id":"https:\/\/www.isaac-del-toro.mx\/de\/tirreno-adriatico-2026-etappe-2-preview-del-toro-san-gimignano\/"},"wordCount":224,"commentCount":0,"publisher":{"@id":"https:\/\/www.isaac-del-toro.mx\/de\/#\/schema\/person\/7cbbcf16bd93d1b98eeb4ab7a1fbd7ba"},"image":{"@id":"https:\/\/www.isaac-del-toro.mx\/de\/tirreno-adriatico-2026-etappe-2-preview-del-toro-san-gimignano\/#primaryimage"},"thumbnailUrl":"https:\/\/www.isaac-del-toro.mx\/wp-content\/uploads\/2026\/03\/job-4-20260310071847.png","articleSection":["Rennvorschau"],"inLanguage":"de","potentialAction":[{"@type":"CommentAction","name":"Comment","target":["https:\/\/www.isaac-del-toro.mx\/de\/tirreno-adriatico-2026-etappe-2-preview-del-toro-san-gimignano\/#respond"]}]},{"@type":"WebPage","@id":"https:\/\/www.isaac-del-toro.mx\/de\/tirreno-adriatico-2026-etappe-2-preview-del-toro-san-gimignano\/","url":"https:\/\/www.isaac-del-toro.mx\/de\/tirreno-adriatico-2026-etappe-2-preview-del-toro-san-gimignano\/","name":"Tirreno-Adriatico: Schotterfinale in San Gimignano erwartet del Toro","isPartOf":{"@id":"https:\/\/www.isaac-del-toro.mx\/de\/#website"},"primaryImageOfPage":{"@id":"https:\/\/www.isaac-del-toro.mx\/de\/tirreno-adriatico-2026-etappe-2-preview-del-toro-san-gimignano\/#primaryimage"},"image":{"@id":"https:\/\/www.isaac-del-toro.mx\/de\/tirreno-adriatico-2026-etappe-2-preview-del-toro-san-gimignano\/#primaryimage"},"thumbnailUrl":"https:\/\/www.isaac-del-toro.mx\/wp-content\/uploads\/2026\/03\/job-4-20260310071847.png","datePublished":"2026-03-10T06:19:19+00:00","description":"Die zweite Etappe der Tirreno-Adriatico 2026 f\u00fchrt \u00fcber 206 Kilometer von Camaiore nach San Gimignano. Ein spektakul\u00e4res Schotterfinale wartet auf die Fahrer.","breadcrumb":{"@id":"https:\/\/www.isaac-del-toro.mx\/de\/tirreno-adriatico-2026-etappe-2-preview-del-toro-san-gimignano\/#breadcrumb"},"inLanguage":"de","potentialAction":[{"@type":"ReadAction","target":["https:\/\/www.isaac-del-toro.mx\/de\/tirreno-adriatico-2026-etappe-2-preview-del-toro-san-gimignano\/"]}]},{"@type":"ImageObject","inLanguage":"de","@id":"https:\/\/www.isaac-del-toro.mx\/de\/tirreno-adriatico-2026-etappe-2-preview-del-toro-san-gimignano\/#primaryimage","url":"https:\/\/www.isaac-del-toro.mx\/wp-content\/uploads\/2026\/03\/job-4-20260310071847.png","contentUrl":"https:\/\/www.isaac-del-toro.mx\/wp-content\/uploads\/2026\/03\/job-4-20260310071847.png","width":1024,"height":1024,"caption":"Ciclista ascendiendo una carretera de grava hacia la cima en San Gimignano, con paisaje toscano de fondo."},{"@type":"BreadcrumbList","@id":"https:\/\/www.isaac-del-toro.mx\/de\/tirreno-adriatico-2026-etappe-2-preview-del-toro-san-gimignano\/#breadcrumb","itemListElement":[{"@type":"ListItem","position":1,"name":"Start","item":"https:\/\/www.isaac-del-toro.mx\/de\/"},{"@type":"ListItem","position":2,"name":"Tirreno-Adriatico: Schotterfinale in San Gimignano wartet auf del Toro"}]},{"@type":"WebSite","@id":"https:\/\/www.isaac-del-toro.mx\/de\/#website","url":"https:\/\/www.isaac-del-toro.mx\/de\/","name":"Isaac del Toro Romero","description":"","publisher":{"@id":"https:\/\/www.isaac-del-toro.mx\/de\/#\/schema\/person\/7cbbcf16bd93d1b98eeb4ab7a1fbd7ba"},"potentialAction":[{"@type":"SearchAction","target":{"@type":"EntryPoint","urlTemplate":"https:\/\/www.isaac-del-toro.mx\/de\/?s={search_term_string}"},"query-input":{"@type":"PropertyValueSpecification","valueRequired":true,"valueName":"search_term_string"}}],"inLanguage":"de"},{"@type":["Person","Organization"],"@id":"https:\/\/www.isaac-del-toro.mx\/de\/#\/schema\/person\/7cbbcf16bd93d1b98eeb4ab7a1fbd7ba","name":"Isaac del Toro Romero","logo":{"@id":"https:\/\/www.isaac-del-toro.mx\/de\/#\/schema\/person\/image\/"}},{"@type":"Person","@id":"https:\/\/www.isaac-del-toro.mx\/de\/#\/schema\/person\/dcd12bccf645d7a2112bdb90aa7ff9f2","name":"Frank","sameAs":["https:\/\/www.isaac-del-toro.mx"],"url":"https:\/\/www.isaac-del-toro.mx\/de\/author\/frank-kuglerwebarbeit-net\/"}]}},"_links":{"self":[{"href":"https:\/\/www.isaac-del-toro.mx\/de\/wp-json\/wp\/v2\/posts\/747","targetHints":{"allow":["GET"]}}],"collection":[{"href":"https:\/\/www.isaac-del-toro.mx\/de\/wp-json\/wp\/v2\/posts"}],"about":[{"href":"https:\/\/www.isaac-del-toro.mx\/de\/wp-json\/wp\/v2\/types\/post"}],"author":[{"embeddable":true,"href":"https:\/\/www.isaac-del-toro.mx\/de\/wp-json\/wp\/v2\/users\/1"}],"replies":[{"embeddable":true,"href":"https:\/\/www.isaac-del-toro.mx\/de\/wp-json\/wp\/v2\/comments?post=747"}],"version-history":[{"count":0,"href":"https:\/\/www.isaac-del-toro.mx\/de\/wp-json\/wp\/v2\/posts\/747\/revisions"}],"wp:featuredmedia":[{"embeddable":true,"href":"https:\/\/www.isaac-del-toro.mx\/de\/wp-json\/wp\/v2\/media\/745"}],"wp:attachment":[{"href":"https:\/\/www.isaac-del-toro.mx\/de\/wp-json\/wp\/v2\/media?parent=747"}],"wp:term":[{"taxonomy":"category","embeddable":true,"href":"https:\/\/www.isaac-del-toro.mx\/de\/wp-json\/wp\/v2\/categories?post=747"},{"taxonomy":"post_tag","embeddable":true,"href":"https:\/\/www.isaac-del-toro.mx\/de\/wp-json\/wp\/v2\/tags?post=747"}],"curies":[{"name":"wp","href":"https:\/\/api.w.org\/{rel}","templated":true}]}}