{"id":753,"date":"2026-03-10T09:19:11","date_gmt":"2026-03-10T15:19:11","guid":{"rendered":"https:\/\/www.isaac-del-toro.mx\/del-toro-zweiter-van-der-poel-siegt-tirreno-adriatico-etappe-2\/"},"modified":"2026-03-10T09:19:11","modified_gmt":"2026-03-10T15:19:11","slug":"del-toro-zweiter-van-der-poel-siegt-tirreno-adriatico-etappe-2","status":"publish","type":"post","link":"https:\/\/www.isaac-del-toro.mx\/de\/del-toro-zweiter-van-der-poel-siegt-tirreno-adriatico-etappe-2\/","title":{"rendered":"Del Toro knapp geschlagen: Van der Poel gewinnt zweite Etappe der Tirreno-Adriatico"},"content":{"rendered":"\n<p>Der mexikanische UAE-Team-Emirates-Fahrer Isaac del Toro hat bei der zweiten Etappe der Tirreno-Adriatico 2026 einen herausragenden zweiten Platz belegt. Im Sprint einer kleinen Spitzengruppe musste sich del Toro nur knapp dem Niederl\u00e4nder Mathieu van der Poel geschlagen geben.<\/p>\n\n<h2>Spannendes Finale in San Gimignano<\/h2>\n<p>Nach 206,16 Kilometern von Camaiore nach San Gimignano entwickelte sich ein packender Dreikampf zwischen van der Poel, del Toro und Giulio Pellizzari. Der erfahrene van der Poel setzte sich im Zielsprint durch und sicherte sich den Tagessieg in einer Zeit von 4:53:23 Stunden. Del Toro \u00fcberquerte zeitgleich als Zweiter die Ziellinie.<\/p>\n\n<h2>Herausfordernde Bedingungen<\/h2>\n<p>Die Etappe wurde durch regnerische Bedingungen zus\u00e4tzlich erschwert, was besonders in den Schotterpassagen f\u00fcr anspruchsvolle Verh\u00e4ltnisse sorgte. Trotz der widrigen Umst\u00e4nde zeigte del Toro eine taktisch kluge und physisch starke Leistung.<\/p>\n\n<h2>Del Toros beeindruckende Vorstellung<\/h2>\n<p>Der junge Mexikaner bewies mit seiner Platzierung erneut sein au\u00dfergew\u00f6hnliches Talent. In den entscheidenden Kilometern hielt er nicht nur mit dem Tempo der Spitzengruppe mit, sondern geh\u00f6rte zu den aktivsten Fahrern im Finale. Seine Leistung unterstreicht seine zunehmende Bedeutung im Profi-Peloton.<\/p>\n","protected":false},"excerpt":{"rendered":"<p>Der mexikanische UAE-Team-Emirates-Fahrer Isaac del Toro hat bei der zweiten Etappe der Tirreno-Adriatico 2026 einen herausragenden zweiten Platz belegt. Im [&hellip;]<\/p>\n","protected":false},"author":1,"featured_media":751,"comment_status":"open","ping_status":"open","sticky":false,"template":"","format":"standard","meta":{"footnotes":""},"categories":[69],"tags":[],"class_list":["post-753","post","type-post","status-publish","format-standard","has-post-thumbnail","hentry","category-rennbericht"],"yoast_head":"<!-- This site is optimized with the Yoast SEO plugin v27.1.1 - https:\/\/yoast.com\/product\/yoast-seo-wordpress\/ -->\n<title>Tirreno-Adriatico: Del Toro wird Zweiter hinter Van der Poel<\/title>\n<meta name=\"description\" content=\"Der mexikanische Nachwuchsstar Isaac del Toro erreicht bei der zweiten Etappe der Tirreno-Adriatico 2026 einen beeindruckenden zweiten Platz hinter Mathieu van der Poel.\" \/>\n<meta name=\"robots\" content=\"index, follow, max-snippet:-1, max-image-preview:large, max-video-preview:-1\" \/>\n<link rel=\"canonical\" href=\"https:\/\/www.isaac-del-toro.mx\/de\/del-toro-zweiter-van-der-poel-siegt-tirreno-adriatico-etappe-2\/\" \/>\n<meta property=\"og:locale\" content=\"de_DE\" \/>\n<meta property=\"og:type\" content=\"article\" \/>\n<meta property=\"og:title\" content=\"Tirreno-Adriatico: Del Toro wird Zweiter hinter Van der Poel\" \/>\n<meta property=\"og:description\" content=\"Der mexikanische Nachwuchsstar Isaac del Toro erreicht bei der zweiten Etappe der Tirreno-Adriatico 2026 einen beeindruckenden zweiten Platz hinter Mathieu van der Poel.\" \/>\n<meta property=\"og:url\" content=\"https:\/\/www.isaac-del-toro.mx\/de\/del-toro-zweiter-van-der-poel-siegt-tirreno-adriatico-etappe-2\/\" \/>\n<meta property=\"og:site_name\" content=\"Isaac del Toro Romero\" \/>\n<meta property=\"article:published_time\" content=\"2026-03-10T15:19:11+00:00\" \/>\n<meta property=\"og:image\" content=\"https:\/\/www.isaac-del-toro.mx\/wp-content\/uploads\/2026\/03\/job-5-20260310161842.png\" \/>\n\t<meta property=\"og:image:width\" content=\"1024\" \/>\n\t<meta property=\"og:image:height\" content=\"1024\" \/>\n\t<meta property=\"og:image:type\" content=\"image\/png\" \/>\n<meta name=\"author\" content=\"Frank\" \/>\n<meta name=\"twitter:card\" content=\"summary_large_image\" \/>\n<meta name=\"twitter:label1\" content=\"Verfasst von\" \/>\n\t<meta name=\"twitter:data1\" content=\"Frank\" \/>\n\t<meta name=\"twitter:label2\" content=\"Gesch\u00e4tzte Lesezeit\" \/>\n\t<meta name=\"twitter:data2\" content=\"1\u00a0Minute\" \/>\n<script type=\"application\/ld+json\" class=\"yoast-schema-graph\">{\"@context\":\"https:\/\/schema.org\",\"@graph\":[{\"@type\":\"Article\",\"@id\":\"https:\/\/www.isaac-del-toro.mx\/de\/del-toro-zweiter-van-der-poel-siegt-tirreno-adriatico-etappe-2\/#article\",\"isPartOf\":{\"@id\":\"https:\/\/www.isaac-del-toro.mx\/de\/del-toro-zweiter-van-der-poel-siegt-tirreno-adriatico-etappe-2\/\"},\"author\":{\"name\":\"Frank\",\"@id\":\"https:\/\/www.isaac-del-toro.mx\/de\/#\/schema\/person\/dcd12bccf645d7a2112bdb90aa7ff9f2\"},\"headline\":\"Del Toro knapp geschlagen: Van der Poel gewinnt zweite Etappe der Tirreno-Adriatico\",\"datePublished\":\"2026-03-10T15:19:11+00:00\",\"mainEntityOfPage\":{\"@id\":\"https:\/\/www.isaac-del-toro.mx\/de\/del-toro-zweiter-van-der-poel-siegt-tirreno-adriatico-etappe-2\/\"},\"wordCount\":189,\"commentCount\":0,\"publisher\":{\"@id\":\"https:\/\/www.isaac-del-toro.mx\/de\/#\/schema\/person\/7cbbcf16bd93d1b98eeb4ab7a1fbd7ba\"},\"image\":{\"@id\":\"https:\/\/www.isaac-del-toro.mx\/de\/del-toro-zweiter-van-der-poel-siegt-tirreno-adriatico-etappe-2\/#primaryimage\"},\"thumbnailUrl\":\"https:\/\/www.isaac-del-toro.mx\/wp-content\/uploads\/2026\/03\/job-5-20260310161842.png\",\"articleSection\":[\"Rennbericht\"],\"inLanguage\":\"de\",\"potentialAction\":[{\"@type\":\"CommentAction\",\"name\":\"Comment\",\"target\":[\"https:\/\/www.isaac-del-toro.mx\/de\/del-toro-zweiter-van-der-poel-siegt-tirreno-adriatico-etappe-2\/#respond\"]}]},{\"@type\":\"WebPage\",\"@id\":\"https:\/\/www.isaac-del-toro.mx\/de\/del-toro-zweiter-van-der-poel-siegt-tirreno-adriatico-etappe-2\/\",\"url\":\"https:\/\/www.isaac-del-toro.mx\/de\/del-toro-zweiter-van-der-poel-siegt-tirreno-adriatico-etappe-2\/\",\"name\":\"Tirreno-Adriatico: Del Toro wird Zweiter hinter Van der Poel\",\"isPartOf\":{\"@id\":\"https:\/\/www.isaac-del-toro.mx\/de\/#website\"},\"primaryImageOfPage\":{\"@id\":\"https:\/\/www.isaac-del-toro.mx\/de\/del-toro-zweiter-van-der-poel-siegt-tirreno-adriatico-etappe-2\/#primaryimage\"},\"image\":{\"@id\":\"https:\/\/www.isaac-del-toro.mx\/de\/del-toro-zweiter-van-der-poel-siegt-tirreno-adriatico-etappe-2\/#primaryimage\"},\"thumbnailUrl\":\"https:\/\/www.isaac-del-toro.mx\/wp-content\/uploads\/2026\/03\/job-5-20260310161842.png\",\"datePublished\":\"2026-03-10T15:19:11+00:00\",\"description\":\"Der mexikanische Nachwuchsstar Isaac del Toro erreicht bei der zweiten Etappe der Tirreno-Adriatico 2026 einen beeindruckenden zweiten Platz hinter Mathieu van der Poel.\",\"breadcrumb\":{\"@id\":\"https:\/\/www.isaac-del-toro.mx\/de\/del-toro-zweiter-van-der-poel-siegt-tirreno-adriatico-etappe-2\/#breadcrumb\"},\"inLanguage\":\"de\",\"potentialAction\":[{\"@type\":\"ReadAction\",\"target\":[\"https:\/\/www.isaac-del-toro.mx\/de\/del-toro-zweiter-van-der-poel-siegt-tirreno-adriatico-etappe-2\/\"]}]},{\"@type\":\"ImageObject\",\"inLanguage\":\"de\",\"@id\":\"https:\/\/www.isaac-del-toro.mx\/de\/del-toro-zweiter-van-der-poel-siegt-tirreno-adriatico-etappe-2\/#primaryimage\",\"url\":\"https:\/\/www.isaac-del-toro.mx\/wp-content\/uploads\/2026\/03\/job-5-20260310161842.png\",\"contentUrl\":\"https:\/\/www.isaac-del-toro.mx\/wp-content\/uploads\/2026\/03\/job-5-20260310161842.png\",\"width\":1024,\"height\":1024,\"caption\":\"Isaac del Toro compitiendo en un sprint final bajo la lluvia durante la Etapa 2 del Tirreno-Adriatico 2026.\"},{\"@type\":\"BreadcrumbList\",\"@id\":\"https:\/\/www.isaac-del-toro.mx\/de\/del-toro-zweiter-van-der-poel-siegt-tirreno-adriatico-etappe-2\/#breadcrumb\",\"itemListElement\":[{\"@type\":\"ListItem\",\"position\":1,\"name\":\"Start\",\"item\":\"https:\/\/www.isaac-del-toro.mx\/de\/\"},{\"@type\":\"ListItem\",\"position\":2,\"name\":\"Del Toro knapp geschlagen: Van der Poel gewinnt zweite Etappe der Tirreno-Adriatico\"}]},{\"@type\":\"WebSite\",\"@id\":\"https:\/\/www.isaac-del-toro.mx\/de\/#website\",\"url\":\"https:\/\/www.isaac-del-toro.mx\/de\/\",\"name\":\"Isaac del Toro Romero\",\"description\":\"\",\"publisher\":{\"@id\":\"https:\/\/www.isaac-del-toro.mx\/de\/#\/schema\/person\/7cbbcf16bd93d1b98eeb4ab7a1fbd7ba\"},\"potentialAction\":[{\"@type\":\"SearchAction\",\"target\":{\"@type\":\"EntryPoint\",\"urlTemplate\":\"https:\/\/www.isaac-del-toro.mx\/de\/?s={search_term_string}\"},\"query-input\":{\"@type\":\"PropertyValueSpecification\",\"valueRequired\":true,\"valueName\":\"search_term_string\"}}],\"inLanguage\":\"de\"},{\"@type\":[\"Person\",\"Organization\"],\"@id\":\"https:\/\/www.isaac-del-toro.mx\/de\/#\/schema\/person\/7cbbcf16bd93d1b98eeb4ab7a1fbd7ba\",\"name\":\"Isaac del Toro Romero\",\"logo\":{\"@id\":\"https:\/\/www.isaac-del-toro.mx\/de\/#\/schema\/person\/image\/\"}},{\"@type\":\"Person\",\"@id\":\"https:\/\/www.isaac-del-toro.mx\/de\/#\/schema\/person\/dcd12bccf645d7a2112bdb90aa7ff9f2\",\"name\":\"Frank\",\"sameAs\":[\"https:\/\/www.isaac-del-toro.mx\"],\"url\":\"https:\/\/www.isaac-del-toro.mx\/de\/author\/frank-kuglerwebarbeit-net\/\"}]}<\/script>\n<!-- \/ Yoast SEO plugin. -->","yoast_head_json":{"title":"Tirreno-Adriatico: Del Toro wird Zweiter hinter Van der Poel","description":"Der mexikanische Nachwuchsstar Isaac del Toro erreicht bei der zweiten Etappe der Tirreno-Adriatico 2026 einen beeindruckenden zweiten Platz hinter Mathieu van der Poel.","robots":{"index":"index","follow":"follow","max-snippet":"max-snippet:-1","max-image-preview":"max-image-preview:large","max-video-preview":"max-video-preview:-1"},"canonical":"https:\/\/www.isaac-del-toro.mx\/de\/del-toro-zweiter-van-der-poel-siegt-tirreno-adriatico-etappe-2\/","og_locale":"de_DE","og_type":"article","og_title":"Tirreno-Adriatico: Del Toro wird Zweiter hinter Van der Poel","og_description":"Der mexikanische Nachwuchsstar Isaac del Toro erreicht bei der zweiten Etappe der Tirreno-Adriatico 2026 einen beeindruckenden zweiten Platz hinter Mathieu van der Poel.","og_url":"https:\/\/www.isaac-del-toro.mx\/de\/del-toro-zweiter-van-der-poel-siegt-tirreno-adriatico-etappe-2\/","og_site_name":"Isaac del Toro Romero","article_published_time":"2026-03-10T15:19:11+00:00","og_image":[{"width":1024,"height":1024,"url":"https:\/\/www.isaac-del-toro.mx\/wp-content\/uploads\/2026\/03\/job-5-20260310161842.png","type":"image\/png"}],"author":"Frank","twitter_card":"summary_large_image","twitter_misc":{"Verfasst von":"Frank","Gesch\u00e4tzte Lesezeit":"1\u00a0Minute"},"schema":{"@context":"https:\/\/schema.org","@graph":[{"@type":"Article","@id":"https:\/\/www.isaac-del-toro.mx\/de\/del-toro-zweiter-van-der-poel-siegt-tirreno-adriatico-etappe-2\/#article","isPartOf":{"@id":"https:\/\/www.isaac-del-toro.mx\/de\/del-toro-zweiter-van-der-poel-siegt-tirreno-adriatico-etappe-2\/"},"author":{"name":"Frank","@id":"https:\/\/www.isaac-del-toro.mx\/de\/#\/schema\/person\/dcd12bccf645d7a2112bdb90aa7ff9f2"},"headline":"Del Toro knapp geschlagen: Van der Poel gewinnt zweite Etappe der Tirreno-Adriatico","datePublished":"2026-03-10T15:19:11+00:00","mainEntityOfPage":{"@id":"https:\/\/www.isaac-del-toro.mx\/de\/del-toro-zweiter-van-der-poel-siegt-tirreno-adriatico-etappe-2\/"},"wordCount":189,"commentCount":0,"publisher":{"@id":"https:\/\/www.isaac-del-toro.mx\/de\/#\/schema\/person\/7cbbcf16bd93d1b98eeb4ab7a1fbd7ba"},"image":{"@id":"https:\/\/www.isaac-del-toro.mx\/de\/del-toro-zweiter-van-der-poel-siegt-tirreno-adriatico-etappe-2\/#primaryimage"},"thumbnailUrl":"https:\/\/www.isaac-del-toro.mx\/wp-content\/uploads\/2026\/03\/job-5-20260310161842.png","articleSection":["Rennbericht"],"inLanguage":"de","potentialAction":[{"@type":"CommentAction","name":"Comment","target":["https:\/\/www.isaac-del-toro.mx\/de\/del-toro-zweiter-van-der-poel-siegt-tirreno-adriatico-etappe-2\/#respond"]}]},{"@type":"WebPage","@id":"https:\/\/www.isaac-del-toro.mx\/de\/del-toro-zweiter-van-der-poel-siegt-tirreno-adriatico-etappe-2\/","url":"https:\/\/www.isaac-del-toro.mx\/de\/del-toro-zweiter-van-der-poel-siegt-tirreno-adriatico-etappe-2\/","name":"Tirreno-Adriatico: Del Toro wird Zweiter hinter Van der Poel","isPartOf":{"@id":"https:\/\/www.isaac-del-toro.mx\/de\/#website"},"primaryImageOfPage":{"@id":"https:\/\/www.isaac-del-toro.mx\/de\/del-toro-zweiter-van-der-poel-siegt-tirreno-adriatico-etappe-2\/#primaryimage"},"image":{"@id":"https:\/\/www.isaac-del-toro.mx\/de\/del-toro-zweiter-van-der-poel-siegt-tirreno-adriatico-etappe-2\/#primaryimage"},"thumbnailUrl":"https:\/\/www.isaac-del-toro.mx\/wp-content\/uploads\/2026\/03\/job-5-20260310161842.png","datePublished":"2026-03-10T15:19:11+00:00","description":"Der mexikanische Nachwuchsstar Isaac del Toro erreicht bei der zweiten Etappe der Tirreno-Adriatico 2026 einen beeindruckenden zweiten Platz hinter Mathieu van der Poel.","breadcrumb":{"@id":"https:\/\/www.isaac-del-toro.mx\/de\/del-toro-zweiter-van-der-poel-siegt-tirreno-adriatico-etappe-2\/#breadcrumb"},"inLanguage":"de","potentialAction":[{"@type":"ReadAction","target":["https:\/\/www.isaac-del-toro.mx\/de\/del-toro-zweiter-van-der-poel-siegt-tirreno-adriatico-etappe-2\/"]}]},{"@type":"ImageObject","inLanguage":"de","@id":"https:\/\/www.isaac-del-toro.mx\/de\/del-toro-zweiter-van-der-poel-siegt-tirreno-adriatico-etappe-2\/#primaryimage","url":"https:\/\/www.isaac-del-toro.mx\/wp-content\/uploads\/2026\/03\/job-5-20260310161842.png","contentUrl":"https:\/\/www.isaac-del-toro.mx\/wp-content\/uploads\/2026\/03\/job-5-20260310161842.png","width":1024,"height":1024,"caption":"Isaac del Toro compitiendo en un sprint final bajo la lluvia durante la Etapa 2 del Tirreno-Adriatico 2026."},{"@type":"BreadcrumbList","@id":"https:\/\/www.isaac-del-toro.mx\/de\/del-toro-zweiter-van-der-poel-siegt-tirreno-adriatico-etappe-2\/#breadcrumb","itemListElement":[{"@type":"ListItem","position":1,"name":"Start","item":"https:\/\/www.isaac-del-toro.mx\/de\/"},{"@type":"ListItem","position":2,"name":"Del Toro knapp geschlagen: Van der Poel gewinnt zweite Etappe der Tirreno-Adriatico"}]},{"@type":"WebSite","@id":"https:\/\/www.isaac-del-toro.mx\/de\/#website","url":"https:\/\/www.isaac-del-toro.mx\/de\/","name":"Isaac del Toro Romero","description":"","publisher":{"@id":"https:\/\/www.isaac-del-toro.mx\/de\/#\/schema\/person\/7cbbcf16bd93d1b98eeb4ab7a1fbd7ba"},"potentialAction":[{"@type":"SearchAction","target":{"@type":"EntryPoint","urlTemplate":"https:\/\/www.isaac-del-toro.mx\/de\/?s={search_term_string}"},"query-input":{"@type":"PropertyValueSpecification","valueRequired":true,"valueName":"search_term_string"}}],"inLanguage":"de"},{"@type":["Person","Organization"],"@id":"https:\/\/www.isaac-del-toro.mx\/de\/#\/schema\/person\/7cbbcf16bd93d1b98eeb4ab7a1fbd7ba","name":"Isaac del Toro Romero","logo":{"@id":"https:\/\/www.isaac-del-toro.mx\/de\/#\/schema\/person\/image\/"}},{"@type":"Person","@id":"https:\/\/www.isaac-del-toro.mx\/de\/#\/schema\/person\/dcd12bccf645d7a2112bdb90aa7ff9f2","name":"Frank","sameAs":["https:\/\/www.isaac-del-toro.mx"],"url":"https:\/\/www.isaac-del-toro.mx\/de\/author\/frank-kuglerwebarbeit-net\/"}]}},"_links":{"self":[{"href":"https:\/\/www.isaac-del-toro.mx\/de\/wp-json\/wp\/v2\/posts\/753","targetHints":{"allow":["GET"]}}],"collection":[{"href":"https:\/\/www.isaac-del-toro.mx\/de\/wp-json\/wp\/v2\/posts"}],"about":[{"href":"https:\/\/www.isaac-del-toro.mx\/de\/wp-json\/wp\/v2\/types\/post"}],"author":[{"embeddable":true,"href":"https:\/\/www.isaac-del-toro.mx\/de\/wp-json\/wp\/v2\/users\/1"}],"replies":[{"embeddable":true,"href":"https:\/\/www.isaac-del-toro.mx\/de\/wp-json\/wp\/v2\/comments?post=753"}],"version-history":[{"count":1,"href":"https:\/\/www.isaac-del-toro.mx\/de\/wp-json\/wp\/v2\/posts\/753\/revisions"}],"predecessor-version":[{"id":769,"href":"https:\/\/www.isaac-del-toro.mx\/de\/wp-json\/wp\/v2\/posts\/753\/revisions\/769"}],"wp:featuredmedia":[{"embeddable":true,"href":"https:\/\/www.isaac-del-toro.mx\/de\/wp-json\/wp\/v2\/media\/751"}],"wp:attachment":[{"href":"https:\/\/www.isaac-del-toro.mx\/de\/wp-json\/wp\/v2\/media?parent=753"}],"wp:term":[{"taxonomy":"category","embeddable":true,"href":"https:\/\/www.isaac-del-toro.mx\/de\/wp-json\/wp\/v2\/categories?post=753"},{"taxonomy":"post_tag","embeddable":true,"href":"https:\/\/www.isaac-del-toro.mx\/de\/wp-json\/wp\/v2\/tags?post=753"}],"curies":[{"name":"wp","href":"https:\/\/api.w.org\/{rel}","templated":true}]}}