{"id":772,"date":"2026-03-11T02:04:13","date_gmt":"2026-03-11T08:04:13","guid":{"rendered":"https:\/\/www.isaac-del-toro.mx\/tirreno-adriatico-anspruchsvolle-dritte-etappe-wartet-auf-del-toro\/"},"modified":"2026-03-11T02:04:13","modified_gmt":"2026-03-11T08:04:13","slug":"tirreno-adriatico-anspruchsvolle-dritte-etappe-wartet-auf-del-toro","status":"publish","type":"post","link":"https:\/\/www.isaac-del-toro.mx\/de\/tirreno-adriatico-anspruchsvolle-dritte-etappe-wartet-auf-del-toro\/","title":{"rendered":"Tirreno-Adriatico: Anspruchsvolle dritte Etappe wartet auf del Toro"},"content":{"rendered":"\n<p>Die dritte Etappe der Tirreno-Adriatico 2026 verspricht heute ein spannendes Rennen zu werden. Auf dem 221 Kilometer langen Weg von Cortona nach Magliano de&#8216; Marsi m\u00fcssen die Fahrer insgesamt 2.436 H\u00f6henmeter bew\u00e4ltigen.<\/p>\n\n<h2>Streckenprofil und Schl\u00fcsselstellen<\/h2>\n<p>Die Etappe beginnt um 10:40 Uhr in Cortona und wird besonders in der Schlussphase anspruchsvoll. Etwa 40 Kilometer vor dem Ziel wartet ein sieben Kilometer langer Anstieg mit durchschnittlich vier Prozent Steigung auf das Peloton. Der finale Kilometer nach Magliano de&#8216; Marsi weist eine moderate Steigung von 0,9 Prozent auf &#8211; eine Streckencharakteristik, die Sprinter mit guten Kletterf\u00e4higkeiten bevorzugt.<\/p>\n\n<h2>Del Toros Chancen<\/h2>\n<p>Der mexikanische UAE-Team-Emirates-Fahrer Isaac del Toro wird heute besonders im Fokus stehen. Das Profil der Etappe k\u00f6nnte dem vielseitigen Fahrer durchaus liegen, da es eine gute Mischung aus Ausdauer und Kletterst\u00e4rke erfordert. Der letzte Anstieg vor dem Ziel wird dabei m\u00f6glicherweise das entscheidende Terrain sein, wo del Toro seine Qualit\u00e4ten ausspielen kann.<\/p>\n\n<h2>Live-\u00dcbertragung<\/h2>\n<p>Radsportfans k\u00f6nnen die Etappe ab 13:05 Uhr live auf Eurosport 2 und HBO Max verfolgen. Der erwartete Zieleinlauf in Magliano de&#8216; Marsi wird die Zuschauer mit einem spannenden Finale belohnen.<\/p>\n\n<p>Mit dieser anspruchsvollen Etappe wird sich heute zeigen, wer bei der diesj\u00e4hrigen Tirreno-Adriatico zu den ernsthaften Anw\u00e4rtern auf den Gesamtsieg geh\u00f6rt. Die Kombination aus Distanz und H\u00f6henprofil verspricht einen aufregenden Renntag.<\/p>\n","protected":false},"excerpt":{"rendered":"<p>Die dritte Etappe der Tirreno-Adriatico 2026 verspricht heute ein spannendes Rennen zu werden. Auf dem 221 Kilometer langen Weg von [&hellip;]<\/p>\n","protected":false},"author":1,"featured_media":770,"comment_status":"open","ping_status":"open","sticky":false,"template":"","format":"standard","meta":{"footnotes":""},"categories":[73],"tags":[],"class_list":["post-772","post","type-post","status-publish","format-standard","has-post-thumbnail","hentry","category-rennvorschau"],"yoast_head":"<!-- This site is optimized with the Yoast SEO plugin v27.1.1 - https:\/\/yoast.com\/product\/yoast-seo-wordpress\/ -->\n<title>Tirreno-Adriatico: Del Toro vor herausfordernder 3. Etappe<\/title>\n<meta name=\"description\" content=\"Die dritte Etappe der Tirreno-Adriatico 2026 f\u00fchrt \u00fcber 221 Kilometer von Cortona nach Magliano de&#039; Marsi. Eine anspruchsvolle Strecke erwartet das Fahrerfeld.\" \/>\n<meta name=\"robots\" content=\"index, follow, max-snippet:-1, max-image-preview:large, max-video-preview:-1\" \/>\n<link rel=\"canonical\" href=\"https:\/\/www.isaac-del-toro.mx\/de\/tirreno-adriatico-anspruchsvolle-dritte-etappe-wartet-auf-del-toro\/\" \/>\n<meta property=\"og:locale\" content=\"de_DE\" \/>\n<meta property=\"og:type\" content=\"article\" \/>\n<meta property=\"og:title\" content=\"Tirreno-Adriatico: Del Toro vor herausfordernder 3. Etappe\" \/>\n<meta property=\"og:description\" content=\"Die dritte Etappe der Tirreno-Adriatico 2026 f\u00fchrt \u00fcber 221 Kilometer von Cortona nach Magliano de&#039; Marsi. Eine anspruchsvolle Strecke erwartet das Fahrerfeld.\" \/>\n<meta property=\"og:url\" content=\"https:\/\/www.isaac-del-toro.mx\/de\/tirreno-adriatico-anspruchsvolle-dritte-etappe-wartet-auf-del-toro\/\" \/>\n<meta property=\"og:site_name\" content=\"Isaac del Toro Romero\" \/>\n<meta property=\"article:published_time\" content=\"2026-03-11T08:04:13+00:00\" \/>\n<meta property=\"og:image\" content=\"https:\/\/www.isaac-del-toro.mx\/wp-content\/uploads\/2026\/03\/job-6-20260311090334.png\" \/>\n\t<meta property=\"og:image:width\" content=\"1024\" \/>\n\t<meta property=\"og:image:height\" content=\"1024\" \/>\n\t<meta property=\"og:image:type\" content=\"image\/png\" \/>\n<meta name=\"author\" content=\"Frank\" \/>\n<meta name=\"twitter:card\" content=\"summary_large_image\" \/>\n<meta name=\"twitter:label1\" content=\"Verfasst von\" \/>\n\t<meta name=\"twitter:data1\" content=\"Frank\" \/>\n\t<meta name=\"twitter:label2\" content=\"Gesch\u00e4tzte Lesezeit\" \/>\n\t<meta name=\"twitter:data2\" content=\"1\u00a0Minute\" \/>\n<script type=\"application\/ld+json\" class=\"yoast-schema-graph\">{\"@context\":\"https:\/\/schema.org\",\"@graph\":[{\"@type\":\"Article\",\"@id\":\"https:\/\/www.isaac-del-toro.mx\/de\/tirreno-adriatico-anspruchsvolle-dritte-etappe-wartet-auf-del-toro\/#article\",\"isPartOf\":{\"@id\":\"https:\/\/www.isaac-del-toro.mx\/de\/tirreno-adriatico-anspruchsvolle-dritte-etappe-wartet-auf-del-toro\/\"},\"author\":{\"name\":\"Frank\",\"@id\":\"https:\/\/www.isaac-del-toro.mx\/de\/#\/schema\/person\/dcd12bccf645d7a2112bdb90aa7ff9f2\"},\"headline\":\"Tirreno-Adriatico: Anspruchsvolle dritte Etappe wartet auf del Toro\",\"datePublished\":\"2026-03-11T08:04:13+00:00\",\"mainEntityOfPage\":{\"@id\":\"https:\/\/www.isaac-del-toro.mx\/de\/tirreno-adriatico-anspruchsvolle-dritte-etappe-wartet-auf-del-toro\/\"},\"wordCount\":226,\"commentCount\":0,\"publisher\":{\"@id\":\"https:\/\/www.isaac-del-toro.mx\/de\/#\/schema\/person\/7cbbcf16bd93d1b98eeb4ab7a1fbd7ba\"},\"image\":{\"@id\":\"https:\/\/www.isaac-del-toro.mx\/de\/tirreno-adriatico-anspruchsvolle-dritte-etappe-wartet-auf-del-toro\/#primaryimage\"},\"thumbnailUrl\":\"https:\/\/www.isaac-del-toro.mx\/wp-content\/uploads\/2026\/03\/job-6-20260311090334.png\",\"articleSection\":[\"Rennvorschau\"],\"inLanguage\":\"de\",\"potentialAction\":[{\"@type\":\"CommentAction\",\"name\":\"Comment\",\"target\":[\"https:\/\/www.isaac-del-toro.mx\/de\/tirreno-adriatico-anspruchsvolle-dritte-etappe-wartet-auf-del-toro\/#respond\"]}]},{\"@type\":\"WebPage\",\"@id\":\"https:\/\/www.isaac-del-toro.mx\/de\/tirreno-adriatico-anspruchsvolle-dritte-etappe-wartet-auf-del-toro\/\",\"url\":\"https:\/\/www.isaac-del-toro.mx\/de\/tirreno-adriatico-anspruchsvolle-dritte-etappe-wartet-auf-del-toro\/\",\"name\":\"Tirreno-Adriatico: Del Toro vor herausfordernder 3. Etappe\",\"isPartOf\":{\"@id\":\"https:\/\/www.isaac-del-toro.mx\/de\/#website\"},\"primaryImageOfPage\":{\"@id\":\"https:\/\/www.isaac-del-toro.mx\/de\/tirreno-adriatico-anspruchsvolle-dritte-etappe-wartet-auf-del-toro\/#primaryimage\"},\"image\":{\"@id\":\"https:\/\/www.isaac-del-toro.mx\/de\/tirreno-adriatico-anspruchsvolle-dritte-etappe-wartet-auf-del-toro\/#primaryimage\"},\"thumbnailUrl\":\"https:\/\/www.isaac-del-toro.mx\/wp-content\/uploads\/2026\/03\/job-6-20260311090334.png\",\"datePublished\":\"2026-03-11T08:04:13+00:00\",\"description\":\"Die dritte Etappe der Tirreno-Adriatico 2026 f\u00fchrt \u00fcber 221 Kilometer von Cortona nach Magliano de' Marsi. Eine anspruchsvolle Strecke erwartet das Fahrerfeld.\",\"breadcrumb\":{\"@id\":\"https:\/\/www.isaac-del-toro.mx\/de\/tirreno-adriatico-anspruchsvolle-dritte-etappe-wartet-auf-del-toro\/#breadcrumb\"},\"inLanguage\":\"de\",\"potentialAction\":[{\"@type\":\"ReadAction\",\"target\":[\"https:\/\/www.isaac-del-toro.mx\/de\/tirreno-adriatico-anspruchsvolle-dritte-etappe-wartet-auf-del-toro\/\"]}]},{\"@type\":\"ImageObject\",\"inLanguage\":\"de\",\"@id\":\"https:\/\/www.isaac-del-toro.mx\/de\/tirreno-adriatico-anspruchsvolle-dritte-etappe-wartet-auf-del-toro\/#primaryimage\",\"url\":\"https:\/\/www.isaac-del-toro.mx\/wp-content\/uploads\/2026\/03\/job-6-20260311090334.png\",\"contentUrl\":\"https:\/\/www.isaac-del-toro.mx\/wp-content\/uploads\/2026\/03\/job-6-20260311090334.png\",\"width\":1024,\"height\":1024,\"caption\":\"Isaac del Toro lidera un grupo de ciclistas en una carretera de monta\u00f1a durante la tercera etapa del Tirreno-Adri\u00e1tico 2026.\"},{\"@type\":\"BreadcrumbList\",\"@id\":\"https:\/\/www.isaac-del-toro.mx\/de\/tirreno-adriatico-anspruchsvolle-dritte-etappe-wartet-auf-del-toro\/#breadcrumb\",\"itemListElement\":[{\"@type\":\"ListItem\",\"position\":1,\"name\":\"Start\",\"item\":\"https:\/\/www.isaac-del-toro.mx\/de\/\"},{\"@type\":\"ListItem\",\"position\":2,\"name\":\"Tirreno-Adriatico: Anspruchsvolle dritte Etappe wartet auf del Toro\"}]},{\"@type\":\"WebSite\",\"@id\":\"https:\/\/www.isaac-del-toro.mx\/de\/#website\",\"url\":\"https:\/\/www.isaac-del-toro.mx\/de\/\",\"name\":\"Isaac del Toro Romero\",\"description\":\"\",\"publisher\":{\"@id\":\"https:\/\/www.isaac-del-toro.mx\/de\/#\/schema\/person\/7cbbcf16bd93d1b98eeb4ab7a1fbd7ba\"},\"potentialAction\":[{\"@type\":\"SearchAction\",\"target\":{\"@type\":\"EntryPoint\",\"urlTemplate\":\"https:\/\/www.isaac-del-toro.mx\/de\/?s={search_term_string}\"},\"query-input\":{\"@type\":\"PropertyValueSpecification\",\"valueRequired\":true,\"valueName\":\"search_term_string\"}}],\"inLanguage\":\"de\"},{\"@type\":[\"Person\",\"Organization\"],\"@id\":\"https:\/\/www.isaac-del-toro.mx\/de\/#\/schema\/person\/7cbbcf16bd93d1b98eeb4ab7a1fbd7ba\",\"name\":\"Isaac del Toro Romero\",\"logo\":{\"@id\":\"https:\/\/www.isaac-del-toro.mx\/de\/#\/schema\/person\/image\/\"}},{\"@type\":\"Person\",\"@id\":\"https:\/\/www.isaac-del-toro.mx\/de\/#\/schema\/person\/dcd12bccf645d7a2112bdb90aa7ff9f2\",\"name\":\"Frank\",\"sameAs\":[\"https:\/\/www.isaac-del-toro.mx\"],\"url\":\"https:\/\/www.isaac-del-toro.mx\/de\/author\/frank-kuglerwebarbeit-net\/\"}]}<\/script>\n<!-- \/ Yoast SEO plugin. -->","yoast_head_json":{"title":"Tirreno-Adriatico: Del Toro vor herausfordernder 3. Etappe","description":"Die dritte Etappe der Tirreno-Adriatico 2026 f\u00fchrt \u00fcber 221 Kilometer von Cortona nach Magliano de' Marsi. Eine anspruchsvolle Strecke erwartet das Fahrerfeld.","robots":{"index":"index","follow":"follow","max-snippet":"max-snippet:-1","max-image-preview":"max-image-preview:large","max-video-preview":"max-video-preview:-1"},"canonical":"https:\/\/www.isaac-del-toro.mx\/de\/tirreno-adriatico-anspruchsvolle-dritte-etappe-wartet-auf-del-toro\/","og_locale":"de_DE","og_type":"article","og_title":"Tirreno-Adriatico: Del Toro vor herausfordernder 3. Etappe","og_description":"Die dritte Etappe der Tirreno-Adriatico 2026 f\u00fchrt \u00fcber 221 Kilometer von Cortona nach Magliano de' Marsi. Eine anspruchsvolle Strecke erwartet das Fahrerfeld.","og_url":"https:\/\/www.isaac-del-toro.mx\/de\/tirreno-adriatico-anspruchsvolle-dritte-etappe-wartet-auf-del-toro\/","og_site_name":"Isaac del Toro Romero","article_published_time":"2026-03-11T08:04:13+00:00","og_image":[{"url":"https:\/\/www.isaac-del-toro.mx\/wp-content\/uploads\/2026\/03\/job-6-20260311090334.png","width":1024,"height":1024,"type":"image\/png"}],"author":"Frank","twitter_card":"summary_large_image","twitter_misc":{"Verfasst von":"Frank","Gesch\u00e4tzte Lesezeit":"1\u00a0Minute"},"schema":{"@context":"https:\/\/schema.org","@graph":[{"@type":"Article","@id":"https:\/\/www.isaac-del-toro.mx\/de\/tirreno-adriatico-anspruchsvolle-dritte-etappe-wartet-auf-del-toro\/#article","isPartOf":{"@id":"https:\/\/www.isaac-del-toro.mx\/de\/tirreno-adriatico-anspruchsvolle-dritte-etappe-wartet-auf-del-toro\/"},"author":{"name":"Frank","@id":"https:\/\/www.isaac-del-toro.mx\/de\/#\/schema\/person\/dcd12bccf645d7a2112bdb90aa7ff9f2"},"headline":"Tirreno-Adriatico: Anspruchsvolle dritte Etappe wartet auf del Toro","datePublished":"2026-03-11T08:04:13+00:00","mainEntityOfPage":{"@id":"https:\/\/www.isaac-del-toro.mx\/de\/tirreno-adriatico-anspruchsvolle-dritte-etappe-wartet-auf-del-toro\/"},"wordCount":226,"commentCount":0,"publisher":{"@id":"https:\/\/www.isaac-del-toro.mx\/de\/#\/schema\/person\/7cbbcf16bd93d1b98eeb4ab7a1fbd7ba"},"image":{"@id":"https:\/\/www.isaac-del-toro.mx\/de\/tirreno-adriatico-anspruchsvolle-dritte-etappe-wartet-auf-del-toro\/#primaryimage"},"thumbnailUrl":"https:\/\/www.isaac-del-toro.mx\/wp-content\/uploads\/2026\/03\/job-6-20260311090334.png","articleSection":["Rennvorschau"],"inLanguage":"de","potentialAction":[{"@type":"CommentAction","name":"Comment","target":["https:\/\/www.isaac-del-toro.mx\/de\/tirreno-adriatico-anspruchsvolle-dritte-etappe-wartet-auf-del-toro\/#respond"]}]},{"@type":"WebPage","@id":"https:\/\/www.isaac-del-toro.mx\/de\/tirreno-adriatico-anspruchsvolle-dritte-etappe-wartet-auf-del-toro\/","url":"https:\/\/www.isaac-del-toro.mx\/de\/tirreno-adriatico-anspruchsvolle-dritte-etappe-wartet-auf-del-toro\/","name":"Tirreno-Adriatico: Del Toro vor herausfordernder 3. Etappe","isPartOf":{"@id":"https:\/\/www.isaac-del-toro.mx\/de\/#website"},"primaryImageOfPage":{"@id":"https:\/\/www.isaac-del-toro.mx\/de\/tirreno-adriatico-anspruchsvolle-dritte-etappe-wartet-auf-del-toro\/#primaryimage"},"image":{"@id":"https:\/\/www.isaac-del-toro.mx\/de\/tirreno-adriatico-anspruchsvolle-dritte-etappe-wartet-auf-del-toro\/#primaryimage"},"thumbnailUrl":"https:\/\/www.isaac-del-toro.mx\/wp-content\/uploads\/2026\/03\/job-6-20260311090334.png","datePublished":"2026-03-11T08:04:13+00:00","description":"Die dritte Etappe der Tirreno-Adriatico 2026 f\u00fchrt \u00fcber 221 Kilometer von Cortona nach Magliano de' Marsi. Eine anspruchsvolle Strecke erwartet das Fahrerfeld.","breadcrumb":{"@id":"https:\/\/www.isaac-del-toro.mx\/de\/tirreno-adriatico-anspruchsvolle-dritte-etappe-wartet-auf-del-toro\/#breadcrumb"},"inLanguage":"de","potentialAction":[{"@type":"ReadAction","target":["https:\/\/www.isaac-del-toro.mx\/de\/tirreno-adriatico-anspruchsvolle-dritte-etappe-wartet-auf-del-toro\/"]}]},{"@type":"ImageObject","inLanguage":"de","@id":"https:\/\/www.isaac-del-toro.mx\/de\/tirreno-adriatico-anspruchsvolle-dritte-etappe-wartet-auf-del-toro\/#primaryimage","url":"https:\/\/www.isaac-del-toro.mx\/wp-content\/uploads\/2026\/03\/job-6-20260311090334.png","contentUrl":"https:\/\/www.isaac-del-toro.mx\/wp-content\/uploads\/2026\/03\/job-6-20260311090334.png","width":1024,"height":1024,"caption":"Isaac del Toro lidera un grupo de ciclistas en una carretera de monta\u00f1a durante la tercera etapa del Tirreno-Adri\u00e1tico 2026."},{"@type":"BreadcrumbList","@id":"https:\/\/www.isaac-del-toro.mx\/de\/tirreno-adriatico-anspruchsvolle-dritte-etappe-wartet-auf-del-toro\/#breadcrumb","itemListElement":[{"@type":"ListItem","position":1,"name":"Start","item":"https:\/\/www.isaac-del-toro.mx\/de\/"},{"@type":"ListItem","position":2,"name":"Tirreno-Adriatico: Anspruchsvolle dritte Etappe wartet auf del Toro"}]},{"@type":"WebSite","@id":"https:\/\/www.isaac-del-toro.mx\/de\/#website","url":"https:\/\/www.isaac-del-toro.mx\/de\/","name":"Isaac del Toro Romero","description":"","publisher":{"@id":"https:\/\/www.isaac-del-toro.mx\/de\/#\/schema\/person\/7cbbcf16bd93d1b98eeb4ab7a1fbd7ba"},"potentialAction":[{"@type":"SearchAction","target":{"@type":"EntryPoint","urlTemplate":"https:\/\/www.isaac-del-toro.mx\/de\/?s={search_term_string}"},"query-input":{"@type":"PropertyValueSpecification","valueRequired":true,"valueName":"search_term_string"}}],"inLanguage":"de"},{"@type":["Person","Organization"],"@id":"https:\/\/www.isaac-del-toro.mx\/de\/#\/schema\/person\/7cbbcf16bd93d1b98eeb4ab7a1fbd7ba","name":"Isaac del Toro Romero","logo":{"@id":"https:\/\/www.isaac-del-toro.mx\/de\/#\/schema\/person\/image\/"}},{"@type":"Person","@id":"https:\/\/www.isaac-del-toro.mx\/de\/#\/schema\/person\/dcd12bccf645d7a2112bdb90aa7ff9f2","name":"Frank","sameAs":["https:\/\/www.isaac-del-toro.mx"],"url":"https:\/\/www.isaac-del-toro.mx\/de\/author\/frank-kuglerwebarbeit-net\/"}]}},"_links":{"self":[{"href":"https:\/\/www.isaac-del-toro.mx\/de\/wp-json\/wp\/v2\/posts\/772","targetHints":{"allow":["GET"]}}],"collection":[{"href":"https:\/\/www.isaac-del-toro.mx\/de\/wp-json\/wp\/v2\/posts"}],"about":[{"href":"https:\/\/www.isaac-del-toro.mx\/de\/wp-json\/wp\/v2\/types\/post"}],"author":[{"embeddable":true,"href":"https:\/\/www.isaac-del-toro.mx\/de\/wp-json\/wp\/v2\/users\/1"}],"replies":[{"embeddable":true,"href":"https:\/\/www.isaac-del-toro.mx\/de\/wp-json\/wp\/v2\/comments?post=772"}],"version-history":[{"count":0,"href":"https:\/\/www.isaac-del-toro.mx\/de\/wp-json\/wp\/v2\/posts\/772\/revisions"}],"wp:featuredmedia":[{"embeddable":true,"href":"https:\/\/www.isaac-del-toro.mx\/de\/wp-json\/wp\/v2\/media\/770"}],"wp:attachment":[{"href":"https:\/\/www.isaac-del-toro.mx\/de\/wp-json\/wp\/v2\/media?parent=772"}],"wp:term":[{"taxonomy":"category","embeddable":true,"href":"https:\/\/www.isaac-del-toro.mx\/de\/wp-json\/wp\/v2\/categories?post=772"},{"taxonomy":"post_tag","embeddable":true,"href":"https:\/\/www.isaac-del-toro.mx\/de\/wp-json\/wp\/v2\/tags?post=772"}],"curies":[{"name":"wp","href":"https:\/\/api.w.org\/{rel}","templated":true}]}}