{"id":830,"date":"2026-03-11T10:00:41","date_gmt":"2026-03-11T16:00:41","guid":{"rendered":"https:\/\/www.isaac-del-toro.mx\/del-toro-nach-etappe-drei-tirreno-adriatico-2026\/"},"modified":"2026-03-11T10:00:41","modified_gmt":"2026-03-11T16:00:41","slug":"del-toro-nach-etappe-drei-tirreno-adriatico-2026","status":"publish","type":"post","link":"https:\/\/www.isaac-del-toro.mx\/de\/del-toro-nach-etappe-drei-tirreno-adriatico-2026\/","title":{"rendered":"Del Toro \u00e4u\u00dfert sich nach der dritten Etappe der Tirreno-Adriatico"},"content":{"rendered":"\n<p>Isaac del Toro \u00e4u\u00dferte sich nach der dritten Etappe der Tirreno-Adriatico 2026 zu den Ereignissen des Tages. Das Interview wurde direkt im Zielbereich aufgezeichnet, wo der junge Mexikaner seine unmittelbaren Eindr\u00fccke vom Rennverlauf teilte. Interessierte Fans k\u00f6nnen das vollst\u00e4ndige Interview in spanischer Sprache auf dem offiziellen Kanal des Rennens abrufen.<\/p>\n\n\n\n<p><div style=\"position:relative;padding-bottom:56.25%;height:0;overflow:hidden;\"><iframe style=\"position:absolute;top:0;left:0;width:100%;height:100%;\" src=\"https:\/\/www.youtube-nocookie.com\/embed\/PJ1vUbCen8k\" title=\"Isaac Del Toro - Entrevista en la llegada - Etapa 3 - Tirreno-Adriatico 2026\" frameborder=\"0\" allow=\"accelerometer; autoplay; clipboard-write; encrypted-media; gyroscope; picture-in-picture; web-share\" referrerpolicy=\"strict-origin-when-cross-origin\" allowfullscreen><\/iframe><\/div><\/p>\n","protected":false},"excerpt":{"rendered":"<p>Isaac del Toro \u00e4u\u00dferte sich nach der dritten Etappe der Tirreno-Adriatico 2026 zu den Ereignissen des Tages. Das Interview wurde [&hellip;]<\/p>\n","protected":false},"author":1,"featured_media":0,"comment_status":"open","ping_status":"open","sticky":false,"template":"","format":"standard","meta":{"footnotes":""},"categories":[77],"tags":[],"class_list":["post-830","post","type-post","status-publish","format-standard","hentry","category-videos"],"yoast_head":"<!-- This site is optimized with the Yoast SEO plugin v27.1.1 - https:\/\/yoast.com\/product\/yoast-seo-wordpress\/ -->\n<title>Del Toro kommentiert dritte Etappe der Tirreno-Adriatico 2026<\/title>\n<meta name=\"description\" content=\"Der mexikanische UAE-Profi Isaac del Toro spricht im Zielbereich \u00fcber seine Eindr\u00fccke von der dritten Etappe der Tirreno-Adriatico 2026.\" \/>\n<meta name=\"robots\" content=\"index, follow, max-snippet:-1, max-image-preview:large, max-video-preview:-1\" \/>\n<link rel=\"canonical\" href=\"https:\/\/www.isaac-del-toro.mx\/de\/del-toro-nach-etappe-drei-tirreno-adriatico-2026\/\" \/>\n<meta property=\"og:locale\" content=\"de_DE\" \/>\n<meta property=\"og:type\" content=\"article\" \/>\n<meta property=\"og:title\" content=\"Del Toro kommentiert dritte Etappe der Tirreno-Adriatico 2026\" \/>\n<meta property=\"og:description\" content=\"Der mexikanische UAE-Profi Isaac del Toro spricht im Zielbereich \u00fcber seine Eindr\u00fccke von der dritten Etappe der Tirreno-Adriatico 2026.\" \/>\n<meta property=\"og:url\" content=\"https:\/\/www.isaac-del-toro.mx\/de\/del-toro-nach-etappe-drei-tirreno-adriatico-2026\/\" \/>\n<meta property=\"og:site_name\" content=\"Isaac del Toro Romero\" \/>\n<meta property=\"article:published_time\" content=\"2026-03-11T16:00:41+00:00\" \/>\n<meta name=\"author\" content=\"Frank\" \/>\n<meta name=\"twitter:card\" content=\"summary_large_image\" \/>\n<meta name=\"twitter:label1\" content=\"Verfasst von\" \/>\n\t<meta name=\"twitter:data1\" content=\"Frank\" \/>\n<script type=\"application\/ld+json\" class=\"yoast-schema-graph\">{\"@context\":\"https:\/\/schema.org\",\"@graph\":[{\"@type\":\"Article\",\"@id\":\"https:\/\/www.isaac-del-toro.mx\/de\/del-toro-nach-etappe-drei-tirreno-adriatico-2026\/#article\",\"isPartOf\":{\"@id\":\"https:\/\/www.isaac-del-toro.mx\/de\/del-toro-nach-etappe-drei-tirreno-adriatico-2026\/\"},\"author\":{\"name\":\"Frank\",\"@id\":\"https:\/\/www.isaac-del-toro.mx\/de\/#\/schema\/person\/dcd12bccf645d7a2112bdb90aa7ff9f2\"},\"headline\":\"Del Toro \u00e4u\u00dfert sich nach der dritten Etappe der Tirreno-Adriatico\",\"datePublished\":\"2026-03-11T16:00:41+00:00\",\"mainEntityOfPage\":{\"@id\":\"https:\/\/www.isaac-del-toro.mx\/de\/del-toro-nach-etappe-drei-tirreno-adriatico-2026\/\"},\"wordCount\":64,\"commentCount\":0,\"publisher\":{\"@id\":\"https:\/\/www.isaac-del-toro.mx\/de\/#\/schema\/person\/7cbbcf16bd93d1b98eeb4ab7a1fbd7ba\"},\"articleSection\":[\"Videos\"],\"inLanguage\":\"de\",\"potentialAction\":[{\"@type\":\"CommentAction\",\"name\":\"Comment\",\"target\":[\"https:\/\/www.isaac-del-toro.mx\/de\/del-toro-nach-etappe-drei-tirreno-adriatico-2026\/#respond\"]}]},{\"@type\":\"WebPage\",\"@id\":\"https:\/\/www.isaac-del-toro.mx\/de\/del-toro-nach-etappe-drei-tirreno-adriatico-2026\/\",\"url\":\"https:\/\/www.isaac-del-toro.mx\/de\/del-toro-nach-etappe-drei-tirreno-adriatico-2026\/\",\"name\":\"Del Toro kommentiert dritte Etappe der Tirreno-Adriatico 2026\",\"isPartOf\":{\"@id\":\"https:\/\/www.isaac-del-toro.mx\/de\/#website\"},\"datePublished\":\"2026-03-11T16:00:41+00:00\",\"description\":\"Der mexikanische UAE-Profi Isaac del Toro spricht im Zielbereich \u00fcber seine Eindr\u00fccke von der dritten Etappe der Tirreno-Adriatico 2026.\",\"breadcrumb\":{\"@id\":\"https:\/\/www.isaac-del-toro.mx\/de\/del-toro-nach-etappe-drei-tirreno-adriatico-2026\/#breadcrumb\"},\"inLanguage\":\"de\",\"potentialAction\":[{\"@type\":\"ReadAction\",\"target\":[\"https:\/\/www.isaac-del-toro.mx\/de\/del-toro-nach-etappe-drei-tirreno-adriatico-2026\/\"]}]},{\"@type\":\"BreadcrumbList\",\"@id\":\"https:\/\/www.isaac-del-toro.mx\/de\/del-toro-nach-etappe-drei-tirreno-adriatico-2026\/#breadcrumb\",\"itemListElement\":[{\"@type\":\"ListItem\",\"position\":1,\"name\":\"Start\",\"item\":\"https:\/\/www.isaac-del-toro.mx\/de\/\"},{\"@type\":\"ListItem\",\"position\":2,\"name\":\"Del Toro \u00e4u\u00dfert sich nach der dritten Etappe der Tirreno-Adriatico\"}]},{\"@type\":\"WebSite\",\"@id\":\"https:\/\/www.isaac-del-toro.mx\/de\/#website\",\"url\":\"https:\/\/www.isaac-del-toro.mx\/de\/\",\"name\":\"Isaac del Toro Romero\",\"description\":\"\",\"publisher\":{\"@id\":\"https:\/\/www.isaac-del-toro.mx\/de\/#\/schema\/person\/7cbbcf16bd93d1b98eeb4ab7a1fbd7ba\"},\"potentialAction\":[{\"@type\":\"SearchAction\",\"target\":{\"@type\":\"EntryPoint\",\"urlTemplate\":\"https:\/\/www.isaac-del-toro.mx\/de\/?s={search_term_string}\"},\"query-input\":{\"@type\":\"PropertyValueSpecification\",\"valueRequired\":true,\"valueName\":\"search_term_string\"}}],\"inLanguage\":\"de\"},{\"@type\":[\"Person\",\"Organization\"],\"@id\":\"https:\/\/www.isaac-del-toro.mx\/de\/#\/schema\/person\/7cbbcf16bd93d1b98eeb4ab7a1fbd7ba\",\"name\":\"Isaac del Toro Romero\",\"logo\":{\"@id\":\"https:\/\/www.isaac-del-toro.mx\/de\/#\/schema\/person\/image\/\"}},{\"@type\":\"Person\",\"@id\":\"https:\/\/www.isaac-del-toro.mx\/de\/#\/schema\/person\/dcd12bccf645d7a2112bdb90aa7ff9f2\",\"name\":\"Frank\",\"sameAs\":[\"https:\/\/www.isaac-del-toro.mx\"],\"url\":\"https:\/\/www.isaac-del-toro.mx\/de\/author\/frank-kuglerwebarbeit-net\/\"}]}<\/script>\n<!-- \/ Yoast SEO plugin. -->","yoast_head_json":{"title":"Del Toro kommentiert dritte Etappe der Tirreno-Adriatico 2026","description":"Der mexikanische UAE-Profi Isaac del Toro spricht im Zielbereich \u00fcber seine Eindr\u00fccke von der dritten Etappe der Tirreno-Adriatico 2026.","robots":{"index":"index","follow":"follow","max-snippet":"max-snippet:-1","max-image-preview":"max-image-preview:large","max-video-preview":"max-video-preview:-1"},"canonical":"https:\/\/www.isaac-del-toro.mx\/de\/del-toro-nach-etappe-drei-tirreno-adriatico-2026\/","og_locale":"de_DE","og_type":"article","og_title":"Del Toro kommentiert dritte Etappe der Tirreno-Adriatico 2026","og_description":"Der mexikanische UAE-Profi Isaac del Toro spricht im Zielbereich \u00fcber seine Eindr\u00fccke von der dritten Etappe der Tirreno-Adriatico 2026.","og_url":"https:\/\/www.isaac-del-toro.mx\/de\/del-toro-nach-etappe-drei-tirreno-adriatico-2026\/","og_site_name":"Isaac del Toro Romero","article_published_time":"2026-03-11T16:00:41+00:00","author":"Frank","twitter_card":"summary_large_image","twitter_misc":{"Verfasst von":"Frank"},"schema":{"@context":"https:\/\/schema.org","@graph":[{"@type":"Article","@id":"https:\/\/www.isaac-del-toro.mx\/de\/del-toro-nach-etappe-drei-tirreno-adriatico-2026\/#article","isPartOf":{"@id":"https:\/\/www.isaac-del-toro.mx\/de\/del-toro-nach-etappe-drei-tirreno-adriatico-2026\/"},"author":{"name":"Frank","@id":"https:\/\/www.isaac-del-toro.mx\/de\/#\/schema\/person\/dcd12bccf645d7a2112bdb90aa7ff9f2"},"headline":"Del Toro \u00e4u\u00dfert sich nach der dritten Etappe der Tirreno-Adriatico","datePublished":"2026-03-11T16:00:41+00:00","mainEntityOfPage":{"@id":"https:\/\/www.isaac-del-toro.mx\/de\/del-toro-nach-etappe-drei-tirreno-adriatico-2026\/"},"wordCount":64,"commentCount":0,"publisher":{"@id":"https:\/\/www.isaac-del-toro.mx\/de\/#\/schema\/person\/7cbbcf16bd93d1b98eeb4ab7a1fbd7ba"},"articleSection":["Videos"],"inLanguage":"de","potentialAction":[{"@type":"CommentAction","name":"Comment","target":["https:\/\/www.isaac-del-toro.mx\/de\/del-toro-nach-etappe-drei-tirreno-adriatico-2026\/#respond"]}]},{"@type":"WebPage","@id":"https:\/\/www.isaac-del-toro.mx\/de\/del-toro-nach-etappe-drei-tirreno-adriatico-2026\/","url":"https:\/\/www.isaac-del-toro.mx\/de\/del-toro-nach-etappe-drei-tirreno-adriatico-2026\/","name":"Del Toro kommentiert dritte Etappe der Tirreno-Adriatico 2026","isPartOf":{"@id":"https:\/\/www.isaac-del-toro.mx\/de\/#website"},"datePublished":"2026-03-11T16:00:41+00:00","description":"Der mexikanische UAE-Profi Isaac del Toro spricht im Zielbereich \u00fcber seine Eindr\u00fccke von der dritten Etappe der Tirreno-Adriatico 2026.","breadcrumb":{"@id":"https:\/\/www.isaac-del-toro.mx\/de\/del-toro-nach-etappe-drei-tirreno-adriatico-2026\/#breadcrumb"},"inLanguage":"de","potentialAction":[{"@type":"ReadAction","target":["https:\/\/www.isaac-del-toro.mx\/de\/del-toro-nach-etappe-drei-tirreno-adriatico-2026\/"]}]},{"@type":"BreadcrumbList","@id":"https:\/\/www.isaac-del-toro.mx\/de\/del-toro-nach-etappe-drei-tirreno-adriatico-2026\/#breadcrumb","itemListElement":[{"@type":"ListItem","position":1,"name":"Start","item":"https:\/\/www.isaac-del-toro.mx\/de\/"},{"@type":"ListItem","position":2,"name":"Del Toro \u00e4u\u00dfert sich nach der dritten Etappe der Tirreno-Adriatico"}]},{"@type":"WebSite","@id":"https:\/\/www.isaac-del-toro.mx\/de\/#website","url":"https:\/\/www.isaac-del-toro.mx\/de\/","name":"Isaac del Toro Romero","description":"","publisher":{"@id":"https:\/\/www.isaac-del-toro.mx\/de\/#\/schema\/person\/7cbbcf16bd93d1b98eeb4ab7a1fbd7ba"},"potentialAction":[{"@type":"SearchAction","target":{"@type":"EntryPoint","urlTemplate":"https:\/\/www.isaac-del-toro.mx\/de\/?s={search_term_string}"},"query-input":{"@type":"PropertyValueSpecification","valueRequired":true,"valueName":"search_term_string"}}],"inLanguage":"de"},{"@type":["Person","Organization"],"@id":"https:\/\/www.isaac-del-toro.mx\/de\/#\/schema\/person\/7cbbcf16bd93d1b98eeb4ab7a1fbd7ba","name":"Isaac del Toro Romero","logo":{"@id":"https:\/\/www.isaac-del-toro.mx\/de\/#\/schema\/person\/image\/"}},{"@type":"Person","@id":"https:\/\/www.isaac-del-toro.mx\/de\/#\/schema\/person\/dcd12bccf645d7a2112bdb90aa7ff9f2","name":"Frank","sameAs":["https:\/\/www.isaac-del-toro.mx"],"url":"https:\/\/www.isaac-del-toro.mx\/de\/author\/frank-kuglerwebarbeit-net\/"}]}},"_links":{"self":[{"href":"https:\/\/www.isaac-del-toro.mx\/de\/wp-json\/wp\/v2\/posts\/830","targetHints":{"allow":["GET"]}}],"collection":[{"href":"https:\/\/www.isaac-del-toro.mx\/de\/wp-json\/wp\/v2\/posts"}],"about":[{"href":"https:\/\/www.isaac-del-toro.mx\/de\/wp-json\/wp\/v2\/types\/post"}],"author":[{"embeddable":true,"href":"https:\/\/www.isaac-del-toro.mx\/de\/wp-json\/wp\/v2\/users\/1"}],"replies":[{"embeddable":true,"href":"https:\/\/www.isaac-del-toro.mx\/de\/wp-json\/wp\/v2\/comments?post=830"}],"version-history":[{"count":0,"href":"https:\/\/www.isaac-del-toro.mx\/de\/wp-json\/wp\/v2\/posts\/830\/revisions"}],"wp:attachment":[{"href":"https:\/\/www.isaac-del-toro.mx\/de\/wp-json\/wp\/v2\/media?parent=830"}],"wp:term":[{"taxonomy":"category","embeddable":true,"href":"https:\/\/www.isaac-del-toro.mx\/de\/wp-json\/wp\/v2\/categories?post=830"},{"taxonomy":"post_tag","embeddable":true,"href":"https:\/\/www.isaac-del-toro.mx\/de\/wp-json\/wp\/v2\/tags?post=830"}],"curies":[{"name":"wp","href":"https:\/\/api.w.org\/{rel}","templated":true}]}}