{"id":857,"date":"2026-03-12T00:04:11","date_gmt":"2026-03-12T06:04:11","guid":{"rendered":"https:\/\/www.isaac-del-toro.mx\/tirreno-adriatico-2026-etappe-4-preview-del-toro\/"},"modified":"2026-03-12T00:04:11","modified_gmt":"2026-03-12T06:04:11","slug":"tirreno-adriatico-2026-etappe-4-preview-del-toro","status":"publish","type":"post","link":"https:\/\/www.isaac-del-toro.mx\/de\/tirreno-adriatico-2026-etappe-4-preview-del-toro\/","title":{"rendered":"Bergige vierte Etappe: Del Toro vor anspruchsvollem Terrain"},"content":{"rendered":"\n<p>Die vierte Etappe der Tirreno-Adriatico 2026 verspricht heute ein anspruchsvolles Terrain mit insgesamt 2.781 H\u00f6henmetern. Auf dem 213 Kilometer langen Weg von Tagliacozzo nach Martinsicuro m\u00fcssen die Fahrer gleich vier bedeutende Anstiege bew\u00e4ltigen.<\/p>\n\n<h2>Streckenprofil mit vier Schl\u00fcsselanstiegen<\/h2>\n<p>Die Route f\u00fchrt das Peloton zun\u00e4chst \u00fcber den Ovindoli, gefolgt vom Valico delle Capannelle. Im sp\u00e4teren Verlauf der Etappe warten noch die Anstiege nach Castellalto sowie der Tortoreto (Badetta) auf die Fahrer. Diese Kombination von Steigungen k\u00f6nnte f\u00fcr entscheidende Selektionen im Hauptfeld sorgen.<\/p>\n\n<h2>Del Toros Chancen im bergigen Terrain<\/h2>\n<p>Der mexikanische UAE-Team-Emirates-Fahrer Isaac del Toro wird heute besonders im Fokus stehen. Das Profil der Etappe kommt den Qualit\u00e4ten des jungen Kletterspezialisten entgegen. Vor allem die letzten beiden Anstiege k\u00f6nnten eine ideale Plattform f\u00fcr Attacken bieten.<\/p>\n\n<h2>Taktische \u00dcberlegungen<\/h2>\n<p>Die L\u00e4nge der Etappe von 213 Kilometern in Kombination mit den vier Anstiegen wird eine pr\u00e4zise Krafteinteilung erfordern. F\u00fcr del Toro wird es entscheidend sein, auf den ersten beiden Bergen Kr\u00e4fte zu sparen, um im Finale noch Reserven f\u00fcr m\u00f6gliche Attacken zu haben.<\/p>\n\n<p>Die Radsportfans k\u00f6nnen sich auf einen spannenden Tag im Rennen der zwei Meere freuen, bei dem die Klassementfahrer ihre Karten auf den zahlreichen Anstiegen ausspielen werden.<\/p>\n","protected":false},"excerpt":{"rendered":"<p>Die vierte Etappe der Tirreno-Adriatico 2026 verspricht heute ein anspruchsvolles Terrain mit insgesamt 2.781 H\u00f6henmetern. Auf dem 213 Kilometer langen [&hellip;]<\/p>\n","protected":false},"author":1,"featured_media":855,"comment_status":"open","ping_status":"open","sticky":false,"template":"","format":"standard","meta":{"footnotes":""},"categories":[73],"tags":[],"class_list":["post-857","post","type-post","status-publish","format-standard","has-post-thumbnail","hentry","category-rennvorschau"],"yoast_head":"<!-- This site is optimized with the Yoast SEO plugin v27.1.1 - https:\/\/yoast.com\/product\/yoast-seo-wordpress\/ -->\n<title>Tirreno-Adriatico: Del Toro vor bergiger vierter Etappe<\/title>\n<meta name=\"description\" content=\"Die vierte Etappe der Tirreno-Adriatico 2026 f\u00fchrt \u00fcber 213 Kilometer von Tagliacozzo nach Martinsicuro. Vier wichtige Anstiege warten auf das Fahrerfeld.\" \/>\n<meta name=\"robots\" content=\"index, follow, max-snippet:-1, max-image-preview:large, max-video-preview:-1\" \/>\n<link rel=\"canonical\" href=\"https:\/\/www.isaac-del-toro.mx\/de\/tirreno-adriatico-2026-etappe-4-preview-del-toro\/\" \/>\n<meta property=\"og:locale\" content=\"de_DE\" \/>\n<meta property=\"og:type\" content=\"article\" \/>\n<meta property=\"og:title\" content=\"Tirreno-Adriatico: Del Toro vor bergiger vierter Etappe\" \/>\n<meta property=\"og:description\" content=\"Die vierte Etappe der Tirreno-Adriatico 2026 f\u00fchrt \u00fcber 213 Kilometer von Tagliacozzo nach Martinsicuro. Vier wichtige Anstiege warten auf das Fahrerfeld.\" \/>\n<meta property=\"og:url\" content=\"https:\/\/www.isaac-del-toro.mx\/de\/tirreno-adriatico-2026-etappe-4-preview-del-toro\/\" \/>\n<meta property=\"og:site_name\" content=\"Isaac del Toro Romero\" \/>\n<meta property=\"article:published_time\" content=\"2026-03-12T06:04:11+00:00\" \/>\n<meta property=\"og:image\" content=\"https:\/\/www.isaac-del-toro.mx\/wp-content\/uploads\/2026\/03\/job-8-20260312070323.png\" \/>\n\t<meta property=\"og:image:width\" content=\"1024\" \/>\n\t<meta property=\"og:image:height\" content=\"1024\" \/>\n\t<meta property=\"og:image:type\" content=\"image\/png\" \/>\n<meta name=\"author\" content=\"Frank\" \/>\n<meta name=\"twitter:card\" content=\"summary_large_image\" \/>\n<meta name=\"twitter:label1\" content=\"Verfasst von\" \/>\n\t<meta name=\"twitter:data1\" content=\"Frank\" \/>\n\t<meta name=\"twitter:label2\" content=\"Gesch\u00e4tzte Lesezeit\" \/>\n\t<meta name=\"twitter:data2\" content=\"1\u00a0Minute\" \/>\n<script type=\"application\/ld+json\" class=\"yoast-schema-graph\">{\"@context\":\"https:\/\/schema.org\",\"@graph\":[{\"@type\":\"Article\",\"@id\":\"https:\/\/www.isaac-del-toro.mx\/de\/tirreno-adriatico-2026-etappe-4-preview-del-toro\/#article\",\"isPartOf\":{\"@id\":\"https:\/\/www.isaac-del-toro.mx\/de\/tirreno-adriatico-2026-etappe-4-preview-del-toro\/\"},\"author\":{\"name\":\"Frank\",\"@id\":\"https:\/\/www.isaac-del-toro.mx\/de\/#\/schema\/person\/dcd12bccf645d7a2112bdb90aa7ff9f2\"},\"headline\":\"Bergige vierte Etappe: Del Toro vor anspruchsvollem Terrain\",\"datePublished\":\"2026-03-12T06:04:11+00:00\",\"mainEntityOfPage\":{\"@id\":\"https:\/\/www.isaac-del-toro.mx\/de\/tirreno-adriatico-2026-etappe-4-preview-del-toro\/\"},\"wordCount\":216,\"commentCount\":0,\"publisher\":{\"@id\":\"https:\/\/www.isaac-del-toro.mx\/de\/#\/schema\/person\/7cbbcf16bd93d1b98eeb4ab7a1fbd7ba\"},\"image\":{\"@id\":\"https:\/\/www.isaac-del-toro.mx\/de\/tirreno-adriatico-2026-etappe-4-preview-del-toro\/#primaryimage\"},\"thumbnailUrl\":\"https:\/\/www.isaac-del-toro.mx\/wp-content\/uploads\/2026\/03\/job-8-20260312070323.png\",\"articleSection\":[\"Rennvorschau\"],\"inLanguage\":\"de\",\"potentialAction\":[{\"@type\":\"CommentAction\",\"name\":\"Comment\",\"target\":[\"https:\/\/www.isaac-del-toro.mx\/de\/tirreno-adriatico-2026-etappe-4-preview-del-toro\/#respond\"]}]},{\"@type\":\"WebPage\",\"@id\":\"https:\/\/www.isaac-del-toro.mx\/de\/tirreno-adriatico-2026-etappe-4-preview-del-toro\/\",\"url\":\"https:\/\/www.isaac-del-toro.mx\/de\/tirreno-adriatico-2026-etappe-4-preview-del-toro\/\",\"name\":\"Tirreno-Adriatico: Del Toro vor bergiger vierter Etappe\",\"isPartOf\":{\"@id\":\"https:\/\/www.isaac-del-toro.mx\/de\/#website\"},\"primaryImageOfPage\":{\"@id\":\"https:\/\/www.isaac-del-toro.mx\/de\/tirreno-adriatico-2026-etappe-4-preview-del-toro\/#primaryimage\"},\"image\":{\"@id\":\"https:\/\/www.isaac-del-toro.mx\/de\/tirreno-adriatico-2026-etappe-4-preview-del-toro\/#primaryimage\"},\"thumbnailUrl\":\"https:\/\/www.isaac-del-toro.mx\/wp-content\/uploads\/2026\/03\/job-8-20260312070323.png\",\"datePublished\":\"2026-03-12T06:04:11+00:00\",\"description\":\"Die vierte Etappe der Tirreno-Adriatico 2026 f\u00fchrt \u00fcber 213 Kilometer von Tagliacozzo nach Martinsicuro. Vier wichtige Anstiege warten auf das Fahrerfeld.\",\"breadcrumb\":{\"@id\":\"https:\/\/www.isaac-del-toro.mx\/de\/tirreno-adriatico-2026-etappe-4-preview-del-toro\/#breadcrumb\"},\"inLanguage\":\"de\",\"potentialAction\":[{\"@type\":\"ReadAction\",\"target\":[\"https:\/\/www.isaac-del-toro.mx\/de\/tirreno-adriatico-2026-etappe-4-preview-del-toro\/\"]}]},{\"@type\":\"ImageObject\",\"inLanguage\":\"de\",\"@id\":\"https:\/\/www.isaac-del-toro.mx\/de\/tirreno-adriatico-2026-etappe-4-preview-del-toro\/#primaryimage\",\"url\":\"https:\/\/www.isaac-del-toro.mx\/wp-content\/uploads\/2026\/03\/job-8-20260312070323.png\",\"contentUrl\":\"https:\/\/www.isaac-del-toro.mx\/wp-content\/uploads\/2026\/03\/job-8-20260312070323.png\",\"width\":1024,\"height\":1024,\"caption\":\"Un ciclista solitario sube una carretera de monta\u00f1a rodeada de colinas verdes y rocas.\"},{\"@type\":\"BreadcrumbList\",\"@id\":\"https:\/\/www.isaac-del-toro.mx\/de\/tirreno-adriatico-2026-etappe-4-preview-del-toro\/#breadcrumb\",\"itemListElement\":[{\"@type\":\"ListItem\",\"position\":1,\"name\":\"Start\",\"item\":\"https:\/\/www.isaac-del-toro.mx\/de\/\"},{\"@type\":\"ListItem\",\"position\":2,\"name\":\"Bergige vierte Etappe: Del Toro vor anspruchsvollem Terrain\"}]},{\"@type\":\"WebSite\",\"@id\":\"https:\/\/www.isaac-del-toro.mx\/de\/#website\",\"url\":\"https:\/\/www.isaac-del-toro.mx\/de\/\",\"name\":\"Isaac del Toro Romero\",\"description\":\"\",\"publisher\":{\"@id\":\"https:\/\/www.isaac-del-toro.mx\/de\/#\/schema\/person\/7cbbcf16bd93d1b98eeb4ab7a1fbd7ba\"},\"potentialAction\":[{\"@type\":\"SearchAction\",\"target\":{\"@type\":\"EntryPoint\",\"urlTemplate\":\"https:\/\/www.isaac-del-toro.mx\/de\/?s={search_term_string}\"},\"query-input\":{\"@type\":\"PropertyValueSpecification\",\"valueRequired\":true,\"valueName\":\"search_term_string\"}}],\"inLanguage\":\"de\"},{\"@type\":[\"Person\",\"Organization\"],\"@id\":\"https:\/\/www.isaac-del-toro.mx\/de\/#\/schema\/person\/7cbbcf16bd93d1b98eeb4ab7a1fbd7ba\",\"name\":\"Isaac del Toro Romero\",\"logo\":{\"@id\":\"https:\/\/www.isaac-del-toro.mx\/de\/#\/schema\/person\/image\/\"}},{\"@type\":\"Person\",\"@id\":\"https:\/\/www.isaac-del-toro.mx\/de\/#\/schema\/person\/dcd12bccf645d7a2112bdb90aa7ff9f2\",\"name\":\"Frank\",\"sameAs\":[\"https:\/\/www.isaac-del-toro.mx\"],\"url\":\"https:\/\/www.isaac-del-toro.mx\/de\/author\/frank-kuglerwebarbeit-net\/\"}]}<\/script>\n<!-- \/ Yoast SEO plugin. -->","yoast_head_json":{"title":"Tirreno-Adriatico: Del Toro vor bergiger vierter Etappe","description":"Die vierte Etappe der Tirreno-Adriatico 2026 f\u00fchrt \u00fcber 213 Kilometer von Tagliacozzo nach Martinsicuro. Vier wichtige Anstiege warten auf das Fahrerfeld.","robots":{"index":"index","follow":"follow","max-snippet":"max-snippet:-1","max-image-preview":"max-image-preview:large","max-video-preview":"max-video-preview:-1"},"canonical":"https:\/\/www.isaac-del-toro.mx\/de\/tirreno-adriatico-2026-etappe-4-preview-del-toro\/","og_locale":"de_DE","og_type":"article","og_title":"Tirreno-Adriatico: Del Toro vor bergiger vierter Etappe","og_description":"Die vierte Etappe der Tirreno-Adriatico 2026 f\u00fchrt \u00fcber 213 Kilometer von Tagliacozzo nach Martinsicuro. Vier wichtige Anstiege warten auf das Fahrerfeld.","og_url":"https:\/\/www.isaac-del-toro.mx\/de\/tirreno-adriatico-2026-etappe-4-preview-del-toro\/","og_site_name":"Isaac del Toro Romero","article_published_time":"2026-03-12T06:04:11+00:00","og_image":[{"url":"https:\/\/www.isaac-del-toro.mx\/wp-content\/uploads\/2026\/03\/job-8-20260312070323.png","width":1024,"height":1024,"type":"image\/png"}],"author":"Frank","twitter_card":"summary_large_image","twitter_misc":{"Verfasst von":"Frank","Gesch\u00e4tzte Lesezeit":"1\u00a0Minute"},"schema":{"@context":"https:\/\/schema.org","@graph":[{"@type":"Article","@id":"https:\/\/www.isaac-del-toro.mx\/de\/tirreno-adriatico-2026-etappe-4-preview-del-toro\/#article","isPartOf":{"@id":"https:\/\/www.isaac-del-toro.mx\/de\/tirreno-adriatico-2026-etappe-4-preview-del-toro\/"},"author":{"name":"Frank","@id":"https:\/\/www.isaac-del-toro.mx\/de\/#\/schema\/person\/dcd12bccf645d7a2112bdb90aa7ff9f2"},"headline":"Bergige vierte Etappe: Del Toro vor anspruchsvollem Terrain","datePublished":"2026-03-12T06:04:11+00:00","mainEntityOfPage":{"@id":"https:\/\/www.isaac-del-toro.mx\/de\/tirreno-adriatico-2026-etappe-4-preview-del-toro\/"},"wordCount":216,"commentCount":0,"publisher":{"@id":"https:\/\/www.isaac-del-toro.mx\/de\/#\/schema\/person\/7cbbcf16bd93d1b98eeb4ab7a1fbd7ba"},"image":{"@id":"https:\/\/www.isaac-del-toro.mx\/de\/tirreno-adriatico-2026-etappe-4-preview-del-toro\/#primaryimage"},"thumbnailUrl":"https:\/\/www.isaac-del-toro.mx\/wp-content\/uploads\/2026\/03\/job-8-20260312070323.png","articleSection":["Rennvorschau"],"inLanguage":"de","potentialAction":[{"@type":"CommentAction","name":"Comment","target":["https:\/\/www.isaac-del-toro.mx\/de\/tirreno-adriatico-2026-etappe-4-preview-del-toro\/#respond"]}]},{"@type":"WebPage","@id":"https:\/\/www.isaac-del-toro.mx\/de\/tirreno-adriatico-2026-etappe-4-preview-del-toro\/","url":"https:\/\/www.isaac-del-toro.mx\/de\/tirreno-adriatico-2026-etappe-4-preview-del-toro\/","name":"Tirreno-Adriatico: Del Toro vor bergiger vierter Etappe","isPartOf":{"@id":"https:\/\/www.isaac-del-toro.mx\/de\/#website"},"primaryImageOfPage":{"@id":"https:\/\/www.isaac-del-toro.mx\/de\/tirreno-adriatico-2026-etappe-4-preview-del-toro\/#primaryimage"},"image":{"@id":"https:\/\/www.isaac-del-toro.mx\/de\/tirreno-adriatico-2026-etappe-4-preview-del-toro\/#primaryimage"},"thumbnailUrl":"https:\/\/www.isaac-del-toro.mx\/wp-content\/uploads\/2026\/03\/job-8-20260312070323.png","datePublished":"2026-03-12T06:04:11+00:00","description":"Die vierte Etappe der Tirreno-Adriatico 2026 f\u00fchrt \u00fcber 213 Kilometer von Tagliacozzo nach Martinsicuro. Vier wichtige Anstiege warten auf das Fahrerfeld.","breadcrumb":{"@id":"https:\/\/www.isaac-del-toro.mx\/de\/tirreno-adriatico-2026-etappe-4-preview-del-toro\/#breadcrumb"},"inLanguage":"de","potentialAction":[{"@type":"ReadAction","target":["https:\/\/www.isaac-del-toro.mx\/de\/tirreno-adriatico-2026-etappe-4-preview-del-toro\/"]}]},{"@type":"ImageObject","inLanguage":"de","@id":"https:\/\/www.isaac-del-toro.mx\/de\/tirreno-adriatico-2026-etappe-4-preview-del-toro\/#primaryimage","url":"https:\/\/www.isaac-del-toro.mx\/wp-content\/uploads\/2026\/03\/job-8-20260312070323.png","contentUrl":"https:\/\/www.isaac-del-toro.mx\/wp-content\/uploads\/2026\/03\/job-8-20260312070323.png","width":1024,"height":1024,"caption":"Un ciclista solitario sube una carretera de monta\u00f1a rodeada de colinas verdes y rocas."},{"@type":"BreadcrumbList","@id":"https:\/\/www.isaac-del-toro.mx\/de\/tirreno-adriatico-2026-etappe-4-preview-del-toro\/#breadcrumb","itemListElement":[{"@type":"ListItem","position":1,"name":"Start","item":"https:\/\/www.isaac-del-toro.mx\/de\/"},{"@type":"ListItem","position":2,"name":"Bergige vierte Etappe: Del Toro vor anspruchsvollem Terrain"}]},{"@type":"WebSite","@id":"https:\/\/www.isaac-del-toro.mx\/de\/#website","url":"https:\/\/www.isaac-del-toro.mx\/de\/","name":"Isaac del Toro Romero","description":"","publisher":{"@id":"https:\/\/www.isaac-del-toro.mx\/de\/#\/schema\/person\/7cbbcf16bd93d1b98eeb4ab7a1fbd7ba"},"potentialAction":[{"@type":"SearchAction","target":{"@type":"EntryPoint","urlTemplate":"https:\/\/www.isaac-del-toro.mx\/de\/?s={search_term_string}"},"query-input":{"@type":"PropertyValueSpecification","valueRequired":true,"valueName":"search_term_string"}}],"inLanguage":"de"},{"@type":["Person","Organization"],"@id":"https:\/\/www.isaac-del-toro.mx\/de\/#\/schema\/person\/7cbbcf16bd93d1b98eeb4ab7a1fbd7ba","name":"Isaac del Toro Romero","logo":{"@id":"https:\/\/www.isaac-del-toro.mx\/de\/#\/schema\/person\/image\/"}},{"@type":"Person","@id":"https:\/\/www.isaac-del-toro.mx\/de\/#\/schema\/person\/dcd12bccf645d7a2112bdb90aa7ff9f2","name":"Frank","sameAs":["https:\/\/www.isaac-del-toro.mx"],"url":"https:\/\/www.isaac-del-toro.mx\/de\/author\/frank-kuglerwebarbeit-net\/"}]}},"_links":{"self":[{"href":"https:\/\/www.isaac-del-toro.mx\/de\/wp-json\/wp\/v2\/posts\/857","targetHints":{"allow":["GET"]}}],"collection":[{"href":"https:\/\/www.isaac-del-toro.mx\/de\/wp-json\/wp\/v2\/posts"}],"about":[{"href":"https:\/\/www.isaac-del-toro.mx\/de\/wp-json\/wp\/v2\/types\/post"}],"author":[{"embeddable":true,"href":"https:\/\/www.isaac-del-toro.mx\/de\/wp-json\/wp\/v2\/users\/1"}],"replies":[{"embeddable":true,"href":"https:\/\/www.isaac-del-toro.mx\/de\/wp-json\/wp\/v2\/comments?post=857"}],"version-history":[{"count":0,"href":"https:\/\/www.isaac-del-toro.mx\/de\/wp-json\/wp\/v2\/posts\/857\/revisions"}],"wp:featuredmedia":[{"embeddable":true,"href":"https:\/\/www.isaac-del-toro.mx\/de\/wp-json\/wp\/v2\/media\/855"}],"wp:attachment":[{"href":"https:\/\/www.isaac-del-toro.mx\/de\/wp-json\/wp\/v2\/media?parent=857"}],"wp:term":[{"taxonomy":"category","embeddable":true,"href":"https:\/\/www.isaac-del-toro.mx\/de\/wp-json\/wp\/v2\/categories?post=857"},{"taxonomy":"post_tag","embeddable":true,"href":"https:\/\/www.isaac-del-toro.mx\/de\/wp-json\/wp\/v2\/tags?post=857"}],"curies":[{"name":"wp","href":"https:\/\/api.w.org\/{rel}","templated":true}]}}