{"id":862,"date":"2026-03-12T03:30:22","date_gmt":"2026-03-12T09:30:22","guid":{"rendered":"https:\/\/www.isaac-del-toro.mx\/del-toro-interview-tirreno-adriatico-2026-etappe-4\/"},"modified":"2026-03-12T03:30:22","modified_gmt":"2026-03-12T09:30:22","slug":"del-toro-interview-tirreno-adriatico-2026-etappe-4","status":"publish","type":"post","link":"https:\/\/www.isaac-del-toro.mx\/de\/del-toro-interview-tirreno-adriatico-2026-etappe-4\/","title":{"rendered":"Isaac del Toro vor Schl\u00fcsseletappe bei Tirreno-Adriatico 2026"},"content":{"rendered":"\n<p>Vor dem Start der vierten Etappe bei Tirreno-Adriatico 2026 stand Isaac del Toro den Medien Rede und Antwort. Der aufstrebende Mexikaner vom Team UAE Emirates sprach \u00fcber seine Erwartungen f\u00fcr die bevorstehende Etappe, die traditionell eine wichtige Rolle in der Gesamtwertung des italienischen Etappenrennens spielt.<\/p>\n\n\n\n<p>Das vollst\u00e4ndige Interview mit del Toro k\u00f6nnen Sie im Video ansehen, um seine detaillierten Einsch\u00e4tzungen zur Rennstrategie und den Bedingungen des Tages zu erfahren.<\/p>\n\n\n\n<p><div style=\"position:relative;padding-bottom:56.25%;height:0;overflow:hidden;\"><iframe style=\"position:absolute;top:0;left:0;width:100%;height:100%;\" src=\"https:\/\/www.youtube-nocookie.com\/embed\/WzNNXkF1TBI\" title=\"Isaac del Toro - Interview at the start - Stage 4 - Tirreno-Adriatico 2026\" frameborder=\"0\" allow=\"accelerometer; autoplay; clipboard-write; encrypted-media; gyroscope; picture-in-picture; web-share\" referrerpolicy=\"strict-origin-when-cross-origin\" allowfullscreen><\/iframe><\/div><\/p>\n","protected":false},"excerpt":{"rendered":"<p>Vor dem Start der vierten Etappe bei Tirreno-Adriatico 2026 stand Isaac del Toro den Medien Rede und Antwort. Der aufstrebende [&hellip;]<\/p>\n","protected":false},"author":1,"featured_media":0,"comment_status":"open","ping_status":"open","sticky":false,"template":"","format":"standard","meta":{"footnotes":""},"categories":[77],"tags":[],"class_list":["post-862","post","type-post","status-publish","format-standard","hentry","category-videos"],"yoast_head":"<!-- This site is optimized with the Yoast SEO plugin v27.1.1 - https:\/\/yoast.com\/product\/yoast-seo-wordpress\/ -->\n<title>Del Toro: Statements vor 4. Etappe Tirreno-Adriatico 2026<\/title>\n<meta name=\"description\" content=\"Der mexikanische UAE-Profi Isaac del Toro \u00e4u\u00dfert sich vor dem Start der vierten Etappe bei Tirreno-Adriatico 2026 zu seinen Erwartungen f\u00fcr den Tag.\" \/>\n<meta name=\"robots\" content=\"index, follow, max-snippet:-1, max-image-preview:large, max-video-preview:-1\" \/>\n<link rel=\"canonical\" href=\"https:\/\/www.isaac-del-toro.mx\/de\/del-toro-interview-tirreno-adriatico-2026-etappe-4\/\" \/>\n<meta property=\"og:locale\" content=\"de_DE\" \/>\n<meta property=\"og:type\" content=\"article\" \/>\n<meta property=\"og:title\" content=\"Del Toro: Statements vor 4. Etappe Tirreno-Adriatico 2026\" \/>\n<meta property=\"og:description\" content=\"Der mexikanische UAE-Profi Isaac del Toro \u00e4u\u00dfert sich vor dem Start der vierten Etappe bei Tirreno-Adriatico 2026 zu seinen Erwartungen f\u00fcr den Tag.\" \/>\n<meta property=\"og:url\" content=\"https:\/\/www.isaac-del-toro.mx\/de\/del-toro-interview-tirreno-adriatico-2026-etappe-4\/\" \/>\n<meta property=\"og:site_name\" content=\"Isaac del Toro Romero\" \/>\n<meta property=\"article:published_time\" content=\"2026-03-12T09:30:22+00:00\" \/>\n<meta name=\"author\" content=\"Frank\" \/>\n<meta name=\"twitter:card\" content=\"summary_large_image\" \/>\n<meta name=\"twitter:label1\" content=\"Verfasst von\" \/>\n\t<meta name=\"twitter:data1\" content=\"Frank\" \/>\n<script type=\"application\/ld+json\" class=\"yoast-schema-graph\">{\"@context\":\"https:\/\/schema.org\",\"@graph\":[{\"@type\":\"Article\",\"@id\":\"https:\/\/www.isaac-del-toro.mx\/de\/del-toro-interview-tirreno-adriatico-2026-etappe-4\/#article\",\"isPartOf\":{\"@id\":\"https:\/\/www.isaac-del-toro.mx\/de\/del-toro-interview-tirreno-adriatico-2026-etappe-4\/\"},\"author\":{\"name\":\"Frank\",\"@id\":\"https:\/\/www.isaac-del-toro.mx\/de\/#\/schema\/person\/dcd12bccf645d7a2112bdb90aa7ff9f2\"},\"headline\":\"Isaac del Toro vor Schl\u00fcsseletappe bei Tirreno-Adriatico 2026\",\"datePublished\":\"2026-03-12T09:30:22+00:00\",\"mainEntityOfPage\":{\"@id\":\"https:\/\/www.isaac-del-toro.mx\/de\/del-toro-interview-tirreno-adriatico-2026-etappe-4\/\"},\"wordCount\":80,\"commentCount\":0,\"publisher\":{\"@id\":\"https:\/\/www.isaac-del-toro.mx\/de\/#\/schema\/person\/7cbbcf16bd93d1b98eeb4ab7a1fbd7ba\"},\"articleSection\":[\"Videos\"],\"inLanguage\":\"de\",\"potentialAction\":[{\"@type\":\"CommentAction\",\"name\":\"Comment\",\"target\":[\"https:\/\/www.isaac-del-toro.mx\/de\/del-toro-interview-tirreno-adriatico-2026-etappe-4\/#respond\"]}]},{\"@type\":\"WebPage\",\"@id\":\"https:\/\/www.isaac-del-toro.mx\/de\/del-toro-interview-tirreno-adriatico-2026-etappe-4\/\",\"url\":\"https:\/\/www.isaac-del-toro.mx\/de\/del-toro-interview-tirreno-adriatico-2026-etappe-4\/\",\"name\":\"Del Toro: Statements vor 4. Etappe Tirreno-Adriatico 2026\",\"isPartOf\":{\"@id\":\"https:\/\/www.isaac-del-toro.mx\/de\/#website\"},\"datePublished\":\"2026-03-12T09:30:22+00:00\",\"description\":\"Der mexikanische UAE-Profi Isaac del Toro \u00e4u\u00dfert sich vor dem Start der vierten Etappe bei Tirreno-Adriatico 2026 zu seinen Erwartungen f\u00fcr den Tag.\",\"breadcrumb\":{\"@id\":\"https:\/\/www.isaac-del-toro.mx\/de\/del-toro-interview-tirreno-adriatico-2026-etappe-4\/#breadcrumb\"},\"inLanguage\":\"de\",\"potentialAction\":[{\"@type\":\"ReadAction\",\"target\":[\"https:\/\/www.isaac-del-toro.mx\/de\/del-toro-interview-tirreno-adriatico-2026-etappe-4\/\"]}]},{\"@type\":\"BreadcrumbList\",\"@id\":\"https:\/\/www.isaac-del-toro.mx\/de\/del-toro-interview-tirreno-adriatico-2026-etappe-4\/#breadcrumb\",\"itemListElement\":[{\"@type\":\"ListItem\",\"position\":1,\"name\":\"Start\",\"item\":\"https:\/\/www.isaac-del-toro.mx\/de\/\"},{\"@type\":\"ListItem\",\"position\":2,\"name\":\"Isaac del Toro vor Schl\u00fcsseletappe bei Tirreno-Adriatico 2026\"}]},{\"@type\":\"WebSite\",\"@id\":\"https:\/\/www.isaac-del-toro.mx\/de\/#website\",\"url\":\"https:\/\/www.isaac-del-toro.mx\/de\/\",\"name\":\"Isaac del Toro Romero\",\"description\":\"\",\"publisher\":{\"@id\":\"https:\/\/www.isaac-del-toro.mx\/de\/#\/schema\/person\/7cbbcf16bd93d1b98eeb4ab7a1fbd7ba\"},\"potentialAction\":[{\"@type\":\"SearchAction\",\"target\":{\"@type\":\"EntryPoint\",\"urlTemplate\":\"https:\/\/www.isaac-del-toro.mx\/de\/?s={search_term_string}\"},\"query-input\":{\"@type\":\"PropertyValueSpecification\",\"valueRequired\":true,\"valueName\":\"search_term_string\"}}],\"inLanguage\":\"de\"},{\"@type\":[\"Person\",\"Organization\"],\"@id\":\"https:\/\/www.isaac-del-toro.mx\/de\/#\/schema\/person\/7cbbcf16bd93d1b98eeb4ab7a1fbd7ba\",\"name\":\"Isaac del Toro Romero\",\"logo\":{\"@id\":\"https:\/\/www.isaac-del-toro.mx\/de\/#\/schema\/person\/image\/\"}},{\"@type\":\"Person\",\"@id\":\"https:\/\/www.isaac-del-toro.mx\/de\/#\/schema\/person\/dcd12bccf645d7a2112bdb90aa7ff9f2\",\"name\":\"Frank\",\"sameAs\":[\"https:\/\/www.isaac-del-toro.mx\"],\"url\":\"https:\/\/www.isaac-del-toro.mx\/de\/author\/frank-kuglerwebarbeit-net\/\"}]}<\/script>\n<!-- \/ Yoast SEO plugin. -->","yoast_head_json":{"title":"Del Toro: Statements vor 4. Etappe Tirreno-Adriatico 2026","description":"Der mexikanische UAE-Profi Isaac del Toro \u00e4u\u00dfert sich vor dem Start der vierten Etappe bei Tirreno-Adriatico 2026 zu seinen Erwartungen f\u00fcr den Tag.","robots":{"index":"index","follow":"follow","max-snippet":"max-snippet:-1","max-image-preview":"max-image-preview:large","max-video-preview":"max-video-preview:-1"},"canonical":"https:\/\/www.isaac-del-toro.mx\/de\/del-toro-interview-tirreno-adriatico-2026-etappe-4\/","og_locale":"de_DE","og_type":"article","og_title":"Del Toro: Statements vor 4. Etappe Tirreno-Adriatico 2026","og_description":"Der mexikanische UAE-Profi Isaac del Toro \u00e4u\u00dfert sich vor dem Start der vierten Etappe bei Tirreno-Adriatico 2026 zu seinen Erwartungen f\u00fcr den Tag.","og_url":"https:\/\/www.isaac-del-toro.mx\/de\/del-toro-interview-tirreno-adriatico-2026-etappe-4\/","og_site_name":"Isaac del Toro Romero","article_published_time":"2026-03-12T09:30:22+00:00","author":"Frank","twitter_card":"summary_large_image","twitter_misc":{"Verfasst von":"Frank"},"schema":{"@context":"https:\/\/schema.org","@graph":[{"@type":"Article","@id":"https:\/\/www.isaac-del-toro.mx\/de\/del-toro-interview-tirreno-adriatico-2026-etappe-4\/#article","isPartOf":{"@id":"https:\/\/www.isaac-del-toro.mx\/de\/del-toro-interview-tirreno-adriatico-2026-etappe-4\/"},"author":{"name":"Frank","@id":"https:\/\/www.isaac-del-toro.mx\/de\/#\/schema\/person\/dcd12bccf645d7a2112bdb90aa7ff9f2"},"headline":"Isaac del Toro vor Schl\u00fcsseletappe bei Tirreno-Adriatico 2026","datePublished":"2026-03-12T09:30:22+00:00","mainEntityOfPage":{"@id":"https:\/\/www.isaac-del-toro.mx\/de\/del-toro-interview-tirreno-adriatico-2026-etappe-4\/"},"wordCount":80,"commentCount":0,"publisher":{"@id":"https:\/\/www.isaac-del-toro.mx\/de\/#\/schema\/person\/7cbbcf16bd93d1b98eeb4ab7a1fbd7ba"},"articleSection":["Videos"],"inLanguage":"de","potentialAction":[{"@type":"CommentAction","name":"Comment","target":["https:\/\/www.isaac-del-toro.mx\/de\/del-toro-interview-tirreno-adriatico-2026-etappe-4\/#respond"]}]},{"@type":"WebPage","@id":"https:\/\/www.isaac-del-toro.mx\/de\/del-toro-interview-tirreno-adriatico-2026-etappe-4\/","url":"https:\/\/www.isaac-del-toro.mx\/de\/del-toro-interview-tirreno-adriatico-2026-etappe-4\/","name":"Del Toro: Statements vor 4. Etappe Tirreno-Adriatico 2026","isPartOf":{"@id":"https:\/\/www.isaac-del-toro.mx\/de\/#website"},"datePublished":"2026-03-12T09:30:22+00:00","description":"Der mexikanische UAE-Profi Isaac del Toro \u00e4u\u00dfert sich vor dem Start der vierten Etappe bei Tirreno-Adriatico 2026 zu seinen Erwartungen f\u00fcr den Tag.","breadcrumb":{"@id":"https:\/\/www.isaac-del-toro.mx\/de\/del-toro-interview-tirreno-adriatico-2026-etappe-4\/#breadcrumb"},"inLanguage":"de","potentialAction":[{"@type":"ReadAction","target":["https:\/\/www.isaac-del-toro.mx\/de\/del-toro-interview-tirreno-adriatico-2026-etappe-4\/"]}]},{"@type":"BreadcrumbList","@id":"https:\/\/www.isaac-del-toro.mx\/de\/del-toro-interview-tirreno-adriatico-2026-etappe-4\/#breadcrumb","itemListElement":[{"@type":"ListItem","position":1,"name":"Start","item":"https:\/\/www.isaac-del-toro.mx\/de\/"},{"@type":"ListItem","position":2,"name":"Isaac del Toro vor Schl\u00fcsseletappe bei Tirreno-Adriatico 2026"}]},{"@type":"WebSite","@id":"https:\/\/www.isaac-del-toro.mx\/de\/#website","url":"https:\/\/www.isaac-del-toro.mx\/de\/","name":"Isaac del Toro Romero","description":"","publisher":{"@id":"https:\/\/www.isaac-del-toro.mx\/de\/#\/schema\/person\/7cbbcf16bd93d1b98eeb4ab7a1fbd7ba"},"potentialAction":[{"@type":"SearchAction","target":{"@type":"EntryPoint","urlTemplate":"https:\/\/www.isaac-del-toro.mx\/de\/?s={search_term_string}"},"query-input":{"@type":"PropertyValueSpecification","valueRequired":true,"valueName":"search_term_string"}}],"inLanguage":"de"},{"@type":["Person","Organization"],"@id":"https:\/\/www.isaac-del-toro.mx\/de\/#\/schema\/person\/7cbbcf16bd93d1b98eeb4ab7a1fbd7ba","name":"Isaac del Toro Romero","logo":{"@id":"https:\/\/www.isaac-del-toro.mx\/de\/#\/schema\/person\/image\/"}},{"@type":"Person","@id":"https:\/\/www.isaac-del-toro.mx\/de\/#\/schema\/person\/dcd12bccf645d7a2112bdb90aa7ff9f2","name":"Frank","sameAs":["https:\/\/www.isaac-del-toro.mx"],"url":"https:\/\/www.isaac-del-toro.mx\/de\/author\/frank-kuglerwebarbeit-net\/"}]}},"_links":{"self":[{"href":"https:\/\/www.isaac-del-toro.mx\/de\/wp-json\/wp\/v2\/posts\/862","targetHints":{"allow":["GET"]}}],"collection":[{"href":"https:\/\/www.isaac-del-toro.mx\/de\/wp-json\/wp\/v2\/posts"}],"about":[{"href":"https:\/\/www.isaac-del-toro.mx\/de\/wp-json\/wp\/v2\/types\/post"}],"author":[{"embeddable":true,"href":"https:\/\/www.isaac-del-toro.mx\/de\/wp-json\/wp\/v2\/users\/1"}],"replies":[{"embeddable":true,"href":"https:\/\/www.isaac-del-toro.mx\/de\/wp-json\/wp\/v2\/comments?post=862"}],"version-history":[{"count":0,"href":"https:\/\/www.isaac-del-toro.mx\/de\/wp-json\/wp\/v2\/posts\/862\/revisions"}],"wp:attachment":[{"href":"https:\/\/www.isaac-del-toro.mx\/de\/wp-json\/wp\/v2\/media?parent=862"}],"wp:term":[{"taxonomy":"category","embeddable":true,"href":"https:\/\/www.isaac-del-toro.mx\/de\/wp-json\/wp\/v2\/categories?post=862"},{"taxonomy":"post_tag","embeddable":true,"href":"https:\/\/www.isaac-del-toro.mx\/de\/wp-json\/wp\/v2\/tags?post=862"}],"curies":[{"name":"wp","href":"https:\/\/api.w.org\/{rel}","templated":true}]}}