{"id":1085,"date":"2026-04-17T23:04:49","date_gmt":"2026-04-18T05:04:49","guid":{"rendered":"https:\/\/www.isaac-del-toro.mx\/del-toro-ruled-out-amstel-gold-race-2026-uae-emirates-adjusts-strategy\/"},"modified":"2026-04-17T23:04:49","modified_gmt":"2026-04-18T05:04:49","slug":"del-toro-ruled-out-amstel-gold-race-2026-uae-emirates-adjusts-strategy","status":"publish","type":"post","link":"https:\/\/www.isaac-del-toro.mx\/en\/del-toro-ruled-out-amstel-gold-race-2026-uae-emirates-adjusts-strategy\/","title":{"rendered":"Del Toro Ruled Out of Amstel Gold Race 2026 as UAE Emirates Adjusts Strategy"},"content":{"rendered":"\n<p>The Amstel Gold Race 2026 will proceed without one of its anticipated contenders as Isaac del Toro has been ruled out of Sunday&#8217;s WorldTour classic due to injury. The Mexican rider&#8217;s absence forces UAE Team Emirates to recalibrate their strategy for the Dutch monument just one day before the race begins.<\/p>\n\n<h2>Injury Forces Late Withdrawal<\/h2>\n\n<p>Del Toro&#8217;s participation ended before it could begin following a crash during the third stage of the Vuelta al Pa\u00eds Vasco on April 3. The UAE Team Emirates rider suffered a muscle tear in his right thigh during the incident, initially attempting to continue racing despite the pain before being forced to abandon the Basque tour.<\/p>\n\n<p>Medical assessments have revealed the severity of the injury requires several weeks of recovery, potentially extending up to a month. This timeline effectively eliminates del Toro from the opening weekend of the Ardennes classics, dealing a significant blow to both rider and team ambitions.<\/p>\n\n<h2>UAE Emirates Reshuffles Leadership<\/h2>\n\n<p>With del Toro sidelined, UAE Team Emirates has confirmed Tim Wellens as their designated leader for the Amstel Gold Race. The Belgian veteran brings extensive experience in the Ardennes classics to the role, though the team&#8217;s original tactical plans centered around del Toro&#8217;s climbing abilities will require adjustment.<\/p>\n\n<p>The reshuffled lineup represents a significant strategic pivot for the Emirati squad, who had been building their spring campaign around del Toro&#8217;s promising early-season form. Wellens now carries the responsibility of salvaging the team&#8217;s ambitions on the challenging Dutch parcours.<\/p>\n\n<h2>Recovery Timeline Uncertain<\/h2>\n\n<p>The extent of del Toro&#8217;s injury casts doubt over his participation in the remaining Ardennes classics. His availability for both Fl\u00e8che Wallonne and Li\u00e8ge-Bastogne-Li\u00e8ge remains uncertain, dependent entirely on his recovery progress over the coming weeks.<\/p>\n\n<p>The Mexican rider&#8217;s medical team continues monitoring his rehabilitation, though no definitive return date has been established. The injury represents a frustrating setback for del Toro, who had been targeting the spring classics as a key objective for his 2026 campaign.<\/p>\n\n<p>As the peloton prepares for Sunday&#8217;s demanding route through the Limburg hills, UAE Team Emirates faces the challenge of competing without one of their key assets, while del Toro begins the patient process of recovery with hopes of returning to competition as soon as medically possible.<\/p>\n","protected":false},"excerpt":{"rendered":"<p>The Amstel Gold Race 2026 will proceed without one of its anticipated contenders as Isaac del Toro has been ruled [&hellip;]<\/p>\n","protected":false},"author":1,"featured_media":1080,"comment_status":"open","ping_status":"open","sticky":false,"template":"","format":"standard","meta":{"footnotes":""},"categories":[71],"tags":[],"class_list":["post-1085","post","type-post","status-publish","format-standard","has-post-thumbnail","hentry","category-race-preview"],"yoast_head":"<!-- This site is optimized with the Yoast SEO plugin v27.1.1 - https:\/\/yoast.com\/product\/yoast-seo-wordpress\/ -->\n<title>Del Toro Out of Amstel Gold Race 2026 Due to Injury<\/title>\n<meta name=\"description\" content=\"Isaac del Toro will miss the Amstel Gold Race 2026 due to a muscle injury sustained at Vuelta al Pa\u00eds Vasco. UAE Team Emirates names Tim Wellens as leader.\" \/>\n<meta name=\"robots\" content=\"index, follow, max-snippet:-1, max-image-preview:large, max-video-preview:-1\" \/>\n<link rel=\"canonical\" href=\"https:\/\/www.isaac-del-toro.mx\/en\/del-toro-ruled-out-amstel-gold-race-2026-uae-emirates-adjusts-strategy\/\" \/>\n<meta property=\"og:locale\" content=\"en_US\" \/>\n<meta property=\"og:type\" content=\"article\" \/>\n<meta property=\"og:title\" content=\"Del Toro Out of Amstel Gold Race 2026 Due to Injury\" \/>\n<meta property=\"og:description\" content=\"Isaac del Toro will miss the Amstel Gold Race 2026 due to a muscle injury sustained at Vuelta al Pa\u00eds Vasco. UAE Team Emirates names Tim Wellens as leader.\" \/>\n<meta property=\"og:url\" content=\"https:\/\/www.isaac-del-toro.mx\/en\/del-toro-ruled-out-amstel-gold-race-2026-uae-emirates-adjusts-strategy\/\" \/>\n<meta property=\"og:site_name\" content=\"Isaac del Toro Romero\" \/>\n<meta property=\"article:published_time\" content=\"2026-04-18T05:04:49+00:00\" \/>\n<meta property=\"og:image\" content=\"https:\/\/www.isaac-del-toro.mx\/wp-content\/uploads\/2026\/04\/job-32-20260418070334.png\" \/>\n\t<meta property=\"og:image:width\" content=\"1024\" \/>\n\t<meta property=\"og:image:height\" content=\"1024\" \/>\n\t<meta property=\"og:image:type\" content=\"image\/png\" \/>\n<meta name=\"author\" content=\"Frank\" \/>\n<meta name=\"twitter:card\" content=\"summary_large_image\" \/>\n<meta name=\"twitter:label1\" content=\"Written by\" \/>\n\t<meta name=\"twitter:data1\" content=\"Frank\" \/>\n\t<meta name=\"twitter:label2\" content=\"Est. reading time\" \/>\n\t<meta name=\"twitter:data2\" content=\"2 minutes\" \/>\n<script type=\"application\/ld+json\" class=\"yoast-schema-graph\">{\"@context\":\"https:\/\/schema.org\",\"@graph\":[{\"@type\":\"Article\",\"@id\":\"https:\/\/www.isaac-del-toro.mx\/en\/del-toro-ruled-out-amstel-gold-race-2026-uae-emirates-adjusts-strategy\/#article\",\"isPartOf\":{\"@id\":\"https:\/\/www.isaac-del-toro.mx\/en\/del-toro-ruled-out-amstel-gold-race-2026-uae-emirates-adjusts-strategy\/\"},\"author\":{\"name\":\"Frank\",\"@id\":\"https:\/\/www.isaac-del-toro.mx\/en\/#\/schema\/person\/dcd12bccf645d7a2112bdb90aa7ff9f2\"},\"headline\":\"Del Toro Ruled Out of Amstel Gold Race 2026 as UAE Emirates Adjusts Strategy\",\"datePublished\":\"2026-04-18T05:04:49+00:00\",\"mainEntityOfPage\":{\"@id\":\"https:\/\/www.isaac-del-toro.mx\/en\/del-toro-ruled-out-amstel-gold-race-2026-uae-emirates-adjusts-strategy\/\"},\"wordCount\":397,\"commentCount\":0,\"publisher\":{\"@id\":\"https:\/\/www.isaac-del-toro.mx\/en\/#\/schema\/person\/7cbbcf16bd93d1b98eeb4ab7a1fbd7ba\"},\"image\":{\"@id\":\"https:\/\/www.isaac-del-toro.mx\/en\/del-toro-ruled-out-amstel-gold-race-2026-uae-emirates-adjusts-strategy\/#primaryimage\"},\"thumbnailUrl\":\"https:\/\/www.isaac-del-toro.mx\/wp-content\/uploads\/2026\/04\/job-32-20260418070334.png\",\"articleSection\":[\"Race Preview\"],\"inLanguage\":\"en-US\",\"potentialAction\":[{\"@type\":\"CommentAction\",\"name\":\"Comment\",\"target\":[\"https:\/\/www.isaac-del-toro.mx\/en\/del-toro-ruled-out-amstel-gold-race-2026-uae-emirates-adjusts-strategy\/#respond\"]}]},{\"@type\":\"WebPage\",\"@id\":\"https:\/\/www.isaac-del-toro.mx\/en\/del-toro-ruled-out-amstel-gold-race-2026-uae-emirates-adjusts-strategy\/\",\"url\":\"https:\/\/www.isaac-del-toro.mx\/en\/del-toro-ruled-out-amstel-gold-race-2026-uae-emirates-adjusts-strategy\/\",\"name\":\"Del Toro Out of Amstel Gold Race 2026 Due to Injury\",\"isPartOf\":{\"@id\":\"https:\/\/www.isaac-del-toro.mx\/en\/#website\"},\"primaryImageOfPage\":{\"@id\":\"https:\/\/www.isaac-del-toro.mx\/en\/del-toro-ruled-out-amstel-gold-race-2026-uae-emirates-adjusts-strategy\/#primaryimage\"},\"image\":{\"@id\":\"https:\/\/www.isaac-del-toro.mx\/en\/del-toro-ruled-out-amstel-gold-race-2026-uae-emirates-adjusts-strategy\/#primaryimage\"},\"thumbnailUrl\":\"https:\/\/www.isaac-del-toro.mx\/wp-content\/uploads\/2026\/04\/job-32-20260418070334.png\",\"datePublished\":\"2026-04-18T05:04:49+00:00\",\"description\":\"Isaac del Toro will miss the Amstel Gold Race 2026 due to a muscle injury sustained at Vuelta al Pa\u00eds Vasco. UAE Team Emirates names Tim Wellens as leader.\",\"breadcrumb\":{\"@id\":\"https:\/\/www.isaac-del-toro.mx\/en\/del-toro-ruled-out-amstel-gold-race-2026-uae-emirates-adjusts-strategy\/#breadcrumb\"},\"inLanguage\":\"en-US\",\"potentialAction\":[{\"@type\":\"ReadAction\",\"target\":[\"https:\/\/www.isaac-del-toro.mx\/en\/del-toro-ruled-out-amstel-gold-race-2026-uae-emirates-adjusts-strategy\/\"]}]},{\"@type\":\"ImageObject\",\"inLanguage\":\"en-US\",\"@id\":\"https:\/\/www.isaac-del-toro.mx\/en\/del-toro-ruled-out-amstel-gold-race-2026-uae-emirates-adjusts-strategy\/#primaryimage\",\"url\":\"https:\/\/www.isaac-del-toro.mx\/wp-content\/uploads\/2026\/04\/job-32-20260418070334.png\",\"contentUrl\":\"https:\/\/www.isaac-del-toro.mx\/wp-content\/uploads\/2026\/04\/job-32-20260418070334.png\",\"width\":1024,\"height\":1024,\"caption\":\"Un ciclista solitario pedalea por un camino de monta\u00f1a rodeado de paisajes verdes y nublados.\"},{\"@type\":\"BreadcrumbList\",\"@id\":\"https:\/\/www.isaac-del-toro.mx\/en\/del-toro-ruled-out-amstel-gold-race-2026-uae-emirates-adjusts-strategy\/#breadcrumb\",\"itemListElement\":[{\"@type\":\"ListItem\",\"position\":1,\"name\":\"Start\",\"item\":\"https:\/\/www.isaac-del-toro.mx\/en\/\"},{\"@type\":\"ListItem\",\"position\":2,\"name\":\"Del Toro Ruled Out of Amstel Gold Race 2026 as UAE Emirates Adjusts Strategy\"}]},{\"@type\":\"WebSite\",\"@id\":\"https:\/\/www.isaac-del-toro.mx\/en\/#website\",\"url\":\"https:\/\/www.isaac-del-toro.mx\/en\/\",\"name\":\"Isaac del Toro Romero\",\"description\":\"\",\"publisher\":{\"@id\":\"https:\/\/www.isaac-del-toro.mx\/en\/#\/schema\/person\/7cbbcf16bd93d1b98eeb4ab7a1fbd7ba\"},\"potentialAction\":[{\"@type\":\"SearchAction\",\"target\":{\"@type\":\"EntryPoint\",\"urlTemplate\":\"https:\/\/www.isaac-del-toro.mx\/en\/?s={search_term_string}\"},\"query-input\":{\"@type\":\"PropertyValueSpecification\",\"valueRequired\":true,\"valueName\":\"search_term_string\"}}],\"inLanguage\":\"en-US\"},{\"@type\":[\"Person\",\"Organization\"],\"@id\":\"https:\/\/www.isaac-del-toro.mx\/en\/#\/schema\/person\/7cbbcf16bd93d1b98eeb4ab7a1fbd7ba\",\"name\":\"Isaac del Toro Romero\",\"logo\":{\"@id\":\"https:\/\/www.isaac-del-toro.mx\/en\/#\/schema\/person\/image\/\"}},{\"@type\":\"Person\",\"@id\":\"https:\/\/www.isaac-del-toro.mx\/en\/#\/schema\/person\/dcd12bccf645d7a2112bdb90aa7ff9f2\",\"name\":\"Frank\",\"sameAs\":[\"https:\/\/www.isaac-del-toro.mx\"],\"url\":\"https:\/\/www.isaac-del-toro.mx\/en\/author\/frank-kuglerwebarbeit-net\/\"}]}<\/script>\n<!-- \/ Yoast SEO plugin. -->","yoast_head_json":{"title":"Del Toro Out of Amstel Gold Race 2026 Due to Injury","description":"Isaac del Toro will miss the Amstel Gold Race 2026 due to a muscle injury sustained at Vuelta al Pa\u00eds Vasco. UAE Team Emirates names Tim Wellens as leader.","robots":{"index":"index","follow":"follow","max-snippet":"max-snippet:-1","max-image-preview":"max-image-preview:large","max-video-preview":"max-video-preview:-1"},"canonical":"https:\/\/www.isaac-del-toro.mx\/en\/del-toro-ruled-out-amstel-gold-race-2026-uae-emirates-adjusts-strategy\/","og_locale":"en_US","og_type":"article","og_title":"Del Toro Out of Amstel Gold Race 2026 Due to Injury","og_description":"Isaac del Toro will miss the Amstel Gold Race 2026 due to a muscle injury sustained at Vuelta al Pa\u00eds Vasco. UAE Team Emirates names Tim Wellens as leader.","og_url":"https:\/\/www.isaac-del-toro.mx\/en\/del-toro-ruled-out-amstel-gold-race-2026-uae-emirates-adjusts-strategy\/","og_site_name":"Isaac del Toro Romero","article_published_time":"2026-04-18T05:04:49+00:00","og_image":[{"width":1024,"height":1024,"url":"https:\/\/www.isaac-del-toro.mx\/wp-content\/uploads\/2026\/04\/job-32-20260418070334.png","type":"image\/png"}],"author":"Frank","twitter_card":"summary_large_image","twitter_misc":{"Written by":"Frank","Est. reading time":"2 minutes"},"schema":{"@context":"https:\/\/schema.org","@graph":[{"@type":"Article","@id":"https:\/\/www.isaac-del-toro.mx\/en\/del-toro-ruled-out-amstel-gold-race-2026-uae-emirates-adjusts-strategy\/#article","isPartOf":{"@id":"https:\/\/www.isaac-del-toro.mx\/en\/del-toro-ruled-out-amstel-gold-race-2026-uae-emirates-adjusts-strategy\/"},"author":{"name":"Frank","@id":"https:\/\/www.isaac-del-toro.mx\/en\/#\/schema\/person\/dcd12bccf645d7a2112bdb90aa7ff9f2"},"headline":"Del Toro Ruled Out of Amstel Gold Race 2026 as UAE Emirates Adjusts Strategy","datePublished":"2026-04-18T05:04:49+00:00","mainEntityOfPage":{"@id":"https:\/\/www.isaac-del-toro.mx\/en\/del-toro-ruled-out-amstel-gold-race-2026-uae-emirates-adjusts-strategy\/"},"wordCount":397,"commentCount":0,"publisher":{"@id":"https:\/\/www.isaac-del-toro.mx\/en\/#\/schema\/person\/7cbbcf16bd93d1b98eeb4ab7a1fbd7ba"},"image":{"@id":"https:\/\/www.isaac-del-toro.mx\/en\/del-toro-ruled-out-amstel-gold-race-2026-uae-emirates-adjusts-strategy\/#primaryimage"},"thumbnailUrl":"https:\/\/www.isaac-del-toro.mx\/wp-content\/uploads\/2026\/04\/job-32-20260418070334.png","articleSection":["Race Preview"],"inLanguage":"en-US","potentialAction":[{"@type":"CommentAction","name":"Comment","target":["https:\/\/www.isaac-del-toro.mx\/en\/del-toro-ruled-out-amstel-gold-race-2026-uae-emirates-adjusts-strategy\/#respond"]}]},{"@type":"WebPage","@id":"https:\/\/www.isaac-del-toro.mx\/en\/del-toro-ruled-out-amstel-gold-race-2026-uae-emirates-adjusts-strategy\/","url":"https:\/\/www.isaac-del-toro.mx\/en\/del-toro-ruled-out-amstel-gold-race-2026-uae-emirates-adjusts-strategy\/","name":"Del Toro Out of Amstel Gold Race 2026 Due to Injury","isPartOf":{"@id":"https:\/\/www.isaac-del-toro.mx\/en\/#website"},"primaryImageOfPage":{"@id":"https:\/\/www.isaac-del-toro.mx\/en\/del-toro-ruled-out-amstel-gold-race-2026-uae-emirates-adjusts-strategy\/#primaryimage"},"image":{"@id":"https:\/\/www.isaac-del-toro.mx\/en\/del-toro-ruled-out-amstel-gold-race-2026-uae-emirates-adjusts-strategy\/#primaryimage"},"thumbnailUrl":"https:\/\/www.isaac-del-toro.mx\/wp-content\/uploads\/2026\/04\/job-32-20260418070334.png","datePublished":"2026-04-18T05:04:49+00:00","description":"Isaac del Toro will miss the Amstel Gold Race 2026 due to a muscle injury sustained at Vuelta al Pa\u00eds Vasco. UAE Team Emirates names Tim Wellens as leader.","breadcrumb":{"@id":"https:\/\/www.isaac-del-toro.mx\/en\/del-toro-ruled-out-amstel-gold-race-2026-uae-emirates-adjusts-strategy\/#breadcrumb"},"inLanguage":"en-US","potentialAction":[{"@type":"ReadAction","target":["https:\/\/www.isaac-del-toro.mx\/en\/del-toro-ruled-out-amstel-gold-race-2026-uae-emirates-adjusts-strategy\/"]}]},{"@type":"ImageObject","inLanguage":"en-US","@id":"https:\/\/www.isaac-del-toro.mx\/en\/del-toro-ruled-out-amstel-gold-race-2026-uae-emirates-adjusts-strategy\/#primaryimage","url":"https:\/\/www.isaac-del-toro.mx\/wp-content\/uploads\/2026\/04\/job-32-20260418070334.png","contentUrl":"https:\/\/www.isaac-del-toro.mx\/wp-content\/uploads\/2026\/04\/job-32-20260418070334.png","width":1024,"height":1024,"caption":"Un ciclista solitario pedalea por un camino de monta\u00f1a rodeado de paisajes verdes y nublados."},{"@type":"BreadcrumbList","@id":"https:\/\/www.isaac-del-toro.mx\/en\/del-toro-ruled-out-amstel-gold-race-2026-uae-emirates-adjusts-strategy\/#breadcrumb","itemListElement":[{"@type":"ListItem","position":1,"name":"Start","item":"https:\/\/www.isaac-del-toro.mx\/en\/"},{"@type":"ListItem","position":2,"name":"Del Toro Ruled Out of Amstel Gold Race 2026 as UAE Emirates Adjusts Strategy"}]},{"@type":"WebSite","@id":"https:\/\/www.isaac-del-toro.mx\/en\/#website","url":"https:\/\/www.isaac-del-toro.mx\/en\/","name":"Isaac del Toro Romero","description":"","publisher":{"@id":"https:\/\/www.isaac-del-toro.mx\/en\/#\/schema\/person\/7cbbcf16bd93d1b98eeb4ab7a1fbd7ba"},"potentialAction":[{"@type":"SearchAction","target":{"@type":"EntryPoint","urlTemplate":"https:\/\/www.isaac-del-toro.mx\/en\/?s={search_term_string}"},"query-input":{"@type":"PropertyValueSpecification","valueRequired":true,"valueName":"search_term_string"}}],"inLanguage":"en-US"},{"@type":["Person","Organization"],"@id":"https:\/\/www.isaac-del-toro.mx\/en\/#\/schema\/person\/7cbbcf16bd93d1b98eeb4ab7a1fbd7ba","name":"Isaac del Toro Romero","logo":{"@id":"https:\/\/www.isaac-del-toro.mx\/en\/#\/schema\/person\/image\/"}},{"@type":"Person","@id":"https:\/\/www.isaac-del-toro.mx\/en\/#\/schema\/person\/dcd12bccf645d7a2112bdb90aa7ff9f2","name":"Frank","sameAs":["https:\/\/www.isaac-del-toro.mx"],"url":"https:\/\/www.isaac-del-toro.mx\/en\/author\/frank-kuglerwebarbeit-net\/"}]}},"_links":{"self":[{"href":"https:\/\/www.isaac-del-toro.mx\/en\/wp-json\/wp\/v2\/posts\/1085","targetHints":{"allow":["GET"]}}],"collection":[{"href":"https:\/\/www.isaac-del-toro.mx\/en\/wp-json\/wp\/v2\/posts"}],"about":[{"href":"https:\/\/www.isaac-del-toro.mx\/en\/wp-json\/wp\/v2\/types\/post"}],"author":[{"embeddable":true,"href":"https:\/\/www.isaac-del-toro.mx\/en\/wp-json\/wp\/v2\/users\/1"}],"replies":[{"embeddable":true,"href":"https:\/\/www.isaac-del-toro.mx\/en\/wp-json\/wp\/v2\/comments?post=1085"}],"version-history":[{"count":0,"href":"https:\/\/www.isaac-del-toro.mx\/en\/wp-json\/wp\/v2\/posts\/1085\/revisions"}],"wp:featuredmedia":[{"embeddable":true,"href":"https:\/\/www.isaac-del-toro.mx\/en\/wp-json\/wp\/v2\/media\/1080"}],"wp:attachment":[{"href":"https:\/\/www.isaac-del-toro.mx\/en\/wp-json\/wp\/v2\/media?parent=1085"}],"wp:term":[{"taxonomy":"category","embeddable":true,"href":"https:\/\/www.isaac-del-toro.mx\/en\/wp-json\/wp\/v2\/categories?post=1085"},{"taxonomy":"post_tag","embeddable":true,"href":"https:\/\/www.isaac-del-toro.mx\/en\/wp-json\/wp\/v2\/tags?post=1085"}],"curies":[{"name":"wp","href":"https:\/\/api.w.org\/{rel}","templated":true}]}}