{"id":1084,"date":"2026-04-17T23:04:31","date_gmt":"2026-04-18T05:04:31","guid":{"rendered":"https:\/\/www.isaac-del-toro.mx\/isaac-del-toro-forfait-amstel-gold-race-2026-blessure\/"},"modified":"2026-04-17T23:04:31","modified_gmt":"2026-04-18T05:04:31","slug":"isaac-del-toro-forfait-amstel-gold-race-2026-blessure","status":"publish","type":"post","link":"https:\/\/www.isaac-del-toro.mx\/fr\/isaac-del-toro-forfait-amstel-gold-race-2026-blessure\/","title":{"rendered":"Isaac del Toro forfait pour l&rsquo;Amstel Gold Race 2026 suite \u00e0 sa blessure"},"content":{"rendered":"\n<p>L&rsquo;Amstel Gold Race 2026, pr\u00e9vue ce dimanche 19 avril, devra se passer d&rsquo;Isaac del Toro. Le coureur mexicain d&rsquo;UAE Team Emirates, qui figurait parmi les outsiders de cette classique n\u00e9erlandaise, a \u00e9t\u00e9 contraint de d\u00e9clarer forfait suite \u00e0 une blessure musculaire contract\u00e9e lors du Tour du Pays Basque.<\/p>\n\n<h2>Une chute lourde de cons\u00e9quences<\/h2>\n\n<p>Le calvaire de del Toro a d\u00e9but\u00e9 le 3 avril dernier, lors de la troisi\u00e8me \u00e9tape du Tour du Pays Basque. Une chute a provoqu\u00e9 une d\u00e9chirure musculaire \u00e0 la cuisse droite du grimpeur de 25 ans. Malgr\u00e9 sa volont\u00e9 de poursuivre la course, la douleur l&rsquo;a rapidement contraint \u00e0 l&rsquo;abandon, compromettant du m\u00eame coup ses ambitions printani\u00e8res.<\/p>\n\n<p>Cette blessure repr\u00e9sente un coup dur pour del Toro, qui avait montr\u00e9 des signes encourageants en d\u00e9but de saison et nourrissait des ambitions l\u00e9gitimes sur les ardennes. Les m\u00e9decins de l&rsquo;\u00e9quipe estiment que sa convalescence pourrait s&rsquo;\u00e9tendre sur plusieurs semaines, voire jusqu&rsquo;\u00e0 un mois complet.<\/p>\n\n<h2>Tim Wellens reprend le flambeau<\/h2>\n\n<p>Face \u00e0 cette absence de derni\u00e8re minute, UAE Team Emirates a rapidement r\u00e9organis\u00e9 sa strat\u00e9gie. Tim Wellens, le coureur belge exp\u00e9riment\u00e9, endossera le r\u00f4le de leader pour cette 61e \u00e9dition de l&rsquo;Amstel Gold Race. Le sp\u00e9cialiste des classiques ardennaises poss\u00e8de l&rsquo;exp\u00e9rience et le profil id\u00e9al pour briller sur les c\u00f4tes du Limbourg n\u00e9erlandais.<\/p>\n\n<p>Cette redistribution des cartes au sein de l&rsquo;\u00e9quipe \u00e9miratie pourrait paradoxalement offrir de nouvelles opportunit\u00e9s tactiques, Wellens b\u00e9n\u00e9ficiant d&rsquo;une libert\u00e9 totale pour exprimer ses qualit\u00e9s de puncheur sur les mont\u00e9es d\u00e9cisives du Cauberg et du Bemelerberg.<\/p>\n\n<h2>Un calendrier compromis<\/h2>\n\n<p>Au-del\u00e0 de l&rsquo;Amstel Gold Race, l&rsquo;avenir imm\u00e9diat de del Toro reste incertain. Sa participation aux prochaines classiques ardennaises, notamment la Fl\u00e8che Wallonne et Li\u00e8ge-Bastogne-Li\u00e8ge, d\u00e9pendra enti\u00e8rement de l&rsquo;\u00e9volution de sa r\u00e9cup\u00e9ration. Une situation frustrante pour le Mexicain, qui voyait dans ce triptyque ardennais une occasion de confirmer sa progression sur ce type de terrain.<\/p>\n\n<p>Les supporters d&rsquo;Isaac del Toro devront donc patienter avant de revoir leur champion \u00e0 l&rsquo;\u0153uvre, en esp\u00e9rant que cette p\u00e9riode de convalescence lui permettra de revenir plus fort pour la suite de la saison.<\/p>\n","protected":false},"excerpt":{"rendered":"<p>L&rsquo;Amstel Gold Race 2026, pr\u00e9vue ce dimanche 19 avril, devra se passer d&rsquo;Isaac del Toro. Le coureur mexicain d&rsquo;UAE Team [&hellip;]<\/p>\n","protected":false},"author":1,"featured_media":1080,"comment_status":"open","ping_status":"open","sticky":false,"template":"","format":"standard","meta":{"footnotes":""},"categories":[72],"tags":[],"class_list":["post-1084","post","type-post","status-publish","format-standard","has-post-thumbnail","hentry","category-avant-course"],"yoast_head":"<!-- This site is optimized with the Yoast SEO plugin v27.1.1 - https:\/\/yoast.com\/product\/yoast-seo-wordpress\/ -->\n<title>Del Toro forfait pour l&#039;Amstel Gold Race 2026<\/title>\n<meta name=\"description\" content=\"Isaac del Toro manquera l&#039;Amstel Gold Race 2026 en raison d&#039;une d\u00e9chirure musculaire subie lors du Tour du Pays Basque. Tim Wellens prend le leadership.\" \/>\n<meta name=\"robots\" content=\"index, follow, max-snippet:-1, max-image-preview:large, max-video-preview:-1\" \/>\n<link rel=\"canonical\" href=\"https:\/\/www.isaac-del-toro.mx\/fr\/isaac-del-toro-forfait-amstel-gold-race-2026-blessure\/\" \/>\n<meta property=\"og:locale\" content=\"fr_FR\" \/>\n<meta property=\"og:type\" content=\"article\" \/>\n<meta property=\"og:title\" content=\"Del Toro forfait pour l&#039;Amstel Gold Race 2026\" \/>\n<meta property=\"og:description\" content=\"Isaac del Toro manquera l&#039;Amstel Gold Race 2026 en raison d&#039;une d\u00e9chirure musculaire subie lors du Tour du Pays Basque. Tim Wellens prend le leadership.\" \/>\n<meta property=\"og:url\" content=\"https:\/\/www.isaac-del-toro.mx\/fr\/isaac-del-toro-forfait-amstel-gold-race-2026-blessure\/\" \/>\n<meta property=\"og:site_name\" content=\"Isaac del Toro Romero\" \/>\n<meta property=\"article:published_time\" content=\"2026-04-18T05:04:31+00:00\" \/>\n<meta property=\"og:image\" content=\"https:\/\/www.isaac-del-toro.mx\/wp-content\/uploads\/2026\/04\/job-32-20260418070334.png\" \/>\n\t<meta property=\"og:image:width\" content=\"1024\" \/>\n\t<meta property=\"og:image:height\" content=\"1024\" \/>\n\t<meta property=\"og:image:type\" content=\"image\/png\" \/>\n<meta name=\"author\" content=\"Frank\" \/>\n<meta name=\"twitter:card\" content=\"summary_large_image\" \/>\n<meta name=\"twitter:label1\" content=\"\u00c9crit par\" \/>\n\t<meta name=\"twitter:data1\" content=\"Frank\" \/>\n\t<meta name=\"twitter:label2\" content=\"Dur\u00e9e de lecture estim\u00e9e\" \/>\n\t<meta name=\"twitter:data2\" content=\"2 minutes\" \/>\n<script type=\"application\/ld+json\" class=\"yoast-schema-graph\">{\"@context\":\"https:\/\/schema.org\",\"@graph\":[{\"@type\":\"Article\",\"@id\":\"https:\/\/www.isaac-del-toro.mx\/fr\/isaac-del-toro-forfait-amstel-gold-race-2026-blessure\/#article\",\"isPartOf\":{\"@id\":\"https:\/\/www.isaac-del-toro.mx\/fr\/isaac-del-toro-forfait-amstel-gold-race-2026-blessure\/\"},\"author\":{\"name\":\"Frank\",\"@id\":\"https:\/\/www.isaac-del-toro.mx\/fr\/#\/schema\/person\/dcd12bccf645d7a2112bdb90aa7ff9f2\"},\"headline\":\"Isaac del Toro forfait pour l&rsquo;Amstel Gold Race 2026 suite \u00e0 sa blessure\",\"datePublished\":\"2026-04-18T05:04:31+00:00\",\"mainEntityOfPage\":{\"@id\":\"https:\/\/www.isaac-del-toro.mx\/fr\/isaac-del-toro-forfait-amstel-gold-race-2026-blessure\/\"},\"wordCount\":401,\"commentCount\":0,\"publisher\":{\"@id\":\"https:\/\/www.isaac-del-toro.mx\/fr\/#\/schema\/person\/7cbbcf16bd93d1b98eeb4ab7a1fbd7ba\"},\"image\":{\"@id\":\"https:\/\/www.isaac-del-toro.mx\/fr\/isaac-del-toro-forfait-amstel-gold-race-2026-blessure\/#primaryimage\"},\"thumbnailUrl\":\"https:\/\/www.isaac-del-toro.mx\/wp-content\/uploads\/2026\/04\/job-32-20260418070334.png\",\"articleSection\":[\"Avant-course\"],\"inLanguage\":\"fr-FR\",\"potentialAction\":[{\"@type\":\"CommentAction\",\"name\":\"Comment\",\"target\":[\"https:\/\/www.isaac-del-toro.mx\/fr\/isaac-del-toro-forfait-amstel-gold-race-2026-blessure\/#respond\"]}]},{\"@type\":\"WebPage\",\"@id\":\"https:\/\/www.isaac-del-toro.mx\/fr\/isaac-del-toro-forfait-amstel-gold-race-2026-blessure\/\",\"url\":\"https:\/\/www.isaac-del-toro.mx\/fr\/isaac-del-toro-forfait-amstel-gold-race-2026-blessure\/\",\"name\":\"Del Toro forfait pour l'Amstel Gold Race 2026\",\"isPartOf\":{\"@id\":\"https:\/\/www.isaac-del-toro.mx\/fr\/#website\"},\"primaryImageOfPage\":{\"@id\":\"https:\/\/www.isaac-del-toro.mx\/fr\/isaac-del-toro-forfait-amstel-gold-race-2026-blessure\/#primaryimage\"},\"image\":{\"@id\":\"https:\/\/www.isaac-del-toro.mx\/fr\/isaac-del-toro-forfait-amstel-gold-race-2026-blessure\/#primaryimage\"},\"thumbnailUrl\":\"https:\/\/www.isaac-del-toro.mx\/wp-content\/uploads\/2026\/04\/job-32-20260418070334.png\",\"datePublished\":\"2026-04-18T05:04:31+00:00\",\"description\":\"Isaac del Toro manquera l'Amstel Gold Race 2026 en raison d'une d\u00e9chirure musculaire subie lors du Tour du Pays Basque. Tim Wellens prend le leadership.\",\"breadcrumb\":{\"@id\":\"https:\/\/www.isaac-del-toro.mx\/fr\/isaac-del-toro-forfait-amstel-gold-race-2026-blessure\/#breadcrumb\"},\"inLanguage\":\"fr-FR\",\"potentialAction\":[{\"@type\":\"ReadAction\",\"target\":[\"https:\/\/www.isaac-del-toro.mx\/fr\/isaac-del-toro-forfait-amstel-gold-race-2026-blessure\/\"]}]},{\"@type\":\"ImageObject\",\"inLanguage\":\"fr-FR\",\"@id\":\"https:\/\/www.isaac-del-toro.mx\/fr\/isaac-del-toro-forfait-amstel-gold-race-2026-blessure\/#primaryimage\",\"url\":\"https:\/\/www.isaac-del-toro.mx\/wp-content\/uploads\/2026\/04\/job-32-20260418070334.png\",\"contentUrl\":\"https:\/\/www.isaac-del-toro.mx\/wp-content\/uploads\/2026\/04\/job-32-20260418070334.png\",\"width\":1024,\"height\":1024,\"caption\":\"Un ciclista solitario pedalea por un camino de monta\u00f1a rodeado de paisajes verdes y nublados.\"},{\"@type\":\"BreadcrumbList\",\"@id\":\"https:\/\/www.isaac-del-toro.mx\/fr\/isaac-del-toro-forfait-amstel-gold-race-2026-blessure\/#breadcrumb\",\"itemListElement\":[{\"@type\":\"ListItem\",\"position\":1,\"name\":\"Start\",\"item\":\"https:\/\/www.isaac-del-toro.mx\/fr\/\"},{\"@type\":\"ListItem\",\"position\":2,\"name\":\"Isaac del Toro forfait pour l&#8217;Amstel Gold Race 2026 suite \u00e0 sa blessure\"}]},{\"@type\":\"WebSite\",\"@id\":\"https:\/\/www.isaac-del-toro.mx\/fr\/#website\",\"url\":\"https:\/\/www.isaac-del-toro.mx\/fr\/\",\"name\":\"Isaac del Toro Romero\",\"description\":\"\",\"publisher\":{\"@id\":\"https:\/\/www.isaac-del-toro.mx\/fr\/#\/schema\/person\/7cbbcf16bd93d1b98eeb4ab7a1fbd7ba\"},\"potentialAction\":[{\"@type\":\"SearchAction\",\"target\":{\"@type\":\"EntryPoint\",\"urlTemplate\":\"https:\/\/www.isaac-del-toro.mx\/fr\/?s={search_term_string}\"},\"query-input\":{\"@type\":\"PropertyValueSpecification\",\"valueRequired\":true,\"valueName\":\"search_term_string\"}}],\"inLanguage\":\"fr-FR\"},{\"@type\":[\"Person\",\"Organization\"],\"@id\":\"https:\/\/www.isaac-del-toro.mx\/fr\/#\/schema\/person\/7cbbcf16bd93d1b98eeb4ab7a1fbd7ba\",\"name\":\"Isaac del Toro Romero\",\"logo\":{\"@id\":\"https:\/\/www.isaac-del-toro.mx\/fr\/#\/schema\/person\/image\/\"}},{\"@type\":\"Person\",\"@id\":\"https:\/\/www.isaac-del-toro.mx\/fr\/#\/schema\/person\/dcd12bccf645d7a2112bdb90aa7ff9f2\",\"name\":\"Frank\",\"sameAs\":[\"https:\/\/www.isaac-del-toro.mx\"],\"url\":\"https:\/\/www.isaac-del-toro.mx\/fr\/author\/frank-kuglerwebarbeit-net\/\"}]}<\/script>\n<!-- \/ Yoast SEO plugin. -->","yoast_head_json":{"title":"Del Toro forfait pour l'Amstel Gold Race 2026","description":"Isaac del Toro manquera l'Amstel Gold Race 2026 en raison d'une d\u00e9chirure musculaire subie lors du Tour du Pays Basque. Tim Wellens prend le leadership.","robots":{"index":"index","follow":"follow","max-snippet":"max-snippet:-1","max-image-preview":"max-image-preview:large","max-video-preview":"max-video-preview:-1"},"canonical":"https:\/\/www.isaac-del-toro.mx\/fr\/isaac-del-toro-forfait-amstel-gold-race-2026-blessure\/","og_locale":"fr_FR","og_type":"article","og_title":"Del Toro forfait pour l'Amstel Gold Race 2026","og_description":"Isaac del Toro manquera l'Amstel Gold Race 2026 en raison d'une d\u00e9chirure musculaire subie lors du Tour du Pays Basque. Tim Wellens prend le leadership.","og_url":"https:\/\/www.isaac-del-toro.mx\/fr\/isaac-del-toro-forfait-amstel-gold-race-2026-blessure\/","og_site_name":"Isaac del Toro Romero","article_published_time":"2026-04-18T05:04:31+00:00","og_image":[{"width":1024,"height":1024,"url":"https:\/\/www.isaac-del-toro.mx\/wp-content\/uploads\/2026\/04\/job-32-20260418070334.png","type":"image\/png"}],"author":"Frank","twitter_card":"summary_large_image","twitter_misc":{"\u00c9crit par":"Frank","Dur\u00e9e de lecture estim\u00e9e":"2 minutes"},"schema":{"@context":"https:\/\/schema.org","@graph":[{"@type":"Article","@id":"https:\/\/www.isaac-del-toro.mx\/fr\/isaac-del-toro-forfait-amstel-gold-race-2026-blessure\/#article","isPartOf":{"@id":"https:\/\/www.isaac-del-toro.mx\/fr\/isaac-del-toro-forfait-amstel-gold-race-2026-blessure\/"},"author":{"name":"Frank","@id":"https:\/\/www.isaac-del-toro.mx\/fr\/#\/schema\/person\/dcd12bccf645d7a2112bdb90aa7ff9f2"},"headline":"Isaac del Toro forfait pour l&rsquo;Amstel Gold Race 2026 suite \u00e0 sa blessure","datePublished":"2026-04-18T05:04:31+00:00","mainEntityOfPage":{"@id":"https:\/\/www.isaac-del-toro.mx\/fr\/isaac-del-toro-forfait-amstel-gold-race-2026-blessure\/"},"wordCount":401,"commentCount":0,"publisher":{"@id":"https:\/\/www.isaac-del-toro.mx\/fr\/#\/schema\/person\/7cbbcf16bd93d1b98eeb4ab7a1fbd7ba"},"image":{"@id":"https:\/\/www.isaac-del-toro.mx\/fr\/isaac-del-toro-forfait-amstel-gold-race-2026-blessure\/#primaryimage"},"thumbnailUrl":"https:\/\/www.isaac-del-toro.mx\/wp-content\/uploads\/2026\/04\/job-32-20260418070334.png","articleSection":["Avant-course"],"inLanguage":"fr-FR","potentialAction":[{"@type":"CommentAction","name":"Comment","target":["https:\/\/www.isaac-del-toro.mx\/fr\/isaac-del-toro-forfait-amstel-gold-race-2026-blessure\/#respond"]}]},{"@type":"WebPage","@id":"https:\/\/www.isaac-del-toro.mx\/fr\/isaac-del-toro-forfait-amstel-gold-race-2026-blessure\/","url":"https:\/\/www.isaac-del-toro.mx\/fr\/isaac-del-toro-forfait-amstel-gold-race-2026-blessure\/","name":"Del Toro forfait pour l'Amstel Gold Race 2026","isPartOf":{"@id":"https:\/\/www.isaac-del-toro.mx\/fr\/#website"},"primaryImageOfPage":{"@id":"https:\/\/www.isaac-del-toro.mx\/fr\/isaac-del-toro-forfait-amstel-gold-race-2026-blessure\/#primaryimage"},"image":{"@id":"https:\/\/www.isaac-del-toro.mx\/fr\/isaac-del-toro-forfait-amstel-gold-race-2026-blessure\/#primaryimage"},"thumbnailUrl":"https:\/\/www.isaac-del-toro.mx\/wp-content\/uploads\/2026\/04\/job-32-20260418070334.png","datePublished":"2026-04-18T05:04:31+00:00","description":"Isaac del Toro manquera l'Amstel Gold Race 2026 en raison d'une d\u00e9chirure musculaire subie lors du Tour du Pays Basque. Tim Wellens prend le leadership.","breadcrumb":{"@id":"https:\/\/www.isaac-del-toro.mx\/fr\/isaac-del-toro-forfait-amstel-gold-race-2026-blessure\/#breadcrumb"},"inLanguage":"fr-FR","potentialAction":[{"@type":"ReadAction","target":["https:\/\/www.isaac-del-toro.mx\/fr\/isaac-del-toro-forfait-amstel-gold-race-2026-blessure\/"]}]},{"@type":"ImageObject","inLanguage":"fr-FR","@id":"https:\/\/www.isaac-del-toro.mx\/fr\/isaac-del-toro-forfait-amstel-gold-race-2026-blessure\/#primaryimage","url":"https:\/\/www.isaac-del-toro.mx\/wp-content\/uploads\/2026\/04\/job-32-20260418070334.png","contentUrl":"https:\/\/www.isaac-del-toro.mx\/wp-content\/uploads\/2026\/04\/job-32-20260418070334.png","width":1024,"height":1024,"caption":"Un ciclista solitario pedalea por un camino de monta\u00f1a rodeado de paisajes verdes y nublados."},{"@type":"BreadcrumbList","@id":"https:\/\/www.isaac-del-toro.mx\/fr\/isaac-del-toro-forfait-amstel-gold-race-2026-blessure\/#breadcrumb","itemListElement":[{"@type":"ListItem","position":1,"name":"Start","item":"https:\/\/www.isaac-del-toro.mx\/fr\/"},{"@type":"ListItem","position":2,"name":"Isaac del Toro forfait pour l&#8217;Amstel Gold Race 2026 suite \u00e0 sa blessure"}]},{"@type":"WebSite","@id":"https:\/\/www.isaac-del-toro.mx\/fr\/#website","url":"https:\/\/www.isaac-del-toro.mx\/fr\/","name":"Isaac del Toro Romero","description":"","publisher":{"@id":"https:\/\/www.isaac-del-toro.mx\/fr\/#\/schema\/person\/7cbbcf16bd93d1b98eeb4ab7a1fbd7ba"},"potentialAction":[{"@type":"SearchAction","target":{"@type":"EntryPoint","urlTemplate":"https:\/\/www.isaac-del-toro.mx\/fr\/?s={search_term_string}"},"query-input":{"@type":"PropertyValueSpecification","valueRequired":true,"valueName":"search_term_string"}}],"inLanguage":"fr-FR"},{"@type":["Person","Organization"],"@id":"https:\/\/www.isaac-del-toro.mx\/fr\/#\/schema\/person\/7cbbcf16bd93d1b98eeb4ab7a1fbd7ba","name":"Isaac del Toro Romero","logo":{"@id":"https:\/\/www.isaac-del-toro.mx\/fr\/#\/schema\/person\/image\/"}},{"@type":"Person","@id":"https:\/\/www.isaac-del-toro.mx\/fr\/#\/schema\/person\/dcd12bccf645d7a2112bdb90aa7ff9f2","name":"Frank","sameAs":["https:\/\/www.isaac-del-toro.mx"],"url":"https:\/\/www.isaac-del-toro.mx\/fr\/author\/frank-kuglerwebarbeit-net\/"}]}},"_links":{"self":[{"href":"https:\/\/www.isaac-del-toro.mx\/fr\/wp-json\/wp\/v2\/posts\/1084","targetHints":{"allow":["GET"]}}],"collection":[{"href":"https:\/\/www.isaac-del-toro.mx\/fr\/wp-json\/wp\/v2\/posts"}],"about":[{"href":"https:\/\/www.isaac-del-toro.mx\/fr\/wp-json\/wp\/v2\/types\/post"}],"author":[{"embeddable":true,"href":"https:\/\/www.isaac-del-toro.mx\/fr\/wp-json\/wp\/v2\/users\/1"}],"replies":[{"embeddable":true,"href":"https:\/\/www.isaac-del-toro.mx\/fr\/wp-json\/wp\/v2\/comments?post=1084"}],"version-history":[{"count":0,"href":"https:\/\/www.isaac-del-toro.mx\/fr\/wp-json\/wp\/v2\/posts\/1084\/revisions"}],"wp:featuredmedia":[{"embeddable":true,"href":"https:\/\/www.isaac-del-toro.mx\/fr\/wp-json\/wp\/v2\/media\/1080"}],"wp:attachment":[{"href":"https:\/\/www.isaac-del-toro.mx\/fr\/wp-json\/wp\/v2\/media?parent=1084"}],"wp:term":[{"taxonomy":"category","embeddable":true,"href":"https:\/\/www.isaac-del-toro.mx\/fr\/wp-json\/wp\/v2\/categories?post=1084"},{"taxonomy":"post_tag","embeddable":true,"href":"https:\/\/www.isaac-del-toro.mx\/fr\/wp-json\/wp\/v2\/tags?post=1084"}],"curies":[{"name":"wp","href":"https:\/\/api.w.org\/{rel}","templated":true}]}}