{"id":1090,"date":"2026-04-19T09:48:57","date_gmt":"2026-04-19T15:48:57","guid":{"rendered":"https:\/\/www.isaac-del-toro.mx\/amstel-gold-race-2026-isaac-del-toro-forfait-evenepoel-simpose\/"},"modified":"2026-04-19T09:48:57","modified_gmt":"2026-04-19T15:48:57","slug":"amstel-gold-race-2026-isaac-del-toro-forfait-evenepoel-simpose","status":"publish","type":"post","link":"https:\/\/www.isaac-del-toro.mx\/fr\/amstel-gold-race-2026-isaac-del-toro-forfait-evenepoel-simpose\/","title":{"rendered":"Amstel Gold Race 2026 : Isaac del Toro forfait, Evenepoel s&rsquo;impose"},"content":{"rendered":"\n<p>Isaac del Toro (UAE Team Emirates) n&rsquo;a pas pris le d\u00e9part de l&rsquo;Amstel Gold Race 2026 ce dimanche 19 avril, contraint au forfait en raison d&rsquo;une d\u00e9chirure musculaire \u00e0 la cuisse droite contract\u00e9e lors de l&rsquo;Itzulia Basque Country. Cette absence prive le coureur mexicain d&rsquo;une opportunit\u00e9 importante dans le calendrier des classiques ardennaises.<\/p>\n\n<h2>Evenepoel ma\u00eetre des Ardennes<\/h2>\n\n<p>Remco Evenepoel (Soudal-Quick Step) a remport\u00e9 cette 61e \u00e9dition de l&rsquo;Amstel Gold Race au terme d&rsquo;un parcours de 257,4 kilom\u00e8tres boucl\u00e9 en 5h59&rsquo;40\u00a0\u00bb. Le champion belge s&rsquo;est impos\u00e9 au sprint devant un groupe restreint, confirmant son statut de favori sur les routes vallonn\u00e9es du Limbourg n\u00e9erlandais.<\/p>\n\n<h2>Podium de prestige<\/h2>\n\n<p>Mattias Skjelmose (Lidl-Trek) a d\u00e9croch\u00e9 la deuxi\u00e8me place, d\u00e9montrant une fois de plus sa capacit\u00e9 \u00e0 briller sur les classiques d&rsquo;un jour. Le Danois devance sur le podium Beno\u00eet Cosnefroy (Cofidis), qui signe un excellent r\u00e9sultat pour les couleurs fran\u00e7aises dans cette \u00e9preuve WorldTour.<\/p>\n\n<h2>Absence remarqu\u00e9e<\/h2>\n\n<p>Le forfait d&rsquo;Isaac del Toro constitue un coup dur pour UAE Team Emirates, qui misait sur le grimpeur mexicain pour animer les finales ardennaises. Cette blessure musculaire compromet \u00e9galement sa participation aux prochaines \u00e9ch\u00e9ances du calendrier printanier, alors que sa forme montante laissait pr\u00e9sager de belles performances dans les Ardennes.<\/p>\n\n<p>Cette victoire permet \u00e0 Evenepoel de poursuivre sa domination sur les classiques de printemps, tandis que del Toro devra patienter avant de retrouver la comp\u00e9tition au plus haut niveau.<\/p>\n<h2>Top 10 classement final<\/h2>\n<table>\n<thead><tr><th>Pos.<\/th><th>Coureur<\/th><th>\u00c9quipe<\/th><th>Temps<\/th><\/tr><\/thead>\n<tbody>\n<tr><td>1<\/td><td>EVENEPOEL Remco<\/td><td>Red Bull &#8211; BORA &#8211; hansgrohe<\/td><td>5:59:40<\/td><\/tr>\n<tr><td>2<\/td><td>SKJELMOSE Mattias<\/td><td>Lidl &#8211; Trek<\/td><td>0:01<\/td><\/tr>\n<tr><td>3<\/td><td>COSNEFROY Beno\u00eet<\/td><td>UAE Team Emirates &#8211; XRG<\/td><td>1:59<\/td><\/tr>\n<tr><td>4<\/td><td>GR\u00c9GOIRE Romain<\/td><td>Groupama &#8211; FDJ United<\/td><td>,,<\/td><\/tr>\n<tr><td>5<\/td><td>VERSTRYNGE Emiel<\/td><td>Alpecin-Premier Tech<\/td><td>,,<\/td><\/tr>\n<tr><td>6<\/td><td>SCHMID Mauro<\/td><td>Team Jayco AlUla<\/td><td>,,<\/td><\/tr>\n<tr><td>7<\/td><td>VANSEVENANT Mauri<\/td><td>Soudal Quick-Step<\/td><td>,,<\/td><\/tr>\n<tr><td>8<\/td><td>WITHEN PHILIPSEN Albert<\/td><td>Lidl &#8211; Trek<\/td><td>,,<\/td><\/tr>\n<tr><td>9<\/td><td>COSTIOU Ewen<\/td><td>Groupama &#8211; FDJ United<\/td><td>,,<\/td><\/tr>\n<tr><td>10<\/td><td>FRIGO Marco<\/td><td>NSN Cycling Team<\/td><td>,,<\/td><\/tr>\n<\/tbody>\n<\/table>\n\n","protected":false},"excerpt":{"rendered":"<p>Isaac del Toro (UAE Team Emirates) n&rsquo;a pas pris le d\u00e9part de l&rsquo;Amstel Gold Race 2026 ce dimanche 19 avril, [&hellip;]<\/p>\n","protected":false},"author":1,"featured_media":1086,"comment_status":"open","ping_status":"open","sticky":false,"template":"","format":"standard","meta":{"footnotes":""},"categories":[68],"tags":[],"class_list":["post-1090","post","type-post","status-publish","format-standard","has-post-thumbnail","hentry","category-compte-rendu"],"yoast_head":"<!-- This site is optimized with the Yoast SEO plugin v27.1.1 - https:\/\/yoast.com\/product\/yoast-seo-wordpress\/ -->\n<title>Amstel Gold Race 2026 : del Toro forfait, Evenepoel gagne<\/title>\n<meta name=\"description\" content=\"Isaac del Toro (UAE Team Emirates) forfait pour l&#039;Amstel Gold Race 2026 sur blessure. Remco Evenepoel remporte la classique n\u00e9erlandaise devant Skjelmose.\" \/>\n<meta name=\"robots\" content=\"index, follow, max-snippet:-1, max-image-preview:large, max-video-preview:-1\" \/>\n<link rel=\"canonical\" href=\"https:\/\/www.isaac-del-toro.mx\/fr\/amstel-gold-race-2026-isaac-del-toro-forfait-evenepoel-simpose\/\" \/>\n<meta property=\"og:locale\" content=\"fr_FR\" \/>\n<meta property=\"og:type\" content=\"article\" \/>\n<meta property=\"og:title\" content=\"Amstel Gold Race 2026 : del Toro forfait, Evenepoel gagne\" \/>\n<meta property=\"og:description\" content=\"Isaac del Toro (UAE Team Emirates) forfait pour l&#039;Amstel Gold Race 2026 sur blessure. Remco Evenepoel remporte la classique n\u00e9erlandaise devant Skjelmose.\" \/>\n<meta property=\"og:url\" content=\"https:\/\/www.isaac-del-toro.mx\/fr\/amstel-gold-race-2026-isaac-del-toro-forfait-evenepoel-simpose\/\" \/>\n<meta property=\"og:site_name\" content=\"Isaac del Toro Romero\" \/>\n<meta property=\"article:published_time\" content=\"2026-04-19T15:48:57+00:00\" \/>\n<meta property=\"og:image\" content=\"https:\/\/www.isaac-del-toro.mx\/wp-content\/uploads\/2026\/04\/job-33-20260419174747.png\" \/>\n\t<meta property=\"og:image:width\" content=\"1024\" \/>\n\t<meta property=\"og:image:height\" content=\"1024\" \/>\n\t<meta property=\"og:image:type\" content=\"image\/png\" \/>\n<meta name=\"author\" content=\"Frank\" \/>\n<meta name=\"twitter:card\" content=\"summary_large_image\" \/>\n<meta name=\"twitter:label1\" content=\"\u00c9crit par\" \/>\n\t<meta name=\"twitter:data1\" content=\"Frank\" \/>\n\t<meta name=\"twitter:label2\" content=\"Dur\u00e9e de lecture estim\u00e9e\" \/>\n\t<meta name=\"twitter:data2\" content=\"1 minute\" \/>\n<script type=\"application\/ld+json\" class=\"yoast-schema-graph\">{\"@context\":\"https:\/\/schema.org\",\"@graph\":[{\"@type\":\"Article\",\"@id\":\"https:\/\/www.isaac-del-toro.mx\/fr\/amstel-gold-race-2026-isaac-del-toro-forfait-evenepoel-simpose\/#article\",\"isPartOf\":{\"@id\":\"https:\/\/www.isaac-del-toro.mx\/fr\/amstel-gold-race-2026-isaac-del-toro-forfait-evenepoel-simpose\/\"},\"author\":{\"name\":\"Frank\",\"@id\":\"https:\/\/www.isaac-del-toro.mx\/fr\/#\/schema\/person\/dcd12bccf645d7a2112bdb90aa7ff9f2\"},\"headline\":\"Amstel Gold Race 2026 : Isaac del Toro forfait, Evenepoel s&rsquo;impose\",\"datePublished\":\"2026-04-19T15:48:57+00:00\",\"mainEntityOfPage\":{\"@id\":\"https:\/\/www.isaac-del-toro.mx\/fr\/amstel-gold-race-2026-isaac-del-toro-forfait-evenepoel-simpose\/\"},\"wordCount\":327,\"commentCount\":0,\"publisher\":{\"@id\":\"https:\/\/www.isaac-del-toro.mx\/fr\/#\/schema\/person\/7cbbcf16bd93d1b98eeb4ab7a1fbd7ba\"},\"image\":{\"@id\":\"https:\/\/www.isaac-del-toro.mx\/fr\/amstel-gold-race-2026-isaac-del-toro-forfait-evenepoel-simpose\/#primaryimage\"},\"thumbnailUrl\":\"https:\/\/www.isaac-del-toro.mx\/wp-content\/uploads\/2026\/04\/job-33-20260419174747.png\",\"articleSection\":[\"Compte rendu\"],\"inLanguage\":\"fr-FR\",\"potentialAction\":[{\"@type\":\"CommentAction\",\"name\":\"Comment\",\"target\":[\"https:\/\/www.isaac-del-toro.mx\/fr\/amstel-gold-race-2026-isaac-del-toro-forfait-evenepoel-simpose\/#respond\"]}]},{\"@type\":\"WebPage\",\"@id\":\"https:\/\/www.isaac-del-toro.mx\/fr\/amstel-gold-race-2026-isaac-del-toro-forfait-evenepoel-simpose\/\",\"url\":\"https:\/\/www.isaac-del-toro.mx\/fr\/amstel-gold-race-2026-isaac-del-toro-forfait-evenepoel-simpose\/\",\"name\":\"Amstel Gold Race 2026 : del Toro forfait, Evenepoel gagne\",\"isPartOf\":{\"@id\":\"https:\/\/www.isaac-del-toro.mx\/fr\/#website\"},\"primaryImageOfPage\":{\"@id\":\"https:\/\/www.isaac-del-toro.mx\/fr\/amstel-gold-race-2026-isaac-del-toro-forfait-evenepoel-simpose\/#primaryimage\"},\"image\":{\"@id\":\"https:\/\/www.isaac-del-toro.mx\/fr\/amstel-gold-race-2026-isaac-del-toro-forfait-evenepoel-simpose\/#primaryimage\"},\"thumbnailUrl\":\"https:\/\/www.isaac-del-toro.mx\/wp-content\/uploads\/2026\/04\/job-33-20260419174747.png\",\"datePublished\":\"2026-04-19T15:48:57+00:00\",\"description\":\"Isaac del Toro (UAE Team Emirates) forfait pour l'Amstel Gold Race 2026 sur blessure. Remco Evenepoel remporte la classique n\u00e9erlandaise devant Skjelmose.\",\"breadcrumb\":{\"@id\":\"https:\/\/www.isaac-del-toro.mx\/fr\/amstel-gold-race-2026-isaac-del-toro-forfait-evenepoel-simpose\/#breadcrumb\"},\"inLanguage\":\"fr-FR\",\"potentialAction\":[{\"@type\":\"ReadAction\",\"target\":[\"https:\/\/www.isaac-del-toro.mx\/fr\/amstel-gold-race-2026-isaac-del-toro-forfait-evenepoel-simpose\/\"]}]},{\"@type\":\"ImageObject\",\"inLanguage\":\"fr-FR\",\"@id\":\"https:\/\/www.isaac-del-toro.mx\/fr\/amstel-gold-race-2026-isaac-del-toro-forfait-evenepoel-simpose\/#primaryimage\",\"url\":\"https:\/\/www.isaac-del-toro.mx\/wp-content\/uploads\/2026\/04\/job-33-20260419174747.png\",\"contentUrl\":\"https:\/\/www.isaac-del-toro.mx\/wp-content\/uploads\/2026\/04\/job-33-20260419174747.png\",\"width\":1024,\"height\":1024,\"caption\":\"Un ciclista solitario pedalea por una carretera de monta\u00f1a rodeada de paisajes verdes y serenos.\"},{\"@type\":\"BreadcrumbList\",\"@id\":\"https:\/\/www.isaac-del-toro.mx\/fr\/amstel-gold-race-2026-isaac-del-toro-forfait-evenepoel-simpose\/#breadcrumb\",\"itemListElement\":[{\"@type\":\"ListItem\",\"position\":1,\"name\":\"Start\",\"item\":\"https:\/\/www.isaac-del-toro.mx\/fr\/\"},{\"@type\":\"ListItem\",\"position\":2,\"name\":\"Amstel Gold Race 2026 : Isaac del Toro forfait, Evenepoel s&#8217;impose\"}]},{\"@type\":\"WebSite\",\"@id\":\"https:\/\/www.isaac-del-toro.mx\/fr\/#website\",\"url\":\"https:\/\/www.isaac-del-toro.mx\/fr\/\",\"name\":\"Isaac del Toro Romero\",\"description\":\"\",\"publisher\":{\"@id\":\"https:\/\/www.isaac-del-toro.mx\/fr\/#\/schema\/person\/7cbbcf16bd93d1b98eeb4ab7a1fbd7ba\"},\"potentialAction\":[{\"@type\":\"SearchAction\",\"target\":{\"@type\":\"EntryPoint\",\"urlTemplate\":\"https:\/\/www.isaac-del-toro.mx\/fr\/?s={search_term_string}\"},\"query-input\":{\"@type\":\"PropertyValueSpecification\",\"valueRequired\":true,\"valueName\":\"search_term_string\"}}],\"inLanguage\":\"fr-FR\"},{\"@type\":[\"Person\",\"Organization\"],\"@id\":\"https:\/\/www.isaac-del-toro.mx\/fr\/#\/schema\/person\/7cbbcf16bd93d1b98eeb4ab7a1fbd7ba\",\"name\":\"Isaac del Toro Romero\",\"logo\":{\"@id\":\"https:\/\/www.isaac-del-toro.mx\/fr\/#\/schema\/person\/image\/\"}},{\"@type\":\"Person\",\"@id\":\"https:\/\/www.isaac-del-toro.mx\/fr\/#\/schema\/person\/dcd12bccf645d7a2112bdb90aa7ff9f2\",\"name\":\"Frank\",\"sameAs\":[\"https:\/\/www.isaac-del-toro.mx\"],\"url\":\"https:\/\/www.isaac-del-toro.mx\/fr\/author\/frank-kuglerwebarbeit-net\/\"}]}<\/script>\n<!-- \/ Yoast SEO plugin. -->","yoast_head_json":{"title":"Amstel Gold Race 2026 : del Toro forfait, Evenepoel gagne","description":"Isaac del Toro (UAE Team Emirates) forfait pour l'Amstel Gold Race 2026 sur blessure. Remco Evenepoel remporte la classique n\u00e9erlandaise devant Skjelmose.","robots":{"index":"index","follow":"follow","max-snippet":"max-snippet:-1","max-image-preview":"max-image-preview:large","max-video-preview":"max-video-preview:-1"},"canonical":"https:\/\/www.isaac-del-toro.mx\/fr\/amstel-gold-race-2026-isaac-del-toro-forfait-evenepoel-simpose\/","og_locale":"fr_FR","og_type":"article","og_title":"Amstel Gold Race 2026 : del Toro forfait, Evenepoel gagne","og_description":"Isaac del Toro (UAE Team Emirates) forfait pour l'Amstel Gold Race 2026 sur blessure. Remco Evenepoel remporte la classique n\u00e9erlandaise devant Skjelmose.","og_url":"https:\/\/www.isaac-del-toro.mx\/fr\/amstel-gold-race-2026-isaac-del-toro-forfait-evenepoel-simpose\/","og_site_name":"Isaac del Toro Romero","article_published_time":"2026-04-19T15:48:57+00:00","og_image":[{"url":"https:\/\/www.isaac-del-toro.mx\/wp-content\/uploads\/2026\/04\/job-33-20260419174747.png","width":1024,"height":1024,"type":"image\/png"}],"author":"Frank","twitter_card":"summary_large_image","twitter_misc":{"\u00c9crit par":"Frank","Dur\u00e9e de lecture estim\u00e9e":"1 minute"},"schema":{"@context":"https:\/\/schema.org","@graph":[{"@type":"Article","@id":"https:\/\/www.isaac-del-toro.mx\/fr\/amstel-gold-race-2026-isaac-del-toro-forfait-evenepoel-simpose\/#article","isPartOf":{"@id":"https:\/\/www.isaac-del-toro.mx\/fr\/amstel-gold-race-2026-isaac-del-toro-forfait-evenepoel-simpose\/"},"author":{"name":"Frank","@id":"https:\/\/www.isaac-del-toro.mx\/fr\/#\/schema\/person\/dcd12bccf645d7a2112bdb90aa7ff9f2"},"headline":"Amstel Gold Race 2026 : Isaac del Toro forfait, Evenepoel s&rsquo;impose","datePublished":"2026-04-19T15:48:57+00:00","mainEntityOfPage":{"@id":"https:\/\/www.isaac-del-toro.mx\/fr\/amstel-gold-race-2026-isaac-del-toro-forfait-evenepoel-simpose\/"},"wordCount":327,"commentCount":0,"publisher":{"@id":"https:\/\/www.isaac-del-toro.mx\/fr\/#\/schema\/person\/7cbbcf16bd93d1b98eeb4ab7a1fbd7ba"},"image":{"@id":"https:\/\/www.isaac-del-toro.mx\/fr\/amstel-gold-race-2026-isaac-del-toro-forfait-evenepoel-simpose\/#primaryimage"},"thumbnailUrl":"https:\/\/www.isaac-del-toro.mx\/wp-content\/uploads\/2026\/04\/job-33-20260419174747.png","articleSection":["Compte rendu"],"inLanguage":"fr-FR","potentialAction":[{"@type":"CommentAction","name":"Comment","target":["https:\/\/www.isaac-del-toro.mx\/fr\/amstel-gold-race-2026-isaac-del-toro-forfait-evenepoel-simpose\/#respond"]}]},{"@type":"WebPage","@id":"https:\/\/www.isaac-del-toro.mx\/fr\/amstel-gold-race-2026-isaac-del-toro-forfait-evenepoel-simpose\/","url":"https:\/\/www.isaac-del-toro.mx\/fr\/amstel-gold-race-2026-isaac-del-toro-forfait-evenepoel-simpose\/","name":"Amstel Gold Race 2026 : del Toro forfait, Evenepoel gagne","isPartOf":{"@id":"https:\/\/www.isaac-del-toro.mx\/fr\/#website"},"primaryImageOfPage":{"@id":"https:\/\/www.isaac-del-toro.mx\/fr\/amstel-gold-race-2026-isaac-del-toro-forfait-evenepoel-simpose\/#primaryimage"},"image":{"@id":"https:\/\/www.isaac-del-toro.mx\/fr\/amstel-gold-race-2026-isaac-del-toro-forfait-evenepoel-simpose\/#primaryimage"},"thumbnailUrl":"https:\/\/www.isaac-del-toro.mx\/wp-content\/uploads\/2026\/04\/job-33-20260419174747.png","datePublished":"2026-04-19T15:48:57+00:00","description":"Isaac del Toro (UAE Team Emirates) forfait pour l'Amstel Gold Race 2026 sur blessure. Remco Evenepoel remporte la classique n\u00e9erlandaise devant Skjelmose.","breadcrumb":{"@id":"https:\/\/www.isaac-del-toro.mx\/fr\/amstel-gold-race-2026-isaac-del-toro-forfait-evenepoel-simpose\/#breadcrumb"},"inLanguage":"fr-FR","potentialAction":[{"@type":"ReadAction","target":["https:\/\/www.isaac-del-toro.mx\/fr\/amstel-gold-race-2026-isaac-del-toro-forfait-evenepoel-simpose\/"]}]},{"@type":"ImageObject","inLanguage":"fr-FR","@id":"https:\/\/www.isaac-del-toro.mx\/fr\/amstel-gold-race-2026-isaac-del-toro-forfait-evenepoel-simpose\/#primaryimage","url":"https:\/\/www.isaac-del-toro.mx\/wp-content\/uploads\/2026\/04\/job-33-20260419174747.png","contentUrl":"https:\/\/www.isaac-del-toro.mx\/wp-content\/uploads\/2026\/04\/job-33-20260419174747.png","width":1024,"height":1024,"caption":"Un ciclista solitario pedalea por una carretera de monta\u00f1a rodeada de paisajes verdes y serenos."},{"@type":"BreadcrumbList","@id":"https:\/\/www.isaac-del-toro.mx\/fr\/amstel-gold-race-2026-isaac-del-toro-forfait-evenepoel-simpose\/#breadcrumb","itemListElement":[{"@type":"ListItem","position":1,"name":"Start","item":"https:\/\/www.isaac-del-toro.mx\/fr\/"},{"@type":"ListItem","position":2,"name":"Amstel Gold Race 2026 : Isaac del Toro forfait, Evenepoel s&#8217;impose"}]},{"@type":"WebSite","@id":"https:\/\/www.isaac-del-toro.mx\/fr\/#website","url":"https:\/\/www.isaac-del-toro.mx\/fr\/","name":"Isaac del Toro Romero","description":"","publisher":{"@id":"https:\/\/www.isaac-del-toro.mx\/fr\/#\/schema\/person\/7cbbcf16bd93d1b98eeb4ab7a1fbd7ba"},"potentialAction":[{"@type":"SearchAction","target":{"@type":"EntryPoint","urlTemplate":"https:\/\/www.isaac-del-toro.mx\/fr\/?s={search_term_string}"},"query-input":{"@type":"PropertyValueSpecification","valueRequired":true,"valueName":"search_term_string"}}],"inLanguage":"fr-FR"},{"@type":["Person","Organization"],"@id":"https:\/\/www.isaac-del-toro.mx\/fr\/#\/schema\/person\/7cbbcf16bd93d1b98eeb4ab7a1fbd7ba","name":"Isaac del Toro Romero","logo":{"@id":"https:\/\/www.isaac-del-toro.mx\/fr\/#\/schema\/person\/image\/"}},{"@type":"Person","@id":"https:\/\/www.isaac-del-toro.mx\/fr\/#\/schema\/person\/dcd12bccf645d7a2112bdb90aa7ff9f2","name":"Frank","sameAs":["https:\/\/www.isaac-del-toro.mx"],"url":"https:\/\/www.isaac-del-toro.mx\/fr\/author\/frank-kuglerwebarbeit-net\/"}]}},"_links":{"self":[{"href":"https:\/\/www.isaac-del-toro.mx\/fr\/wp-json\/wp\/v2\/posts\/1090","targetHints":{"allow":["GET"]}}],"collection":[{"href":"https:\/\/www.isaac-del-toro.mx\/fr\/wp-json\/wp\/v2\/posts"}],"about":[{"href":"https:\/\/www.isaac-del-toro.mx\/fr\/wp-json\/wp\/v2\/types\/post"}],"author":[{"embeddable":true,"href":"https:\/\/www.isaac-del-toro.mx\/fr\/wp-json\/wp\/v2\/users\/1"}],"replies":[{"embeddable":true,"href":"https:\/\/www.isaac-del-toro.mx\/fr\/wp-json\/wp\/v2\/comments?post=1090"}],"version-history":[{"count":0,"href":"https:\/\/www.isaac-del-toro.mx\/fr\/wp-json\/wp\/v2\/posts\/1090\/revisions"}],"wp:featuredmedia":[{"embeddable":true,"href":"https:\/\/www.isaac-del-toro.mx\/fr\/wp-json\/wp\/v2\/media\/1086"}],"wp:attachment":[{"href":"https:\/\/www.isaac-del-toro.mx\/fr\/wp-json\/wp\/v2\/media?parent=1090"}],"wp:term":[{"taxonomy":"category","embeddable":true,"href":"https:\/\/www.isaac-del-toro.mx\/fr\/wp-json\/wp\/v2\/categories?post=1090"},{"taxonomy":"post_tag","embeddable":true,"href":"https:\/\/www.isaac-del-toro.mx\/fr\/wp-json\/wp\/v2\/tags?post=1090"}],"curies":[{"name":"wp","href":"https:\/\/api.w.org\/{rel}","templated":true}]}}