{"id":1096,"date":"2026-04-20T23:19:24","date_gmt":"2026-04-21T05:19:24","guid":{"rendered":"https:\/\/www.isaac-del-toro.mx\/fleche-wallonne-2026-isaac-del-toro-incertain-mur-de-huy\/"},"modified":"2026-04-20T23:19:24","modified_gmt":"2026-04-21T05:19:24","slug":"fleche-wallonne-2026-isaac-del-toro-incertain-mur-de-huy","status":"publish","type":"post","link":"https:\/\/www.isaac-del-toro.mx\/fr\/fleche-wallonne-2026-isaac-del-toro-incertain-mur-de-huy\/","title":{"rendered":"La Fl\u00e8che Wallonne 2026 : Isaac del Toro incertain pour l&rsquo;assaut du Mur de Huy"},"content":{"rendered":"\n<p>\u00c0 la veille de La Fl\u00e8che Wallonne 2026, l&rsquo;incertitude plane autour de la participation d&rsquo;Isaac del Toro. Le grimpeur mexicain d&rsquo;UAE Team Emirates, victime d&rsquo;une d\u00e9chirure musculaire \u00e0 la cuisse droite lors de la troisi\u00e8me \u00e9tape d&rsquo;Itzulia Basque Country le 9 avril, pourrait manquer ce rendez-vous crucial des Classiques ardennaises.<\/p>\n\n<h2>Un parcours redoutable de 205,5 kilom\u00e8tres<\/h2>\n\n<p>Cette \u00e9dition 2026 de La Fl\u00e8che Wallonne propose un trac\u00e9 exigeant de 205,5 kilom\u00e8tres avec 3000 m\u00e8tres de d\u00e9nivel\u00e9 positif r\u00e9partis sur onze ascensions. Le mythique Mur de Huy, juge de paix traditionnel de cette course World Tour, couronnera une journ\u00e9e qui s&rsquo;annonce impitoyable pour les organismes. Cette mont\u00e9e de 1,3 kilom\u00e8tre aux pourcentages atteignant 26% demeure l&rsquo;arbitre supr\u00eame, capable de faire exploser les ambitions en quelques hectom\u00e8tres d\u00e9cisifs.<\/p>\n\n<h2>L&rsquo;interrogation Isaac del Toro<\/h2>\n\n<p>La blessure contract\u00e9e par Isaac del Toro lors de sa chute au Pays basque jette une ombre sur les ambitions d&rsquo;UAE Team Emirates. Le Mexicain, qui avait montr\u00e9 des signes encourageants en d\u00e9but de saison, se trouve dans une course contre la montre pour retrouver sa condition physique optimale. Son \u00e9quipe m\u00e9dicale \u00e9value quotidiennement l&rsquo;\u00e9volution de sa d\u00e9chirure musculaire, mais aucune d\u00e9cision d\u00e9finitive n&rsquo;a encore \u00e9t\u00e9 communiqu\u00e9e concernant sa pr\u00e9sence au d\u00e9part demain.<\/p>\n\n<h2>Diffusion t\u00e9l\u00e9vis\u00e9e<\/h2>\n\n<p>Les amateurs fran\u00e7ais pourront suivre cette 90e \u00e9dition de La Fl\u00e8che Wallonne sur Eurosport et France T\u00e9l\u00e9visions, qui assureront la retransmission int\u00e9grale de cette course embl\u00e9matique du calendrier cycliste international.<\/p>\n\n<p>Que del Toro soit pr\u00e9sent ou non, La Fl\u00e8che Wallonne 2026 promet une bataille \u00e9pique sur les routes wallonnes. Les supporters mass\u00e9s sur le Mur de Huy attendent avec impatience de voir qui succ\u00e9dera au palmar\u00e8s de cette course l\u00e9gendaire, th\u00e9\u00e2tre de tant d&rsquo;exploits m\u00e9morables.<\/p>\n","protected":false},"excerpt":{"rendered":"<p>\u00c0 la veille de La Fl\u00e8che Wallonne 2026, l&rsquo;incertitude plane autour de la participation d&rsquo;Isaac del Toro. Le grimpeur mexicain [&hellip;]<\/p>\n","protected":false},"author":1,"featured_media":1092,"comment_status":"open","ping_status":"open","sticky":false,"template":"","format":"standard","meta":{"footnotes":""},"categories":[72],"tags":[],"class_list":["post-1096","post","type-post","status-publish","format-standard","has-post-thumbnail","hentry","category-avant-course"],"yoast_head":"<!-- This site is optimized with the Yoast SEO plugin v27.1.1 - https:\/\/yoast.com\/product\/yoast-seo-wordpress\/ -->\n<title>La Fl\u00e8che Wallonne 2026 : del Toro incertain pour le Mur<\/title>\n<meta name=\"description\" content=\"La Fl\u00e8che Wallonne 2026 se d\u00e9roule demain avec le mythique Mur de Huy. Isaac del Toro (UAE) incertain apr\u00e8s sa blessure \u00e0 Itzulia. Parcours et enjeux.\" \/>\n<meta name=\"robots\" content=\"index, follow, max-snippet:-1, max-image-preview:large, max-video-preview:-1\" \/>\n<link rel=\"canonical\" href=\"https:\/\/www.isaac-del-toro.mx\/fr\/fleche-wallonne-2026-isaac-del-toro-incertain-mur-de-huy\/\" \/>\n<meta property=\"og:locale\" content=\"fr_FR\" \/>\n<meta property=\"og:type\" content=\"article\" \/>\n<meta property=\"og:title\" content=\"La Fl\u00e8che Wallonne 2026 : del Toro incertain pour le Mur\" \/>\n<meta property=\"og:description\" content=\"La Fl\u00e8che Wallonne 2026 se d\u00e9roule demain avec le mythique Mur de Huy. Isaac del Toro (UAE) incertain apr\u00e8s sa blessure \u00e0 Itzulia. Parcours et enjeux.\" \/>\n<meta property=\"og:url\" content=\"https:\/\/www.isaac-del-toro.mx\/fr\/fleche-wallonne-2026-isaac-del-toro-incertain-mur-de-huy\/\" \/>\n<meta property=\"og:site_name\" content=\"Isaac del Toro Romero\" \/>\n<meta property=\"article:published_time\" content=\"2026-04-21T05:19:24+00:00\" \/>\n<meta property=\"og:image\" content=\"https:\/\/www.isaac-del-toro.mx\/wp-content\/uploads\/2026\/04\/job-34-20260421071822.png\" \/>\n\t<meta property=\"og:image:width\" content=\"1024\" \/>\n\t<meta property=\"og:image:height\" content=\"1024\" \/>\n\t<meta property=\"og:image:type\" content=\"image\/png\" \/>\n<meta name=\"author\" content=\"Frank\" \/>\n<meta name=\"twitter:card\" content=\"summary_large_image\" \/>\n<meta name=\"twitter:label1\" content=\"\u00c9crit par\" \/>\n\t<meta name=\"twitter:data1\" content=\"Frank\" \/>\n\t<meta name=\"twitter:label2\" content=\"Dur\u00e9e de lecture estim\u00e9e\" \/>\n\t<meta name=\"twitter:data2\" content=\"2 minutes\" \/>\n<script type=\"application\/ld+json\" class=\"yoast-schema-graph\">{\"@context\":\"https:\/\/schema.org\",\"@graph\":[{\"@type\":\"Article\",\"@id\":\"https:\/\/www.isaac-del-toro.mx\/fr\/fleche-wallonne-2026-isaac-del-toro-incertain-mur-de-huy\/#article\",\"isPartOf\":{\"@id\":\"https:\/\/www.isaac-del-toro.mx\/fr\/fleche-wallonne-2026-isaac-del-toro-incertain-mur-de-huy\/\"},\"author\":{\"name\":\"Frank\",\"@id\":\"https:\/\/www.isaac-del-toro.mx\/fr\/#\/schema\/person\/dcd12bccf645d7a2112bdb90aa7ff9f2\"},\"headline\":\"La Fl\u00e8che Wallonne 2026 : Isaac del Toro incertain pour l&rsquo;assaut du Mur de Huy\",\"datePublished\":\"2026-04-21T05:19:24+00:00\",\"mainEntityOfPage\":{\"@id\":\"https:\/\/www.isaac-del-toro.mx\/fr\/fleche-wallonne-2026-isaac-del-toro-incertain-mur-de-huy\/\"},\"wordCount\":336,\"commentCount\":0,\"publisher\":{\"@id\":\"https:\/\/www.isaac-del-toro.mx\/fr\/#\/schema\/person\/7cbbcf16bd93d1b98eeb4ab7a1fbd7ba\"},\"image\":{\"@id\":\"https:\/\/www.isaac-del-toro.mx\/fr\/fleche-wallonne-2026-isaac-del-toro-incertain-mur-de-huy\/#primaryimage\"},\"thumbnailUrl\":\"https:\/\/www.isaac-del-toro.mx\/wp-content\/uploads\/2026\/04\/job-34-20260421071822.png\",\"articleSection\":[\"Avant-course\"],\"inLanguage\":\"fr-FR\",\"potentialAction\":[{\"@type\":\"CommentAction\",\"name\":\"Comment\",\"target\":[\"https:\/\/www.isaac-del-toro.mx\/fr\/fleche-wallonne-2026-isaac-del-toro-incertain-mur-de-huy\/#respond\"]}]},{\"@type\":\"WebPage\",\"@id\":\"https:\/\/www.isaac-del-toro.mx\/fr\/fleche-wallonne-2026-isaac-del-toro-incertain-mur-de-huy\/\",\"url\":\"https:\/\/www.isaac-del-toro.mx\/fr\/fleche-wallonne-2026-isaac-del-toro-incertain-mur-de-huy\/\",\"name\":\"La Fl\u00e8che Wallonne 2026 : del Toro incertain pour le Mur\",\"isPartOf\":{\"@id\":\"https:\/\/www.isaac-del-toro.mx\/fr\/#website\"},\"primaryImageOfPage\":{\"@id\":\"https:\/\/www.isaac-del-toro.mx\/fr\/fleche-wallonne-2026-isaac-del-toro-incertain-mur-de-huy\/#primaryimage\"},\"image\":{\"@id\":\"https:\/\/www.isaac-del-toro.mx\/fr\/fleche-wallonne-2026-isaac-del-toro-incertain-mur-de-huy\/#primaryimage\"},\"thumbnailUrl\":\"https:\/\/www.isaac-del-toro.mx\/wp-content\/uploads\/2026\/04\/job-34-20260421071822.png\",\"datePublished\":\"2026-04-21T05:19:24+00:00\",\"description\":\"La Fl\u00e8che Wallonne 2026 se d\u00e9roule demain avec le mythique Mur de Huy. Isaac del Toro (UAE) incertain apr\u00e8s sa blessure \u00e0 Itzulia. Parcours et enjeux.\",\"breadcrumb\":{\"@id\":\"https:\/\/www.isaac-del-toro.mx\/fr\/fleche-wallonne-2026-isaac-del-toro-incertain-mur-de-huy\/#breadcrumb\"},\"inLanguage\":\"fr-FR\",\"potentialAction\":[{\"@type\":\"ReadAction\",\"target\":[\"https:\/\/www.isaac-del-toro.mx\/fr\/fleche-wallonne-2026-isaac-del-toro-incertain-mur-de-huy\/\"]}]},{\"@type\":\"ImageObject\",\"inLanguage\":\"fr-FR\",\"@id\":\"https:\/\/www.isaac-del-toro.mx\/fr\/fleche-wallonne-2026-isaac-del-toro-incertain-mur-de-huy\/#primaryimage\",\"url\":\"https:\/\/www.isaac-del-toro.mx\/wp-content\/uploads\/2026\/04\/job-34-20260421071822.png\",\"contentUrl\":\"https:\/\/www.isaac-del-toro.mx\/wp-content\/uploads\/2026\/04\/job-34-20260421071822.png\",\"width\":1024,\"height\":1024,\"caption\":\"Un ciclista solitario sube una carretera de monta\u00f1a con el Mur de Huy al fondo, bajo un cielo nublado.\"},{\"@type\":\"BreadcrumbList\",\"@id\":\"https:\/\/www.isaac-del-toro.mx\/fr\/fleche-wallonne-2026-isaac-del-toro-incertain-mur-de-huy\/#breadcrumb\",\"itemListElement\":[{\"@type\":\"ListItem\",\"position\":1,\"name\":\"Start\",\"item\":\"https:\/\/www.isaac-del-toro.mx\/fr\/\"},{\"@type\":\"ListItem\",\"position\":2,\"name\":\"La Fl\u00e8che Wallonne 2026 : Isaac del Toro incertain pour l&#8217;assaut du Mur de Huy\"}]},{\"@type\":\"WebSite\",\"@id\":\"https:\/\/www.isaac-del-toro.mx\/fr\/#website\",\"url\":\"https:\/\/www.isaac-del-toro.mx\/fr\/\",\"name\":\"Isaac del Toro Romero\",\"description\":\"\",\"publisher\":{\"@id\":\"https:\/\/www.isaac-del-toro.mx\/fr\/#\/schema\/person\/7cbbcf16bd93d1b98eeb4ab7a1fbd7ba\"},\"potentialAction\":[{\"@type\":\"SearchAction\",\"target\":{\"@type\":\"EntryPoint\",\"urlTemplate\":\"https:\/\/www.isaac-del-toro.mx\/fr\/?s={search_term_string}\"},\"query-input\":{\"@type\":\"PropertyValueSpecification\",\"valueRequired\":true,\"valueName\":\"search_term_string\"}}],\"inLanguage\":\"fr-FR\"},{\"@type\":[\"Person\",\"Organization\"],\"@id\":\"https:\/\/www.isaac-del-toro.mx\/fr\/#\/schema\/person\/7cbbcf16bd93d1b98eeb4ab7a1fbd7ba\",\"name\":\"Isaac del Toro Romero\",\"logo\":{\"@id\":\"https:\/\/www.isaac-del-toro.mx\/fr\/#\/schema\/person\/image\/\"}},{\"@type\":\"Person\",\"@id\":\"https:\/\/www.isaac-del-toro.mx\/fr\/#\/schema\/person\/dcd12bccf645d7a2112bdb90aa7ff9f2\",\"name\":\"Frank\",\"sameAs\":[\"https:\/\/www.isaac-del-toro.mx\"],\"url\":\"https:\/\/www.isaac-del-toro.mx\/fr\/author\/frank-kuglerwebarbeit-net\/\"}]}<\/script>\n<!-- \/ Yoast SEO plugin. -->","yoast_head_json":{"title":"La Fl\u00e8che Wallonne 2026 : del Toro incertain pour le Mur","description":"La Fl\u00e8che Wallonne 2026 se d\u00e9roule demain avec le mythique Mur de Huy. Isaac del Toro (UAE) incertain apr\u00e8s sa blessure \u00e0 Itzulia. Parcours et enjeux.","robots":{"index":"index","follow":"follow","max-snippet":"max-snippet:-1","max-image-preview":"max-image-preview:large","max-video-preview":"max-video-preview:-1"},"canonical":"https:\/\/www.isaac-del-toro.mx\/fr\/fleche-wallonne-2026-isaac-del-toro-incertain-mur-de-huy\/","og_locale":"fr_FR","og_type":"article","og_title":"La Fl\u00e8che Wallonne 2026 : del Toro incertain pour le Mur","og_description":"La Fl\u00e8che Wallonne 2026 se d\u00e9roule demain avec le mythique Mur de Huy. Isaac del Toro (UAE) incertain apr\u00e8s sa blessure \u00e0 Itzulia. Parcours et enjeux.","og_url":"https:\/\/www.isaac-del-toro.mx\/fr\/fleche-wallonne-2026-isaac-del-toro-incertain-mur-de-huy\/","og_site_name":"Isaac del Toro Romero","article_published_time":"2026-04-21T05:19:24+00:00","og_image":[{"url":"https:\/\/www.isaac-del-toro.mx\/wp-content\/uploads\/2026\/04\/job-34-20260421071822.png","width":1024,"height":1024,"type":"image\/png"}],"author":"Frank","twitter_card":"summary_large_image","twitter_misc":{"\u00c9crit par":"Frank","Dur\u00e9e de lecture estim\u00e9e":"2 minutes"},"schema":{"@context":"https:\/\/schema.org","@graph":[{"@type":"Article","@id":"https:\/\/www.isaac-del-toro.mx\/fr\/fleche-wallonne-2026-isaac-del-toro-incertain-mur-de-huy\/#article","isPartOf":{"@id":"https:\/\/www.isaac-del-toro.mx\/fr\/fleche-wallonne-2026-isaac-del-toro-incertain-mur-de-huy\/"},"author":{"name":"Frank","@id":"https:\/\/www.isaac-del-toro.mx\/fr\/#\/schema\/person\/dcd12bccf645d7a2112bdb90aa7ff9f2"},"headline":"La Fl\u00e8che Wallonne 2026 : Isaac del Toro incertain pour l&rsquo;assaut du Mur de Huy","datePublished":"2026-04-21T05:19:24+00:00","mainEntityOfPage":{"@id":"https:\/\/www.isaac-del-toro.mx\/fr\/fleche-wallonne-2026-isaac-del-toro-incertain-mur-de-huy\/"},"wordCount":336,"commentCount":0,"publisher":{"@id":"https:\/\/www.isaac-del-toro.mx\/fr\/#\/schema\/person\/7cbbcf16bd93d1b98eeb4ab7a1fbd7ba"},"image":{"@id":"https:\/\/www.isaac-del-toro.mx\/fr\/fleche-wallonne-2026-isaac-del-toro-incertain-mur-de-huy\/#primaryimage"},"thumbnailUrl":"https:\/\/www.isaac-del-toro.mx\/wp-content\/uploads\/2026\/04\/job-34-20260421071822.png","articleSection":["Avant-course"],"inLanguage":"fr-FR","potentialAction":[{"@type":"CommentAction","name":"Comment","target":["https:\/\/www.isaac-del-toro.mx\/fr\/fleche-wallonne-2026-isaac-del-toro-incertain-mur-de-huy\/#respond"]}]},{"@type":"WebPage","@id":"https:\/\/www.isaac-del-toro.mx\/fr\/fleche-wallonne-2026-isaac-del-toro-incertain-mur-de-huy\/","url":"https:\/\/www.isaac-del-toro.mx\/fr\/fleche-wallonne-2026-isaac-del-toro-incertain-mur-de-huy\/","name":"La Fl\u00e8che Wallonne 2026 : del Toro incertain pour le Mur","isPartOf":{"@id":"https:\/\/www.isaac-del-toro.mx\/fr\/#website"},"primaryImageOfPage":{"@id":"https:\/\/www.isaac-del-toro.mx\/fr\/fleche-wallonne-2026-isaac-del-toro-incertain-mur-de-huy\/#primaryimage"},"image":{"@id":"https:\/\/www.isaac-del-toro.mx\/fr\/fleche-wallonne-2026-isaac-del-toro-incertain-mur-de-huy\/#primaryimage"},"thumbnailUrl":"https:\/\/www.isaac-del-toro.mx\/wp-content\/uploads\/2026\/04\/job-34-20260421071822.png","datePublished":"2026-04-21T05:19:24+00:00","description":"La Fl\u00e8che Wallonne 2026 se d\u00e9roule demain avec le mythique Mur de Huy. Isaac del Toro (UAE) incertain apr\u00e8s sa blessure \u00e0 Itzulia. Parcours et enjeux.","breadcrumb":{"@id":"https:\/\/www.isaac-del-toro.mx\/fr\/fleche-wallonne-2026-isaac-del-toro-incertain-mur-de-huy\/#breadcrumb"},"inLanguage":"fr-FR","potentialAction":[{"@type":"ReadAction","target":["https:\/\/www.isaac-del-toro.mx\/fr\/fleche-wallonne-2026-isaac-del-toro-incertain-mur-de-huy\/"]}]},{"@type":"ImageObject","inLanguage":"fr-FR","@id":"https:\/\/www.isaac-del-toro.mx\/fr\/fleche-wallonne-2026-isaac-del-toro-incertain-mur-de-huy\/#primaryimage","url":"https:\/\/www.isaac-del-toro.mx\/wp-content\/uploads\/2026\/04\/job-34-20260421071822.png","contentUrl":"https:\/\/www.isaac-del-toro.mx\/wp-content\/uploads\/2026\/04\/job-34-20260421071822.png","width":1024,"height":1024,"caption":"Un ciclista solitario sube una carretera de monta\u00f1a con el Mur de Huy al fondo, bajo un cielo nublado."},{"@type":"BreadcrumbList","@id":"https:\/\/www.isaac-del-toro.mx\/fr\/fleche-wallonne-2026-isaac-del-toro-incertain-mur-de-huy\/#breadcrumb","itemListElement":[{"@type":"ListItem","position":1,"name":"Start","item":"https:\/\/www.isaac-del-toro.mx\/fr\/"},{"@type":"ListItem","position":2,"name":"La Fl\u00e8che Wallonne 2026 : Isaac del Toro incertain pour l&#8217;assaut du Mur de Huy"}]},{"@type":"WebSite","@id":"https:\/\/www.isaac-del-toro.mx\/fr\/#website","url":"https:\/\/www.isaac-del-toro.mx\/fr\/","name":"Isaac del Toro Romero","description":"","publisher":{"@id":"https:\/\/www.isaac-del-toro.mx\/fr\/#\/schema\/person\/7cbbcf16bd93d1b98eeb4ab7a1fbd7ba"},"potentialAction":[{"@type":"SearchAction","target":{"@type":"EntryPoint","urlTemplate":"https:\/\/www.isaac-del-toro.mx\/fr\/?s={search_term_string}"},"query-input":{"@type":"PropertyValueSpecification","valueRequired":true,"valueName":"search_term_string"}}],"inLanguage":"fr-FR"},{"@type":["Person","Organization"],"@id":"https:\/\/www.isaac-del-toro.mx\/fr\/#\/schema\/person\/7cbbcf16bd93d1b98eeb4ab7a1fbd7ba","name":"Isaac del Toro Romero","logo":{"@id":"https:\/\/www.isaac-del-toro.mx\/fr\/#\/schema\/person\/image\/"}},{"@type":"Person","@id":"https:\/\/www.isaac-del-toro.mx\/fr\/#\/schema\/person\/dcd12bccf645d7a2112bdb90aa7ff9f2","name":"Frank","sameAs":["https:\/\/www.isaac-del-toro.mx"],"url":"https:\/\/www.isaac-del-toro.mx\/fr\/author\/frank-kuglerwebarbeit-net\/"}]}},"_links":{"self":[{"href":"https:\/\/www.isaac-del-toro.mx\/fr\/wp-json\/wp\/v2\/posts\/1096","targetHints":{"allow":["GET"]}}],"collection":[{"href":"https:\/\/www.isaac-del-toro.mx\/fr\/wp-json\/wp\/v2\/posts"}],"about":[{"href":"https:\/\/www.isaac-del-toro.mx\/fr\/wp-json\/wp\/v2\/types\/post"}],"author":[{"embeddable":true,"href":"https:\/\/www.isaac-del-toro.mx\/fr\/wp-json\/wp\/v2\/users\/1"}],"replies":[{"embeddable":true,"href":"https:\/\/www.isaac-del-toro.mx\/fr\/wp-json\/wp\/v2\/comments?post=1096"}],"version-history":[{"count":0,"href":"https:\/\/www.isaac-del-toro.mx\/fr\/wp-json\/wp\/v2\/posts\/1096\/revisions"}],"wp:featuredmedia":[{"embeddable":true,"href":"https:\/\/www.isaac-del-toro.mx\/fr\/wp-json\/wp\/v2\/media\/1092"}],"wp:attachment":[{"href":"https:\/\/www.isaac-del-toro.mx\/fr\/wp-json\/wp\/v2\/media?parent=1096"}],"wp:term":[{"taxonomy":"category","embeddable":true,"href":"https:\/\/www.isaac-del-toro.mx\/fr\/wp-json\/wp\/v2\/categories?post=1096"},{"taxonomy":"post_tag","embeddable":true,"href":"https:\/\/www.isaac-del-toro.mx\/fr\/wp-json\/wp\/v2\/tags?post=1096"}],"curies":[{"name":"wp","href":"https:\/\/api.w.org\/{rel}","templated":true}]}}