{"id":154,"date":"2025-12-16T05:07:36","date_gmt":"2025-12-16T11:07:36","guid":{"rendered":"https:\/\/www.isaac-del-toro.mx\/?p=154"},"modified":"2026-02-02T08:34:48","modified_gmt":"2026-02-02T14:34:48","slug":"calendrier-objectifs-isaac-2026","status":"publish","type":"post","link":"https:\/\/www.isaac-del-toro.mx\/fr\/calendrier-objectifs-isaac-2026\/","title":{"rendered":"Calendrier et objectifs 2026 d\u2019Isaac del Toro"},"content":{"rendered":"\n<h2>Programme 2026<\/h2>\n<p>Isaac del Toro, jeune grimpeur mexicain r\u00e9v\u00e9l\u00e9 au Giro 2025, entame une nouvelle saison pleine d\u2019ambitions. Il d\u00e9butera son ann\u00e9e \u00e0 l\u2019UAE Tour en f\u00e9vrier, avant d\u2019encha\u00eener avec plusieurs classiques et courses par \u00e9tapes majeures. L\u2019objectif : se pr\u00e9parer au mieux pour son premier Tour de France en juillet.<\/p>\n\n<ul>\n  <li><strong>16 f\u00e9vrier :<\/strong> UAE Tour<\/li>\n  <li><strong>7 mars :<\/strong> Strade Bianche<\/li>\n  <li><strong>9 mars :<\/strong> Tirreno\u2013Adriatico<\/li>\n  <li><strong>21 mars :<\/strong> Milan\u2013San Remo<\/li>\n  <li><strong>6 avril :<\/strong> Itzulia \u2013 Tour du Pays basque<\/li>\n  <li><strong>7 juin :<\/strong> Tour Auvergne \u2013 Rh\u00f4ne-Alpes<\/li>\n  <li><strong>4 juillet :<\/strong> Tour de France<\/li>\n<\/ul>\n\n<p>Ces rendez-vous permettront \u00e0 Del Toro d\u2019accumuler de l\u2019exp\u00e9rience au plus haut niveau tout en soutenant ses leaders d\u2019\u00e9quipe sur les terrains exigeants.<\/p>\n<h2>Objectifs pour 2026<\/h2>\n<p>Pour Isaac del Toro, la saison 2026 repr\u00e9sente une \u00e9tape importante dans sa progression. Il participera \u00e0 son tout premier Tour de France, avec pour mission principale de soutenir Tadej Pogacar en montagne. \u00ab L\u2019objectif est d\u2019apprendre et de progresser \u00e0 ses c\u00f4t\u00e9s \u00bb, a-t-il d\u00e9clar\u00e9 en \u00e9voquant cette opportunit\u00e9 unique.<\/p>\n\n<p>En dehors du Tour, Del Toro visera \u00e9galement des r\u00e9sultats dans certaines classiques et courses par \u00e9tapes de pr\u00e9paration. Son r\u00f4le dans l\u2019\u00e9quipe UAE Team Emirates sera celui d\u2019un \u00e9quipier offensif et polyvalent, capable de faire la diff\u00e9rence dans les moments cl\u00e9s.<\/p>\n\n<p>Apr\u00e8s une saison 2025 impressionnante \u2013 marqu\u00e9e par une 2<sup>e<\/sup> place au Giro, plusieurs victoires et une mont\u00e9e au classement mondial \u2013 Del Toro aborde 2026 avec ambition et maturit\u00e9. Les fans francophones pourront suivre son \u00e9volution avec int\u00e9r\u00eat tout au long d\u2019un calendrier relev\u00e9 et prometteur.<\/p>\n","protected":false},"excerpt":{"rendered":"<p>Programme 2026 Isaac del Toro, jeune grimpeur mexicain r\u00e9v\u00e9l\u00e9 au Giro 2025, entame une nouvelle saison pleine d\u2019ambitions. Il d\u00e9butera [&hellip;]<\/p>\n","protected":false},"author":1,"featured_media":179,"comment_status":"open","ping_status":"open","sticky":false,"template":"","format":"standard","meta":{"footnotes":""},"categories":[49],"tags":[],"class_list":["post-154","post","type-post","status-publish","format-standard","has-post-thumbnail","hentry","category-actualites"],"yoast_head":"<!-- This site is optimized with the Yoast SEO plugin v27.1.1 - https:\/\/yoast.com\/product\/yoast-seo-wordpress\/ -->\n<title>Isaac del Toro \u2013 Calendrier et objectifs 2026 \ud83d\udeb4\ud83c\uddf2\ud83c\uddfd<\/title>\n<meta name=\"description\" content=\"Calendrier et objectifs d\u2019Isaac del Toro \ud83d\udeb4\ud83c\uddf2\ud83c\uddfd : classiques, courses par \u00e9tapes et Tour de France.\" \/>\n<meta name=\"robots\" content=\"index, follow, max-snippet:-1, max-image-preview:large, max-video-preview:-1\" \/>\n<link rel=\"canonical\" href=\"https:\/\/www.isaac-del-toro.mx\/fr\/calendrier-objectifs-isaac-2026\/\" \/>\n<meta property=\"og:locale\" content=\"fr_FR\" \/>\n<meta property=\"og:type\" content=\"article\" \/>\n<meta property=\"og:title\" content=\"Isaac del Toro \u2013 Calendrier et objectifs 2026 \ud83d\udeb4\ud83c\uddf2\ud83c\uddfd\" \/>\n<meta property=\"og:description\" content=\"Calendrier et objectifs d\u2019Isaac del Toro \ud83d\udeb4\ud83c\uddf2\ud83c\uddfd : classiques, courses par \u00e9tapes et Tour de France.\" \/>\n<meta property=\"og:url\" content=\"https:\/\/www.isaac-del-toro.mx\/fr\/calendrier-objectifs-isaac-2026\/\" \/>\n<meta property=\"og:site_name\" content=\"Isaac del Toro Romero\" \/>\n<meta property=\"article:published_time\" content=\"2025-12-16T11:07:36+00:00\" \/>\n<meta property=\"article:modified_time\" content=\"2026-02-02T14:34:48+00:00\" \/>\n<meta property=\"og:image\" content=\"https:\/\/www.isaac-del-toro.mx\/wp-content\/uploads\/2025\/12\/isaac-del-toro-2026-scaled.webp\" \/>\n\t<meta property=\"og:image:width\" content=\"2560\" \/>\n\t<meta property=\"og:image:height\" content=\"1463\" \/>\n\t<meta property=\"og:image:type\" content=\"image\/webp\" \/>\n<meta name=\"author\" content=\"Frank\" \/>\n<meta name=\"twitter:card\" content=\"summary_large_image\" \/>\n<meta name=\"twitter:label1\" content=\"\u00c9crit par\" \/>\n\t<meta name=\"twitter:data1\" content=\"Frank\" \/>\n\t<meta name=\"twitter:label2\" content=\"Dur\u00e9e de lecture estim\u00e9e\" \/>\n\t<meta name=\"twitter:data2\" content=\"2 minutes\" \/>\n<script type=\"application\/ld+json\" class=\"yoast-schema-graph\">{\"@context\":\"https:\/\/schema.org\",\"@graph\":[{\"@type\":\"Article\",\"@id\":\"https:\/\/www.isaac-del-toro.mx\/fr\/calendrier-objectifs-isaac-2026\/#article\",\"isPartOf\":{\"@id\":\"https:\/\/www.isaac-del-toro.mx\/fr\/calendrier-objectifs-isaac-2026\/\"},\"author\":{\"name\":\"Frank\",\"@id\":\"https:\/\/www.isaac-del-toro.mx\/fr\/#\/schema\/person\/dcd12bccf645d7a2112bdb90aa7ff9f2\"},\"headline\":\"Calendrier et objectifs 2026 d\u2019Isaac del Toro\",\"datePublished\":\"2025-12-16T11:07:36+00:00\",\"dateModified\":\"2026-02-02T14:34:48+00:00\",\"mainEntityOfPage\":{\"@id\":\"https:\/\/www.isaac-del-toro.mx\/fr\/calendrier-objectifs-isaac-2026\/\"},\"wordCount\":272,\"commentCount\":0,\"publisher\":{\"@id\":\"https:\/\/www.isaac-del-toro.mx\/fr\/#\/schema\/person\/7cbbcf16bd93d1b98eeb4ab7a1fbd7ba\"},\"image\":{\"@id\":\"https:\/\/www.isaac-del-toro.mx\/fr\/calendrier-objectifs-isaac-2026\/#primaryimage\"},\"thumbnailUrl\":\"https:\/\/www.isaac-del-toro.mx\/wp-content\/uploads\/2025\/12\/isaac-del-toro-2026-scaled.webp\",\"articleSection\":[\"Actualit\u00e9s\"],\"inLanguage\":\"fr-FR\",\"potentialAction\":[{\"@type\":\"CommentAction\",\"name\":\"Comment\",\"target\":[\"https:\/\/www.isaac-del-toro.mx\/fr\/calendrier-objectifs-isaac-2026\/#respond\"]}]},{\"@type\":\"WebPage\",\"@id\":\"https:\/\/www.isaac-del-toro.mx\/fr\/calendrier-objectifs-isaac-2026\/\",\"url\":\"https:\/\/www.isaac-del-toro.mx\/fr\/calendrier-objectifs-isaac-2026\/\",\"name\":\"Isaac del Toro \u2013 Calendrier et objectifs 2026 \ud83d\udeb4\ud83c\uddf2\ud83c\uddfd\",\"isPartOf\":{\"@id\":\"https:\/\/www.isaac-del-toro.mx\/fr\/#website\"},\"primaryImageOfPage\":{\"@id\":\"https:\/\/www.isaac-del-toro.mx\/fr\/calendrier-objectifs-isaac-2026\/#primaryimage\"},\"image\":{\"@id\":\"https:\/\/www.isaac-del-toro.mx\/fr\/calendrier-objectifs-isaac-2026\/#primaryimage\"},\"thumbnailUrl\":\"https:\/\/www.isaac-del-toro.mx\/wp-content\/uploads\/2025\/12\/isaac-del-toro-2026-scaled.webp\",\"datePublished\":\"2025-12-16T11:07:36+00:00\",\"dateModified\":\"2026-02-02T14:34:48+00:00\",\"description\":\"Calendrier et objectifs d\u2019Isaac del Toro \ud83d\udeb4\ud83c\uddf2\ud83c\uddfd : classiques, courses par \u00e9tapes et Tour de France.\",\"breadcrumb\":{\"@id\":\"https:\/\/www.isaac-del-toro.mx\/fr\/calendrier-objectifs-isaac-2026\/#breadcrumb\"},\"inLanguage\":\"fr-FR\",\"potentialAction\":[{\"@type\":\"ReadAction\",\"target\":[\"https:\/\/www.isaac-del-toro.mx\/fr\/calendrier-objectifs-isaac-2026\/\"]}]},{\"@type\":\"ImageObject\",\"inLanguage\":\"fr-FR\",\"@id\":\"https:\/\/www.isaac-del-toro.mx\/fr\/calendrier-objectifs-isaac-2026\/#primaryimage\",\"url\":\"https:\/\/www.isaac-del-toro.mx\/wp-content\/uploads\/2025\/12\/isaac-del-toro-2026-scaled.webp\",\"contentUrl\":\"https:\/\/www.isaac-del-toro.mx\/wp-content\/uploads\/2025\/12\/isaac-del-toro-2026-scaled.webp\",\"width\":2560,\"height\":1463},{\"@type\":\"BreadcrumbList\",\"@id\":\"https:\/\/www.isaac-del-toro.mx\/fr\/calendrier-objectifs-isaac-2026\/#breadcrumb\",\"itemListElement\":[{\"@type\":\"ListItem\",\"position\":1,\"name\":\"Start\",\"item\":\"https:\/\/www.isaac-del-toro.mx\/fr\/\"},{\"@type\":\"ListItem\",\"position\":2,\"name\":\"Calendrier et objectifs 2026 d\u2019Isaac del Toro\"}]},{\"@type\":\"WebSite\",\"@id\":\"https:\/\/www.isaac-del-toro.mx\/fr\/#website\",\"url\":\"https:\/\/www.isaac-del-toro.mx\/fr\/\",\"name\":\"Isaac del Toro Romero\",\"description\":\"\",\"publisher\":{\"@id\":\"https:\/\/www.isaac-del-toro.mx\/fr\/#\/schema\/person\/7cbbcf16bd93d1b98eeb4ab7a1fbd7ba\"},\"potentialAction\":[{\"@type\":\"SearchAction\",\"target\":{\"@type\":\"EntryPoint\",\"urlTemplate\":\"https:\/\/www.isaac-del-toro.mx\/fr\/?s={search_term_string}\"},\"query-input\":{\"@type\":\"PropertyValueSpecification\",\"valueRequired\":true,\"valueName\":\"search_term_string\"}}],\"inLanguage\":\"fr-FR\"},{\"@type\":[\"Person\",\"Organization\"],\"@id\":\"https:\/\/www.isaac-del-toro.mx\/fr\/#\/schema\/person\/7cbbcf16bd93d1b98eeb4ab7a1fbd7ba\",\"name\":\"Isaac del Toro Romero\",\"logo\":{\"@id\":\"https:\/\/www.isaac-del-toro.mx\/fr\/#\/schema\/person\/image\/\"}},{\"@type\":\"Person\",\"@id\":\"https:\/\/www.isaac-del-toro.mx\/fr\/#\/schema\/person\/dcd12bccf645d7a2112bdb90aa7ff9f2\",\"name\":\"Frank\",\"sameAs\":[\"https:\/\/www.isaac-del-toro.mx\"],\"url\":\"https:\/\/www.isaac-del-toro.mx\/fr\/author\/frank-kuglerwebarbeit-net\/\"}]}<\/script>\n<!-- \/ Yoast SEO plugin. -->","yoast_head_json":{"title":"Isaac del Toro \u2013 Calendrier et objectifs 2026 \ud83d\udeb4\ud83c\uddf2\ud83c\uddfd","description":"Calendrier et objectifs d\u2019Isaac del Toro \ud83d\udeb4\ud83c\uddf2\ud83c\uddfd : classiques, courses par \u00e9tapes et Tour de France.","robots":{"index":"index","follow":"follow","max-snippet":"max-snippet:-1","max-image-preview":"max-image-preview:large","max-video-preview":"max-video-preview:-1"},"canonical":"https:\/\/www.isaac-del-toro.mx\/fr\/calendrier-objectifs-isaac-2026\/","og_locale":"fr_FR","og_type":"article","og_title":"Isaac del Toro \u2013 Calendrier et objectifs 2026 \ud83d\udeb4\ud83c\uddf2\ud83c\uddfd","og_description":"Calendrier et objectifs d\u2019Isaac del Toro \ud83d\udeb4\ud83c\uddf2\ud83c\uddfd : classiques, courses par \u00e9tapes et Tour de France.","og_url":"https:\/\/www.isaac-del-toro.mx\/fr\/calendrier-objectifs-isaac-2026\/","og_site_name":"Isaac del Toro Romero","article_published_time":"2025-12-16T11:07:36+00:00","article_modified_time":"2026-02-02T14:34:48+00:00","og_image":[{"width":2560,"height":1463,"url":"https:\/\/www.isaac-del-toro.mx\/wp-content\/uploads\/2025\/12\/isaac-del-toro-2026-scaled.webp","type":"image\/webp"}],"author":"Frank","twitter_card":"summary_large_image","twitter_misc":{"\u00c9crit par":"Frank","Dur\u00e9e de lecture estim\u00e9e":"2 minutes"},"schema":{"@context":"https:\/\/schema.org","@graph":[{"@type":"Article","@id":"https:\/\/www.isaac-del-toro.mx\/fr\/calendrier-objectifs-isaac-2026\/#article","isPartOf":{"@id":"https:\/\/www.isaac-del-toro.mx\/fr\/calendrier-objectifs-isaac-2026\/"},"author":{"name":"Frank","@id":"https:\/\/www.isaac-del-toro.mx\/fr\/#\/schema\/person\/dcd12bccf645d7a2112bdb90aa7ff9f2"},"headline":"Calendrier et objectifs 2026 d\u2019Isaac del Toro","datePublished":"2025-12-16T11:07:36+00:00","dateModified":"2026-02-02T14:34:48+00:00","mainEntityOfPage":{"@id":"https:\/\/www.isaac-del-toro.mx\/fr\/calendrier-objectifs-isaac-2026\/"},"wordCount":272,"commentCount":0,"publisher":{"@id":"https:\/\/www.isaac-del-toro.mx\/fr\/#\/schema\/person\/7cbbcf16bd93d1b98eeb4ab7a1fbd7ba"},"image":{"@id":"https:\/\/www.isaac-del-toro.mx\/fr\/calendrier-objectifs-isaac-2026\/#primaryimage"},"thumbnailUrl":"https:\/\/www.isaac-del-toro.mx\/wp-content\/uploads\/2025\/12\/isaac-del-toro-2026-scaled.webp","articleSection":["Actualit\u00e9s"],"inLanguage":"fr-FR","potentialAction":[{"@type":"CommentAction","name":"Comment","target":["https:\/\/www.isaac-del-toro.mx\/fr\/calendrier-objectifs-isaac-2026\/#respond"]}]},{"@type":"WebPage","@id":"https:\/\/www.isaac-del-toro.mx\/fr\/calendrier-objectifs-isaac-2026\/","url":"https:\/\/www.isaac-del-toro.mx\/fr\/calendrier-objectifs-isaac-2026\/","name":"Isaac del Toro \u2013 Calendrier et objectifs 2026 \ud83d\udeb4\ud83c\uddf2\ud83c\uddfd","isPartOf":{"@id":"https:\/\/www.isaac-del-toro.mx\/fr\/#website"},"primaryImageOfPage":{"@id":"https:\/\/www.isaac-del-toro.mx\/fr\/calendrier-objectifs-isaac-2026\/#primaryimage"},"image":{"@id":"https:\/\/www.isaac-del-toro.mx\/fr\/calendrier-objectifs-isaac-2026\/#primaryimage"},"thumbnailUrl":"https:\/\/www.isaac-del-toro.mx\/wp-content\/uploads\/2025\/12\/isaac-del-toro-2026-scaled.webp","datePublished":"2025-12-16T11:07:36+00:00","dateModified":"2026-02-02T14:34:48+00:00","description":"Calendrier et objectifs d\u2019Isaac del Toro \ud83d\udeb4\ud83c\uddf2\ud83c\uddfd : classiques, courses par \u00e9tapes et Tour de France.","breadcrumb":{"@id":"https:\/\/www.isaac-del-toro.mx\/fr\/calendrier-objectifs-isaac-2026\/#breadcrumb"},"inLanguage":"fr-FR","potentialAction":[{"@type":"ReadAction","target":["https:\/\/www.isaac-del-toro.mx\/fr\/calendrier-objectifs-isaac-2026\/"]}]},{"@type":"ImageObject","inLanguage":"fr-FR","@id":"https:\/\/www.isaac-del-toro.mx\/fr\/calendrier-objectifs-isaac-2026\/#primaryimage","url":"https:\/\/www.isaac-del-toro.mx\/wp-content\/uploads\/2025\/12\/isaac-del-toro-2026-scaled.webp","contentUrl":"https:\/\/www.isaac-del-toro.mx\/wp-content\/uploads\/2025\/12\/isaac-del-toro-2026-scaled.webp","width":2560,"height":1463},{"@type":"BreadcrumbList","@id":"https:\/\/www.isaac-del-toro.mx\/fr\/calendrier-objectifs-isaac-2026\/#breadcrumb","itemListElement":[{"@type":"ListItem","position":1,"name":"Start","item":"https:\/\/www.isaac-del-toro.mx\/fr\/"},{"@type":"ListItem","position":2,"name":"Calendrier et objectifs 2026 d\u2019Isaac del Toro"}]},{"@type":"WebSite","@id":"https:\/\/www.isaac-del-toro.mx\/fr\/#website","url":"https:\/\/www.isaac-del-toro.mx\/fr\/","name":"Isaac del Toro Romero","description":"","publisher":{"@id":"https:\/\/www.isaac-del-toro.mx\/fr\/#\/schema\/person\/7cbbcf16bd93d1b98eeb4ab7a1fbd7ba"},"potentialAction":[{"@type":"SearchAction","target":{"@type":"EntryPoint","urlTemplate":"https:\/\/www.isaac-del-toro.mx\/fr\/?s={search_term_string}"},"query-input":{"@type":"PropertyValueSpecification","valueRequired":true,"valueName":"search_term_string"}}],"inLanguage":"fr-FR"},{"@type":["Person","Organization"],"@id":"https:\/\/www.isaac-del-toro.mx\/fr\/#\/schema\/person\/7cbbcf16bd93d1b98eeb4ab7a1fbd7ba","name":"Isaac del Toro Romero","logo":{"@id":"https:\/\/www.isaac-del-toro.mx\/fr\/#\/schema\/person\/image\/"}},{"@type":"Person","@id":"https:\/\/www.isaac-del-toro.mx\/fr\/#\/schema\/person\/dcd12bccf645d7a2112bdb90aa7ff9f2","name":"Frank","sameAs":["https:\/\/www.isaac-del-toro.mx"],"url":"https:\/\/www.isaac-del-toro.mx\/fr\/author\/frank-kuglerwebarbeit-net\/"}]}},"_links":{"self":[{"href":"https:\/\/www.isaac-del-toro.mx\/fr\/wp-json\/wp\/v2\/posts\/154","targetHints":{"allow":["GET"]}}],"collection":[{"href":"https:\/\/www.isaac-del-toro.mx\/fr\/wp-json\/wp\/v2\/posts"}],"about":[{"href":"https:\/\/www.isaac-del-toro.mx\/fr\/wp-json\/wp\/v2\/types\/post"}],"author":[{"embeddable":true,"href":"https:\/\/www.isaac-del-toro.mx\/fr\/wp-json\/wp\/v2\/users\/1"}],"replies":[{"embeddable":true,"href":"https:\/\/www.isaac-del-toro.mx\/fr\/wp-json\/wp\/v2\/comments?post=154"}],"version-history":[{"count":1,"href":"https:\/\/www.isaac-del-toro.mx\/fr\/wp-json\/wp\/v2\/posts\/154\/revisions"}],"predecessor-version":[{"id":155,"href":"https:\/\/www.isaac-del-toro.mx\/fr\/wp-json\/wp\/v2\/posts\/154\/revisions\/155"}],"wp:featuredmedia":[{"embeddable":true,"href":"https:\/\/www.isaac-del-toro.mx\/fr\/wp-json\/wp\/v2\/media\/179"}],"wp:attachment":[{"href":"https:\/\/www.isaac-del-toro.mx\/fr\/wp-json\/wp\/v2\/media?parent=154"}],"wp:term":[{"taxonomy":"category","embeddable":true,"href":"https:\/\/www.isaac-del-toro.mx\/fr\/wp-json\/wp\/v2\/categories?post=154"},{"taxonomy":"post_tag","embeddable":true,"href":"https:\/\/www.isaac-del-toro.mx\/fr\/wp-json\/wp\/v2\/tags?post=154"}],"curies":[{"name":"wp","href":"https:\/\/api.w.org\/{rel}","templated":true}]}}