{"id":167,"date":"2025-12-18T06:52:58","date_gmt":"2025-12-18T12:52:58","guid":{"rendered":"https:\/\/www.isaac-del-toro.mx\/?p=167"},"modified":"2026-02-02T08:34:45","modified_gmt":"2026-02-02T14:34:45","slug":"isaac-del-toro-route-vers-los-angeles-2028","status":"publish","type":"post","link":"https:\/\/www.isaac-del-toro.mx\/fr\/isaac-del-toro-route-vers-los-angeles-2028\/","title":{"rendered":"Isaac del Toro et son chemin vers les Jeux Olympiques de Los Angeles 2028"},"content":{"rendered":"\n<p><strong>Isaac del Toro poursuit son ascension fulgurante<\/strong>, et un objectif majeur se dessine d\u00e9j\u00e0 \u00e0 l\u2019horizon : les Jeux Olympiques de Los Angeles 2028. Apr\u00e8s avoir marqu\u00e9 la sc\u00e8ne internationale et enthousiasm\u00e9 tout le Mexique, le jeune talent envisage d\u00e9sormais l\u2019un des rendez-vous les plus prestigieux du sport mondial.<\/p>\n\n<h2>Un syst\u00e8me de qualification tr\u00e8s diff\u00e9rent des grands tours<\/h2>\n<p>La route vers les Jeux Olympiques n\u2019a rien \u00e0 voir avec le Giro ou la Vuelta. <strong>Les places olympiques ne sont pas attribu\u00e9es aux coureurs, mais aux nations<\/strong>.<\/p>\n\n<p>Selon <em>Diario de M\u00e9xico<\/em>, le processus de qualification pour Los Angeles 2028 devrait reprendre les principes appliqu\u00e9s pour Paris 2024. Les quotas sont donc distribu\u00e9s \u00e0 partir du <strong>classement UCI par nations<\/strong>, bas\u00e9 sur des points obtenus lors de :<\/p>\n\n<ul>\n  <li>classiques WorldTour,<\/li>\n  <li>\u00e9tapes et classements g\u00e9n\u00e9raux en courses UCI 2.Pro et 2.1,<\/li>\n  <li>championnats continentaux,<\/li>\n  <li>championnats du monde sur route.<\/li>\n<\/ul>\n\n<p>Pour le Mexique, c\u2019est une opportunit\u00e9 r\u00e9elle : <strong>Isaac del Toro est l\u2019un des coureurs les plus performants du continent am\u00e9ricain<\/strong>. Son niveau en WorldTour donne au pays une impulsion essentielle dans cette course \u00e0 la qualification.<\/p>\n\n<h2>Comment le Mexique peut-il obtenir une place ?<\/h2>\n\n<h3>1. Le classement UCI par nations<\/h3>\n<p>Le chemin principal vers les Jeux. Si le Mexique termine dans la zone de classement d\u00e9finie par l\u2019UCI, une ou plusieurs places sont attribu\u00e9es automatiquement. <strong>Les points obtenus par Del Toro en Europe jouent un r\u00f4le d\u00e9terminant<\/strong>.<\/p>\n\n<h3>2. Les championnats du monde<\/h3>\n<p>Des performances remarqu\u00e9es aux championnats du monde peuvent \u00e9galement ouvrir la porte \u00e0 une qualification. <strong>Isaac a d\u00e9j\u00e0 d\u00e9montr\u00e9 qu\u2019il pouvait rivaliser avec les meilleurs mondiaux<\/strong>.<\/p>\n\n<h2>Le candidat \u00e9vident pour repr\u00e9senter le Mexique<\/h2>\n<p>Si le Mexique obtient une place olympique, il faudra choisir le coureur qui portera les couleurs nationales. Aujourd\u2019hui, le constat est clair : <strong>aucun cycliste mexicain ne poss\u00e8de l\u2019exp\u00e9rience internationale et le niveau d\u2019Isaac del Toro<\/strong>. Son profil de grimpeur explosif, sa maturit\u00e9 strat\u00e9gique et sa pr\u00e9sence dans une \u00e9quipe WorldTour en font le choix naturel.<\/p>\n\n<p>De plus, son style correspond parfaitement aux parcours olympiques modernes : courts raidillons, rythme soutenu, sections techniques. <strong>Un terrain o\u00f9 Del Toro excelle r\u00e9guli\u00e8rement<\/strong>.<\/p>\n\n<h2>2028 : un objectif charg\u00e9 de sens<\/h2>\n<p>Pour Isaac, les Jeux Olympiques repr\u00e9senteraient bien plus qu\u2019un simple objectif sportif. Ce serait l\u2019aboutissement d\u2019un parcours marqu\u00e9 par les sacrifices : le soutien familial constant, les ann\u00e9es de formation loin de chez lui, les difficult\u00e9s financi\u00e8res et, finalement, sa r\u00e9v\u00e9lation au plus haut niveau.<\/p>\n\n<p><strong>Del Toro a d\u00e9j\u00e0 transform\u00e9 l\u2019histoire du cyclisme mexicain<\/strong>. Une qualification olympique \u2013 et pourquoi pas une performance historique \u00e0 Los Angeles \u2013 serait la suite logique d\u2019un r\u00e9cit exceptionnel.<\/p>\n\n<p><em>En route, Isaac. Le chemin vers Los Angeles est d\u00e9j\u00e0 ouvert.<\/em><\/p>\n\n","protected":false},"excerpt":{"rendered":"<p>Isaac del Toro poursuit son ascension fulgurante, et un objectif majeur se dessine d\u00e9j\u00e0 \u00e0 l\u2019horizon : les Jeux Olympiques [&hellip;]<\/p>\n","protected":false},"author":1,"featured_media":186,"comment_status":"open","ping_status":"open","sticky":false,"template":"","format":"standard","meta":{"footnotes":""},"categories":[49],"tags":[],"class_list":["post-167","post","type-post","status-publish","format-standard","has-post-thumbnail","hentry","category-actualites"],"yoast_head":"<!-- This site is optimized with the Yoast SEO plugin v27.1.1 - https:\/\/yoast.com\/product\/yoast-seo-wordpress\/ -->\n<title>Isaac del Toro vers Los Angeles 2028<\/title>\n<meta name=\"description\" content=\"Comment Isaac del Toro peut se qualifier pour les Jeux et pourquoi il est crucial pour le Mexique.\" \/>\n<meta name=\"robots\" content=\"index, follow, max-snippet:-1, max-image-preview:large, max-video-preview:-1\" \/>\n<link rel=\"canonical\" href=\"https:\/\/www.isaac-del-toro.mx\/fr\/isaac-del-toro-route-vers-los-angeles-2028\/\" \/>\n<meta property=\"og:locale\" content=\"fr_FR\" \/>\n<meta property=\"og:type\" content=\"article\" \/>\n<meta property=\"og:title\" content=\"Isaac del Toro vers Los Angeles 2028\" \/>\n<meta property=\"og:description\" content=\"Comment Isaac del Toro peut se qualifier pour les Jeux et pourquoi il est crucial pour le Mexique.\" \/>\n<meta property=\"og:url\" content=\"https:\/\/www.isaac-del-toro.mx\/fr\/isaac-del-toro-route-vers-los-angeles-2028\/\" \/>\n<meta property=\"og:site_name\" content=\"Isaac del Toro Romero\" \/>\n<meta property=\"article:published_time\" content=\"2025-12-18T12:52:58+00:00\" \/>\n<meta property=\"article:modified_time\" content=\"2026-02-02T14:34:45+00:00\" \/>\n<meta property=\"og:image\" content=\"https:\/\/www.isaac-del-toro.mx\/wp-content\/uploads\/2025\/12\/isaac-del-toro-los-angeles-2028-1-scaled.webp\" \/>\n\t<meta property=\"og:image:width\" content=\"2560\" \/>\n\t<meta property=\"og:image:height\" content=\"1463\" \/>\n\t<meta property=\"og:image:type\" content=\"image\/webp\" \/>\n<meta name=\"author\" content=\"Frank\" \/>\n<meta name=\"twitter:card\" content=\"summary_large_image\" \/>\n<meta name=\"twitter:label1\" content=\"\u00c9crit par\" \/>\n\t<meta name=\"twitter:data1\" content=\"Frank\" \/>\n\t<meta name=\"twitter:label2\" content=\"Dur\u00e9e de lecture estim\u00e9e\" \/>\n\t<meta name=\"twitter:data2\" content=\"3 minutes\" \/>\n<script type=\"application\/ld+json\" class=\"yoast-schema-graph\">{\"@context\":\"https:\/\/schema.org\",\"@graph\":[{\"@type\":\"Article\",\"@id\":\"https:\/\/www.isaac-del-toro.mx\/fr\/isaac-del-toro-route-vers-los-angeles-2028\/#article\",\"isPartOf\":{\"@id\":\"https:\/\/www.isaac-del-toro.mx\/fr\/isaac-del-toro-route-vers-los-angeles-2028\/\"},\"author\":{\"name\":\"Frank\",\"@id\":\"https:\/\/www.isaac-del-toro.mx\/fr\/#\/schema\/person\/dcd12bccf645d7a2112bdb90aa7ff9f2\"},\"headline\":\"Isaac del Toro et son chemin vers les Jeux Olympiques de Los Angeles 2028\",\"datePublished\":\"2025-12-18T12:52:58+00:00\",\"dateModified\":\"2026-02-02T14:34:45+00:00\",\"mainEntityOfPage\":{\"@id\":\"https:\/\/www.isaac-del-toro.mx\/fr\/isaac-del-toro-route-vers-los-angeles-2028\/\"},\"wordCount\":487,\"commentCount\":0,\"publisher\":{\"@id\":\"https:\/\/www.isaac-del-toro.mx\/fr\/#\/schema\/person\/7cbbcf16bd93d1b98eeb4ab7a1fbd7ba\"},\"image\":{\"@id\":\"https:\/\/www.isaac-del-toro.mx\/fr\/isaac-del-toro-route-vers-los-angeles-2028\/#primaryimage\"},\"thumbnailUrl\":\"https:\/\/www.isaac-del-toro.mx\/wp-content\/uploads\/2025\/12\/isaac-del-toro-los-angeles-2028-1-scaled.webp\",\"articleSection\":[\"Actualit\u00e9s\"],\"inLanguage\":\"fr-FR\",\"potentialAction\":[{\"@type\":\"CommentAction\",\"name\":\"Comment\",\"target\":[\"https:\/\/www.isaac-del-toro.mx\/fr\/isaac-del-toro-route-vers-los-angeles-2028\/#respond\"]}]},{\"@type\":\"WebPage\",\"@id\":\"https:\/\/www.isaac-del-toro.mx\/fr\/isaac-del-toro-route-vers-los-angeles-2028\/\",\"url\":\"https:\/\/www.isaac-del-toro.mx\/fr\/isaac-del-toro-route-vers-los-angeles-2028\/\",\"name\":\"Isaac del Toro vers Los Angeles 2028\",\"isPartOf\":{\"@id\":\"https:\/\/www.isaac-del-toro.mx\/fr\/#website\"},\"primaryImageOfPage\":{\"@id\":\"https:\/\/www.isaac-del-toro.mx\/fr\/isaac-del-toro-route-vers-los-angeles-2028\/#primaryimage\"},\"image\":{\"@id\":\"https:\/\/www.isaac-del-toro.mx\/fr\/isaac-del-toro-route-vers-los-angeles-2028\/#primaryimage\"},\"thumbnailUrl\":\"https:\/\/www.isaac-del-toro.mx\/wp-content\/uploads\/2025\/12\/isaac-del-toro-los-angeles-2028-1-scaled.webp\",\"datePublished\":\"2025-12-18T12:52:58+00:00\",\"dateModified\":\"2026-02-02T14:34:45+00:00\",\"description\":\"Comment Isaac del Toro peut se qualifier pour les Jeux et pourquoi il est crucial pour le Mexique.\",\"breadcrumb\":{\"@id\":\"https:\/\/www.isaac-del-toro.mx\/fr\/isaac-del-toro-route-vers-los-angeles-2028\/#breadcrumb\"},\"inLanguage\":\"fr-FR\",\"potentialAction\":[{\"@type\":\"ReadAction\",\"target\":[\"https:\/\/www.isaac-del-toro.mx\/fr\/isaac-del-toro-route-vers-los-angeles-2028\/\"]}]},{\"@type\":\"ImageObject\",\"inLanguage\":\"fr-FR\",\"@id\":\"https:\/\/www.isaac-del-toro.mx\/fr\/isaac-del-toro-route-vers-los-angeles-2028\/#primaryimage\",\"url\":\"https:\/\/www.isaac-del-toro.mx\/wp-content\/uploads\/2025\/12\/isaac-del-toro-los-angeles-2028-1-scaled.webp\",\"contentUrl\":\"https:\/\/www.isaac-del-toro.mx\/wp-content\/uploads\/2025\/12\/isaac-del-toro-los-angeles-2028-1-scaled.webp\",\"width\":2560,\"height\":1463},{\"@type\":\"BreadcrumbList\",\"@id\":\"https:\/\/www.isaac-del-toro.mx\/fr\/isaac-del-toro-route-vers-los-angeles-2028\/#breadcrumb\",\"itemListElement\":[{\"@type\":\"ListItem\",\"position\":1,\"name\":\"Start\",\"item\":\"https:\/\/www.isaac-del-toro.mx\/fr\/\"},{\"@type\":\"ListItem\",\"position\":2,\"name\":\"Isaac del Toro et son chemin vers les Jeux Olympiques de Los Angeles 2028\"}]},{\"@type\":\"WebSite\",\"@id\":\"https:\/\/www.isaac-del-toro.mx\/fr\/#website\",\"url\":\"https:\/\/www.isaac-del-toro.mx\/fr\/\",\"name\":\"Isaac del Toro Romero\",\"description\":\"\",\"publisher\":{\"@id\":\"https:\/\/www.isaac-del-toro.mx\/fr\/#\/schema\/person\/7cbbcf16bd93d1b98eeb4ab7a1fbd7ba\"},\"potentialAction\":[{\"@type\":\"SearchAction\",\"target\":{\"@type\":\"EntryPoint\",\"urlTemplate\":\"https:\/\/www.isaac-del-toro.mx\/fr\/?s={search_term_string}\"},\"query-input\":{\"@type\":\"PropertyValueSpecification\",\"valueRequired\":true,\"valueName\":\"search_term_string\"}}],\"inLanguage\":\"fr-FR\"},{\"@type\":[\"Person\",\"Organization\"],\"@id\":\"https:\/\/www.isaac-del-toro.mx\/fr\/#\/schema\/person\/7cbbcf16bd93d1b98eeb4ab7a1fbd7ba\",\"name\":\"Isaac del Toro Romero\",\"logo\":{\"@id\":\"https:\/\/www.isaac-del-toro.mx\/fr\/#\/schema\/person\/image\/\"}},{\"@type\":\"Person\",\"@id\":\"https:\/\/www.isaac-del-toro.mx\/fr\/#\/schema\/person\/dcd12bccf645d7a2112bdb90aa7ff9f2\",\"name\":\"Frank\",\"sameAs\":[\"https:\/\/www.isaac-del-toro.mx\"],\"url\":\"https:\/\/www.isaac-del-toro.mx\/fr\/author\/frank-kuglerwebarbeit-net\/\"}]}<\/script>\n<!-- \/ Yoast SEO plugin. -->","yoast_head_json":{"title":"Isaac del Toro vers Los Angeles 2028","description":"Comment Isaac del Toro peut se qualifier pour les Jeux et pourquoi il est crucial pour le Mexique.","robots":{"index":"index","follow":"follow","max-snippet":"max-snippet:-1","max-image-preview":"max-image-preview:large","max-video-preview":"max-video-preview:-1"},"canonical":"https:\/\/www.isaac-del-toro.mx\/fr\/isaac-del-toro-route-vers-los-angeles-2028\/","og_locale":"fr_FR","og_type":"article","og_title":"Isaac del Toro vers Los Angeles 2028","og_description":"Comment Isaac del Toro peut se qualifier pour les Jeux et pourquoi il est crucial pour le Mexique.","og_url":"https:\/\/www.isaac-del-toro.mx\/fr\/isaac-del-toro-route-vers-los-angeles-2028\/","og_site_name":"Isaac del Toro Romero","article_published_time":"2025-12-18T12:52:58+00:00","article_modified_time":"2026-02-02T14:34:45+00:00","og_image":[{"width":2560,"height":1463,"url":"https:\/\/www.isaac-del-toro.mx\/wp-content\/uploads\/2025\/12\/isaac-del-toro-los-angeles-2028-1-scaled.webp","type":"image\/webp"}],"author":"Frank","twitter_card":"summary_large_image","twitter_misc":{"\u00c9crit par":"Frank","Dur\u00e9e de lecture estim\u00e9e":"3 minutes"},"schema":{"@context":"https:\/\/schema.org","@graph":[{"@type":"Article","@id":"https:\/\/www.isaac-del-toro.mx\/fr\/isaac-del-toro-route-vers-los-angeles-2028\/#article","isPartOf":{"@id":"https:\/\/www.isaac-del-toro.mx\/fr\/isaac-del-toro-route-vers-los-angeles-2028\/"},"author":{"name":"Frank","@id":"https:\/\/www.isaac-del-toro.mx\/fr\/#\/schema\/person\/dcd12bccf645d7a2112bdb90aa7ff9f2"},"headline":"Isaac del Toro et son chemin vers les Jeux Olympiques de Los Angeles 2028","datePublished":"2025-12-18T12:52:58+00:00","dateModified":"2026-02-02T14:34:45+00:00","mainEntityOfPage":{"@id":"https:\/\/www.isaac-del-toro.mx\/fr\/isaac-del-toro-route-vers-los-angeles-2028\/"},"wordCount":487,"commentCount":0,"publisher":{"@id":"https:\/\/www.isaac-del-toro.mx\/fr\/#\/schema\/person\/7cbbcf16bd93d1b98eeb4ab7a1fbd7ba"},"image":{"@id":"https:\/\/www.isaac-del-toro.mx\/fr\/isaac-del-toro-route-vers-los-angeles-2028\/#primaryimage"},"thumbnailUrl":"https:\/\/www.isaac-del-toro.mx\/wp-content\/uploads\/2025\/12\/isaac-del-toro-los-angeles-2028-1-scaled.webp","articleSection":["Actualit\u00e9s"],"inLanguage":"fr-FR","potentialAction":[{"@type":"CommentAction","name":"Comment","target":["https:\/\/www.isaac-del-toro.mx\/fr\/isaac-del-toro-route-vers-los-angeles-2028\/#respond"]}]},{"@type":"WebPage","@id":"https:\/\/www.isaac-del-toro.mx\/fr\/isaac-del-toro-route-vers-los-angeles-2028\/","url":"https:\/\/www.isaac-del-toro.mx\/fr\/isaac-del-toro-route-vers-los-angeles-2028\/","name":"Isaac del Toro vers Los Angeles 2028","isPartOf":{"@id":"https:\/\/www.isaac-del-toro.mx\/fr\/#website"},"primaryImageOfPage":{"@id":"https:\/\/www.isaac-del-toro.mx\/fr\/isaac-del-toro-route-vers-los-angeles-2028\/#primaryimage"},"image":{"@id":"https:\/\/www.isaac-del-toro.mx\/fr\/isaac-del-toro-route-vers-los-angeles-2028\/#primaryimage"},"thumbnailUrl":"https:\/\/www.isaac-del-toro.mx\/wp-content\/uploads\/2025\/12\/isaac-del-toro-los-angeles-2028-1-scaled.webp","datePublished":"2025-12-18T12:52:58+00:00","dateModified":"2026-02-02T14:34:45+00:00","description":"Comment Isaac del Toro peut se qualifier pour les Jeux et pourquoi il est crucial pour le Mexique.","breadcrumb":{"@id":"https:\/\/www.isaac-del-toro.mx\/fr\/isaac-del-toro-route-vers-los-angeles-2028\/#breadcrumb"},"inLanguage":"fr-FR","potentialAction":[{"@type":"ReadAction","target":["https:\/\/www.isaac-del-toro.mx\/fr\/isaac-del-toro-route-vers-los-angeles-2028\/"]}]},{"@type":"ImageObject","inLanguage":"fr-FR","@id":"https:\/\/www.isaac-del-toro.mx\/fr\/isaac-del-toro-route-vers-los-angeles-2028\/#primaryimage","url":"https:\/\/www.isaac-del-toro.mx\/wp-content\/uploads\/2025\/12\/isaac-del-toro-los-angeles-2028-1-scaled.webp","contentUrl":"https:\/\/www.isaac-del-toro.mx\/wp-content\/uploads\/2025\/12\/isaac-del-toro-los-angeles-2028-1-scaled.webp","width":2560,"height":1463},{"@type":"BreadcrumbList","@id":"https:\/\/www.isaac-del-toro.mx\/fr\/isaac-del-toro-route-vers-los-angeles-2028\/#breadcrumb","itemListElement":[{"@type":"ListItem","position":1,"name":"Start","item":"https:\/\/www.isaac-del-toro.mx\/fr\/"},{"@type":"ListItem","position":2,"name":"Isaac del Toro et son chemin vers les Jeux Olympiques de Los Angeles 2028"}]},{"@type":"WebSite","@id":"https:\/\/www.isaac-del-toro.mx\/fr\/#website","url":"https:\/\/www.isaac-del-toro.mx\/fr\/","name":"Isaac del Toro Romero","description":"","publisher":{"@id":"https:\/\/www.isaac-del-toro.mx\/fr\/#\/schema\/person\/7cbbcf16bd93d1b98eeb4ab7a1fbd7ba"},"potentialAction":[{"@type":"SearchAction","target":{"@type":"EntryPoint","urlTemplate":"https:\/\/www.isaac-del-toro.mx\/fr\/?s={search_term_string}"},"query-input":{"@type":"PropertyValueSpecification","valueRequired":true,"valueName":"search_term_string"}}],"inLanguage":"fr-FR"},{"@type":["Person","Organization"],"@id":"https:\/\/www.isaac-del-toro.mx\/fr\/#\/schema\/person\/7cbbcf16bd93d1b98eeb4ab7a1fbd7ba","name":"Isaac del Toro Romero","logo":{"@id":"https:\/\/www.isaac-del-toro.mx\/fr\/#\/schema\/person\/image\/"}},{"@type":"Person","@id":"https:\/\/www.isaac-del-toro.mx\/fr\/#\/schema\/person\/dcd12bccf645d7a2112bdb90aa7ff9f2","name":"Frank","sameAs":["https:\/\/www.isaac-del-toro.mx"],"url":"https:\/\/www.isaac-del-toro.mx\/fr\/author\/frank-kuglerwebarbeit-net\/"}]}},"_links":{"self":[{"href":"https:\/\/www.isaac-del-toro.mx\/fr\/wp-json\/wp\/v2\/posts\/167","targetHints":{"allow":["GET"]}}],"collection":[{"href":"https:\/\/www.isaac-del-toro.mx\/fr\/wp-json\/wp\/v2\/posts"}],"about":[{"href":"https:\/\/www.isaac-del-toro.mx\/fr\/wp-json\/wp\/v2\/types\/post"}],"author":[{"embeddable":true,"href":"https:\/\/www.isaac-del-toro.mx\/fr\/wp-json\/wp\/v2\/users\/1"}],"replies":[{"embeddable":true,"href":"https:\/\/www.isaac-del-toro.mx\/fr\/wp-json\/wp\/v2\/comments?post=167"}],"version-history":[{"count":1,"href":"https:\/\/www.isaac-del-toro.mx\/fr\/wp-json\/wp\/v2\/posts\/167\/revisions"}],"predecessor-version":[{"id":168,"href":"https:\/\/www.isaac-del-toro.mx\/fr\/wp-json\/wp\/v2\/posts\/167\/revisions\/168"}],"wp:featuredmedia":[{"embeddable":true,"href":"https:\/\/www.isaac-del-toro.mx\/fr\/wp-json\/wp\/v2\/media\/186"}],"wp:attachment":[{"href":"https:\/\/www.isaac-del-toro.mx\/fr\/wp-json\/wp\/v2\/media?parent=167"}],"wp:term":[{"taxonomy":"category","embeddable":true,"href":"https:\/\/www.isaac-del-toro.mx\/fr\/wp-json\/wp\/v2\/categories?post=167"},{"taxonomy":"post_tag","embeddable":true,"href":"https:\/\/www.isaac-del-toro.mx\/fr\/wp-json\/wp\/v2\/tags?post=167"}],"curies":[{"name":"wp","href":"https:\/\/api.w.org\/{rel}","templated":true}]}}