{"id":204,"date":"2025-12-21T05:28:54","date_gmt":"2025-12-21T11:28:54","guid":{"rendered":"https:\/\/www.isaac-del-toro.mx\/?p=204"},"modified":"2026-02-02T08:34:42","modified_gmt":"2026-02-02T14:34:42","slug":"andorra-cycling-masters-2025-documentaire-dazn","status":"publish","type":"post","link":"https:\/\/www.isaac-del-toro.mx\/fr\/andorra-cycling-masters-2025-documentaire-dazn\/","title":{"rendered":"Andorra Cycling Masters 2025 : le documentaire d\u00e9sormais disponible sur DAZN"},"content":{"rendered":"\n<p>Les <strong>Andorra Cycling Masters 2025<\/strong> confirment le r\u00f4le central d\u2019Andorre comme l\u2019un des hauts lieux de l\u2019entra\u00eenement en cyclisme professionnel. Dans les Pyr\u00e9n\u00e9es, coureurs confirm\u00e9s et jeunes talents se retrouvent pour pr\u00e9parer la saison dans des conditions exigeantes en altitude.<\/p>\n\n<p>Le documentaire propose une immersion dans l\u2019\u00e9v\u00e9nement, le quotidien de l\u2019entra\u00eenement en montagne ainsi que le travail physique et mental n\u00e9cessaire au plus haut niveau. On y retrouve \u00e9galement <strong>Isaac del Toro<\/strong>, figure majeure du cyclisme mexicain et symbole d\u2019une nouvelle g\u00e9n\u00e9ration d\u00e9j\u00e0 bien install\u00e9e sur la sc\u00e8ne internationale.<\/p>\n\n<p>Le documentaire est disponible d\u00e8s maintenant sur DAZN et peut \u00eatre regard\u00e9 <strong>gratuitement apr\u00e8s inscription<\/strong>.<\/p>\n\n<p>\n\ud83d\udc49 Voir le documentaire :  \n<a href=\"https:\/\/www.dazn.com\" target=\"_blank\" rel=\"noopener noreferrer\">\nhttps:\/\/www.dazn.com\n<\/a>\n<\/p>\n\n","protected":false},"excerpt":{"rendered":"<p>Les Andorra Cycling Masters 2025 confirment le r\u00f4le central d\u2019Andorre comme l\u2019un des hauts lieux de l\u2019entra\u00eenement en cyclisme professionnel. [&hellip;]<\/p>\n","protected":false},"author":1,"featured_media":220,"comment_status":"open","ping_status":"open","sticky":false,"template":"","format":"standard","meta":{"footnotes":""},"categories":[49],"tags":[],"class_list":["post-204","post","type-post","status-publish","format-standard","has-post-thumbnail","hentry","category-actualites"],"yoast_head":"<!-- This site is optimized with the Yoast SEO plugin v27.1.1 - https:\/\/yoast.com\/product\/yoast-seo-wordpress\/ -->\n<title>Andorra Cycling Masters 2025 : documentaire sur DAZN<\/title>\n<meta name=\"description\" content=\"Plong\u00e9e dans les Andorra Cycling Masters 2025. Avec Isaac del Toro, \u00e0 voir gratuitement apr\u00e8s inscription sur DAZN.\" \/>\n<meta name=\"robots\" content=\"index, follow, max-snippet:-1, max-image-preview:large, max-video-preview:-1\" \/>\n<link rel=\"canonical\" href=\"https:\/\/www.isaac-del-toro.mx\/fr\/andorra-cycling-masters-2025-documentaire-dazn\/\" \/>\n<meta property=\"og:locale\" content=\"fr_FR\" \/>\n<meta property=\"og:type\" content=\"article\" \/>\n<meta property=\"og:title\" content=\"Andorra Cycling Masters 2025 : documentaire sur DAZN\" \/>\n<meta property=\"og:description\" content=\"Plong\u00e9e dans les Andorra Cycling Masters 2025. Avec Isaac del Toro, \u00e0 voir gratuitement apr\u00e8s inscription sur DAZN.\" \/>\n<meta property=\"og:url\" content=\"https:\/\/www.isaac-del-toro.mx\/fr\/andorra-cycling-masters-2025-documentaire-dazn\/\" \/>\n<meta property=\"og:site_name\" content=\"Isaac del Toro Romero\" \/>\n<meta property=\"article:published_time\" content=\"2025-12-21T11:28:54+00:00\" \/>\n<meta property=\"article:modified_time\" content=\"2026-02-02T14:34:42+00:00\" \/>\n<meta property=\"og:image\" content=\"https:\/\/www.isaac-del-toro.mx\/wp-content\/uploads\/2025\/12\/isaac-del-toro-andorra-cycling-masters-2025-scaled.webp\" \/>\n\t<meta property=\"og:image:width\" content=\"2560\" \/>\n\t<meta property=\"og:image:height\" content=\"1463\" \/>\n\t<meta property=\"og:image:type\" content=\"image\/webp\" \/>\n<meta name=\"author\" content=\"Frank\" \/>\n<meta name=\"twitter:card\" content=\"summary_large_image\" \/>\n<meta name=\"twitter:label1\" content=\"\u00c9crit par\" \/>\n\t<meta name=\"twitter:data1\" content=\"Frank\" \/>\n\t<meta name=\"twitter:label2\" content=\"Dur\u00e9e de lecture estim\u00e9e\" \/>\n\t<meta name=\"twitter:data2\" content=\"1 minute\" \/>\n<script type=\"application\/ld+json\" class=\"yoast-schema-graph\">{\"@context\":\"https:\/\/schema.org\",\"@graph\":[{\"@type\":\"Article\",\"@id\":\"https:\/\/www.isaac-del-toro.mx\/fr\/andorra-cycling-masters-2025-documentaire-dazn\/#article\",\"isPartOf\":{\"@id\":\"https:\/\/www.isaac-del-toro.mx\/fr\/andorra-cycling-masters-2025-documentaire-dazn\/\"},\"author\":{\"name\":\"Frank\",\"@id\":\"https:\/\/www.isaac-del-toro.mx\/fr\/#\/schema\/person\/dcd12bccf645d7a2112bdb90aa7ff9f2\"},\"headline\":\"Andorra Cycling Masters 2025 : le documentaire d\u00e9sormais disponible sur DAZN\",\"datePublished\":\"2025-12-21T11:28:54+00:00\",\"dateModified\":\"2026-02-02T14:34:42+00:00\",\"mainEntityOfPage\":{\"@id\":\"https:\/\/www.isaac-del-toro.mx\/fr\/andorra-cycling-masters-2025-documentaire-dazn\/\"},\"wordCount\":142,\"commentCount\":0,\"publisher\":{\"@id\":\"https:\/\/www.isaac-del-toro.mx\/fr\/#\/schema\/person\/7cbbcf16bd93d1b98eeb4ab7a1fbd7ba\"},\"image\":{\"@id\":\"https:\/\/www.isaac-del-toro.mx\/fr\/andorra-cycling-masters-2025-documentaire-dazn\/#primaryimage\"},\"thumbnailUrl\":\"https:\/\/www.isaac-del-toro.mx\/wp-content\/uploads\/2025\/12\/isaac-del-toro-andorra-cycling-masters-2025-scaled.webp\",\"articleSection\":[\"Actualit\u00e9s\"],\"inLanguage\":\"fr-FR\",\"potentialAction\":[{\"@type\":\"CommentAction\",\"name\":\"Comment\",\"target\":[\"https:\/\/www.isaac-del-toro.mx\/fr\/andorra-cycling-masters-2025-documentaire-dazn\/#respond\"]}]},{\"@type\":\"WebPage\",\"@id\":\"https:\/\/www.isaac-del-toro.mx\/fr\/andorra-cycling-masters-2025-documentaire-dazn\/\",\"url\":\"https:\/\/www.isaac-del-toro.mx\/fr\/andorra-cycling-masters-2025-documentaire-dazn\/\",\"name\":\"Andorra Cycling Masters 2025 : documentaire sur DAZN\",\"isPartOf\":{\"@id\":\"https:\/\/www.isaac-del-toro.mx\/fr\/#website\"},\"primaryImageOfPage\":{\"@id\":\"https:\/\/www.isaac-del-toro.mx\/fr\/andorra-cycling-masters-2025-documentaire-dazn\/#primaryimage\"},\"image\":{\"@id\":\"https:\/\/www.isaac-del-toro.mx\/fr\/andorra-cycling-masters-2025-documentaire-dazn\/#primaryimage\"},\"thumbnailUrl\":\"https:\/\/www.isaac-del-toro.mx\/wp-content\/uploads\/2025\/12\/isaac-del-toro-andorra-cycling-masters-2025-scaled.webp\",\"datePublished\":\"2025-12-21T11:28:54+00:00\",\"dateModified\":\"2026-02-02T14:34:42+00:00\",\"description\":\"Plong\u00e9e dans les Andorra Cycling Masters 2025. Avec Isaac del Toro, \u00e0 voir gratuitement apr\u00e8s inscription sur DAZN.\",\"breadcrumb\":{\"@id\":\"https:\/\/www.isaac-del-toro.mx\/fr\/andorra-cycling-masters-2025-documentaire-dazn\/#breadcrumb\"},\"inLanguage\":\"fr-FR\",\"potentialAction\":[{\"@type\":\"ReadAction\",\"target\":[\"https:\/\/www.isaac-del-toro.mx\/fr\/andorra-cycling-masters-2025-documentaire-dazn\/\"]}]},{\"@type\":\"ImageObject\",\"inLanguage\":\"fr-FR\",\"@id\":\"https:\/\/www.isaac-del-toro.mx\/fr\/andorra-cycling-masters-2025-documentaire-dazn\/#primaryimage\",\"url\":\"https:\/\/www.isaac-del-toro.mx\/wp-content\/uploads\/2025\/12\/isaac-del-toro-andorra-cycling-masters-2025-scaled.webp\",\"contentUrl\":\"https:\/\/www.isaac-del-toro.mx\/wp-content\/uploads\/2025\/12\/isaac-del-toro-andorra-cycling-masters-2025-scaled.webp\",\"width\":2560,\"height\":1463},{\"@type\":\"BreadcrumbList\",\"@id\":\"https:\/\/www.isaac-del-toro.mx\/fr\/andorra-cycling-masters-2025-documentaire-dazn\/#breadcrumb\",\"itemListElement\":[{\"@type\":\"ListItem\",\"position\":1,\"name\":\"Start\",\"item\":\"https:\/\/www.isaac-del-toro.mx\/fr\/\"},{\"@type\":\"ListItem\",\"position\":2,\"name\":\"Andorra Cycling Masters 2025 : le documentaire d\u00e9sormais disponible sur DAZN\"}]},{\"@type\":\"WebSite\",\"@id\":\"https:\/\/www.isaac-del-toro.mx\/fr\/#website\",\"url\":\"https:\/\/www.isaac-del-toro.mx\/fr\/\",\"name\":\"Isaac del Toro Romero\",\"description\":\"\",\"publisher\":{\"@id\":\"https:\/\/www.isaac-del-toro.mx\/fr\/#\/schema\/person\/7cbbcf16bd93d1b98eeb4ab7a1fbd7ba\"},\"potentialAction\":[{\"@type\":\"SearchAction\",\"target\":{\"@type\":\"EntryPoint\",\"urlTemplate\":\"https:\/\/www.isaac-del-toro.mx\/fr\/?s={search_term_string}\"},\"query-input\":{\"@type\":\"PropertyValueSpecification\",\"valueRequired\":true,\"valueName\":\"search_term_string\"}}],\"inLanguage\":\"fr-FR\"},{\"@type\":[\"Person\",\"Organization\"],\"@id\":\"https:\/\/www.isaac-del-toro.mx\/fr\/#\/schema\/person\/7cbbcf16bd93d1b98eeb4ab7a1fbd7ba\",\"name\":\"Isaac del Toro Romero\",\"logo\":{\"@id\":\"https:\/\/www.isaac-del-toro.mx\/fr\/#\/schema\/person\/image\/\"}},{\"@type\":\"Person\",\"@id\":\"https:\/\/www.isaac-del-toro.mx\/fr\/#\/schema\/person\/dcd12bccf645d7a2112bdb90aa7ff9f2\",\"name\":\"Frank\",\"sameAs\":[\"https:\/\/www.isaac-del-toro.mx\"],\"url\":\"https:\/\/www.isaac-del-toro.mx\/fr\/author\/frank-kuglerwebarbeit-net\/\"}]}<\/script>\n<!-- \/ Yoast SEO plugin. -->","yoast_head_json":{"title":"Andorra Cycling Masters 2025 : documentaire sur DAZN","description":"Plong\u00e9e dans les Andorra Cycling Masters 2025. Avec Isaac del Toro, \u00e0 voir gratuitement apr\u00e8s inscription sur DAZN.","robots":{"index":"index","follow":"follow","max-snippet":"max-snippet:-1","max-image-preview":"max-image-preview:large","max-video-preview":"max-video-preview:-1"},"canonical":"https:\/\/www.isaac-del-toro.mx\/fr\/andorra-cycling-masters-2025-documentaire-dazn\/","og_locale":"fr_FR","og_type":"article","og_title":"Andorra Cycling Masters 2025 : documentaire sur DAZN","og_description":"Plong\u00e9e dans les Andorra Cycling Masters 2025. Avec Isaac del Toro, \u00e0 voir gratuitement apr\u00e8s inscription sur DAZN.","og_url":"https:\/\/www.isaac-del-toro.mx\/fr\/andorra-cycling-masters-2025-documentaire-dazn\/","og_site_name":"Isaac del Toro Romero","article_published_time":"2025-12-21T11:28:54+00:00","article_modified_time":"2026-02-02T14:34:42+00:00","og_image":[{"width":2560,"height":1463,"url":"https:\/\/www.isaac-del-toro.mx\/wp-content\/uploads\/2025\/12\/isaac-del-toro-andorra-cycling-masters-2025-scaled.webp","type":"image\/webp"}],"author":"Frank","twitter_card":"summary_large_image","twitter_misc":{"\u00c9crit par":"Frank","Dur\u00e9e de lecture estim\u00e9e":"1 minute"},"schema":{"@context":"https:\/\/schema.org","@graph":[{"@type":"Article","@id":"https:\/\/www.isaac-del-toro.mx\/fr\/andorra-cycling-masters-2025-documentaire-dazn\/#article","isPartOf":{"@id":"https:\/\/www.isaac-del-toro.mx\/fr\/andorra-cycling-masters-2025-documentaire-dazn\/"},"author":{"name":"Frank","@id":"https:\/\/www.isaac-del-toro.mx\/fr\/#\/schema\/person\/dcd12bccf645d7a2112bdb90aa7ff9f2"},"headline":"Andorra Cycling Masters 2025 : le documentaire d\u00e9sormais disponible sur DAZN","datePublished":"2025-12-21T11:28:54+00:00","dateModified":"2026-02-02T14:34:42+00:00","mainEntityOfPage":{"@id":"https:\/\/www.isaac-del-toro.mx\/fr\/andorra-cycling-masters-2025-documentaire-dazn\/"},"wordCount":142,"commentCount":0,"publisher":{"@id":"https:\/\/www.isaac-del-toro.mx\/fr\/#\/schema\/person\/7cbbcf16bd93d1b98eeb4ab7a1fbd7ba"},"image":{"@id":"https:\/\/www.isaac-del-toro.mx\/fr\/andorra-cycling-masters-2025-documentaire-dazn\/#primaryimage"},"thumbnailUrl":"https:\/\/www.isaac-del-toro.mx\/wp-content\/uploads\/2025\/12\/isaac-del-toro-andorra-cycling-masters-2025-scaled.webp","articleSection":["Actualit\u00e9s"],"inLanguage":"fr-FR","potentialAction":[{"@type":"CommentAction","name":"Comment","target":["https:\/\/www.isaac-del-toro.mx\/fr\/andorra-cycling-masters-2025-documentaire-dazn\/#respond"]}]},{"@type":"WebPage","@id":"https:\/\/www.isaac-del-toro.mx\/fr\/andorra-cycling-masters-2025-documentaire-dazn\/","url":"https:\/\/www.isaac-del-toro.mx\/fr\/andorra-cycling-masters-2025-documentaire-dazn\/","name":"Andorra Cycling Masters 2025 : documentaire sur DAZN","isPartOf":{"@id":"https:\/\/www.isaac-del-toro.mx\/fr\/#website"},"primaryImageOfPage":{"@id":"https:\/\/www.isaac-del-toro.mx\/fr\/andorra-cycling-masters-2025-documentaire-dazn\/#primaryimage"},"image":{"@id":"https:\/\/www.isaac-del-toro.mx\/fr\/andorra-cycling-masters-2025-documentaire-dazn\/#primaryimage"},"thumbnailUrl":"https:\/\/www.isaac-del-toro.mx\/wp-content\/uploads\/2025\/12\/isaac-del-toro-andorra-cycling-masters-2025-scaled.webp","datePublished":"2025-12-21T11:28:54+00:00","dateModified":"2026-02-02T14:34:42+00:00","description":"Plong\u00e9e dans les Andorra Cycling Masters 2025. Avec Isaac del Toro, \u00e0 voir gratuitement apr\u00e8s inscription sur DAZN.","breadcrumb":{"@id":"https:\/\/www.isaac-del-toro.mx\/fr\/andorra-cycling-masters-2025-documentaire-dazn\/#breadcrumb"},"inLanguage":"fr-FR","potentialAction":[{"@type":"ReadAction","target":["https:\/\/www.isaac-del-toro.mx\/fr\/andorra-cycling-masters-2025-documentaire-dazn\/"]}]},{"@type":"ImageObject","inLanguage":"fr-FR","@id":"https:\/\/www.isaac-del-toro.mx\/fr\/andorra-cycling-masters-2025-documentaire-dazn\/#primaryimage","url":"https:\/\/www.isaac-del-toro.mx\/wp-content\/uploads\/2025\/12\/isaac-del-toro-andorra-cycling-masters-2025-scaled.webp","contentUrl":"https:\/\/www.isaac-del-toro.mx\/wp-content\/uploads\/2025\/12\/isaac-del-toro-andorra-cycling-masters-2025-scaled.webp","width":2560,"height":1463},{"@type":"BreadcrumbList","@id":"https:\/\/www.isaac-del-toro.mx\/fr\/andorra-cycling-masters-2025-documentaire-dazn\/#breadcrumb","itemListElement":[{"@type":"ListItem","position":1,"name":"Start","item":"https:\/\/www.isaac-del-toro.mx\/fr\/"},{"@type":"ListItem","position":2,"name":"Andorra Cycling Masters 2025 : le documentaire d\u00e9sormais disponible sur DAZN"}]},{"@type":"WebSite","@id":"https:\/\/www.isaac-del-toro.mx\/fr\/#website","url":"https:\/\/www.isaac-del-toro.mx\/fr\/","name":"Isaac del Toro Romero","description":"","publisher":{"@id":"https:\/\/www.isaac-del-toro.mx\/fr\/#\/schema\/person\/7cbbcf16bd93d1b98eeb4ab7a1fbd7ba"},"potentialAction":[{"@type":"SearchAction","target":{"@type":"EntryPoint","urlTemplate":"https:\/\/www.isaac-del-toro.mx\/fr\/?s={search_term_string}"},"query-input":{"@type":"PropertyValueSpecification","valueRequired":true,"valueName":"search_term_string"}}],"inLanguage":"fr-FR"},{"@type":["Person","Organization"],"@id":"https:\/\/www.isaac-del-toro.mx\/fr\/#\/schema\/person\/7cbbcf16bd93d1b98eeb4ab7a1fbd7ba","name":"Isaac del Toro Romero","logo":{"@id":"https:\/\/www.isaac-del-toro.mx\/fr\/#\/schema\/person\/image\/"}},{"@type":"Person","@id":"https:\/\/www.isaac-del-toro.mx\/fr\/#\/schema\/person\/dcd12bccf645d7a2112bdb90aa7ff9f2","name":"Frank","sameAs":["https:\/\/www.isaac-del-toro.mx"],"url":"https:\/\/www.isaac-del-toro.mx\/fr\/author\/frank-kuglerwebarbeit-net\/"}]}},"_links":{"self":[{"href":"https:\/\/www.isaac-del-toro.mx\/fr\/wp-json\/wp\/v2\/posts\/204","targetHints":{"allow":["GET"]}}],"collection":[{"href":"https:\/\/www.isaac-del-toro.mx\/fr\/wp-json\/wp\/v2\/posts"}],"about":[{"href":"https:\/\/www.isaac-del-toro.mx\/fr\/wp-json\/wp\/v2\/types\/post"}],"author":[{"embeddable":true,"href":"https:\/\/www.isaac-del-toro.mx\/fr\/wp-json\/wp\/v2\/users\/1"}],"replies":[{"embeddable":true,"href":"https:\/\/www.isaac-del-toro.mx\/fr\/wp-json\/wp\/v2\/comments?post=204"}],"version-history":[{"count":1,"href":"https:\/\/www.isaac-del-toro.mx\/fr\/wp-json\/wp\/v2\/posts\/204\/revisions"}],"predecessor-version":[{"id":205,"href":"https:\/\/www.isaac-del-toro.mx\/fr\/wp-json\/wp\/v2\/posts\/204\/revisions\/205"}],"wp:featuredmedia":[{"embeddable":true,"href":"https:\/\/www.isaac-del-toro.mx\/fr\/wp-json\/wp\/v2\/media\/220"}],"wp:attachment":[{"href":"https:\/\/www.isaac-del-toro.mx\/fr\/wp-json\/wp\/v2\/media?parent=204"}],"wp:term":[{"taxonomy":"category","embeddable":true,"href":"https:\/\/www.isaac-del-toro.mx\/fr\/wp-json\/wp\/v2\/categories?post=204"},{"taxonomy":"post_tag","embeddable":true,"href":"https:\/\/www.isaac-del-toro.mx\/fr\/wp-json\/wp\/v2\/tags?post=204"}],"curies":[{"name":"wp","href":"https:\/\/api.w.org\/{rel}","templated":true}]}}