{"id":255,"date":"2025-12-24T05:03:53","date_gmt":"2025-12-24T11:03:53","guid":{"rendered":"https:\/\/www.isaac-del-toro.mx\/?p=255"},"modified":"2025-12-24T05:04:20","modified_gmt":"2025-12-24T11:04:20","slug":"nutrition-isaac-del-toro-cyclisme-professionnel","status":"publish","type":"post","link":"https:\/\/www.isaac-del-toro.mx\/fr\/nutrition-isaac-del-toro-cyclisme-professionnel\/","title":{"rendered":"Nutrition de haut niveau : le carburant derri\u00e8re les performances d\u2019Isaac del Toro"},"content":{"rendered":"\n<p>En cyclisme professionnel, la performance ne commence pas au moment de monter sur le v\u00e9lo, mais bien plus t\u00f4t, \u00e0 table. Pour affronter des journ\u00e9es longues et exigeantes, la nutrition est un pilier essentiel. <strong>Isaac del Toro<\/strong> illustre parfaitement l\u2019importance d\u2019une alimentation pr\u00e9cis\u00e9ment adapt\u00e9e au tr\u00e8s haut niveau.<\/p>\n\n<h2>De longs petits-d\u00e9jeuners pour de longues journ\u00e9es d\u2019entra\u00eenement<\/h2>\n<p>Avant une s\u00e9ance d\u2019entra\u00eenement de cinq heures, Isaac peut consacrer <strong>jusqu\u2019\u00e0 une heure et demie uniquement au petit-d\u00e9jeuner<\/strong>. Il ne s\u2019agit pas d\u2019un exc\u00e8s, mais d\u2019une n\u00e9cessit\u00e9 physiologique. Le corps doit entamer l\u2019effort avec des r\u00e9serves d\u2019\u00e9nergie pleinement reconstitu\u00e9es, notamment lors des entra\u00eenements intensifs ou en altitude.<\/p>\n\n<p>Le petit-d\u00e9jeuner est copieux, \u00e9quilibr\u00e9 et soigneusement planifi\u00e9. Les glucides occupent une place centrale afin de remplir les r\u00e9serves de glycog\u00e8ne, compl\u00e9t\u00e9s par des prot\u00e9ines pour pr\u00e9server la masse musculaire et des lipides de qualit\u00e9 pour une \u00e9nergie durable.<\/p>\n\n<h2>Manger pendant des heures fait partie du m\u00e9tier<\/h2>\n<p>Au plus haut niveau, l\u2019alimentation n\u2019est pas dict\u00e9e par la sensation de faim, mais par la strat\u00e9gie. Lors des longues sorties ou des courses \u00e9prouvantes, Isaac doit <strong>s\u2019alimenter de mani\u00e8re continue<\/strong> : gels, barres, produits \u00e0 base de riz, boissons isotoniques et nutrition sp\u00e9cifique \u00e0 l\u2019effort.<\/p>\n\n<p>Ces \u00ab repas interminables \u00bb font partie du quotidien des cyclistes professionnels. L\u2019objectif est d\u2019\u00e9viter les baisses d\u2019\u00e9nergie, de maintenir la concentration et de permettre au corps de rester performant apr\u00e8s plusieurs heures d\u2019effort.<\/p>\n\n<h2>Une alimentation pens\u00e9e pour les plus hautes exigences<\/h2>\n<p>La nutrition d\u2019Isaac del Toro n\u2019est jamais laiss\u00e9e au hasard. Elle est con\u00e7ue pour r\u00e9pondre aux contraintes des courses de haut niveau : longues \u00e9tapes, terrains montagneux, chaleur et changements de rythme constants. Elle repose notamment sur :<\/p>\n\n<ul>\n  <li><strong>Les glucides<\/strong> comme principale source d\u2019\u00e9nergie<\/li>\n  <li><strong>Les prot\u00e9ines<\/strong> pour la r\u00e9cup\u00e9ration et l\u2019entretien musculaire<\/li>\n  <li><strong>Les micronutriments<\/strong> essentiels \u00e0 l\u2019immunit\u00e9 et \u00e0 l\u2019endurance<\/li>\n  <li><strong>Une hydratation pr\u00e9cise<\/strong>, indispensable \u00e0 la performance et \u00e0 la r\u00e9cup\u00e9ration<\/li>\n<\/ul>\n\n<p>Chaque repas r\u00e9pond \u00e0 un objectif pr\u00e9cis dans le cadre du plan d\u2019entra\u00eenement quotidien et hebdomadaire, en fonction de la charge de travail ou des comp\u00e9titions.<\/p>\n\n<h2>Discipline et constance au service de la performance<\/h2>\n<p>Au-del\u00e0 du talent, la nutrition refl\u00e8te la discipline et le professionnalisme d\u2019Isaac del Toro. Manger correctement, au bon moment et dans les bonnes proportions fait partie des sacrifices invisibles qui d\u00e9finissent le cyclisme moderne.<\/p>\n\n<p><strong>La nutrition est le carburant qui transforme l\u2019effort en performance<\/strong> \u2014 et pour Isaac del Toro, l\u2019un des piliers de sa progression constante au plus haut niveau.<\/p>\n\n","protected":false},"excerpt":{"rendered":"<p>En cyclisme professionnel, la performance ne commence pas au moment de monter sur le v\u00e9lo, mais bien plus t\u00f4t, \u00e0 [&hellip;]<\/p>\n","protected":false},"author":1,"featured_media":254,"comment_status":"open","ping_status":"open","sticky":false,"template":"","format":"standard","meta":{"footnotes":""},"categories":[55],"tags":[],"class_list":["post-255","post","type-post","status-publish","format-standard","has-post-thumbnail","hentry","category-preparation"],"yoast_head":"<!-- This site is optimized with the Yoast SEO plugin v27.1.1 - https:\/\/yoast.com\/product\/yoast-seo-wordpress\/ -->\n<title>La nutrition d\u2019Isaac del Toro : cl\u00e9 de la performance<\/title>\n<meta name=\"description\" content=\"Comment Isaac del Toro se nourrit en cyclisme professionnel : longs petits-d\u00e9jeuners, \u00e9nergie continue et alimentation de haut niveau.\" \/>\n<meta name=\"robots\" content=\"index, follow, max-snippet:-1, max-image-preview:large, max-video-preview:-1\" \/>\n<link rel=\"canonical\" href=\"https:\/\/www.isaac-del-toro.mx\/fr\/nutrition-isaac-del-toro-cyclisme-professionnel\/\" \/>\n<meta property=\"og:locale\" content=\"fr_FR\" \/>\n<meta property=\"og:type\" content=\"article\" \/>\n<meta property=\"og:title\" content=\"La nutrition d\u2019Isaac del Toro : cl\u00e9 de la performance\" \/>\n<meta property=\"og:description\" content=\"Comment Isaac del Toro se nourrit en cyclisme professionnel : longs petits-d\u00e9jeuners, \u00e9nergie continue et alimentation de haut niveau.\" \/>\n<meta property=\"og:url\" content=\"https:\/\/www.isaac-del-toro.mx\/fr\/nutrition-isaac-del-toro-cyclisme-professionnel\/\" \/>\n<meta property=\"og:site_name\" content=\"Isaac del Toro Romero\" \/>\n<meta property=\"article:published_time\" content=\"2025-12-24T11:03:53+00:00\" \/>\n<meta property=\"article:modified_time\" content=\"2025-12-24T11:04:20+00:00\" \/>\n<meta property=\"og:image\" content=\"https:\/\/www.isaac-del-toro.mx\/wp-content\/uploads\/2025\/12\/isaac-del-toro-nutricion-scaled.webp\" \/>\n\t<meta property=\"og:image:width\" content=\"2560\" \/>\n\t<meta property=\"og:image:height\" content=\"1463\" \/>\n\t<meta property=\"og:image:type\" content=\"image\/webp\" \/>\n<meta name=\"author\" content=\"Frank\" \/>\n<meta name=\"twitter:card\" content=\"summary_large_image\" \/>\n<meta name=\"twitter:label1\" content=\"\u00c9crit par\" \/>\n\t<meta name=\"twitter:data1\" content=\"Frank\" \/>\n\t<meta name=\"twitter:label2\" content=\"Dur\u00e9e de lecture estim\u00e9e\" \/>\n\t<meta name=\"twitter:data2\" content=\"3 minutes\" \/>\n<script type=\"application\/ld+json\" class=\"yoast-schema-graph\">{\"@context\":\"https:\/\/schema.org\",\"@graph\":[{\"@type\":\"Article\",\"@id\":\"https:\/\/www.isaac-del-toro.mx\/fr\/nutrition-isaac-del-toro-cyclisme-professionnel\/#article\",\"isPartOf\":{\"@id\":\"https:\/\/www.isaac-del-toro.mx\/fr\/nutrition-isaac-del-toro-cyclisme-professionnel\/\"},\"author\":{\"name\":\"Frank\",\"@id\":\"https:\/\/www.isaac-del-toro.mx\/fr\/#\/schema\/person\/dcd12bccf645d7a2112bdb90aa7ff9f2\"},\"headline\":\"Nutrition de haut niveau : le carburant derri\u00e8re les performances d\u2019Isaac del Toro\",\"datePublished\":\"2025-12-24T11:03:53+00:00\",\"dateModified\":\"2025-12-24T11:04:20+00:00\",\"mainEntityOfPage\":{\"@id\":\"https:\/\/www.isaac-del-toro.mx\/fr\/nutrition-isaac-del-toro-cyclisme-professionnel\/\"},\"wordCount\":478,\"commentCount\":0,\"publisher\":{\"@id\":\"https:\/\/www.isaac-del-toro.mx\/fr\/#\/schema\/person\/7cbbcf16bd93d1b98eeb4ab7a1fbd7ba\"},\"image\":{\"@id\":\"https:\/\/www.isaac-del-toro.mx\/fr\/nutrition-isaac-del-toro-cyclisme-professionnel\/#primaryimage\"},\"thumbnailUrl\":\"https:\/\/www.isaac-del-toro.mx\/wp-content\/uploads\/2025\/12\/isaac-del-toro-nutricion-scaled.webp\",\"articleSection\":[\"Pr\u00e9paration\"],\"inLanguage\":\"fr-FR\",\"potentialAction\":[{\"@type\":\"CommentAction\",\"name\":\"Comment\",\"target\":[\"https:\/\/www.isaac-del-toro.mx\/fr\/nutrition-isaac-del-toro-cyclisme-professionnel\/#respond\"]}]},{\"@type\":\"WebPage\",\"@id\":\"https:\/\/www.isaac-del-toro.mx\/fr\/nutrition-isaac-del-toro-cyclisme-professionnel\/\",\"url\":\"https:\/\/www.isaac-del-toro.mx\/fr\/nutrition-isaac-del-toro-cyclisme-professionnel\/\",\"name\":\"La nutrition d\u2019Isaac del Toro : cl\u00e9 de la performance\",\"isPartOf\":{\"@id\":\"https:\/\/www.isaac-del-toro.mx\/fr\/#website\"},\"primaryImageOfPage\":{\"@id\":\"https:\/\/www.isaac-del-toro.mx\/fr\/nutrition-isaac-del-toro-cyclisme-professionnel\/#primaryimage\"},\"image\":{\"@id\":\"https:\/\/www.isaac-del-toro.mx\/fr\/nutrition-isaac-del-toro-cyclisme-professionnel\/#primaryimage\"},\"thumbnailUrl\":\"https:\/\/www.isaac-del-toro.mx\/wp-content\/uploads\/2025\/12\/isaac-del-toro-nutricion-scaled.webp\",\"datePublished\":\"2025-12-24T11:03:53+00:00\",\"dateModified\":\"2025-12-24T11:04:20+00:00\",\"description\":\"Comment Isaac del Toro se nourrit en cyclisme professionnel : longs petits-d\u00e9jeuners, \u00e9nergie continue et alimentation de haut niveau.\",\"breadcrumb\":{\"@id\":\"https:\/\/www.isaac-del-toro.mx\/fr\/nutrition-isaac-del-toro-cyclisme-professionnel\/#breadcrumb\"},\"inLanguage\":\"fr-FR\",\"potentialAction\":[{\"@type\":\"ReadAction\",\"target\":[\"https:\/\/www.isaac-del-toro.mx\/fr\/nutrition-isaac-del-toro-cyclisme-professionnel\/\"]}]},{\"@type\":\"ImageObject\",\"inLanguage\":\"fr-FR\",\"@id\":\"https:\/\/www.isaac-del-toro.mx\/fr\/nutrition-isaac-del-toro-cyclisme-professionnel\/#primaryimage\",\"url\":\"https:\/\/www.isaac-del-toro.mx\/wp-content\/uploads\/2025\/12\/isaac-del-toro-nutricion-scaled.webp\",\"contentUrl\":\"https:\/\/www.isaac-del-toro.mx\/wp-content\/uploads\/2025\/12\/isaac-del-toro-nutricion-scaled.webp\",\"width\":2560,\"height\":1463},{\"@type\":\"BreadcrumbList\",\"@id\":\"https:\/\/www.isaac-del-toro.mx\/fr\/nutrition-isaac-del-toro-cyclisme-professionnel\/#breadcrumb\",\"itemListElement\":[{\"@type\":\"ListItem\",\"position\":1,\"name\":\"Start\",\"item\":\"https:\/\/www.isaac-del-toro.mx\/fr\/\"},{\"@type\":\"ListItem\",\"position\":2,\"name\":\"Nutrition de haut niveau : le carburant derri\u00e8re les performances d\u2019Isaac del Toro\"}]},{\"@type\":\"WebSite\",\"@id\":\"https:\/\/www.isaac-del-toro.mx\/fr\/#website\",\"url\":\"https:\/\/www.isaac-del-toro.mx\/fr\/\",\"name\":\"Isaac del Toro Romero\",\"description\":\"\",\"publisher\":{\"@id\":\"https:\/\/www.isaac-del-toro.mx\/fr\/#\/schema\/person\/7cbbcf16bd93d1b98eeb4ab7a1fbd7ba\"},\"potentialAction\":[{\"@type\":\"SearchAction\",\"target\":{\"@type\":\"EntryPoint\",\"urlTemplate\":\"https:\/\/www.isaac-del-toro.mx\/fr\/?s={search_term_string}\"},\"query-input\":{\"@type\":\"PropertyValueSpecification\",\"valueRequired\":true,\"valueName\":\"search_term_string\"}}],\"inLanguage\":\"fr-FR\"},{\"@type\":[\"Person\",\"Organization\"],\"@id\":\"https:\/\/www.isaac-del-toro.mx\/fr\/#\/schema\/person\/7cbbcf16bd93d1b98eeb4ab7a1fbd7ba\",\"name\":\"Isaac del Toro Romero\",\"logo\":{\"@id\":\"https:\/\/www.isaac-del-toro.mx\/fr\/#\/schema\/person\/image\/\"}},{\"@type\":\"Person\",\"@id\":\"https:\/\/www.isaac-del-toro.mx\/fr\/#\/schema\/person\/dcd12bccf645d7a2112bdb90aa7ff9f2\",\"name\":\"Frank\",\"sameAs\":[\"https:\/\/www.isaac-del-toro.mx\"],\"url\":\"https:\/\/www.isaac-del-toro.mx\/fr\/author\/frank-kuglerwebarbeit-net\/\"}]}<\/script>\n<!-- \/ Yoast SEO plugin. -->","yoast_head_json":{"title":"La nutrition d\u2019Isaac del Toro : cl\u00e9 de la performance","description":"Comment Isaac del Toro se nourrit en cyclisme professionnel : longs petits-d\u00e9jeuners, \u00e9nergie continue et alimentation de haut niveau.","robots":{"index":"index","follow":"follow","max-snippet":"max-snippet:-1","max-image-preview":"max-image-preview:large","max-video-preview":"max-video-preview:-1"},"canonical":"https:\/\/www.isaac-del-toro.mx\/fr\/nutrition-isaac-del-toro-cyclisme-professionnel\/","og_locale":"fr_FR","og_type":"article","og_title":"La nutrition d\u2019Isaac del Toro : cl\u00e9 de la performance","og_description":"Comment Isaac del Toro se nourrit en cyclisme professionnel : longs petits-d\u00e9jeuners, \u00e9nergie continue et alimentation de haut niveau.","og_url":"https:\/\/www.isaac-del-toro.mx\/fr\/nutrition-isaac-del-toro-cyclisme-professionnel\/","og_site_name":"Isaac del Toro Romero","article_published_time":"2025-12-24T11:03:53+00:00","article_modified_time":"2025-12-24T11:04:20+00:00","og_image":[{"width":2560,"height":1463,"url":"https:\/\/www.isaac-del-toro.mx\/wp-content\/uploads\/2025\/12\/isaac-del-toro-nutricion-scaled.webp","type":"image\/webp"}],"author":"Frank","twitter_card":"summary_large_image","twitter_misc":{"\u00c9crit par":"Frank","Dur\u00e9e de lecture estim\u00e9e":"3 minutes"},"schema":{"@context":"https:\/\/schema.org","@graph":[{"@type":"Article","@id":"https:\/\/www.isaac-del-toro.mx\/fr\/nutrition-isaac-del-toro-cyclisme-professionnel\/#article","isPartOf":{"@id":"https:\/\/www.isaac-del-toro.mx\/fr\/nutrition-isaac-del-toro-cyclisme-professionnel\/"},"author":{"name":"Frank","@id":"https:\/\/www.isaac-del-toro.mx\/fr\/#\/schema\/person\/dcd12bccf645d7a2112bdb90aa7ff9f2"},"headline":"Nutrition de haut niveau : le carburant derri\u00e8re les performances d\u2019Isaac del Toro","datePublished":"2025-12-24T11:03:53+00:00","dateModified":"2025-12-24T11:04:20+00:00","mainEntityOfPage":{"@id":"https:\/\/www.isaac-del-toro.mx\/fr\/nutrition-isaac-del-toro-cyclisme-professionnel\/"},"wordCount":478,"commentCount":0,"publisher":{"@id":"https:\/\/www.isaac-del-toro.mx\/fr\/#\/schema\/person\/7cbbcf16bd93d1b98eeb4ab7a1fbd7ba"},"image":{"@id":"https:\/\/www.isaac-del-toro.mx\/fr\/nutrition-isaac-del-toro-cyclisme-professionnel\/#primaryimage"},"thumbnailUrl":"https:\/\/www.isaac-del-toro.mx\/wp-content\/uploads\/2025\/12\/isaac-del-toro-nutricion-scaled.webp","articleSection":["Pr\u00e9paration"],"inLanguage":"fr-FR","potentialAction":[{"@type":"CommentAction","name":"Comment","target":["https:\/\/www.isaac-del-toro.mx\/fr\/nutrition-isaac-del-toro-cyclisme-professionnel\/#respond"]}]},{"@type":"WebPage","@id":"https:\/\/www.isaac-del-toro.mx\/fr\/nutrition-isaac-del-toro-cyclisme-professionnel\/","url":"https:\/\/www.isaac-del-toro.mx\/fr\/nutrition-isaac-del-toro-cyclisme-professionnel\/","name":"La nutrition d\u2019Isaac del Toro : cl\u00e9 de la performance","isPartOf":{"@id":"https:\/\/www.isaac-del-toro.mx\/fr\/#website"},"primaryImageOfPage":{"@id":"https:\/\/www.isaac-del-toro.mx\/fr\/nutrition-isaac-del-toro-cyclisme-professionnel\/#primaryimage"},"image":{"@id":"https:\/\/www.isaac-del-toro.mx\/fr\/nutrition-isaac-del-toro-cyclisme-professionnel\/#primaryimage"},"thumbnailUrl":"https:\/\/www.isaac-del-toro.mx\/wp-content\/uploads\/2025\/12\/isaac-del-toro-nutricion-scaled.webp","datePublished":"2025-12-24T11:03:53+00:00","dateModified":"2025-12-24T11:04:20+00:00","description":"Comment Isaac del Toro se nourrit en cyclisme professionnel : longs petits-d\u00e9jeuners, \u00e9nergie continue et alimentation de haut niveau.","breadcrumb":{"@id":"https:\/\/www.isaac-del-toro.mx\/fr\/nutrition-isaac-del-toro-cyclisme-professionnel\/#breadcrumb"},"inLanguage":"fr-FR","potentialAction":[{"@type":"ReadAction","target":["https:\/\/www.isaac-del-toro.mx\/fr\/nutrition-isaac-del-toro-cyclisme-professionnel\/"]}]},{"@type":"ImageObject","inLanguage":"fr-FR","@id":"https:\/\/www.isaac-del-toro.mx\/fr\/nutrition-isaac-del-toro-cyclisme-professionnel\/#primaryimage","url":"https:\/\/www.isaac-del-toro.mx\/wp-content\/uploads\/2025\/12\/isaac-del-toro-nutricion-scaled.webp","contentUrl":"https:\/\/www.isaac-del-toro.mx\/wp-content\/uploads\/2025\/12\/isaac-del-toro-nutricion-scaled.webp","width":2560,"height":1463},{"@type":"BreadcrumbList","@id":"https:\/\/www.isaac-del-toro.mx\/fr\/nutrition-isaac-del-toro-cyclisme-professionnel\/#breadcrumb","itemListElement":[{"@type":"ListItem","position":1,"name":"Start","item":"https:\/\/www.isaac-del-toro.mx\/fr\/"},{"@type":"ListItem","position":2,"name":"Nutrition de haut niveau : le carburant derri\u00e8re les performances d\u2019Isaac del Toro"}]},{"@type":"WebSite","@id":"https:\/\/www.isaac-del-toro.mx\/fr\/#website","url":"https:\/\/www.isaac-del-toro.mx\/fr\/","name":"Isaac del Toro Romero","description":"","publisher":{"@id":"https:\/\/www.isaac-del-toro.mx\/fr\/#\/schema\/person\/7cbbcf16bd93d1b98eeb4ab7a1fbd7ba"},"potentialAction":[{"@type":"SearchAction","target":{"@type":"EntryPoint","urlTemplate":"https:\/\/www.isaac-del-toro.mx\/fr\/?s={search_term_string}"},"query-input":{"@type":"PropertyValueSpecification","valueRequired":true,"valueName":"search_term_string"}}],"inLanguage":"fr-FR"},{"@type":["Person","Organization"],"@id":"https:\/\/www.isaac-del-toro.mx\/fr\/#\/schema\/person\/7cbbcf16bd93d1b98eeb4ab7a1fbd7ba","name":"Isaac del Toro Romero","logo":{"@id":"https:\/\/www.isaac-del-toro.mx\/fr\/#\/schema\/person\/image\/"}},{"@type":"Person","@id":"https:\/\/www.isaac-del-toro.mx\/fr\/#\/schema\/person\/dcd12bccf645d7a2112bdb90aa7ff9f2","name":"Frank","sameAs":["https:\/\/www.isaac-del-toro.mx"],"url":"https:\/\/www.isaac-del-toro.mx\/fr\/author\/frank-kuglerwebarbeit-net\/"}]}},"_links":{"self":[{"href":"https:\/\/www.isaac-del-toro.mx\/fr\/wp-json\/wp\/v2\/posts\/255","targetHints":{"allow":["GET"]}}],"collection":[{"href":"https:\/\/www.isaac-del-toro.mx\/fr\/wp-json\/wp\/v2\/posts"}],"about":[{"href":"https:\/\/www.isaac-del-toro.mx\/fr\/wp-json\/wp\/v2\/types\/post"}],"author":[{"embeddable":true,"href":"https:\/\/www.isaac-del-toro.mx\/fr\/wp-json\/wp\/v2\/users\/1"}],"replies":[{"embeddable":true,"href":"https:\/\/www.isaac-del-toro.mx\/fr\/wp-json\/wp\/v2\/comments?post=255"}],"version-history":[{"count":1,"href":"https:\/\/www.isaac-del-toro.mx\/fr\/wp-json\/wp\/v2\/posts\/255\/revisions"}],"predecessor-version":[{"id":256,"href":"https:\/\/www.isaac-del-toro.mx\/fr\/wp-json\/wp\/v2\/posts\/255\/revisions\/256"}],"wp:featuredmedia":[{"embeddable":true,"href":"https:\/\/www.isaac-del-toro.mx\/fr\/wp-json\/wp\/v2\/media\/254"}],"wp:attachment":[{"href":"https:\/\/www.isaac-del-toro.mx\/fr\/wp-json\/wp\/v2\/media?parent=255"}],"wp:term":[{"taxonomy":"category","embeddable":true,"href":"https:\/\/www.isaac-del-toro.mx\/fr\/wp-json\/wp\/v2\/categories?post=255"},{"taxonomy":"post_tag","embeddable":true,"href":"https:\/\/www.isaac-del-toro.mx\/fr\/wp-json\/wp\/v2\/tags?post=255"}],"curies":[{"name":"wp","href":"https:\/\/api.w.org\/{rel}","templated":true}]}}