{"id":272,"date":"2026-01-06T06:14:05","date_gmt":"2026-01-06T12:14:05","guid":{"rendered":"https:\/\/www.isaac-del-toro.mx\/?p=272"},"modified":"2026-01-06T06:14:32","modified_gmt":"2026-01-06T12:14:32","slug":"isaac-del-toro-nouvelle-elite-sport-mexicain","status":"publish","type":"post","link":"https:\/\/www.isaac-del-toro.mx\/fr\/isaac-del-toro-nouvelle-elite-sport-mexicain\/","title":{"rendered":"Isaac del Toro et la nouvelle g\u00e9n\u00e9ration d\u2019athl\u00e8tes mexicains de classe mondiale"},"content":{"rendered":"\n<p>Le Mexique traverse actuellement une p\u00e9riode sportive remarquable. Dans plusieurs disciplines, des athl\u00e8tes mexicains se sont install\u00e9s durablement au plus haut niveau mondial \u2014 non pas comme des exceptions isol\u00e9es, mais gr\u00e2ce \u00e0 leur r\u00e9gularit\u00e9, leurs m\u00e9dailles et leur reconnaissance internationale. Des figures comme <strong>Isaac del Toro<\/strong> en cyclisme sur route, Alegna Gonz\u00e1lez en marche athl\u00e9tique, Yareli Acevedo en cyclisme sur piste, ainsi que des talents majeurs en plongeon et en tir \u00e0 l\u2019arc, incarnent cette nouvelle r\u00e9alit\u00e9 sportive.<\/p>\n\n<h2>Isaac del Toro : le visage du cyclisme mexicain sur la sc\u00e8ne mondiale<\/h2>\n\n<p>Isaac del Toro s\u2019est rapidement impos\u00e9 comme l\u2019un des plus grands talents jamais produits par le cyclisme mexicain. Ses performances au niveau WorldTour, sa pr\u00e9sence dans les grandes courses par \u00e9tapes et sa maturit\u00e9 tactique ont fait de lui un membre respect\u00e9 du peloton international.<\/p>\n\n<p>Sa plus grande force r\u00e9side dans sa constance sur des efforts longs et exigeants \u2014 une qualit\u00e9 essentielle dans le cyclisme professionnel moderne. Gr\u00e2ce \u00e0 lui, le cyclisme mexicain a retrouv\u00e9 une visibilit\u00e9 internationale et une nouvelle cr\u00e9dibilit\u00e9 sportive.<\/p>\n\n<h2>Alegna Gonz\u00e1lez : l\u2019excellence mondiale en marche athl\u00e9tique<\/h2>\n\n<p>Alegna Gonz\u00e1lez fait partie de l\u2019\u00e9lite mondiale de la marche athl\u00e9tique depuis plusieurs ann\u00e9es. Elle a remport\u00e9 des m\u00e9dailles lors de championnats du monde, atteint les podiums de meetings internationaux majeurs et figure r\u00e9guli\u00e8rement parmi les meilleures athl\u00e8tes mondiales sur 20 kilom\u00e8tres.<\/p>\n\n<p>Sa combinaison de technique, d\u2019endurance et de solidit\u00e9 mentale illustre parfaitement la tradition mexicaine dans les disciplines d\u2019endurance.<\/p>\n\n<h2>Yareli Acevedo : la force mexicaine sur la piste<\/h2>\n\n<p>En cyclisme sur piste, Yareli Acevedo s\u2019est affirm\u00e9e comme une comp\u00e9titrice internationale solide. Avec des m\u00e9dailles aux championnats panam\u00e9ricains, de bons r\u00e9sultats lors d\u2019\u00e9preuves de haut niveau et des confrontations r\u00e9guli\u00e8res avec l\u2019\u00e9lite mondiale, elle d\u00e9montre la capacit\u00e9 du Mexique \u00e0 rivaliser dans une discipline hautement sp\u00e9cialis\u00e9e.<\/p>\n\n<p>Acevedo symbolise les progr\u00e8s techniques et l\u2019\u00e9largissement du vivier du cyclisme mexicain au-del\u00e0 de la route.<\/p>\n\n<h2>Osmar Olvera et la domination mexicaine en plongeon<\/h2>\n\n<p>Le plongeon est une discipline dans laquelle le Mexique appartient depuis longtemps \u00e0 l\u2019\u00e9lite mondiale. Le leader de la g\u00e9n\u00e9ration actuelle est <strong>Osmar Olvera<\/strong>.<\/p>\n\n<p>Olvera a remport\u00e9 de multiples m\u00e9dailles lors de championnats du monde, s\u2019est impos\u00e9 lors de Coupes du monde et a confirm\u00e9 en 2025 son statut exceptionnel gr\u00e2ce \u00e0 des performances r\u00e9guli\u00e8res de tr\u00e8s haut niveau. Il se distingue par des difficult\u00e9s maximales, une pr\u00e9cision technique remarquable et un sang-froid exemplaire sous pression.<\/p>\n\n<h3>Les \u00e9toiles montantes : M\u00eda et L\u00eda Cueva<\/h3>\n\n<p>Derri\u00e8re Olvera, la rel\u00e8ve est d\u00e9j\u00e0 en marche. Les s\u0153urs jumelles <strong>M\u00eda et L\u00eda Cueva<\/strong>, \u00e2g\u00e9es de seulement 14 ans, se sont d\u00e9j\u00e0 illustr\u00e9es sur la sc\u00e8ne internationale, notamment avec une m\u00e9daille d\u2019argent remport\u00e9e lors d\u2019une Coupe du monde de plongeon.<\/p>\n\n<p>Leur r\u00e9ussite pr\u00e9coce t\u00e9moigne de la profondeur et de la solidit\u00e9 du syst\u00e8me de formation mexicain dans cette discipline.<\/p>\n\n<h2>Le tir \u00e0 l\u2019arc : la pr\u00e9cision comme pilier du succ\u00e8s<\/h2>\n\n<p>Le tir \u00e0 l\u2019arc constitue un autre domaine dans lequel le Mexique s\u2019est impos\u00e9 comme un acteur majeur. Les archers mexicains remportent r\u00e9guli\u00e8rement des m\u00e9dailles lors de Coupes du monde, de championnats du monde et de comp\u00e9titions continentales.<\/p>\n\n<p>En particulier dans la cat\u00e9gorie arc classique, le Mexique se distingue par sa pr\u00e9cision technique, sa force mentale et sa grande exp\u00e9rience internationale, faisant du tir \u00e0 l\u2019arc l\u2019un des piliers du sport de haut niveau national.<\/p>\n\n<h2>Au-del\u00e0 des individualit\u00e9s : une nouvelle identit\u00e9 sportive<\/h2>\n\n<p>Ce qui unit Isaac del Toro, Alegna Gonz\u00e1lez, Yareli Acevedo, Osmar Olvera, M\u00eda et L\u00eda Cueva, ainsi que les archers mexicains de haut niveau, d\u00e9passe le simple talent individuel. Il s\u2019agit d\u2019une transformation structurelle du sport mexicain.<\/p>\n\n<p><strong>Le Mexique ne se pr\u00e9sente plus comme un outsider, mais comme un v\u00e9ritable acteur du sport mondial<\/strong>. Cette g\u00e9n\u00e9ration incarne la performance de classe mondiale, le professionnalisme et une ambition durable \u2014 avec Isaac del Toro comme l\u2019un des visages les plus visibles de cette nouvelle \u00e8re.<\/p>\n\n","protected":false},"excerpt":{"rendered":"<p>Le Mexique traverse actuellement une p\u00e9riode sportive remarquable. Dans plusieurs disciplines, des athl\u00e8tes mexicains se sont install\u00e9s durablement au plus [&hellip;]<\/p>\n","protected":false},"author":1,"featured_media":271,"comment_status":"open","ping_status":"open","sticky":false,"template":"","format":"standard","meta":{"footnotes":""},"categories":[59],"tags":[],"class_list":["post-272","post","type-post","status-publish","format-standard","has-post-thumbnail","hentry","category-panorama-sportif"],"yoast_head":"<!-- This site is optimized with the Yoast SEO plugin v27.1.1 - https:\/\/yoast.com\/product\/yoast-seo-wordpress\/ -->\n<title>Isaac del Toro et la nouvelle \u00e9lite du sport mexicain<\/title>\n<meta name=\"description\" content=\"D\u2019Isaac del Toro \u00e0 Osmar Olvera, une nouvelle g\u00e9n\u00e9ration d\u2019athl\u00e8tes mexicains s\u2019impose au plus haut niveau mondial.\" \/>\n<meta name=\"robots\" content=\"index, follow, max-snippet:-1, max-image-preview:large, max-video-preview:-1\" \/>\n<link rel=\"canonical\" href=\"https:\/\/www.isaac-del-toro.mx\/fr\/isaac-del-toro-nouvelle-elite-sport-mexicain\/\" \/>\n<meta property=\"og:locale\" content=\"fr_FR\" \/>\n<meta property=\"og:type\" content=\"article\" \/>\n<meta property=\"og:title\" content=\"Isaac del Toro et la nouvelle \u00e9lite du sport mexicain\" \/>\n<meta property=\"og:description\" content=\"D\u2019Isaac del Toro \u00e0 Osmar Olvera, une nouvelle g\u00e9n\u00e9ration d\u2019athl\u00e8tes mexicains s\u2019impose au plus haut niveau mondial.\" \/>\n<meta property=\"og:url\" content=\"https:\/\/www.isaac-del-toro.mx\/fr\/isaac-del-toro-nouvelle-elite-sport-mexicain\/\" \/>\n<meta property=\"og:site_name\" content=\"Isaac del Toro Romero\" \/>\n<meta property=\"article:published_time\" content=\"2026-01-06T12:14:05+00:00\" \/>\n<meta property=\"article:modified_time\" content=\"2026-01-06T12:14:32+00:00\" \/>\n<meta property=\"og:image\" content=\"https:\/\/www.isaac-del-toro.mx\/wp-content\/uploads\/2026\/01\/isaac-del-toro-panorama-deportivo-mexico-scaled.webp\" \/>\n\t<meta property=\"og:image:width\" content=\"2560\" \/>\n\t<meta property=\"og:image:height\" content=\"1463\" \/>\n\t<meta property=\"og:image:type\" content=\"image\/webp\" \/>\n<meta name=\"author\" content=\"Frank\" \/>\n<meta name=\"twitter:card\" content=\"summary_large_image\" \/>\n<meta name=\"twitter:label1\" content=\"\u00c9crit par\" \/>\n\t<meta name=\"twitter:data1\" content=\"Frank\" \/>\n\t<meta name=\"twitter:label2\" content=\"Dur\u00e9e de lecture estim\u00e9e\" \/>\n\t<meta name=\"twitter:data2\" content=\"4 minutes\" \/>\n<script type=\"application\/ld+json\" class=\"yoast-schema-graph\">{\"@context\":\"https:\/\/schema.org\",\"@graph\":[{\"@type\":\"Article\",\"@id\":\"https:\/\/www.isaac-del-toro.mx\/fr\/isaac-del-toro-nouvelle-elite-sport-mexicain\/#article\",\"isPartOf\":{\"@id\":\"https:\/\/www.isaac-del-toro.mx\/fr\/isaac-del-toro-nouvelle-elite-sport-mexicain\/\"},\"author\":{\"name\":\"Frank\",\"@id\":\"https:\/\/www.isaac-del-toro.mx\/fr\/#\/schema\/person\/dcd12bccf645d7a2112bdb90aa7ff9f2\"},\"headline\":\"Isaac del Toro et la nouvelle g\u00e9n\u00e9ration d\u2019athl\u00e8tes mexicains de classe mondiale\",\"datePublished\":\"2026-01-06T12:14:05+00:00\",\"dateModified\":\"2026-01-06T12:14:32+00:00\",\"mainEntityOfPage\":{\"@id\":\"https:\/\/www.isaac-del-toro.mx\/fr\/isaac-del-toro-nouvelle-elite-sport-mexicain\/\"},\"wordCount\":745,\"commentCount\":0,\"publisher\":{\"@id\":\"https:\/\/www.isaac-del-toro.mx\/fr\/#\/schema\/person\/7cbbcf16bd93d1b98eeb4ab7a1fbd7ba\"},\"image\":{\"@id\":\"https:\/\/www.isaac-del-toro.mx\/fr\/isaac-del-toro-nouvelle-elite-sport-mexicain\/#primaryimage\"},\"thumbnailUrl\":\"https:\/\/www.isaac-del-toro.mx\/wp-content\/uploads\/2026\/01\/isaac-del-toro-panorama-deportivo-mexico-scaled.webp\",\"articleSection\":[\"Panorama sportif\"],\"inLanguage\":\"fr-FR\",\"potentialAction\":[{\"@type\":\"CommentAction\",\"name\":\"Comment\",\"target\":[\"https:\/\/www.isaac-del-toro.mx\/fr\/isaac-del-toro-nouvelle-elite-sport-mexicain\/#respond\"]}]},{\"@type\":\"WebPage\",\"@id\":\"https:\/\/www.isaac-del-toro.mx\/fr\/isaac-del-toro-nouvelle-elite-sport-mexicain\/\",\"url\":\"https:\/\/www.isaac-del-toro.mx\/fr\/isaac-del-toro-nouvelle-elite-sport-mexicain\/\",\"name\":\"Isaac del Toro et la nouvelle \u00e9lite du sport mexicain\",\"isPartOf\":{\"@id\":\"https:\/\/www.isaac-del-toro.mx\/fr\/#website\"},\"primaryImageOfPage\":{\"@id\":\"https:\/\/www.isaac-del-toro.mx\/fr\/isaac-del-toro-nouvelle-elite-sport-mexicain\/#primaryimage\"},\"image\":{\"@id\":\"https:\/\/www.isaac-del-toro.mx\/fr\/isaac-del-toro-nouvelle-elite-sport-mexicain\/#primaryimage\"},\"thumbnailUrl\":\"https:\/\/www.isaac-del-toro.mx\/wp-content\/uploads\/2026\/01\/isaac-del-toro-panorama-deportivo-mexico-scaled.webp\",\"datePublished\":\"2026-01-06T12:14:05+00:00\",\"dateModified\":\"2026-01-06T12:14:32+00:00\",\"description\":\"D\u2019Isaac del Toro \u00e0 Osmar Olvera, une nouvelle g\u00e9n\u00e9ration d\u2019athl\u00e8tes mexicains s\u2019impose au plus haut niveau mondial.\",\"breadcrumb\":{\"@id\":\"https:\/\/www.isaac-del-toro.mx\/fr\/isaac-del-toro-nouvelle-elite-sport-mexicain\/#breadcrumb\"},\"inLanguage\":\"fr-FR\",\"potentialAction\":[{\"@type\":\"ReadAction\",\"target\":[\"https:\/\/www.isaac-del-toro.mx\/fr\/isaac-del-toro-nouvelle-elite-sport-mexicain\/\"]}]},{\"@type\":\"ImageObject\",\"inLanguage\":\"fr-FR\",\"@id\":\"https:\/\/www.isaac-del-toro.mx\/fr\/isaac-del-toro-nouvelle-elite-sport-mexicain\/#primaryimage\",\"url\":\"https:\/\/www.isaac-del-toro.mx\/wp-content\/uploads\/2026\/01\/isaac-del-toro-panorama-deportivo-mexico-scaled.webp\",\"contentUrl\":\"https:\/\/www.isaac-del-toro.mx\/wp-content\/uploads\/2026\/01\/isaac-del-toro-panorama-deportivo-mexico-scaled.webp\",\"width\":2560,\"height\":1463},{\"@type\":\"BreadcrumbList\",\"@id\":\"https:\/\/www.isaac-del-toro.mx\/fr\/isaac-del-toro-nouvelle-elite-sport-mexicain\/#breadcrumb\",\"itemListElement\":[{\"@type\":\"ListItem\",\"position\":1,\"name\":\"Start\",\"item\":\"https:\/\/www.isaac-del-toro.mx\/fr\/\"},{\"@type\":\"ListItem\",\"position\":2,\"name\":\"Isaac del Toro et la nouvelle g\u00e9n\u00e9ration d\u2019athl\u00e8tes mexicains de classe mondiale\"}]},{\"@type\":\"WebSite\",\"@id\":\"https:\/\/www.isaac-del-toro.mx\/fr\/#website\",\"url\":\"https:\/\/www.isaac-del-toro.mx\/fr\/\",\"name\":\"Isaac del Toro Romero\",\"description\":\"\",\"publisher\":{\"@id\":\"https:\/\/www.isaac-del-toro.mx\/fr\/#\/schema\/person\/7cbbcf16bd93d1b98eeb4ab7a1fbd7ba\"},\"potentialAction\":[{\"@type\":\"SearchAction\",\"target\":{\"@type\":\"EntryPoint\",\"urlTemplate\":\"https:\/\/www.isaac-del-toro.mx\/fr\/?s={search_term_string}\"},\"query-input\":{\"@type\":\"PropertyValueSpecification\",\"valueRequired\":true,\"valueName\":\"search_term_string\"}}],\"inLanguage\":\"fr-FR\"},{\"@type\":[\"Person\",\"Organization\"],\"@id\":\"https:\/\/www.isaac-del-toro.mx\/fr\/#\/schema\/person\/7cbbcf16bd93d1b98eeb4ab7a1fbd7ba\",\"name\":\"Isaac del Toro Romero\",\"logo\":{\"@id\":\"https:\/\/www.isaac-del-toro.mx\/fr\/#\/schema\/person\/image\/\"}},{\"@type\":\"Person\",\"@id\":\"https:\/\/www.isaac-del-toro.mx\/fr\/#\/schema\/person\/dcd12bccf645d7a2112bdb90aa7ff9f2\",\"name\":\"Frank\",\"sameAs\":[\"https:\/\/www.isaac-del-toro.mx\"],\"url\":\"https:\/\/www.isaac-del-toro.mx\/fr\/author\/frank-kuglerwebarbeit-net\/\"}]}<\/script>\n<!-- \/ Yoast SEO plugin. -->","yoast_head_json":{"title":"Isaac del Toro et la nouvelle \u00e9lite du sport mexicain","description":"D\u2019Isaac del Toro \u00e0 Osmar Olvera, une nouvelle g\u00e9n\u00e9ration d\u2019athl\u00e8tes mexicains s\u2019impose au plus haut niveau mondial.","robots":{"index":"index","follow":"follow","max-snippet":"max-snippet:-1","max-image-preview":"max-image-preview:large","max-video-preview":"max-video-preview:-1"},"canonical":"https:\/\/www.isaac-del-toro.mx\/fr\/isaac-del-toro-nouvelle-elite-sport-mexicain\/","og_locale":"fr_FR","og_type":"article","og_title":"Isaac del Toro et la nouvelle \u00e9lite du sport mexicain","og_description":"D\u2019Isaac del Toro \u00e0 Osmar Olvera, une nouvelle g\u00e9n\u00e9ration d\u2019athl\u00e8tes mexicains s\u2019impose au plus haut niveau mondial.","og_url":"https:\/\/www.isaac-del-toro.mx\/fr\/isaac-del-toro-nouvelle-elite-sport-mexicain\/","og_site_name":"Isaac del Toro Romero","article_published_time":"2026-01-06T12:14:05+00:00","article_modified_time":"2026-01-06T12:14:32+00:00","og_image":[{"width":2560,"height":1463,"url":"https:\/\/www.isaac-del-toro.mx\/wp-content\/uploads\/2026\/01\/isaac-del-toro-panorama-deportivo-mexico-scaled.webp","type":"image\/webp"}],"author":"Frank","twitter_card":"summary_large_image","twitter_misc":{"\u00c9crit par":"Frank","Dur\u00e9e de lecture estim\u00e9e":"4 minutes"},"schema":{"@context":"https:\/\/schema.org","@graph":[{"@type":"Article","@id":"https:\/\/www.isaac-del-toro.mx\/fr\/isaac-del-toro-nouvelle-elite-sport-mexicain\/#article","isPartOf":{"@id":"https:\/\/www.isaac-del-toro.mx\/fr\/isaac-del-toro-nouvelle-elite-sport-mexicain\/"},"author":{"name":"Frank","@id":"https:\/\/www.isaac-del-toro.mx\/fr\/#\/schema\/person\/dcd12bccf645d7a2112bdb90aa7ff9f2"},"headline":"Isaac del Toro et la nouvelle g\u00e9n\u00e9ration d\u2019athl\u00e8tes mexicains de classe mondiale","datePublished":"2026-01-06T12:14:05+00:00","dateModified":"2026-01-06T12:14:32+00:00","mainEntityOfPage":{"@id":"https:\/\/www.isaac-del-toro.mx\/fr\/isaac-del-toro-nouvelle-elite-sport-mexicain\/"},"wordCount":745,"commentCount":0,"publisher":{"@id":"https:\/\/www.isaac-del-toro.mx\/fr\/#\/schema\/person\/7cbbcf16bd93d1b98eeb4ab7a1fbd7ba"},"image":{"@id":"https:\/\/www.isaac-del-toro.mx\/fr\/isaac-del-toro-nouvelle-elite-sport-mexicain\/#primaryimage"},"thumbnailUrl":"https:\/\/www.isaac-del-toro.mx\/wp-content\/uploads\/2026\/01\/isaac-del-toro-panorama-deportivo-mexico-scaled.webp","articleSection":["Panorama sportif"],"inLanguage":"fr-FR","potentialAction":[{"@type":"CommentAction","name":"Comment","target":["https:\/\/www.isaac-del-toro.mx\/fr\/isaac-del-toro-nouvelle-elite-sport-mexicain\/#respond"]}]},{"@type":"WebPage","@id":"https:\/\/www.isaac-del-toro.mx\/fr\/isaac-del-toro-nouvelle-elite-sport-mexicain\/","url":"https:\/\/www.isaac-del-toro.mx\/fr\/isaac-del-toro-nouvelle-elite-sport-mexicain\/","name":"Isaac del Toro et la nouvelle \u00e9lite du sport mexicain","isPartOf":{"@id":"https:\/\/www.isaac-del-toro.mx\/fr\/#website"},"primaryImageOfPage":{"@id":"https:\/\/www.isaac-del-toro.mx\/fr\/isaac-del-toro-nouvelle-elite-sport-mexicain\/#primaryimage"},"image":{"@id":"https:\/\/www.isaac-del-toro.mx\/fr\/isaac-del-toro-nouvelle-elite-sport-mexicain\/#primaryimage"},"thumbnailUrl":"https:\/\/www.isaac-del-toro.mx\/wp-content\/uploads\/2026\/01\/isaac-del-toro-panorama-deportivo-mexico-scaled.webp","datePublished":"2026-01-06T12:14:05+00:00","dateModified":"2026-01-06T12:14:32+00:00","description":"D\u2019Isaac del Toro \u00e0 Osmar Olvera, une nouvelle g\u00e9n\u00e9ration d\u2019athl\u00e8tes mexicains s\u2019impose au plus haut niveau mondial.","breadcrumb":{"@id":"https:\/\/www.isaac-del-toro.mx\/fr\/isaac-del-toro-nouvelle-elite-sport-mexicain\/#breadcrumb"},"inLanguage":"fr-FR","potentialAction":[{"@type":"ReadAction","target":["https:\/\/www.isaac-del-toro.mx\/fr\/isaac-del-toro-nouvelle-elite-sport-mexicain\/"]}]},{"@type":"ImageObject","inLanguage":"fr-FR","@id":"https:\/\/www.isaac-del-toro.mx\/fr\/isaac-del-toro-nouvelle-elite-sport-mexicain\/#primaryimage","url":"https:\/\/www.isaac-del-toro.mx\/wp-content\/uploads\/2026\/01\/isaac-del-toro-panorama-deportivo-mexico-scaled.webp","contentUrl":"https:\/\/www.isaac-del-toro.mx\/wp-content\/uploads\/2026\/01\/isaac-del-toro-panorama-deportivo-mexico-scaled.webp","width":2560,"height":1463},{"@type":"BreadcrumbList","@id":"https:\/\/www.isaac-del-toro.mx\/fr\/isaac-del-toro-nouvelle-elite-sport-mexicain\/#breadcrumb","itemListElement":[{"@type":"ListItem","position":1,"name":"Start","item":"https:\/\/www.isaac-del-toro.mx\/fr\/"},{"@type":"ListItem","position":2,"name":"Isaac del Toro et la nouvelle g\u00e9n\u00e9ration d\u2019athl\u00e8tes mexicains de classe mondiale"}]},{"@type":"WebSite","@id":"https:\/\/www.isaac-del-toro.mx\/fr\/#website","url":"https:\/\/www.isaac-del-toro.mx\/fr\/","name":"Isaac del Toro Romero","description":"","publisher":{"@id":"https:\/\/www.isaac-del-toro.mx\/fr\/#\/schema\/person\/7cbbcf16bd93d1b98eeb4ab7a1fbd7ba"},"potentialAction":[{"@type":"SearchAction","target":{"@type":"EntryPoint","urlTemplate":"https:\/\/www.isaac-del-toro.mx\/fr\/?s={search_term_string}"},"query-input":{"@type":"PropertyValueSpecification","valueRequired":true,"valueName":"search_term_string"}}],"inLanguage":"fr-FR"},{"@type":["Person","Organization"],"@id":"https:\/\/www.isaac-del-toro.mx\/fr\/#\/schema\/person\/7cbbcf16bd93d1b98eeb4ab7a1fbd7ba","name":"Isaac del Toro Romero","logo":{"@id":"https:\/\/www.isaac-del-toro.mx\/fr\/#\/schema\/person\/image\/"}},{"@type":"Person","@id":"https:\/\/www.isaac-del-toro.mx\/fr\/#\/schema\/person\/dcd12bccf645d7a2112bdb90aa7ff9f2","name":"Frank","sameAs":["https:\/\/www.isaac-del-toro.mx"],"url":"https:\/\/www.isaac-del-toro.mx\/fr\/author\/frank-kuglerwebarbeit-net\/"}]}},"_links":{"self":[{"href":"https:\/\/www.isaac-del-toro.mx\/fr\/wp-json\/wp\/v2\/posts\/272","targetHints":{"allow":["GET"]}}],"collection":[{"href":"https:\/\/www.isaac-del-toro.mx\/fr\/wp-json\/wp\/v2\/posts"}],"about":[{"href":"https:\/\/www.isaac-del-toro.mx\/fr\/wp-json\/wp\/v2\/types\/post"}],"author":[{"embeddable":true,"href":"https:\/\/www.isaac-del-toro.mx\/fr\/wp-json\/wp\/v2\/users\/1"}],"replies":[{"embeddable":true,"href":"https:\/\/www.isaac-del-toro.mx\/fr\/wp-json\/wp\/v2\/comments?post=272"}],"version-history":[{"count":1,"href":"https:\/\/www.isaac-del-toro.mx\/fr\/wp-json\/wp\/v2\/posts\/272\/revisions"}],"predecessor-version":[{"id":273,"href":"https:\/\/www.isaac-del-toro.mx\/fr\/wp-json\/wp\/v2\/posts\/272\/revisions\/273"}],"wp:featuredmedia":[{"embeddable":true,"href":"https:\/\/www.isaac-del-toro.mx\/fr\/wp-json\/wp\/v2\/media\/271"}],"wp:attachment":[{"href":"https:\/\/www.isaac-del-toro.mx\/fr\/wp-json\/wp\/v2\/media?parent=272"}],"wp:term":[{"taxonomy":"category","embeddable":true,"href":"https:\/\/www.isaac-del-toro.mx\/fr\/wp-json\/wp\/v2\/categories?post=272"},{"taxonomy":"post_tag","embeddable":true,"href":"https:\/\/www.isaac-del-toro.mx\/fr\/wp-json\/wp\/v2\/tags?post=272"}],"curies":[{"name":"wp","href":"https:\/\/api.w.org\/{rel}","templated":true}]}}