{"id":489,"date":"2026-02-03T07:04:32","date_gmt":"2026-02-03T13:04:32","guid":{"rendered":"https:\/\/www.isaac-del-toro.mx\/isaac-del-toro-uae-tour-2026-debut\/"},"modified":"2026-02-03T07:04:38","modified_gmt":"2026-02-03T13:04:38","slug":"isaac-del-toro-uae-tour-2026-debut","status":"publish","type":"post","link":"https:\/\/www.isaac-del-toro.mx\/fr\/isaac-del-toro-uae-tour-2026-debut\/","title":{"rendered":"Isaac del Toro \u00e0 l&rsquo;affiche du Tour des UAE 2026"},"content":{"rendered":"<p>Le cycliste mexicain Isaac del Toro s&rsquo;appr\u00eate \u00e0 faire ses d\u00e9buts au Tour des \u00c9mirats arabes unis (UAE Tour) qui se d\u00e9roulera du 16 au 22 f\u00e9vrier 2026. Cette \u00e9preuve prestigieuse verra la participation de coureurs d&rsquo;exception tels que Jonas Vingegaard et Remco Evenepoel, promettant une comp\u00e9tition de haut niveau.<\/p>\n\n<h2>Une course exigeante en sept \u00e9tapes<\/h2>\n<p>Le Tour des UAE 2026 se pr\u00e9sente comme un d\u00e9fi majeur avec ses sept \u00e9tapes soigneusement \u00e9labor\u00e9es. Le parcours comprend notamment un contre-la-montre de 12,2 kilom\u00e8tres et deux arriv\u00e9es en altitude, offrant un terrain propice aux grimpeurs et aux sp\u00e9cialistes de l&rsquo;effort solitaire.<\/p>\n\n<h2>Del Toro, deuxi\u00e8me carte de l&rsquo;\u00e9quipe UAE Team Emirates<\/h2>\n<p>En l&rsquo;absence remarqu\u00e9e de Tadej Pogacar, Isaac del Toro occupera le r\u00f4le de deuxi\u00e8me option au sein de l&rsquo;\u00e9quipe UAE Team Emirates. Il partagera le leadership avec l&rsquo;Australien Jay Vine, formant un duo prometteur pour l&rsquo;\u00e9quipe h\u00f4te de cette comp\u00e9tition.<\/p>\n\n<p>La pr\u00e9sence de del Toro aux c\u00f4t\u00e9s de coureurs chevronn\u00e9s comme Vingegaard et Evenepoel marquera un moment important dans sa carri\u00e8re, m\u00eame si sa performance reste \u00e0 d\u00e9couvrir face \u00e0 une concurrence aussi relev\u00e9e.<\/p>","protected":false},"excerpt":{"rendered":"<p>Le cycliste mexicain Isaac del Toro s&rsquo;appr\u00eate \u00e0 faire ses d\u00e9buts au Tour des \u00c9mirats arabes unis (UAE Tour) qui [&hellip;]<\/p>\n","protected":false},"author":1,"featured_media":495,"comment_status":"open","ping_status":"open","sticky":false,"template":"","format":"standard","meta":{"footnotes":""},"categories":[49,29],"tags":[],"class_list":["post-489","post","type-post","status-publish","format-standard","has-post-thumbnail","hentry","category-actualites","category-nachrichten"],"yoast_head":"<!-- This site is optimized with the Yoast SEO plugin v27.1.1 - https:\/\/yoast.com\/product\/yoast-seo-wordpress\/ -->\n<title>Isaac del Toro fera ses d\u00e9buts au Tour des UAE 2026<\/title>\n<meta name=\"description\" content=\"Le cycliste mexicain Isaac del Toro participera au Tour des UAE 2026 aux c\u00f4t\u00e9s de Jay Vine, faisant face \u00e0 des concurrents de renom comme Jonas Vingegaard et Remco Evenepoel.\" \/>\n<meta name=\"robots\" content=\"index, follow, max-snippet:-1, max-image-preview:large, max-video-preview:-1\" \/>\n<link rel=\"canonical\" href=\"https:\/\/www.isaac-del-toro.mx\/fr\/isaac-del-toro-uae-tour-2026-debut\/\" \/>\n<meta property=\"og:locale\" content=\"fr_FR\" \/>\n<meta property=\"og:type\" content=\"article\" \/>\n<meta property=\"og:title\" content=\"Isaac del Toro fera ses d\u00e9buts au Tour des UAE 2026\" \/>\n<meta property=\"og:description\" content=\"Le cycliste mexicain Isaac del Toro participera au Tour des UAE 2026 aux c\u00f4t\u00e9s de Jay Vine, faisant face \u00e0 des concurrents de renom comme Jonas Vingegaard et Remco Evenepoel.\" \/>\n<meta property=\"og:url\" content=\"https:\/\/www.isaac-del-toro.mx\/fr\/isaac-del-toro-uae-tour-2026-debut\/\" \/>\n<meta property=\"og:site_name\" content=\"Isaac del Toro Romero\" \/>\n<meta property=\"article:published_time\" content=\"2026-02-03T13:04:32+00:00\" \/>\n<meta property=\"article:modified_time\" content=\"2026-02-03T13:04:38+00:00\" \/>\n<meta property=\"og:image\" content=\"https:\/\/www.isaac-del-toro.mx\/wp-content\/uploads\/2026\/02\/job-5-20260203132616.webp\" \/>\n\t<meta property=\"og:image:width\" content=\"1024\" \/>\n\t<meta property=\"og:image:height\" content=\"1024\" \/>\n\t<meta property=\"og:image:type\" content=\"image\/webp\" \/>\n<meta name=\"author\" content=\"Frank\" \/>\n<meta name=\"twitter:card\" content=\"summary_large_image\" \/>\n<meta name=\"twitter:label1\" content=\"\u00c9crit par\" \/>\n\t<meta name=\"twitter:data1\" content=\"Frank\" \/>\n\t<meta name=\"twitter:label2\" content=\"Dur\u00e9e de lecture estim\u00e9e\" \/>\n\t<meta name=\"twitter:data2\" content=\"1 minute\" \/>\n<script type=\"application\/ld+json\" class=\"yoast-schema-graph\">{\"@context\":\"https:\/\/schema.org\",\"@graph\":[{\"@type\":\"Article\",\"@id\":\"https:\/\/www.isaac-del-toro.mx\/fr\/isaac-del-toro-uae-tour-2026-debut\/#article\",\"isPartOf\":{\"@id\":\"https:\/\/www.isaac-del-toro.mx\/fr\/isaac-del-toro-uae-tour-2026-debut\/\"},\"author\":{\"name\":\"Frank\",\"@id\":\"https:\/\/www.isaac-del-toro.mx\/fr\/#\/schema\/person\/dcd12bccf645d7a2112bdb90aa7ff9f2\"},\"headline\":\"Isaac del Toro \u00e0 l&rsquo;affiche du Tour des UAE 2026\",\"datePublished\":\"2026-02-03T13:04:32+00:00\",\"dateModified\":\"2026-02-03T13:04:38+00:00\",\"mainEntityOfPage\":{\"@id\":\"https:\/\/www.isaac-del-toro.mx\/fr\/isaac-del-toro-uae-tour-2026-debut\/\"},\"wordCount\":216,\"commentCount\":0,\"publisher\":{\"@id\":\"https:\/\/www.isaac-del-toro.mx\/fr\/#\/schema\/person\/7cbbcf16bd93d1b98eeb4ab7a1fbd7ba\"},\"image\":{\"@id\":\"https:\/\/www.isaac-del-toro.mx\/fr\/isaac-del-toro-uae-tour-2026-debut\/#primaryimage\"},\"thumbnailUrl\":\"https:\/\/www.isaac-del-toro.mx\/wp-content\/uploads\/2026\/02\/isaac-del-toro-uae-tour-2026-scaled.webp\",\"articleSection\":[\"Actualit\u00e9s\",\"Nachrichten\"],\"inLanguage\":\"fr-FR\",\"potentialAction\":[{\"@type\":\"CommentAction\",\"name\":\"Comment\",\"target\":[\"https:\/\/www.isaac-del-toro.mx\/fr\/isaac-del-toro-uae-tour-2026-debut\/#respond\"]}]},{\"@type\":\"WebPage\",\"@id\":\"https:\/\/www.isaac-del-toro.mx\/fr\/isaac-del-toro-uae-tour-2026-debut\/\",\"url\":\"https:\/\/www.isaac-del-toro.mx\/fr\/isaac-del-toro-uae-tour-2026-debut\/\",\"name\":\"Isaac del Toro fera ses d\u00e9buts au Tour des UAE 2026\",\"isPartOf\":{\"@id\":\"https:\/\/www.isaac-del-toro.mx\/fr\/#website\"},\"primaryImageOfPage\":{\"@id\":\"https:\/\/www.isaac-del-toro.mx\/fr\/isaac-del-toro-uae-tour-2026-debut\/#primaryimage\"},\"image\":{\"@id\":\"https:\/\/www.isaac-del-toro.mx\/fr\/isaac-del-toro-uae-tour-2026-debut\/#primaryimage\"},\"thumbnailUrl\":\"https:\/\/www.isaac-del-toro.mx\/wp-content\/uploads\/2026\/02\/isaac-del-toro-uae-tour-2026-scaled.webp\",\"datePublished\":\"2026-02-03T13:04:32+00:00\",\"dateModified\":\"2026-02-03T13:04:38+00:00\",\"description\":\"Le cycliste mexicain Isaac del Toro participera au Tour des UAE 2026 aux c\u00f4t\u00e9s de Jay Vine, faisant face \u00e0 des concurrents de renom comme Jonas Vingegaard et Remco Evenepoel.\",\"breadcrumb\":{\"@id\":\"https:\/\/www.isaac-del-toro.mx\/fr\/isaac-del-toro-uae-tour-2026-debut\/#breadcrumb\"},\"inLanguage\":\"fr-FR\",\"potentialAction\":[{\"@type\":\"ReadAction\",\"target\":[\"https:\/\/www.isaac-del-toro.mx\/fr\/isaac-del-toro-uae-tour-2026-debut\/\"]}]},{\"@type\":\"ImageObject\",\"inLanguage\":\"fr-FR\",\"@id\":\"https:\/\/www.isaac-del-toro.mx\/fr\/isaac-del-toro-uae-tour-2026-debut\/#primaryimage\",\"url\":\"https:\/\/www.isaac-del-toro.mx\/wp-content\/uploads\/2026\/02\/isaac-del-toro-uae-tour-2026-scaled.webp\",\"contentUrl\":\"https:\/\/www.isaac-del-toro.mx\/wp-content\/uploads\/2026\/02\/isaac-del-toro-uae-tour-2026-scaled.webp\",\"width\":2560,\"height\":1463,\"caption\":\"Un joven ciclista, representando a Isaac del Toro, pedalea solo en una carretera des\u00e9rtica al atardecer, con un paisaje de dunas y un cielo c\u00e1lido al fondo.\"},{\"@type\":\"BreadcrumbList\",\"@id\":\"https:\/\/www.isaac-del-toro.mx\/fr\/isaac-del-toro-uae-tour-2026-debut\/#breadcrumb\",\"itemListElement\":[{\"@type\":\"ListItem\",\"position\":1,\"name\":\"Start\",\"item\":\"https:\/\/www.isaac-del-toro.mx\/fr\/\"},{\"@type\":\"ListItem\",\"position\":2,\"name\":\"Isaac del Toro \u00e0 l&#8217;affiche du Tour des UAE 2026\"}]},{\"@type\":\"WebSite\",\"@id\":\"https:\/\/www.isaac-del-toro.mx\/fr\/#website\",\"url\":\"https:\/\/www.isaac-del-toro.mx\/fr\/\",\"name\":\"Isaac del Toro Romero\",\"description\":\"\",\"publisher\":{\"@id\":\"https:\/\/www.isaac-del-toro.mx\/fr\/#\/schema\/person\/7cbbcf16bd93d1b98eeb4ab7a1fbd7ba\"},\"potentialAction\":[{\"@type\":\"SearchAction\",\"target\":{\"@type\":\"EntryPoint\",\"urlTemplate\":\"https:\/\/www.isaac-del-toro.mx\/fr\/?s={search_term_string}\"},\"query-input\":{\"@type\":\"PropertyValueSpecification\",\"valueRequired\":true,\"valueName\":\"search_term_string\"}}],\"inLanguage\":\"fr-FR\"},{\"@type\":[\"Person\",\"Organization\"],\"@id\":\"https:\/\/www.isaac-del-toro.mx\/fr\/#\/schema\/person\/7cbbcf16bd93d1b98eeb4ab7a1fbd7ba\",\"name\":\"Isaac del Toro Romero\",\"logo\":{\"@id\":\"https:\/\/www.isaac-del-toro.mx\/fr\/#\/schema\/person\/image\/\"}},{\"@type\":\"Person\",\"@id\":\"https:\/\/www.isaac-del-toro.mx\/fr\/#\/schema\/person\/dcd12bccf645d7a2112bdb90aa7ff9f2\",\"name\":\"Frank\",\"sameAs\":[\"https:\/\/www.isaac-del-toro.mx\"],\"url\":\"https:\/\/www.isaac-del-toro.mx\/fr\/author\/frank-kuglerwebarbeit-net\/\"}]}<\/script>\n<!-- \/ Yoast SEO plugin. -->","yoast_head_json":{"title":"Isaac del Toro fera ses d\u00e9buts au Tour des UAE 2026","description":"Le cycliste mexicain Isaac del Toro participera au Tour des UAE 2026 aux c\u00f4t\u00e9s de Jay Vine, faisant face \u00e0 des concurrents de renom comme Jonas Vingegaard et Remco Evenepoel.","robots":{"index":"index","follow":"follow","max-snippet":"max-snippet:-1","max-image-preview":"max-image-preview:large","max-video-preview":"max-video-preview:-1"},"canonical":"https:\/\/www.isaac-del-toro.mx\/fr\/isaac-del-toro-uae-tour-2026-debut\/","og_locale":"fr_FR","og_type":"article","og_title":"Isaac del Toro fera ses d\u00e9buts au Tour des UAE 2026","og_description":"Le cycliste mexicain Isaac del Toro participera au Tour des UAE 2026 aux c\u00f4t\u00e9s de Jay Vine, faisant face \u00e0 des concurrents de renom comme Jonas Vingegaard et Remco Evenepoel.","og_url":"https:\/\/www.isaac-del-toro.mx\/fr\/isaac-del-toro-uae-tour-2026-debut\/","og_site_name":"Isaac del Toro Romero","article_published_time":"2026-02-03T13:04:32+00:00","article_modified_time":"2026-02-03T13:04:38+00:00","og_image":[{"width":1024,"height":1024,"url":"https:\/\/www.isaac-del-toro.mx\/wp-content\/uploads\/2026\/02\/job-5-20260203132616.webp","type":"image\/webp"}],"author":"Frank","twitter_card":"summary_large_image","twitter_misc":{"\u00c9crit par":"Frank","Dur\u00e9e de lecture estim\u00e9e":"1 minute"},"schema":{"@context":"https:\/\/schema.org","@graph":[{"@type":"Article","@id":"https:\/\/www.isaac-del-toro.mx\/fr\/isaac-del-toro-uae-tour-2026-debut\/#article","isPartOf":{"@id":"https:\/\/www.isaac-del-toro.mx\/fr\/isaac-del-toro-uae-tour-2026-debut\/"},"author":{"name":"Frank","@id":"https:\/\/www.isaac-del-toro.mx\/fr\/#\/schema\/person\/dcd12bccf645d7a2112bdb90aa7ff9f2"},"headline":"Isaac del Toro \u00e0 l&rsquo;affiche du Tour des UAE 2026","datePublished":"2026-02-03T13:04:32+00:00","dateModified":"2026-02-03T13:04:38+00:00","mainEntityOfPage":{"@id":"https:\/\/www.isaac-del-toro.mx\/fr\/isaac-del-toro-uae-tour-2026-debut\/"},"wordCount":216,"commentCount":0,"publisher":{"@id":"https:\/\/www.isaac-del-toro.mx\/fr\/#\/schema\/person\/7cbbcf16bd93d1b98eeb4ab7a1fbd7ba"},"image":{"@id":"https:\/\/www.isaac-del-toro.mx\/fr\/isaac-del-toro-uae-tour-2026-debut\/#primaryimage"},"thumbnailUrl":"https:\/\/www.isaac-del-toro.mx\/wp-content\/uploads\/2026\/02\/isaac-del-toro-uae-tour-2026-scaled.webp","articleSection":["Actualit\u00e9s","Nachrichten"],"inLanguage":"fr-FR","potentialAction":[{"@type":"CommentAction","name":"Comment","target":["https:\/\/www.isaac-del-toro.mx\/fr\/isaac-del-toro-uae-tour-2026-debut\/#respond"]}]},{"@type":"WebPage","@id":"https:\/\/www.isaac-del-toro.mx\/fr\/isaac-del-toro-uae-tour-2026-debut\/","url":"https:\/\/www.isaac-del-toro.mx\/fr\/isaac-del-toro-uae-tour-2026-debut\/","name":"Isaac del Toro fera ses d\u00e9buts au Tour des UAE 2026","isPartOf":{"@id":"https:\/\/www.isaac-del-toro.mx\/fr\/#website"},"primaryImageOfPage":{"@id":"https:\/\/www.isaac-del-toro.mx\/fr\/isaac-del-toro-uae-tour-2026-debut\/#primaryimage"},"image":{"@id":"https:\/\/www.isaac-del-toro.mx\/fr\/isaac-del-toro-uae-tour-2026-debut\/#primaryimage"},"thumbnailUrl":"https:\/\/www.isaac-del-toro.mx\/wp-content\/uploads\/2026\/02\/isaac-del-toro-uae-tour-2026-scaled.webp","datePublished":"2026-02-03T13:04:32+00:00","dateModified":"2026-02-03T13:04:38+00:00","description":"Le cycliste mexicain Isaac del Toro participera au Tour des UAE 2026 aux c\u00f4t\u00e9s de Jay Vine, faisant face \u00e0 des concurrents de renom comme Jonas Vingegaard et Remco Evenepoel.","breadcrumb":{"@id":"https:\/\/www.isaac-del-toro.mx\/fr\/isaac-del-toro-uae-tour-2026-debut\/#breadcrumb"},"inLanguage":"fr-FR","potentialAction":[{"@type":"ReadAction","target":["https:\/\/www.isaac-del-toro.mx\/fr\/isaac-del-toro-uae-tour-2026-debut\/"]}]},{"@type":"ImageObject","inLanguage":"fr-FR","@id":"https:\/\/www.isaac-del-toro.mx\/fr\/isaac-del-toro-uae-tour-2026-debut\/#primaryimage","url":"https:\/\/www.isaac-del-toro.mx\/wp-content\/uploads\/2026\/02\/isaac-del-toro-uae-tour-2026-scaled.webp","contentUrl":"https:\/\/www.isaac-del-toro.mx\/wp-content\/uploads\/2026\/02\/isaac-del-toro-uae-tour-2026-scaled.webp","width":2560,"height":1463,"caption":"Un joven ciclista, representando a Isaac del Toro, pedalea solo en una carretera des\u00e9rtica al atardecer, con un paisaje de dunas y un cielo c\u00e1lido al fondo."},{"@type":"BreadcrumbList","@id":"https:\/\/www.isaac-del-toro.mx\/fr\/isaac-del-toro-uae-tour-2026-debut\/#breadcrumb","itemListElement":[{"@type":"ListItem","position":1,"name":"Start","item":"https:\/\/www.isaac-del-toro.mx\/fr\/"},{"@type":"ListItem","position":2,"name":"Isaac del Toro \u00e0 l&#8217;affiche du Tour des UAE 2026"}]},{"@type":"WebSite","@id":"https:\/\/www.isaac-del-toro.mx\/fr\/#website","url":"https:\/\/www.isaac-del-toro.mx\/fr\/","name":"Isaac del Toro Romero","description":"","publisher":{"@id":"https:\/\/www.isaac-del-toro.mx\/fr\/#\/schema\/person\/7cbbcf16bd93d1b98eeb4ab7a1fbd7ba"},"potentialAction":[{"@type":"SearchAction","target":{"@type":"EntryPoint","urlTemplate":"https:\/\/www.isaac-del-toro.mx\/fr\/?s={search_term_string}"},"query-input":{"@type":"PropertyValueSpecification","valueRequired":true,"valueName":"search_term_string"}}],"inLanguage":"fr-FR"},{"@type":["Person","Organization"],"@id":"https:\/\/www.isaac-del-toro.mx\/fr\/#\/schema\/person\/7cbbcf16bd93d1b98eeb4ab7a1fbd7ba","name":"Isaac del Toro Romero","logo":{"@id":"https:\/\/www.isaac-del-toro.mx\/fr\/#\/schema\/person\/image\/"}},{"@type":"Person","@id":"https:\/\/www.isaac-del-toro.mx\/fr\/#\/schema\/person\/dcd12bccf645d7a2112bdb90aa7ff9f2","name":"Frank","sameAs":["https:\/\/www.isaac-del-toro.mx"],"url":"https:\/\/www.isaac-del-toro.mx\/fr\/author\/frank-kuglerwebarbeit-net\/"}]}},"_links":{"self":[{"href":"https:\/\/www.isaac-del-toro.mx\/fr\/wp-json\/wp\/v2\/posts\/489","targetHints":{"allow":["GET"]}}],"collection":[{"href":"https:\/\/www.isaac-del-toro.mx\/fr\/wp-json\/wp\/v2\/posts"}],"about":[{"href":"https:\/\/www.isaac-del-toro.mx\/fr\/wp-json\/wp\/v2\/types\/post"}],"author":[{"embeddable":true,"href":"https:\/\/www.isaac-del-toro.mx\/fr\/wp-json\/wp\/v2\/users\/1"}],"replies":[{"embeddable":true,"href":"https:\/\/www.isaac-del-toro.mx\/fr\/wp-json\/wp\/v2\/comments?post=489"}],"version-history":[{"count":0,"href":"https:\/\/www.isaac-del-toro.mx\/fr\/wp-json\/wp\/v2\/posts\/489\/revisions"}],"wp:featuredmedia":[{"embeddable":true,"href":"https:\/\/www.isaac-del-toro.mx\/fr\/wp-json\/wp\/v2\/media\/495"}],"wp:attachment":[{"href":"https:\/\/www.isaac-del-toro.mx\/fr\/wp-json\/wp\/v2\/media?parent=489"}],"wp:term":[{"taxonomy":"category","embeddable":true,"href":"https:\/\/www.isaac-del-toro.mx\/fr\/wp-json\/wp\/v2\/categories?post=489"},{"taxonomy":"post_tag","embeddable":true,"href":"https:\/\/www.isaac-del-toro.mx\/fr\/wp-json\/wp\/v2\/tags?post=489"}],"curies":[{"name":"wp","href":"https:\/\/api.w.org\/{rel}","templated":true}]}}