{"id":501,"date":"2026-02-16T06:05:11","date_gmt":"2026-02-16T12:05:11","guid":{"rendered":"https:\/\/www.isaac-del-toro.mx\/isaac-del-toro-leads-uae-tour-2026-first-stage\/"},"modified":"2026-02-16T06:05:15","modified_gmt":"2026-02-16T12:05:15","slug":"isaac-del-toro-leads-uae-tour-2026-first-stage","status":"publish","type":"post","link":"https:\/\/www.isaac-del-toro.mx\/fr\/isaac-del-toro-leads-uae-tour-2026-first-stage\/","title":{"rendered":"Isaac del Toro Prend la T\u00eate du Tour des UAE 2026 D\u00e8s la Premi\u00e8re \u00c9tape"},"content":{"rendered":"<p>Isaac del Toro a fait forte impression d\u00e8s l&rsquo;ouverture du Tour des UAE 2026, s&#8217;emparant du maillot de leader apr\u00e8s une performance remarquable lors de la premi\u00e8re \u00e9tape. Le coureur a pris les devants gr\u00e2ce \u00e0 une attaque pr\u00e9coce qui s&rsquo;est av\u00e9r\u00e9e d\u00e9cisive, lui permettant de devancer ses rivaux et d&rsquo;\u00e9tablir une avance significative au classement g\u00e9n\u00e9ral.<\/p>\n\n<h2>Une Premi\u00e8re \u00c9tape Marqu\u00e9e par les Conditions M\u00e9t\u00e9orologiques<\/h2>\n\n<p>Les organisateurs ont d\u00fb adapter le parcours de cette \u00e9tape inaugurale en raison de vents violents, r\u00e9duisant la distance \u00e0 118 kilom\u00e8tres. Malgr\u00e9 ces conditions difficiles, un peloton de 139 coureurs s&rsquo;est \u00e9lanc\u00e9 pour cette premi\u00e8re journ\u00e9e de course, avec un seul forfait \u00e0 d\u00e9plorer.<\/p>\n\n<h2>Une Victoire Construite avec Autorit\u00e9<\/h2>\n\n<p>Del Toro a d\u00e9montr\u00e9 son talent tactique en lan\u00e7ant une offensive audacieuse qui lui a permis de creuser l&rsquo;\u00e9cart avec ses poursuivants. \u00c0 l&rsquo;arriv\u00e9e, il a r\u00e9ussi \u00e0 conserver une avance pr\u00e9cieuse de quatre secondes sur Cees Bol, qui prend la deuxi\u00e8me place, tandis qu&rsquo;Antonio Tiberi compl\u00e8te le podium.<\/p>\n\n<p>Cette victoire d&rsquo;\u00e9tape permet \u00e0 del Toro de s&rsquo;installer en t\u00eate du classement g\u00e9n\u00e9ral avec quatre secondes d&rsquo;avance sur son plus proche poursuivant, Cees Bol. Cette performance initiale place le coureur dans une position id\u00e9ale pour la suite de l&rsquo;\u00e9preuve, alors que la caravane du Tour des UAE 2026 poursuit son chemin.<\/p>","protected":false},"excerpt":{"rendered":"<p>Isaac del Toro a fait forte impression d\u00e8s l&rsquo;ouverture du Tour des UAE 2026, s&#8217;emparant du maillot de leader apr\u00e8s [&hellip;]<\/p>\n","protected":false},"author":1,"featured_media":0,"comment_status":"open","ping_status":"open","sticky":false,"template":"","format":"standard","meta":{"footnotes":""},"categories":[49,29],"tags":[],"class_list":["post-501","post","type-post","status-publish","format-standard","hentry","category-actualites","category-nachrichten"],"yoast_head":"<!-- This site is optimized with the Yoast SEO plugin v27.1.1 - https:\/\/yoast.com\/product\/yoast-seo-wordpress\/ -->\n<title>UAE Tour 2026 : Isaac del Toro Remporte la Premi\u00e8re \u00c9tape et le Maillot de Leader<\/title>\n<meta name=\"description\" content=\"Isaac del Toro s&#039;empare de la t\u00eate du classement g\u00e9n\u00e9ral du Tour des UAE 2026 apr\u00e8s une attaque d\u00e9cisive lors de la premi\u00e8re \u00e9tape raccourcie \u00e0 118 kilom\u00e8tres.\" \/>\n<meta name=\"robots\" content=\"index, follow, max-snippet:-1, max-image-preview:large, max-video-preview:-1\" \/>\n<link rel=\"canonical\" href=\"https:\/\/www.isaac-del-toro.mx\/fr\/isaac-del-toro-leads-uae-tour-2026-first-stage\/\" \/>\n<meta property=\"og:locale\" content=\"fr_FR\" \/>\n<meta property=\"og:type\" content=\"article\" \/>\n<meta property=\"og:title\" content=\"UAE Tour 2026 : Isaac del Toro Remporte la Premi\u00e8re \u00c9tape et le Maillot de Leader\" \/>\n<meta property=\"og:description\" content=\"Isaac del Toro s&#039;empare de la t\u00eate du classement g\u00e9n\u00e9ral du Tour des UAE 2026 apr\u00e8s une attaque d\u00e9cisive lors de la premi\u00e8re \u00e9tape raccourcie \u00e0 118 kilom\u00e8tres.\" \/>\n<meta property=\"og:url\" content=\"https:\/\/www.isaac-del-toro.mx\/fr\/isaac-del-toro-leads-uae-tour-2026-first-stage\/\" \/>\n<meta property=\"og:site_name\" content=\"Isaac del Toro Romero\" \/>\n<meta property=\"article:published_time\" content=\"2026-02-16T12:05:11+00:00\" \/>\n<meta property=\"article:modified_time\" content=\"2026-02-16T12:05:15+00:00\" \/>\n<meta name=\"author\" content=\"Frank\" \/>\n<meta name=\"twitter:card\" content=\"summary_large_image\" \/>\n<meta name=\"twitter:label1\" content=\"\u00c9crit par\" \/>\n\t<meta name=\"twitter:data1\" content=\"Frank\" \/>\n\t<meta name=\"twitter:label2\" content=\"Dur\u00e9e de lecture estim\u00e9e\" \/>\n\t<meta name=\"twitter:data2\" content=\"1 minute\" \/>\n<script type=\"application\/ld+json\" class=\"yoast-schema-graph\">{\"@context\":\"https:\/\/schema.org\",\"@graph\":[{\"@type\":\"Article\",\"@id\":\"https:\/\/www.isaac-del-toro.mx\/fr\/isaac-del-toro-leads-uae-tour-2026-first-stage\/#article\",\"isPartOf\":{\"@id\":\"https:\/\/www.isaac-del-toro.mx\/fr\/isaac-del-toro-leads-uae-tour-2026-first-stage\/\"},\"author\":{\"name\":\"Frank\",\"@id\":\"https:\/\/www.isaac-del-toro.mx\/fr\/#\/schema\/person\/dcd12bccf645d7a2112bdb90aa7ff9f2\"},\"headline\":\"Isaac del Toro Prend la T\u00eate du Tour des UAE 2026 D\u00e8s la Premi\u00e8re \u00c9tape\",\"datePublished\":\"2026-02-16T12:05:11+00:00\",\"dateModified\":\"2026-02-16T12:05:15+00:00\",\"mainEntityOfPage\":{\"@id\":\"https:\/\/www.isaac-del-toro.mx\/fr\/isaac-del-toro-leads-uae-tour-2026-first-stage\/\"},\"wordCount\":265,\"commentCount\":0,\"publisher\":{\"@id\":\"https:\/\/www.isaac-del-toro.mx\/fr\/#\/schema\/person\/7cbbcf16bd93d1b98eeb4ab7a1fbd7ba\"},\"articleSection\":[\"Actualit\u00e9s\",\"Nachrichten\"],\"inLanguage\":\"fr-FR\",\"potentialAction\":[{\"@type\":\"CommentAction\",\"name\":\"Comment\",\"target\":[\"https:\/\/www.isaac-del-toro.mx\/fr\/isaac-del-toro-leads-uae-tour-2026-first-stage\/#respond\"]}]},{\"@type\":\"WebPage\",\"@id\":\"https:\/\/www.isaac-del-toro.mx\/fr\/isaac-del-toro-leads-uae-tour-2026-first-stage\/\",\"url\":\"https:\/\/www.isaac-del-toro.mx\/fr\/isaac-del-toro-leads-uae-tour-2026-first-stage\/\",\"name\":\"UAE Tour 2026 : Isaac del Toro Remporte la Premi\u00e8re \u00c9tape et le Maillot de Leader\",\"isPartOf\":{\"@id\":\"https:\/\/www.isaac-del-toro.mx\/fr\/#website\"},\"datePublished\":\"2026-02-16T12:05:11+00:00\",\"dateModified\":\"2026-02-16T12:05:15+00:00\",\"description\":\"Isaac del Toro s'empare de la t\u00eate du classement g\u00e9n\u00e9ral du Tour des UAE 2026 apr\u00e8s une attaque d\u00e9cisive lors de la premi\u00e8re \u00e9tape raccourcie \u00e0 118 kilom\u00e8tres.\",\"breadcrumb\":{\"@id\":\"https:\/\/www.isaac-del-toro.mx\/fr\/isaac-del-toro-leads-uae-tour-2026-first-stage\/#breadcrumb\"},\"inLanguage\":\"fr-FR\",\"potentialAction\":[{\"@type\":\"ReadAction\",\"target\":[\"https:\/\/www.isaac-del-toro.mx\/fr\/isaac-del-toro-leads-uae-tour-2026-first-stage\/\"]}]},{\"@type\":\"BreadcrumbList\",\"@id\":\"https:\/\/www.isaac-del-toro.mx\/fr\/isaac-del-toro-leads-uae-tour-2026-first-stage\/#breadcrumb\",\"itemListElement\":[{\"@type\":\"ListItem\",\"position\":1,\"name\":\"Start\",\"item\":\"https:\/\/www.isaac-del-toro.mx\/fr\/\"},{\"@type\":\"ListItem\",\"position\":2,\"name\":\"Isaac del Toro Prend la T\u00eate du Tour des UAE 2026 D\u00e8s la Premi\u00e8re \u00c9tape\"}]},{\"@type\":\"WebSite\",\"@id\":\"https:\/\/www.isaac-del-toro.mx\/fr\/#website\",\"url\":\"https:\/\/www.isaac-del-toro.mx\/fr\/\",\"name\":\"Isaac del Toro Romero\",\"description\":\"\",\"publisher\":{\"@id\":\"https:\/\/www.isaac-del-toro.mx\/fr\/#\/schema\/person\/7cbbcf16bd93d1b98eeb4ab7a1fbd7ba\"},\"potentialAction\":[{\"@type\":\"SearchAction\",\"target\":{\"@type\":\"EntryPoint\",\"urlTemplate\":\"https:\/\/www.isaac-del-toro.mx\/fr\/?s={search_term_string}\"},\"query-input\":{\"@type\":\"PropertyValueSpecification\",\"valueRequired\":true,\"valueName\":\"search_term_string\"}}],\"inLanguage\":\"fr-FR\"},{\"@type\":[\"Person\",\"Organization\"],\"@id\":\"https:\/\/www.isaac-del-toro.mx\/fr\/#\/schema\/person\/7cbbcf16bd93d1b98eeb4ab7a1fbd7ba\",\"name\":\"Isaac del Toro Romero\",\"logo\":{\"@id\":\"https:\/\/www.isaac-del-toro.mx\/fr\/#\/schema\/person\/image\/\"}},{\"@type\":\"Person\",\"@id\":\"https:\/\/www.isaac-del-toro.mx\/fr\/#\/schema\/person\/dcd12bccf645d7a2112bdb90aa7ff9f2\",\"name\":\"Frank\",\"sameAs\":[\"https:\/\/www.isaac-del-toro.mx\"],\"url\":\"https:\/\/www.isaac-del-toro.mx\/fr\/author\/frank-kuglerwebarbeit-net\/\"}]}<\/script>\n<!-- \/ Yoast SEO plugin. -->","yoast_head_json":{"title":"UAE Tour 2026 : Isaac del Toro Remporte la Premi\u00e8re \u00c9tape et le Maillot de Leader","description":"Isaac del Toro s'empare de la t\u00eate du classement g\u00e9n\u00e9ral du Tour des UAE 2026 apr\u00e8s une attaque d\u00e9cisive lors de la premi\u00e8re \u00e9tape raccourcie \u00e0 118 kilom\u00e8tres.","robots":{"index":"index","follow":"follow","max-snippet":"max-snippet:-1","max-image-preview":"max-image-preview:large","max-video-preview":"max-video-preview:-1"},"canonical":"https:\/\/www.isaac-del-toro.mx\/fr\/isaac-del-toro-leads-uae-tour-2026-first-stage\/","og_locale":"fr_FR","og_type":"article","og_title":"UAE Tour 2026 : Isaac del Toro Remporte la Premi\u00e8re \u00c9tape et le Maillot de Leader","og_description":"Isaac del Toro s'empare de la t\u00eate du classement g\u00e9n\u00e9ral du Tour des UAE 2026 apr\u00e8s une attaque d\u00e9cisive lors de la premi\u00e8re \u00e9tape raccourcie \u00e0 118 kilom\u00e8tres.","og_url":"https:\/\/www.isaac-del-toro.mx\/fr\/isaac-del-toro-leads-uae-tour-2026-first-stage\/","og_site_name":"Isaac del Toro Romero","article_published_time":"2026-02-16T12:05:11+00:00","article_modified_time":"2026-02-16T12:05:15+00:00","author":"Frank","twitter_card":"summary_large_image","twitter_misc":{"\u00c9crit par":"Frank","Dur\u00e9e de lecture estim\u00e9e":"1 minute"},"schema":{"@context":"https:\/\/schema.org","@graph":[{"@type":"Article","@id":"https:\/\/www.isaac-del-toro.mx\/fr\/isaac-del-toro-leads-uae-tour-2026-first-stage\/#article","isPartOf":{"@id":"https:\/\/www.isaac-del-toro.mx\/fr\/isaac-del-toro-leads-uae-tour-2026-first-stage\/"},"author":{"name":"Frank","@id":"https:\/\/www.isaac-del-toro.mx\/fr\/#\/schema\/person\/dcd12bccf645d7a2112bdb90aa7ff9f2"},"headline":"Isaac del Toro Prend la T\u00eate du Tour des UAE 2026 D\u00e8s la Premi\u00e8re \u00c9tape","datePublished":"2026-02-16T12:05:11+00:00","dateModified":"2026-02-16T12:05:15+00:00","mainEntityOfPage":{"@id":"https:\/\/www.isaac-del-toro.mx\/fr\/isaac-del-toro-leads-uae-tour-2026-first-stage\/"},"wordCount":265,"commentCount":0,"publisher":{"@id":"https:\/\/www.isaac-del-toro.mx\/fr\/#\/schema\/person\/7cbbcf16bd93d1b98eeb4ab7a1fbd7ba"},"articleSection":["Actualit\u00e9s","Nachrichten"],"inLanguage":"fr-FR","potentialAction":[{"@type":"CommentAction","name":"Comment","target":["https:\/\/www.isaac-del-toro.mx\/fr\/isaac-del-toro-leads-uae-tour-2026-first-stage\/#respond"]}]},{"@type":"WebPage","@id":"https:\/\/www.isaac-del-toro.mx\/fr\/isaac-del-toro-leads-uae-tour-2026-first-stage\/","url":"https:\/\/www.isaac-del-toro.mx\/fr\/isaac-del-toro-leads-uae-tour-2026-first-stage\/","name":"UAE Tour 2026 : Isaac del Toro Remporte la Premi\u00e8re \u00c9tape et le Maillot de Leader","isPartOf":{"@id":"https:\/\/www.isaac-del-toro.mx\/fr\/#website"},"datePublished":"2026-02-16T12:05:11+00:00","dateModified":"2026-02-16T12:05:15+00:00","description":"Isaac del Toro s'empare de la t\u00eate du classement g\u00e9n\u00e9ral du Tour des UAE 2026 apr\u00e8s une attaque d\u00e9cisive lors de la premi\u00e8re \u00e9tape raccourcie \u00e0 118 kilom\u00e8tres.","breadcrumb":{"@id":"https:\/\/www.isaac-del-toro.mx\/fr\/isaac-del-toro-leads-uae-tour-2026-first-stage\/#breadcrumb"},"inLanguage":"fr-FR","potentialAction":[{"@type":"ReadAction","target":["https:\/\/www.isaac-del-toro.mx\/fr\/isaac-del-toro-leads-uae-tour-2026-first-stage\/"]}]},{"@type":"BreadcrumbList","@id":"https:\/\/www.isaac-del-toro.mx\/fr\/isaac-del-toro-leads-uae-tour-2026-first-stage\/#breadcrumb","itemListElement":[{"@type":"ListItem","position":1,"name":"Start","item":"https:\/\/www.isaac-del-toro.mx\/fr\/"},{"@type":"ListItem","position":2,"name":"Isaac del Toro Prend la T\u00eate du Tour des UAE 2026 D\u00e8s la Premi\u00e8re \u00c9tape"}]},{"@type":"WebSite","@id":"https:\/\/www.isaac-del-toro.mx\/fr\/#website","url":"https:\/\/www.isaac-del-toro.mx\/fr\/","name":"Isaac del Toro Romero","description":"","publisher":{"@id":"https:\/\/www.isaac-del-toro.mx\/fr\/#\/schema\/person\/7cbbcf16bd93d1b98eeb4ab7a1fbd7ba"},"potentialAction":[{"@type":"SearchAction","target":{"@type":"EntryPoint","urlTemplate":"https:\/\/www.isaac-del-toro.mx\/fr\/?s={search_term_string}"},"query-input":{"@type":"PropertyValueSpecification","valueRequired":true,"valueName":"search_term_string"}}],"inLanguage":"fr-FR"},{"@type":["Person","Organization"],"@id":"https:\/\/www.isaac-del-toro.mx\/fr\/#\/schema\/person\/7cbbcf16bd93d1b98eeb4ab7a1fbd7ba","name":"Isaac del Toro Romero","logo":{"@id":"https:\/\/www.isaac-del-toro.mx\/fr\/#\/schema\/person\/image\/"}},{"@type":"Person","@id":"https:\/\/www.isaac-del-toro.mx\/fr\/#\/schema\/person\/dcd12bccf645d7a2112bdb90aa7ff9f2","name":"Frank","sameAs":["https:\/\/www.isaac-del-toro.mx"],"url":"https:\/\/www.isaac-del-toro.mx\/fr\/author\/frank-kuglerwebarbeit-net\/"}]}},"_links":{"self":[{"href":"https:\/\/www.isaac-del-toro.mx\/fr\/wp-json\/wp\/v2\/posts\/501","targetHints":{"allow":["GET"]}}],"collection":[{"href":"https:\/\/www.isaac-del-toro.mx\/fr\/wp-json\/wp\/v2\/posts"}],"about":[{"href":"https:\/\/www.isaac-del-toro.mx\/fr\/wp-json\/wp\/v2\/types\/post"}],"author":[{"embeddable":true,"href":"https:\/\/www.isaac-del-toro.mx\/fr\/wp-json\/wp\/v2\/users\/1"}],"replies":[{"embeddable":true,"href":"https:\/\/www.isaac-del-toro.mx\/fr\/wp-json\/wp\/v2\/comments?post=501"}],"version-history":[{"count":0,"href":"https:\/\/www.isaac-del-toro.mx\/fr\/wp-json\/wp\/v2\/posts\/501\/revisions"}],"wp:attachment":[{"href":"https:\/\/www.isaac-del-toro.mx\/fr\/wp-json\/wp\/v2\/media?parent=501"}],"wp:term":[{"taxonomy":"category","embeddable":true,"href":"https:\/\/www.isaac-del-toro.mx\/fr\/wp-json\/wp\/v2\/categories?post=501"},{"taxonomy":"post_tag","embeddable":true,"href":"https:\/\/www.isaac-del-toro.mx\/fr\/wp-json\/wp\/v2\/tags?post=501"}],"curies":[{"name":"wp","href":"https:\/\/api.w.org\/{rel}","templated":true}]}}