{"id":508,"date":"2026-02-17T05:35:49","date_gmt":"2026-02-17T11:35:49","guid":{"rendered":"https:\/\/www.isaac-del-toro.mx\/remco-evenepoel-prend-tete-tour-uae-contre-la-montre\/"},"modified":"2026-02-17T05:35:53","modified_gmt":"2026-02-17T11:35:53","slug":"remco-evenepoel-prend-tete-tour-uae-contre-la-montre","status":"publish","type":"post","link":"https:\/\/www.isaac-del-toro.mx\/fr\/remco-evenepoel-prend-tete-tour-uae-contre-la-montre\/","title":{"rendered":"Remco Evenepoel Prend la T\u00eate du Tour des UAE Apr\u00e8s le Contre-la-montre"},"content":{"rendered":"<p>Le Tour des UAE 2026 a connu un bouleversement majeur lors de l&rsquo;\u00e9preuve chronom\u00e9tr\u00e9e, avec Remco Evenepoel qui s&rsquo;est impos\u00e9 sur le contre-la-montre de 12,2 kilom\u00e8tres. Cette performance remarquable lui a permis de s&#8217;emparer de la t\u00eate du classement g\u00e9n\u00e9ral, d\u00e9tr\u00f4nant Isaac del Toro.<\/p>\n\n<h2>Une Performance Magistrale d&rsquo;Evenepoel<\/h2>\n<p>Sur un parcours exigeant de 12,2 kilom\u00e8tres, Remco Evenepoel a d\u00e9montr\u00e9 sa sup\u00e9riorit\u00e9 en s&rsquo;imposant avec brio. Le Belge a devanc\u00e9 son plus proche poursuivant, Joshua Tarling, de six secondes, signant ainsi une victoire aussi nette que pr\u00e9cieuse pour le classement g\u00e9n\u00e9ral.<\/p>\n\n<h2>Del Toro C\u00e8de son Maillot de Leader<\/h2>\n<p>La journ\u00e9e s&rsquo;est av\u00e9r\u00e9e plus difficile pour Isaac del Toro, qui s&rsquo;\u00e9tait \u00e9lanc\u00e9 avec une avance de dix secondes au classement g\u00e9n\u00e9ral. Le jeune coureur n&rsquo;a pu d\u00e9fendre sa position et a conc\u00e9d\u00e9 un d\u00e9ficit important de 42 secondes sur ce contre-la-montre, perdant ainsi son maillot de leader.<\/p>\n\n<h2>Changement au Classement G\u00e9n\u00e9ral<\/h2>\n<p>Ce contre-la-montre marque un tournant d\u00e9cisif dans ce Tour des UAE 2026. L&rsquo;\u00e9cart creus\u00e9 par Evenepoel red\u00e9finit la hi\u00e9rarchie de l&rsquo;\u00e9preuve, avec un nouveau leader qui a su capitaliser sur ses qualit\u00e9s de rouleur pour prendre les commandes de la course.<\/p>","protected":false},"excerpt":{"rendered":"<p>Le Tour des UAE 2026 a connu un bouleversement majeur lors de l&rsquo;\u00e9preuve chronom\u00e9tr\u00e9e, avec Remco Evenepoel qui s&rsquo;est impos\u00e9 [&hellip;]<\/p>\n","protected":false},"author":1,"featured_media":0,"comment_status":"open","ping_status":"open","sticky":false,"template":"","format":"standard","meta":{"footnotes":""},"categories":[49,29],"tags":[],"class_list":["post-508","post","type-post","status-publish","format-standard","hentry","category-actualites","category-nachrichten"],"yoast_head":"<!-- This site is optimized with the Yoast SEO plugin v27.1.1 - https:\/\/yoast.com\/product\/yoast-seo-wordpress\/ -->\n<title>UAE Tour 2026 : Evenepoel Domine le Contre-la-montre, Del Toro Perd le Maillot de Leader<\/title>\n<meta name=\"description\" content=\"Remco Evenepoel s&#039;impose sur le contre-la-montre de l&#039;UAE Tour 2026 devant Joshua Tarling, tandis qu&#039;Isaac del Toro perd son avance au classement g\u00e9n\u00e9ral.\" \/>\n<meta name=\"robots\" content=\"index, follow, max-snippet:-1, max-image-preview:large, max-video-preview:-1\" \/>\n<link rel=\"canonical\" href=\"https:\/\/www.isaac-del-toro.mx\/fr\/remco-evenepoel-prend-tete-tour-uae-contre-la-montre\/\" \/>\n<meta property=\"og:locale\" content=\"fr_FR\" \/>\n<meta property=\"og:type\" content=\"article\" \/>\n<meta property=\"og:title\" content=\"UAE Tour 2026 : Evenepoel Domine le Contre-la-montre, Del Toro Perd le Maillot de Leader\" \/>\n<meta property=\"og:description\" content=\"Remco Evenepoel s&#039;impose sur le contre-la-montre de l&#039;UAE Tour 2026 devant Joshua Tarling, tandis qu&#039;Isaac del Toro perd son avance au classement g\u00e9n\u00e9ral.\" \/>\n<meta property=\"og:url\" content=\"https:\/\/www.isaac-del-toro.mx\/fr\/remco-evenepoel-prend-tete-tour-uae-contre-la-montre\/\" \/>\n<meta property=\"og:site_name\" content=\"Isaac del Toro Romero\" \/>\n<meta property=\"article:published_time\" content=\"2026-02-17T11:35:49+00:00\" \/>\n<meta property=\"article:modified_time\" content=\"2026-02-17T11:35:53+00:00\" \/>\n<meta name=\"author\" content=\"Frank\" \/>\n<meta name=\"twitter:card\" content=\"summary_large_image\" \/>\n<meta name=\"twitter:label1\" content=\"\u00c9crit par\" \/>\n\t<meta name=\"twitter:data1\" content=\"Frank\" \/>\n\t<meta name=\"twitter:label2\" content=\"Dur\u00e9e de lecture estim\u00e9e\" \/>\n\t<meta name=\"twitter:data2\" content=\"1 minute\" \/>\n<script type=\"application\/ld+json\" class=\"yoast-schema-graph\">{\"@context\":\"https:\/\/schema.org\",\"@graph\":[{\"@type\":\"Article\",\"@id\":\"https:\/\/www.isaac-del-toro.mx\/fr\/remco-evenepoel-prend-tete-tour-uae-contre-la-montre\/#article\",\"isPartOf\":{\"@id\":\"https:\/\/www.isaac-del-toro.mx\/fr\/remco-evenepoel-prend-tete-tour-uae-contre-la-montre\/\"},\"author\":{\"name\":\"Frank\",\"@id\":\"https:\/\/www.isaac-del-toro.mx\/fr\/#\/schema\/person\/dcd12bccf645d7a2112bdb90aa7ff9f2\"},\"headline\":\"Remco Evenepoel Prend la T\u00eate du Tour des UAE Apr\u00e8s le Contre-la-montre\",\"datePublished\":\"2026-02-17T11:35:49+00:00\",\"dateModified\":\"2026-02-17T11:35:53+00:00\",\"mainEntityOfPage\":{\"@id\":\"https:\/\/www.isaac-del-toro.mx\/fr\/remco-evenepoel-prend-tete-tour-uae-contre-la-montre\/\"},\"wordCount\":238,\"commentCount\":0,\"publisher\":{\"@id\":\"https:\/\/www.isaac-del-toro.mx\/fr\/#\/schema\/person\/7cbbcf16bd93d1b98eeb4ab7a1fbd7ba\"},\"articleSection\":[\"Actualit\u00e9s\",\"Nachrichten\"],\"inLanguage\":\"fr-FR\",\"potentialAction\":[{\"@type\":\"CommentAction\",\"name\":\"Comment\",\"target\":[\"https:\/\/www.isaac-del-toro.mx\/fr\/remco-evenepoel-prend-tete-tour-uae-contre-la-montre\/#respond\"]}]},{\"@type\":\"WebPage\",\"@id\":\"https:\/\/www.isaac-del-toro.mx\/fr\/remco-evenepoel-prend-tete-tour-uae-contre-la-montre\/\",\"url\":\"https:\/\/www.isaac-del-toro.mx\/fr\/remco-evenepoel-prend-tete-tour-uae-contre-la-montre\/\",\"name\":\"UAE Tour 2026 : Evenepoel Domine le Contre-la-montre, Del Toro Perd le Maillot de Leader\",\"isPartOf\":{\"@id\":\"https:\/\/www.isaac-del-toro.mx\/fr\/#website\"},\"datePublished\":\"2026-02-17T11:35:49+00:00\",\"dateModified\":\"2026-02-17T11:35:53+00:00\",\"description\":\"Remco Evenepoel s'impose sur le contre-la-montre de l'UAE Tour 2026 devant Joshua Tarling, tandis qu'Isaac del Toro perd son avance au classement g\u00e9n\u00e9ral.\",\"breadcrumb\":{\"@id\":\"https:\/\/www.isaac-del-toro.mx\/fr\/remco-evenepoel-prend-tete-tour-uae-contre-la-montre\/#breadcrumb\"},\"inLanguage\":\"fr-FR\",\"potentialAction\":[{\"@type\":\"ReadAction\",\"target\":[\"https:\/\/www.isaac-del-toro.mx\/fr\/remco-evenepoel-prend-tete-tour-uae-contre-la-montre\/\"]}]},{\"@type\":\"BreadcrumbList\",\"@id\":\"https:\/\/www.isaac-del-toro.mx\/fr\/remco-evenepoel-prend-tete-tour-uae-contre-la-montre\/#breadcrumb\",\"itemListElement\":[{\"@type\":\"ListItem\",\"position\":1,\"name\":\"Start\",\"item\":\"https:\/\/www.isaac-del-toro.mx\/fr\/\"},{\"@type\":\"ListItem\",\"position\":2,\"name\":\"Remco Evenepoel Prend la T\u00eate du Tour des UAE Apr\u00e8s le Contre-la-montre\"}]},{\"@type\":\"WebSite\",\"@id\":\"https:\/\/www.isaac-del-toro.mx\/fr\/#website\",\"url\":\"https:\/\/www.isaac-del-toro.mx\/fr\/\",\"name\":\"Isaac del Toro Romero\",\"description\":\"\",\"publisher\":{\"@id\":\"https:\/\/www.isaac-del-toro.mx\/fr\/#\/schema\/person\/7cbbcf16bd93d1b98eeb4ab7a1fbd7ba\"},\"potentialAction\":[{\"@type\":\"SearchAction\",\"target\":{\"@type\":\"EntryPoint\",\"urlTemplate\":\"https:\/\/www.isaac-del-toro.mx\/fr\/?s={search_term_string}\"},\"query-input\":{\"@type\":\"PropertyValueSpecification\",\"valueRequired\":true,\"valueName\":\"search_term_string\"}}],\"inLanguage\":\"fr-FR\"},{\"@type\":[\"Person\",\"Organization\"],\"@id\":\"https:\/\/www.isaac-del-toro.mx\/fr\/#\/schema\/person\/7cbbcf16bd93d1b98eeb4ab7a1fbd7ba\",\"name\":\"Isaac del Toro Romero\",\"logo\":{\"@id\":\"https:\/\/www.isaac-del-toro.mx\/fr\/#\/schema\/person\/image\/\"}},{\"@type\":\"Person\",\"@id\":\"https:\/\/www.isaac-del-toro.mx\/fr\/#\/schema\/person\/dcd12bccf645d7a2112bdb90aa7ff9f2\",\"name\":\"Frank\",\"sameAs\":[\"https:\/\/www.isaac-del-toro.mx\"],\"url\":\"https:\/\/www.isaac-del-toro.mx\/fr\/author\/frank-kuglerwebarbeit-net\/\"}]}<\/script>\n<!-- \/ Yoast SEO plugin. -->","yoast_head_json":{"title":"UAE Tour 2026 : Evenepoel Domine le Contre-la-montre, Del Toro Perd le Maillot de Leader","description":"Remco Evenepoel s'impose sur le contre-la-montre de l'UAE Tour 2026 devant Joshua Tarling, tandis qu'Isaac del Toro perd son avance au classement g\u00e9n\u00e9ral.","robots":{"index":"index","follow":"follow","max-snippet":"max-snippet:-1","max-image-preview":"max-image-preview:large","max-video-preview":"max-video-preview:-1"},"canonical":"https:\/\/www.isaac-del-toro.mx\/fr\/remco-evenepoel-prend-tete-tour-uae-contre-la-montre\/","og_locale":"fr_FR","og_type":"article","og_title":"UAE Tour 2026 : Evenepoel Domine le Contre-la-montre, Del Toro Perd le Maillot de Leader","og_description":"Remco Evenepoel s'impose sur le contre-la-montre de l'UAE Tour 2026 devant Joshua Tarling, tandis qu'Isaac del Toro perd son avance au classement g\u00e9n\u00e9ral.","og_url":"https:\/\/www.isaac-del-toro.mx\/fr\/remco-evenepoel-prend-tete-tour-uae-contre-la-montre\/","og_site_name":"Isaac del Toro Romero","article_published_time":"2026-02-17T11:35:49+00:00","article_modified_time":"2026-02-17T11:35:53+00:00","author":"Frank","twitter_card":"summary_large_image","twitter_misc":{"\u00c9crit par":"Frank","Dur\u00e9e de lecture estim\u00e9e":"1 minute"},"schema":{"@context":"https:\/\/schema.org","@graph":[{"@type":"Article","@id":"https:\/\/www.isaac-del-toro.mx\/fr\/remco-evenepoel-prend-tete-tour-uae-contre-la-montre\/#article","isPartOf":{"@id":"https:\/\/www.isaac-del-toro.mx\/fr\/remco-evenepoel-prend-tete-tour-uae-contre-la-montre\/"},"author":{"name":"Frank","@id":"https:\/\/www.isaac-del-toro.mx\/fr\/#\/schema\/person\/dcd12bccf645d7a2112bdb90aa7ff9f2"},"headline":"Remco Evenepoel Prend la T\u00eate du Tour des UAE Apr\u00e8s le Contre-la-montre","datePublished":"2026-02-17T11:35:49+00:00","dateModified":"2026-02-17T11:35:53+00:00","mainEntityOfPage":{"@id":"https:\/\/www.isaac-del-toro.mx\/fr\/remco-evenepoel-prend-tete-tour-uae-contre-la-montre\/"},"wordCount":238,"commentCount":0,"publisher":{"@id":"https:\/\/www.isaac-del-toro.mx\/fr\/#\/schema\/person\/7cbbcf16bd93d1b98eeb4ab7a1fbd7ba"},"articleSection":["Actualit\u00e9s","Nachrichten"],"inLanguage":"fr-FR","potentialAction":[{"@type":"CommentAction","name":"Comment","target":["https:\/\/www.isaac-del-toro.mx\/fr\/remco-evenepoel-prend-tete-tour-uae-contre-la-montre\/#respond"]}]},{"@type":"WebPage","@id":"https:\/\/www.isaac-del-toro.mx\/fr\/remco-evenepoel-prend-tete-tour-uae-contre-la-montre\/","url":"https:\/\/www.isaac-del-toro.mx\/fr\/remco-evenepoel-prend-tete-tour-uae-contre-la-montre\/","name":"UAE Tour 2026 : Evenepoel Domine le Contre-la-montre, Del Toro Perd le Maillot de Leader","isPartOf":{"@id":"https:\/\/www.isaac-del-toro.mx\/fr\/#website"},"datePublished":"2026-02-17T11:35:49+00:00","dateModified":"2026-02-17T11:35:53+00:00","description":"Remco Evenepoel s'impose sur le contre-la-montre de l'UAE Tour 2026 devant Joshua Tarling, tandis qu'Isaac del Toro perd son avance au classement g\u00e9n\u00e9ral.","breadcrumb":{"@id":"https:\/\/www.isaac-del-toro.mx\/fr\/remco-evenepoel-prend-tete-tour-uae-contre-la-montre\/#breadcrumb"},"inLanguage":"fr-FR","potentialAction":[{"@type":"ReadAction","target":["https:\/\/www.isaac-del-toro.mx\/fr\/remco-evenepoel-prend-tete-tour-uae-contre-la-montre\/"]}]},{"@type":"BreadcrumbList","@id":"https:\/\/www.isaac-del-toro.mx\/fr\/remco-evenepoel-prend-tete-tour-uae-contre-la-montre\/#breadcrumb","itemListElement":[{"@type":"ListItem","position":1,"name":"Start","item":"https:\/\/www.isaac-del-toro.mx\/fr\/"},{"@type":"ListItem","position":2,"name":"Remco Evenepoel Prend la T\u00eate du Tour des UAE Apr\u00e8s le Contre-la-montre"}]},{"@type":"WebSite","@id":"https:\/\/www.isaac-del-toro.mx\/fr\/#website","url":"https:\/\/www.isaac-del-toro.mx\/fr\/","name":"Isaac del Toro Romero","description":"","publisher":{"@id":"https:\/\/www.isaac-del-toro.mx\/fr\/#\/schema\/person\/7cbbcf16bd93d1b98eeb4ab7a1fbd7ba"},"potentialAction":[{"@type":"SearchAction","target":{"@type":"EntryPoint","urlTemplate":"https:\/\/www.isaac-del-toro.mx\/fr\/?s={search_term_string}"},"query-input":{"@type":"PropertyValueSpecification","valueRequired":true,"valueName":"search_term_string"}}],"inLanguage":"fr-FR"},{"@type":["Person","Organization"],"@id":"https:\/\/www.isaac-del-toro.mx\/fr\/#\/schema\/person\/7cbbcf16bd93d1b98eeb4ab7a1fbd7ba","name":"Isaac del Toro Romero","logo":{"@id":"https:\/\/www.isaac-del-toro.mx\/fr\/#\/schema\/person\/image\/"}},{"@type":"Person","@id":"https:\/\/www.isaac-del-toro.mx\/fr\/#\/schema\/person\/dcd12bccf645d7a2112bdb90aa7ff9f2","name":"Frank","sameAs":["https:\/\/www.isaac-del-toro.mx"],"url":"https:\/\/www.isaac-del-toro.mx\/fr\/author\/frank-kuglerwebarbeit-net\/"}]}},"_links":{"self":[{"href":"https:\/\/www.isaac-del-toro.mx\/fr\/wp-json\/wp\/v2\/posts\/508","targetHints":{"allow":["GET"]}}],"collection":[{"href":"https:\/\/www.isaac-del-toro.mx\/fr\/wp-json\/wp\/v2\/posts"}],"about":[{"href":"https:\/\/www.isaac-del-toro.mx\/fr\/wp-json\/wp\/v2\/types\/post"}],"author":[{"embeddable":true,"href":"https:\/\/www.isaac-del-toro.mx\/fr\/wp-json\/wp\/v2\/users\/1"}],"replies":[{"embeddable":true,"href":"https:\/\/www.isaac-del-toro.mx\/fr\/wp-json\/wp\/v2\/comments?post=508"}],"version-history":[{"count":0,"href":"https:\/\/www.isaac-del-toro.mx\/fr\/wp-json\/wp\/v2\/posts\/508\/revisions"}],"wp:attachment":[{"href":"https:\/\/www.isaac-del-toro.mx\/fr\/wp-json\/wp\/v2\/media?parent=508"}],"wp:term":[{"taxonomy":"category","embeddable":true,"href":"https:\/\/www.isaac-del-toro.mx\/fr\/wp-json\/wp\/v2\/categories?post=508"},{"taxonomy":"post_tag","embeddable":true,"href":"https:\/\/www.isaac-del-toro.mx\/fr\/wp-json\/wp\/v2\/tags?post=508"}],"curies":[{"name":"wp","href":"https:\/\/api.w.org\/{rel}","templated":true}]}}