{"id":525,"date":"2026-02-19T08:40:58","date_gmt":"2026-02-19T14:40:58","guid":{"rendered":"https:\/\/www.isaac-del-toro.mx\/del-toro-maintient-deuxieme-place-tour-uae-2026\/"},"modified":"2026-02-19T08:41:01","modified_gmt":"2026-02-19T14:41:01","slug":"del-toro-maintient-deuxieme-place-tour-uae-2026","status":"publish","type":"post","link":"https:\/\/www.isaac-del-toro.mx\/fr\/del-toro-maintient-deuxieme-place-tour-uae-2026\/","title":{"rendered":"Del Toro maintient sa deuxi\u00e8me place au Tour des UAE 2026"},"content":{"rendered":"<p>Le cycliste mexicain Isaac del Toro poursuit son excellent Tour des UAE 2026 en conservant sa deuxi\u00e8me place au classement g\u00e9n\u00e9ral, malgr\u00e9 une 23e position lors de la quatri\u00e8me \u00e9tape remport\u00e9e par l&rsquo;Italien Jonathan Milan ce jeudi.<\/p>\n\n<h2>Une \u00e9tape de gestion<\/h2>\n<p>Del Toro a franchi la ligne d&rsquo;arriv\u00e9e en 23e position lors de cette quatri\u00e8me \u00e9tape, une performance suffisante pour pr\u00e9server sa position avantageuse au classement g\u00e9n\u00e9ral. L&rsquo;Italien Jonathan Milan s&rsquo;est impos\u00e9 sur cette \u00e9tape, ajoutant une nouvelle victoire \u00e0 son palmar\u00e8s dans cette comp\u00e9tition.<\/p>\n\n<h2>Position solide au g\u00e9n\u00e9ral<\/h2>\n<p>Au classement g\u00e9n\u00e9ral, Del Toro occupe toujours la deuxi\u00e8me place, accusant un retard de 21 secondes sur le leader Antonio Tiberi. Cette position t\u00e9moigne de la r\u00e9gularit\u00e9 et de la forme impressionnante du coureur mexicain depuis le d\u00e9but de l&rsquo;\u00e9preuve.<\/p>","protected":false},"excerpt":{"rendered":"<p>Le cycliste mexicain Isaac del Toro poursuit son excellent Tour des UAE 2026 en conservant sa deuxi\u00e8me place au classement [&hellip;]<\/p>\n","protected":false},"author":1,"featured_media":0,"comment_status":"open","ping_status":"open","sticky":false,"template":"","format":"standard","meta":{"footnotes":""},"categories":[49,29],"tags":[],"class_list":["post-525","post","type-post","status-publish","format-standard","hentry","category-actualites","category-nachrichten"],"yoast_head":"<!-- This site is optimized with the Yoast SEO plugin v27.1.1 - https:\/\/yoast.com\/product\/yoast-seo-wordpress\/ -->\n<title>UAE Tour 2026 : Isaac del Toro reste deuxi\u00e8me du g\u00e9n\u00e9ral<\/title>\n<meta name=\"description\" content=\"Le cycliste mexicain Isaac del Toro conserve sa deuxi\u00e8me place au classement g\u00e9n\u00e9ral du Tour des UAE 2026, \u00e0 21 secondes du leader Antonio Tiberi apr\u00e8s la 4e \u00e9tape.\" \/>\n<meta name=\"robots\" content=\"index, follow, max-snippet:-1, max-image-preview:large, max-video-preview:-1\" \/>\n<link rel=\"canonical\" href=\"https:\/\/www.isaac-del-toro.mx\/fr\/del-toro-maintient-deuxieme-place-tour-uae-2026\/\" \/>\n<meta property=\"og:locale\" content=\"fr_FR\" \/>\n<meta property=\"og:type\" content=\"article\" \/>\n<meta property=\"og:title\" content=\"UAE Tour 2026 : Isaac del Toro reste deuxi\u00e8me du g\u00e9n\u00e9ral\" \/>\n<meta property=\"og:description\" content=\"Le cycliste mexicain Isaac del Toro conserve sa deuxi\u00e8me place au classement g\u00e9n\u00e9ral du Tour des UAE 2026, \u00e0 21 secondes du leader Antonio Tiberi apr\u00e8s la 4e \u00e9tape.\" \/>\n<meta property=\"og:url\" content=\"https:\/\/www.isaac-del-toro.mx\/fr\/del-toro-maintient-deuxieme-place-tour-uae-2026\/\" \/>\n<meta property=\"og:site_name\" content=\"Isaac del Toro Romero\" \/>\n<meta property=\"article:published_time\" content=\"2026-02-19T14:40:58+00:00\" \/>\n<meta property=\"article:modified_time\" content=\"2026-02-19T14:41:01+00:00\" \/>\n<meta name=\"author\" content=\"Frank\" \/>\n<meta name=\"twitter:card\" content=\"summary_large_image\" \/>\n<meta name=\"twitter:label1\" content=\"\u00c9crit par\" \/>\n\t<meta name=\"twitter:data1\" content=\"Frank\" \/>\n\t<meta name=\"twitter:label2\" content=\"Dur\u00e9e de lecture estim\u00e9e\" \/>\n\t<meta name=\"twitter:data2\" content=\"1 minute\" \/>\n<script type=\"application\/ld+json\" class=\"yoast-schema-graph\">{\"@context\":\"https:\/\/schema.org\",\"@graph\":[{\"@type\":\"Article\",\"@id\":\"https:\/\/www.isaac-del-toro.mx\/fr\/del-toro-maintient-deuxieme-place-tour-uae-2026\/#article\",\"isPartOf\":{\"@id\":\"https:\/\/www.isaac-del-toro.mx\/fr\/del-toro-maintient-deuxieme-place-tour-uae-2026\/\"},\"author\":{\"name\":\"Frank\",\"@id\":\"https:\/\/www.isaac-del-toro.mx\/fr\/#\/schema\/person\/dcd12bccf645d7a2112bdb90aa7ff9f2\"},\"headline\":\"Del Toro maintient sa deuxi\u00e8me place au Tour des UAE 2026\",\"datePublished\":\"2026-02-19T14:40:58+00:00\",\"dateModified\":\"2026-02-19T14:41:01+00:00\",\"mainEntityOfPage\":{\"@id\":\"https:\/\/www.isaac-del-toro.mx\/fr\/del-toro-maintient-deuxieme-place-tour-uae-2026\/\"},\"wordCount\":162,\"commentCount\":0,\"publisher\":{\"@id\":\"https:\/\/www.isaac-del-toro.mx\/fr\/#\/schema\/person\/7cbbcf16bd93d1b98eeb4ab7a1fbd7ba\"},\"articleSection\":[\"Actualit\u00e9s\",\"Nachrichten\"],\"inLanguage\":\"fr-FR\",\"potentialAction\":[{\"@type\":\"CommentAction\",\"name\":\"Comment\",\"target\":[\"https:\/\/www.isaac-del-toro.mx\/fr\/del-toro-maintient-deuxieme-place-tour-uae-2026\/#respond\"]}]},{\"@type\":\"WebPage\",\"@id\":\"https:\/\/www.isaac-del-toro.mx\/fr\/del-toro-maintient-deuxieme-place-tour-uae-2026\/\",\"url\":\"https:\/\/www.isaac-del-toro.mx\/fr\/del-toro-maintient-deuxieme-place-tour-uae-2026\/\",\"name\":\"UAE Tour 2026 : Isaac del Toro reste deuxi\u00e8me du g\u00e9n\u00e9ral\",\"isPartOf\":{\"@id\":\"https:\/\/www.isaac-del-toro.mx\/fr\/#website\"},\"datePublished\":\"2026-02-19T14:40:58+00:00\",\"dateModified\":\"2026-02-19T14:41:01+00:00\",\"description\":\"Le cycliste mexicain Isaac del Toro conserve sa deuxi\u00e8me place au classement g\u00e9n\u00e9ral du Tour des UAE 2026, \u00e0 21 secondes du leader Antonio Tiberi apr\u00e8s la 4e \u00e9tape.\",\"breadcrumb\":{\"@id\":\"https:\/\/www.isaac-del-toro.mx\/fr\/del-toro-maintient-deuxieme-place-tour-uae-2026\/#breadcrumb\"},\"inLanguage\":\"fr-FR\",\"potentialAction\":[{\"@type\":\"ReadAction\",\"target\":[\"https:\/\/www.isaac-del-toro.mx\/fr\/del-toro-maintient-deuxieme-place-tour-uae-2026\/\"]}]},{\"@type\":\"BreadcrumbList\",\"@id\":\"https:\/\/www.isaac-del-toro.mx\/fr\/del-toro-maintient-deuxieme-place-tour-uae-2026\/#breadcrumb\",\"itemListElement\":[{\"@type\":\"ListItem\",\"position\":1,\"name\":\"Start\",\"item\":\"https:\/\/www.isaac-del-toro.mx\/fr\/\"},{\"@type\":\"ListItem\",\"position\":2,\"name\":\"Del Toro maintient sa deuxi\u00e8me place au Tour des UAE 2026\"}]},{\"@type\":\"WebSite\",\"@id\":\"https:\/\/www.isaac-del-toro.mx\/fr\/#website\",\"url\":\"https:\/\/www.isaac-del-toro.mx\/fr\/\",\"name\":\"Isaac del Toro Romero\",\"description\":\"\",\"publisher\":{\"@id\":\"https:\/\/www.isaac-del-toro.mx\/fr\/#\/schema\/person\/7cbbcf16bd93d1b98eeb4ab7a1fbd7ba\"},\"potentialAction\":[{\"@type\":\"SearchAction\",\"target\":{\"@type\":\"EntryPoint\",\"urlTemplate\":\"https:\/\/www.isaac-del-toro.mx\/fr\/?s={search_term_string}\"},\"query-input\":{\"@type\":\"PropertyValueSpecification\",\"valueRequired\":true,\"valueName\":\"search_term_string\"}}],\"inLanguage\":\"fr-FR\"},{\"@type\":[\"Person\",\"Organization\"],\"@id\":\"https:\/\/www.isaac-del-toro.mx\/fr\/#\/schema\/person\/7cbbcf16bd93d1b98eeb4ab7a1fbd7ba\",\"name\":\"Isaac del Toro Romero\",\"logo\":{\"@id\":\"https:\/\/www.isaac-del-toro.mx\/fr\/#\/schema\/person\/image\/\"}},{\"@type\":\"Person\",\"@id\":\"https:\/\/www.isaac-del-toro.mx\/fr\/#\/schema\/person\/dcd12bccf645d7a2112bdb90aa7ff9f2\",\"name\":\"Frank\",\"sameAs\":[\"https:\/\/www.isaac-del-toro.mx\"],\"url\":\"https:\/\/www.isaac-del-toro.mx\/fr\/author\/frank-kuglerwebarbeit-net\/\"}]}<\/script>\n<!-- \/ Yoast SEO plugin. -->","yoast_head_json":{"title":"UAE Tour 2026 : Isaac del Toro reste deuxi\u00e8me du g\u00e9n\u00e9ral","description":"Le cycliste mexicain Isaac del Toro conserve sa deuxi\u00e8me place au classement g\u00e9n\u00e9ral du Tour des UAE 2026, \u00e0 21 secondes du leader Antonio Tiberi apr\u00e8s la 4e \u00e9tape.","robots":{"index":"index","follow":"follow","max-snippet":"max-snippet:-1","max-image-preview":"max-image-preview:large","max-video-preview":"max-video-preview:-1"},"canonical":"https:\/\/www.isaac-del-toro.mx\/fr\/del-toro-maintient-deuxieme-place-tour-uae-2026\/","og_locale":"fr_FR","og_type":"article","og_title":"UAE Tour 2026 : Isaac del Toro reste deuxi\u00e8me du g\u00e9n\u00e9ral","og_description":"Le cycliste mexicain Isaac del Toro conserve sa deuxi\u00e8me place au classement g\u00e9n\u00e9ral du Tour des UAE 2026, \u00e0 21 secondes du leader Antonio Tiberi apr\u00e8s la 4e \u00e9tape.","og_url":"https:\/\/www.isaac-del-toro.mx\/fr\/del-toro-maintient-deuxieme-place-tour-uae-2026\/","og_site_name":"Isaac del Toro Romero","article_published_time":"2026-02-19T14:40:58+00:00","article_modified_time":"2026-02-19T14:41:01+00:00","author":"Frank","twitter_card":"summary_large_image","twitter_misc":{"\u00c9crit par":"Frank","Dur\u00e9e de lecture estim\u00e9e":"1 minute"},"schema":{"@context":"https:\/\/schema.org","@graph":[{"@type":"Article","@id":"https:\/\/www.isaac-del-toro.mx\/fr\/del-toro-maintient-deuxieme-place-tour-uae-2026\/#article","isPartOf":{"@id":"https:\/\/www.isaac-del-toro.mx\/fr\/del-toro-maintient-deuxieme-place-tour-uae-2026\/"},"author":{"name":"Frank","@id":"https:\/\/www.isaac-del-toro.mx\/fr\/#\/schema\/person\/dcd12bccf645d7a2112bdb90aa7ff9f2"},"headline":"Del Toro maintient sa deuxi\u00e8me place au Tour des UAE 2026","datePublished":"2026-02-19T14:40:58+00:00","dateModified":"2026-02-19T14:41:01+00:00","mainEntityOfPage":{"@id":"https:\/\/www.isaac-del-toro.mx\/fr\/del-toro-maintient-deuxieme-place-tour-uae-2026\/"},"wordCount":162,"commentCount":0,"publisher":{"@id":"https:\/\/www.isaac-del-toro.mx\/fr\/#\/schema\/person\/7cbbcf16bd93d1b98eeb4ab7a1fbd7ba"},"articleSection":["Actualit\u00e9s","Nachrichten"],"inLanguage":"fr-FR","potentialAction":[{"@type":"CommentAction","name":"Comment","target":["https:\/\/www.isaac-del-toro.mx\/fr\/del-toro-maintient-deuxieme-place-tour-uae-2026\/#respond"]}]},{"@type":"WebPage","@id":"https:\/\/www.isaac-del-toro.mx\/fr\/del-toro-maintient-deuxieme-place-tour-uae-2026\/","url":"https:\/\/www.isaac-del-toro.mx\/fr\/del-toro-maintient-deuxieme-place-tour-uae-2026\/","name":"UAE Tour 2026 : Isaac del Toro reste deuxi\u00e8me du g\u00e9n\u00e9ral","isPartOf":{"@id":"https:\/\/www.isaac-del-toro.mx\/fr\/#website"},"datePublished":"2026-02-19T14:40:58+00:00","dateModified":"2026-02-19T14:41:01+00:00","description":"Le cycliste mexicain Isaac del Toro conserve sa deuxi\u00e8me place au classement g\u00e9n\u00e9ral du Tour des UAE 2026, \u00e0 21 secondes du leader Antonio Tiberi apr\u00e8s la 4e \u00e9tape.","breadcrumb":{"@id":"https:\/\/www.isaac-del-toro.mx\/fr\/del-toro-maintient-deuxieme-place-tour-uae-2026\/#breadcrumb"},"inLanguage":"fr-FR","potentialAction":[{"@type":"ReadAction","target":["https:\/\/www.isaac-del-toro.mx\/fr\/del-toro-maintient-deuxieme-place-tour-uae-2026\/"]}]},{"@type":"BreadcrumbList","@id":"https:\/\/www.isaac-del-toro.mx\/fr\/del-toro-maintient-deuxieme-place-tour-uae-2026\/#breadcrumb","itemListElement":[{"@type":"ListItem","position":1,"name":"Start","item":"https:\/\/www.isaac-del-toro.mx\/fr\/"},{"@type":"ListItem","position":2,"name":"Del Toro maintient sa deuxi\u00e8me place au Tour des UAE 2026"}]},{"@type":"WebSite","@id":"https:\/\/www.isaac-del-toro.mx\/fr\/#website","url":"https:\/\/www.isaac-del-toro.mx\/fr\/","name":"Isaac del Toro Romero","description":"","publisher":{"@id":"https:\/\/www.isaac-del-toro.mx\/fr\/#\/schema\/person\/7cbbcf16bd93d1b98eeb4ab7a1fbd7ba"},"potentialAction":[{"@type":"SearchAction","target":{"@type":"EntryPoint","urlTemplate":"https:\/\/www.isaac-del-toro.mx\/fr\/?s={search_term_string}"},"query-input":{"@type":"PropertyValueSpecification","valueRequired":true,"valueName":"search_term_string"}}],"inLanguage":"fr-FR"},{"@type":["Person","Organization"],"@id":"https:\/\/www.isaac-del-toro.mx\/fr\/#\/schema\/person\/7cbbcf16bd93d1b98eeb4ab7a1fbd7ba","name":"Isaac del Toro Romero","logo":{"@id":"https:\/\/www.isaac-del-toro.mx\/fr\/#\/schema\/person\/image\/"}},{"@type":"Person","@id":"https:\/\/www.isaac-del-toro.mx\/fr\/#\/schema\/person\/dcd12bccf645d7a2112bdb90aa7ff9f2","name":"Frank","sameAs":["https:\/\/www.isaac-del-toro.mx"],"url":"https:\/\/www.isaac-del-toro.mx\/fr\/author\/frank-kuglerwebarbeit-net\/"}]}},"_links":{"self":[{"href":"https:\/\/www.isaac-del-toro.mx\/fr\/wp-json\/wp\/v2\/posts\/525","targetHints":{"allow":["GET"]}}],"collection":[{"href":"https:\/\/www.isaac-del-toro.mx\/fr\/wp-json\/wp\/v2\/posts"}],"about":[{"href":"https:\/\/www.isaac-del-toro.mx\/fr\/wp-json\/wp\/v2\/types\/post"}],"author":[{"embeddable":true,"href":"https:\/\/www.isaac-del-toro.mx\/fr\/wp-json\/wp\/v2\/users\/1"}],"replies":[{"embeddable":true,"href":"https:\/\/www.isaac-del-toro.mx\/fr\/wp-json\/wp\/v2\/comments?post=525"}],"version-history":[{"count":0,"href":"https:\/\/www.isaac-del-toro.mx\/fr\/wp-json\/wp\/v2\/posts\/525\/revisions"}],"wp:attachment":[{"href":"https:\/\/www.isaac-del-toro.mx\/fr\/wp-json\/wp\/v2\/media?parent=525"}],"wp:term":[{"taxonomy":"category","embeddable":true,"href":"https:\/\/www.isaac-del-toro.mx\/fr\/wp-json\/wp\/v2\/categories?post=525"},{"taxonomy":"post_tag","embeddable":true,"href":"https:\/\/www.isaac-del-toro.mx\/fr\/wp-json\/wp\/v2\/tags?post=525"}],"curies":[{"name":"wp","href":"https:\/\/api.w.org\/{rel}","templated":true}]}}