{"id":549,"date":"2026-02-23T02:17:15","date_gmt":"2026-02-23T08:17:15","guid":{"rendered":"https:\/\/www.isaac-del-toro.mx\/isaac-del-toro-premier-mexicain-remporte-uae-tour\/"},"modified":"2026-02-23T02:17:19","modified_gmt":"2026-02-23T08:17:19","slug":"isaac-del-toro-premier-mexicain-remporte-uae-tour","status":"publish","type":"post","link":"https:\/\/www.isaac-del-toro.mx\/fr\/isaac-del-toro-premier-mexicain-remporte-uae-tour\/","title":{"rendered":"Isaac del Toro devient le premier Mexicain \u00e0 remporter l&rsquo;UAE Tour"},"content":{"rendered":"<p>Le cyclisme mexicain a \u00e9crit une nouvelle page de son histoire alors qu&rsquo;Isaac del Toro est devenu le premier coureur de son pays \u00e0 remporter une course par \u00e9tapes du World Tour. Le jeune talent de 22 ans s&rsquo;est impos\u00e9 sur l&rsquo;UAE Tour 2026, \u00e9tablissant un temps total de 21 heures, 10 minutes et 30 secondes.<\/p>\n\n<h2>Une victoire historique dans les \u00c9mirats<\/h2>\n<p>Del Toro a assur\u00e9 sa victoire lors de l&rsquo;\u00e9tape d\u00e9cisive \u00e0 Jebel Hafeet le 21 f\u00e9vrier, avant de confirmer son triomphe lors de l&rsquo;ultime journ\u00e9e \u00e0 Abu Dhabi le 22 f\u00e9vrier. Cette performance remarquable marque non seulement son premier succ\u00e8s majeur sur le circuit World Tour, mais \u00e9tablit \u00e9galement un pr\u00e9c\u00e9dent historique pour le cyclisme mexicain.<\/p>\n\n<h2>Un nouveau chapitre pour le cyclisme mexicain<\/h2>\n<p>\u00c0 seulement 22 ans, del Toro s&rsquo;inscrit comme une figure marquante du cyclisme mexicain en devenant le premier repr\u00e9sentant de son pays \u00e0 s&rsquo;imposer au classement g\u00e9n\u00e9ral d&rsquo;une \u00e9preuve du World Tour. Cette victoire sur l&rsquo;UAE Tour, l&rsquo;une des courses majeures du calendrier World Tour, t\u00e9moigne de l&rsquo;\u00e9mergence d&rsquo;un talent exceptionnel sur la sc\u00e8ne internationale.<\/p>\n\n<h2>Performance de haut niveau sur le circuit World Tour<\/h2>\n<p>L&rsquo;UAE Tour, qui fait partie int\u00e9grante du calendrier UCI World Tour, repr\u00e9sente l&rsquo;un des rendez-vous majeurs de d\u00e9but de saison. La victoire de del Toro, obtenue avec un temps final de 21:10:30, d\u00e9montre sa capacit\u00e9 \u00e0 rivaliser avec l&rsquo;\u00e9lite mondiale du cyclisme dans une \u00e9preuve de ce calibre.<\/p>","protected":false},"excerpt":{"rendered":"<p>Le cyclisme mexicain a \u00e9crit une nouvelle page de son histoire alors qu&rsquo;Isaac del Toro est devenu le premier coureur [&hellip;]<\/p>\n","protected":false},"author":1,"featured_media":0,"comment_status":"open","ping_status":"open","sticky":false,"template":"","format":"standard","meta":{"footnotes":""},"categories":[49,29],"tags":[],"class_list":["post-549","post","type-post","status-publish","format-standard","hentry","category-actualites","category-nachrichten"],"yoast_head":"<!-- This site is optimized with the Yoast SEO plugin v27.1.1 - https:\/\/yoast.com\/product\/yoast-seo-wordpress\/ -->\n<title>Isaac del Toro remporte l&#039;UAE Tour 2026 | Premier vainqueur mexicain<\/title>\n<meta name=\"description\" content=\"Le cycliste mexicain Isaac del Toro, 22 ans, entre dans l&#039;histoire en devenant le premier de son pays \u00e0 remporter une course par \u00e9tapes du World Tour avec sa victoire \u00e0 l&#039;UAE Tour 2026.\" \/>\n<meta name=\"robots\" content=\"index, follow, max-snippet:-1, max-image-preview:large, max-video-preview:-1\" \/>\n<link rel=\"canonical\" href=\"https:\/\/www.isaac-del-toro.mx\/fr\/isaac-del-toro-premier-mexicain-remporte-uae-tour\/\" \/>\n<meta property=\"og:locale\" content=\"fr_FR\" \/>\n<meta property=\"og:type\" content=\"article\" \/>\n<meta property=\"og:title\" content=\"Isaac del Toro remporte l&#039;UAE Tour 2026 | Premier vainqueur mexicain\" \/>\n<meta property=\"og:description\" content=\"Le cycliste mexicain Isaac del Toro, 22 ans, entre dans l&#039;histoire en devenant le premier de son pays \u00e0 remporter une course par \u00e9tapes du World Tour avec sa victoire \u00e0 l&#039;UAE Tour 2026.\" \/>\n<meta property=\"og:url\" content=\"https:\/\/www.isaac-del-toro.mx\/fr\/isaac-del-toro-premier-mexicain-remporte-uae-tour\/\" \/>\n<meta property=\"og:site_name\" content=\"Isaac del Toro Romero\" \/>\n<meta property=\"article:published_time\" content=\"2026-02-23T08:17:15+00:00\" \/>\n<meta property=\"article:modified_time\" content=\"2026-02-23T08:17:19+00:00\" \/>\n<meta name=\"author\" content=\"Frank\" \/>\n<meta name=\"twitter:card\" content=\"summary_large_image\" \/>\n<meta name=\"twitter:label1\" content=\"\u00c9crit par\" \/>\n\t<meta name=\"twitter:data1\" content=\"Frank\" \/>\n\t<meta name=\"twitter:label2\" content=\"Dur\u00e9e de lecture estim\u00e9e\" \/>\n\t<meta name=\"twitter:data2\" content=\"1 minute\" \/>\n<script type=\"application\/ld+json\" class=\"yoast-schema-graph\">{\"@context\":\"https:\/\/schema.org\",\"@graph\":[{\"@type\":\"Article\",\"@id\":\"https:\/\/www.isaac-del-toro.mx\/fr\/isaac-del-toro-premier-mexicain-remporte-uae-tour\/#article\",\"isPartOf\":{\"@id\":\"https:\/\/www.isaac-del-toro.mx\/fr\/isaac-del-toro-premier-mexicain-remporte-uae-tour\/\"},\"author\":{\"name\":\"Frank\",\"@id\":\"https:\/\/www.isaac-del-toro.mx\/fr\/#\/schema\/person\/dcd12bccf645d7a2112bdb90aa7ff9f2\"},\"headline\":\"Isaac del Toro devient le premier Mexicain \u00e0 remporter l&rsquo;UAE Tour\",\"datePublished\":\"2026-02-23T08:17:15+00:00\",\"dateModified\":\"2026-02-23T08:17:19+00:00\",\"mainEntityOfPage\":{\"@id\":\"https:\/\/www.isaac-del-toro.mx\/fr\/isaac-del-toro-premier-mexicain-remporte-uae-tour\/\"},\"wordCount\":264,\"commentCount\":0,\"publisher\":{\"@id\":\"https:\/\/www.isaac-del-toro.mx\/fr\/#\/schema\/person\/7cbbcf16bd93d1b98eeb4ab7a1fbd7ba\"},\"articleSection\":[\"Actualit\u00e9s\",\"Nachrichten\"],\"inLanguage\":\"fr-FR\",\"potentialAction\":[{\"@type\":\"CommentAction\",\"name\":\"Comment\",\"target\":[\"https:\/\/www.isaac-del-toro.mx\/fr\/isaac-del-toro-premier-mexicain-remporte-uae-tour\/#respond\"]}]},{\"@type\":\"WebPage\",\"@id\":\"https:\/\/www.isaac-del-toro.mx\/fr\/isaac-del-toro-premier-mexicain-remporte-uae-tour\/\",\"url\":\"https:\/\/www.isaac-del-toro.mx\/fr\/isaac-del-toro-premier-mexicain-remporte-uae-tour\/\",\"name\":\"Isaac del Toro remporte l'UAE Tour 2026 | Premier vainqueur mexicain\",\"isPartOf\":{\"@id\":\"https:\/\/www.isaac-del-toro.mx\/fr\/#website\"},\"datePublished\":\"2026-02-23T08:17:15+00:00\",\"dateModified\":\"2026-02-23T08:17:19+00:00\",\"description\":\"Le cycliste mexicain Isaac del Toro, 22 ans, entre dans l'histoire en devenant le premier de son pays \u00e0 remporter une course par \u00e9tapes du World Tour avec sa victoire \u00e0 l'UAE Tour 2026.\",\"breadcrumb\":{\"@id\":\"https:\/\/www.isaac-del-toro.mx\/fr\/isaac-del-toro-premier-mexicain-remporte-uae-tour\/#breadcrumb\"},\"inLanguage\":\"fr-FR\",\"potentialAction\":[{\"@type\":\"ReadAction\",\"target\":[\"https:\/\/www.isaac-del-toro.mx\/fr\/isaac-del-toro-premier-mexicain-remporte-uae-tour\/\"]}]},{\"@type\":\"BreadcrumbList\",\"@id\":\"https:\/\/www.isaac-del-toro.mx\/fr\/isaac-del-toro-premier-mexicain-remporte-uae-tour\/#breadcrumb\",\"itemListElement\":[{\"@type\":\"ListItem\",\"position\":1,\"name\":\"Start\",\"item\":\"https:\/\/www.isaac-del-toro.mx\/fr\/\"},{\"@type\":\"ListItem\",\"position\":2,\"name\":\"Isaac del Toro devient le premier Mexicain \u00e0 remporter l&#8217;UAE Tour\"}]},{\"@type\":\"WebSite\",\"@id\":\"https:\/\/www.isaac-del-toro.mx\/fr\/#website\",\"url\":\"https:\/\/www.isaac-del-toro.mx\/fr\/\",\"name\":\"Isaac del Toro Romero\",\"description\":\"\",\"publisher\":{\"@id\":\"https:\/\/www.isaac-del-toro.mx\/fr\/#\/schema\/person\/7cbbcf16bd93d1b98eeb4ab7a1fbd7ba\"},\"potentialAction\":[{\"@type\":\"SearchAction\",\"target\":{\"@type\":\"EntryPoint\",\"urlTemplate\":\"https:\/\/www.isaac-del-toro.mx\/fr\/?s={search_term_string}\"},\"query-input\":{\"@type\":\"PropertyValueSpecification\",\"valueRequired\":true,\"valueName\":\"search_term_string\"}}],\"inLanguage\":\"fr-FR\"},{\"@type\":[\"Person\",\"Organization\"],\"@id\":\"https:\/\/www.isaac-del-toro.mx\/fr\/#\/schema\/person\/7cbbcf16bd93d1b98eeb4ab7a1fbd7ba\",\"name\":\"Isaac del Toro Romero\",\"logo\":{\"@id\":\"https:\/\/www.isaac-del-toro.mx\/fr\/#\/schema\/person\/image\/\"}},{\"@type\":\"Person\",\"@id\":\"https:\/\/www.isaac-del-toro.mx\/fr\/#\/schema\/person\/dcd12bccf645d7a2112bdb90aa7ff9f2\",\"name\":\"Frank\",\"sameAs\":[\"https:\/\/www.isaac-del-toro.mx\"],\"url\":\"https:\/\/www.isaac-del-toro.mx\/fr\/author\/frank-kuglerwebarbeit-net\/\"}]}<\/script>\n<!-- \/ Yoast SEO plugin. -->","yoast_head_json":{"title":"Isaac del Toro remporte l'UAE Tour 2026 | Premier vainqueur mexicain","description":"Le cycliste mexicain Isaac del Toro, 22 ans, entre dans l'histoire en devenant le premier de son pays \u00e0 remporter une course par \u00e9tapes du World Tour avec sa victoire \u00e0 l'UAE Tour 2026.","robots":{"index":"index","follow":"follow","max-snippet":"max-snippet:-1","max-image-preview":"max-image-preview:large","max-video-preview":"max-video-preview:-1"},"canonical":"https:\/\/www.isaac-del-toro.mx\/fr\/isaac-del-toro-premier-mexicain-remporte-uae-tour\/","og_locale":"fr_FR","og_type":"article","og_title":"Isaac del Toro remporte l'UAE Tour 2026 | Premier vainqueur mexicain","og_description":"Le cycliste mexicain Isaac del Toro, 22 ans, entre dans l'histoire en devenant le premier de son pays \u00e0 remporter une course par \u00e9tapes du World Tour avec sa victoire \u00e0 l'UAE Tour 2026.","og_url":"https:\/\/www.isaac-del-toro.mx\/fr\/isaac-del-toro-premier-mexicain-remporte-uae-tour\/","og_site_name":"Isaac del Toro Romero","article_published_time":"2026-02-23T08:17:15+00:00","article_modified_time":"2026-02-23T08:17:19+00:00","author":"Frank","twitter_card":"summary_large_image","twitter_misc":{"\u00c9crit par":"Frank","Dur\u00e9e de lecture estim\u00e9e":"1 minute"},"schema":{"@context":"https:\/\/schema.org","@graph":[{"@type":"Article","@id":"https:\/\/www.isaac-del-toro.mx\/fr\/isaac-del-toro-premier-mexicain-remporte-uae-tour\/#article","isPartOf":{"@id":"https:\/\/www.isaac-del-toro.mx\/fr\/isaac-del-toro-premier-mexicain-remporte-uae-tour\/"},"author":{"name":"Frank","@id":"https:\/\/www.isaac-del-toro.mx\/fr\/#\/schema\/person\/dcd12bccf645d7a2112bdb90aa7ff9f2"},"headline":"Isaac del Toro devient le premier Mexicain \u00e0 remporter l&rsquo;UAE Tour","datePublished":"2026-02-23T08:17:15+00:00","dateModified":"2026-02-23T08:17:19+00:00","mainEntityOfPage":{"@id":"https:\/\/www.isaac-del-toro.mx\/fr\/isaac-del-toro-premier-mexicain-remporte-uae-tour\/"},"wordCount":264,"commentCount":0,"publisher":{"@id":"https:\/\/www.isaac-del-toro.mx\/fr\/#\/schema\/person\/7cbbcf16bd93d1b98eeb4ab7a1fbd7ba"},"articleSection":["Actualit\u00e9s","Nachrichten"],"inLanguage":"fr-FR","potentialAction":[{"@type":"CommentAction","name":"Comment","target":["https:\/\/www.isaac-del-toro.mx\/fr\/isaac-del-toro-premier-mexicain-remporte-uae-tour\/#respond"]}]},{"@type":"WebPage","@id":"https:\/\/www.isaac-del-toro.mx\/fr\/isaac-del-toro-premier-mexicain-remporte-uae-tour\/","url":"https:\/\/www.isaac-del-toro.mx\/fr\/isaac-del-toro-premier-mexicain-remporte-uae-tour\/","name":"Isaac del Toro remporte l'UAE Tour 2026 | Premier vainqueur mexicain","isPartOf":{"@id":"https:\/\/www.isaac-del-toro.mx\/fr\/#website"},"datePublished":"2026-02-23T08:17:15+00:00","dateModified":"2026-02-23T08:17:19+00:00","description":"Le cycliste mexicain Isaac del Toro, 22 ans, entre dans l'histoire en devenant le premier de son pays \u00e0 remporter une course par \u00e9tapes du World Tour avec sa victoire \u00e0 l'UAE Tour 2026.","breadcrumb":{"@id":"https:\/\/www.isaac-del-toro.mx\/fr\/isaac-del-toro-premier-mexicain-remporte-uae-tour\/#breadcrumb"},"inLanguage":"fr-FR","potentialAction":[{"@type":"ReadAction","target":["https:\/\/www.isaac-del-toro.mx\/fr\/isaac-del-toro-premier-mexicain-remporte-uae-tour\/"]}]},{"@type":"BreadcrumbList","@id":"https:\/\/www.isaac-del-toro.mx\/fr\/isaac-del-toro-premier-mexicain-remporte-uae-tour\/#breadcrumb","itemListElement":[{"@type":"ListItem","position":1,"name":"Start","item":"https:\/\/www.isaac-del-toro.mx\/fr\/"},{"@type":"ListItem","position":2,"name":"Isaac del Toro devient le premier Mexicain \u00e0 remporter l&#8217;UAE Tour"}]},{"@type":"WebSite","@id":"https:\/\/www.isaac-del-toro.mx\/fr\/#website","url":"https:\/\/www.isaac-del-toro.mx\/fr\/","name":"Isaac del Toro Romero","description":"","publisher":{"@id":"https:\/\/www.isaac-del-toro.mx\/fr\/#\/schema\/person\/7cbbcf16bd93d1b98eeb4ab7a1fbd7ba"},"potentialAction":[{"@type":"SearchAction","target":{"@type":"EntryPoint","urlTemplate":"https:\/\/www.isaac-del-toro.mx\/fr\/?s={search_term_string}"},"query-input":{"@type":"PropertyValueSpecification","valueRequired":true,"valueName":"search_term_string"}}],"inLanguage":"fr-FR"},{"@type":["Person","Organization"],"@id":"https:\/\/www.isaac-del-toro.mx\/fr\/#\/schema\/person\/7cbbcf16bd93d1b98eeb4ab7a1fbd7ba","name":"Isaac del Toro Romero","logo":{"@id":"https:\/\/www.isaac-del-toro.mx\/fr\/#\/schema\/person\/image\/"}},{"@type":"Person","@id":"https:\/\/www.isaac-del-toro.mx\/fr\/#\/schema\/person\/dcd12bccf645d7a2112bdb90aa7ff9f2","name":"Frank","sameAs":["https:\/\/www.isaac-del-toro.mx"],"url":"https:\/\/www.isaac-del-toro.mx\/fr\/author\/frank-kuglerwebarbeit-net\/"}]}},"_links":{"self":[{"href":"https:\/\/www.isaac-del-toro.mx\/fr\/wp-json\/wp\/v2\/posts\/549","targetHints":{"allow":["GET"]}}],"collection":[{"href":"https:\/\/www.isaac-del-toro.mx\/fr\/wp-json\/wp\/v2\/posts"}],"about":[{"href":"https:\/\/www.isaac-del-toro.mx\/fr\/wp-json\/wp\/v2\/types\/post"}],"author":[{"embeddable":true,"href":"https:\/\/www.isaac-del-toro.mx\/fr\/wp-json\/wp\/v2\/users\/1"}],"replies":[{"embeddable":true,"href":"https:\/\/www.isaac-del-toro.mx\/fr\/wp-json\/wp\/v2\/comments?post=549"}],"version-history":[{"count":0,"href":"https:\/\/www.isaac-del-toro.mx\/fr\/wp-json\/wp\/v2\/posts\/549\/revisions"}],"wp:attachment":[{"href":"https:\/\/www.isaac-del-toro.mx\/fr\/wp-json\/wp\/v2\/media?parent=549"}],"wp:term":[{"taxonomy":"category","embeddable":true,"href":"https:\/\/www.isaac-del-toro.mx\/fr\/wp-json\/wp\/v2\/categories?post=549"},{"taxonomy":"post_tag","embeddable":true,"href":"https:\/\/www.isaac-del-toro.mx\/fr\/wp-json\/wp\/v2\/tags?post=549"}],"curies":[{"name":"wp","href":"https:\/\/api.w.org\/{rel}","templated":true}]}}