{"id":645,"date":"2026-03-05T07:32:58","date_gmt":"2026-03-05T13:32:58","guid":{"rendered":"https:\/\/www.isaac-del-toro.mx\/isaac-del-toro-strade-bianche-2026-pogacar\/"},"modified":"2026-03-05T07:33:00","modified_gmt":"2026-03-05T13:33:00","slug":"isaac-del-toro-strade-bianche-2026-pogacar","status":"publish","type":"post","link":"https:\/\/www.isaac-del-toro.mx\/fr\/isaac-del-toro-strade-bianche-2026-pogacar\/","title":{"rendered":"Isaac del Toro participera \u00e0 la Strade Bianche 2026 aux c\u00f4t\u00e9s de Pogacar"},"content":{"rendered":"<p>Le jeune talent mexicain Isaac del Toro s&rsquo;alignera au d\u00e9part de la Strade Bianche le 7 mars 2026, une \u00e9preuve qui promet d&rsquo;\u00eatre particuli\u00e8rement relev\u00e9e avec la pr\u00e9sence du champion en titre Tadej Pogacar.<\/p>\n\n<h2>Un parcours exigeant de 202,7 kilom\u00e8tres<\/h2>\n<p>L&rsquo;\u00e9dition 2026 de la classique toscane proposera aux coureurs un parcours particuli\u00e8rement s\u00e9lectif de 202,7 kilom\u00e8tres. La course conserve sa caract\u00e9ristique embl\u00e9matique avec ses sections de &lsquo;sterrato&rsquo;, ces chemins de gravel qui font la renomm\u00e9e de l&rsquo;\u00e9preuve. Les coureurs devront n\u00e9gocier pas moins de 64 kilom\u00e8tres de ces routes blanches, qui constituent un v\u00e9ritable d\u00e9fi technique et physique.<\/p>\n\n<h2>Pogacar en qu\u00eate d&rsquo;un quatri\u00e8me succ\u00e8s<\/h2>\n<p>Le champion slov\u00e8ne Tadej Pogacar, qui a d\u00e9j\u00e0 inscrit son nom au palmar\u00e8s de l&rsquo;\u00e9preuve en 2022, 2024 et 2025, tentera d&rsquo;ajouter une quatri\u00e8me victoire \u00e0 son impressionnante collection. Sa pr\u00e9sence promet une course particuli\u00e8rement anim\u00e9e sur les routes toscanes, o\u00f9 il a d\u00e9montr\u00e9 une ma\u00eetrise exceptionnelle ces derni\u00e8res ann\u00e9es.<\/p>\n\n<p>La participation d&rsquo;Isaac del Toro \u00e0 cette \u00e9preuve prestigieuse marque une \u00e9tape importante dans sa carri\u00e8re professionnelle, alors qu&rsquo;il se mesurera \u00e0 l&rsquo;\u00e9lite du cyclisme mondial sur l&rsquo;un des parcours les plus exigeants du calendrier.<\/p>","protected":false},"excerpt":{"rendered":"<p>Le jeune talent mexicain Isaac del Toro s&rsquo;alignera au d\u00e9part de la Strade Bianche le 7 mars 2026, une \u00e9preuve [&hellip;]<\/p>\n","protected":false},"author":1,"featured_media":651,"comment_status":"open","ping_status":"open","sticky":false,"template":"","format":"standard","meta":{"footnotes":""},"categories":[49,29],"tags":[],"class_list":["post-645","post","type-post","status-publish","format-standard","has-post-thumbnail","hentry","category-actualites","category-nachrichten"],"yoast_head":"<!-- This site is optimized with the Yoast SEO plugin v27.1.1 - https:\/\/yoast.com\/product\/yoast-seo-wordpress\/ -->\n<title>Isaac del Toro confirm\u00e9 pour la Strade Bianche 2026 | Face \u00e0 Pogacar<\/title>\n<meta name=\"description\" content=\"Le jeune cycliste mexicain Isaac del Toro participera \u00e0 la Strade Bianche 2026 aux c\u00f4t\u00e9s du triple vainqueur Tadej Pogacar sur un parcours de 202,7 kilom\u00e8tres.\" \/>\n<meta name=\"robots\" content=\"index, follow, max-snippet:-1, max-image-preview:large, max-video-preview:-1\" \/>\n<link rel=\"canonical\" href=\"https:\/\/www.isaac-del-toro.mx\/fr\/isaac-del-toro-strade-bianche-2026-pogacar\/\" \/>\n<meta property=\"og:locale\" content=\"fr_FR\" \/>\n<meta property=\"og:type\" content=\"article\" \/>\n<meta property=\"og:title\" content=\"Isaac del Toro confirm\u00e9 pour la Strade Bianche 2026 | Face \u00e0 Pogacar\" \/>\n<meta property=\"og:description\" content=\"Le jeune cycliste mexicain Isaac del Toro participera \u00e0 la Strade Bianche 2026 aux c\u00f4t\u00e9s du triple vainqueur Tadej Pogacar sur un parcours de 202,7 kilom\u00e8tres.\" \/>\n<meta property=\"og:url\" content=\"https:\/\/www.isaac-del-toro.mx\/fr\/isaac-del-toro-strade-bianche-2026-pogacar\/\" \/>\n<meta property=\"og:site_name\" content=\"Isaac del Toro Romero\" \/>\n<meta property=\"article:published_time\" content=\"2026-03-05T13:32:58+00:00\" \/>\n<meta property=\"article:modified_time\" content=\"2026-03-05T13:33:00+00:00\" \/>\n<meta name=\"author\" content=\"Frank\" \/>\n<meta name=\"twitter:card\" content=\"summary_large_image\" \/>\n<meta name=\"twitter:label1\" content=\"\u00c9crit par\" \/>\n\t<meta name=\"twitter:data1\" content=\"Frank\" \/>\n\t<meta name=\"twitter:label2\" content=\"Dur\u00e9e de lecture estim\u00e9e\" \/>\n\t<meta name=\"twitter:data2\" content=\"1 minute\" \/>\n<script type=\"application\/ld+json\" class=\"yoast-schema-graph\">{\"@context\":\"https:\/\/schema.org\",\"@graph\":[{\"@type\":\"Article\",\"@id\":\"https:\/\/www.isaac-del-toro.mx\/fr\/isaac-del-toro-strade-bianche-2026-pogacar\/#article\",\"isPartOf\":{\"@id\":\"https:\/\/www.isaac-del-toro.mx\/fr\/isaac-del-toro-strade-bianche-2026-pogacar\/\"},\"author\":{\"name\":\"Frank\",\"@id\":\"https:\/\/www.isaac-del-toro.mx\/fr\/#\/schema\/person\/dcd12bccf645d7a2112bdb90aa7ff9f2\"},\"headline\":\"Isaac del Toro participera \u00e0 la Strade Bianche 2026 aux c\u00f4t\u00e9s de Pogacar\",\"datePublished\":\"2026-03-05T13:32:58+00:00\",\"dateModified\":\"2026-03-05T13:33:00+00:00\",\"mainEntityOfPage\":{\"@id\":\"https:\/\/www.isaac-del-toro.mx\/fr\/isaac-del-toro-strade-bianche-2026-pogacar\/\"},\"wordCount\":231,\"commentCount\":0,\"publisher\":{\"@id\":\"https:\/\/www.isaac-del-toro.mx\/fr\/#\/schema\/person\/7cbbcf16bd93d1b98eeb4ab7a1fbd7ba\"},\"image\":{\"@id\":\"https:\/\/www.isaac-del-toro.mx\/fr\/isaac-del-toro-strade-bianche-2026-pogacar\/#primaryimage\"},\"thumbnailUrl\":\"https:\/\/www.isaac-del-toro.mx\/wp-content\/uploads\/2026\/03\/strade-bianche-2026.webp\",\"articleSection\":[\"Actualit\u00e9s\",\"Nachrichten\"],\"inLanguage\":\"fr-FR\",\"potentialAction\":[{\"@type\":\"CommentAction\",\"name\":\"Comment\",\"target\":[\"https:\/\/www.isaac-del-toro.mx\/fr\/isaac-del-toro-strade-bianche-2026-pogacar\/#respond\"]}]},{\"@type\":\"WebPage\",\"@id\":\"https:\/\/www.isaac-del-toro.mx\/fr\/isaac-del-toro-strade-bianche-2026-pogacar\/\",\"url\":\"https:\/\/www.isaac-del-toro.mx\/fr\/isaac-del-toro-strade-bianche-2026-pogacar\/\",\"name\":\"Isaac del Toro confirm\u00e9 pour la Strade Bianche 2026 | Face \u00e0 Pogacar\",\"isPartOf\":{\"@id\":\"https:\/\/www.isaac-del-toro.mx\/fr\/#website\"},\"primaryImageOfPage\":{\"@id\":\"https:\/\/www.isaac-del-toro.mx\/fr\/isaac-del-toro-strade-bianche-2026-pogacar\/#primaryimage\"},\"image\":{\"@id\":\"https:\/\/www.isaac-del-toro.mx\/fr\/isaac-del-toro-strade-bianche-2026-pogacar\/#primaryimage\"},\"thumbnailUrl\":\"https:\/\/www.isaac-del-toro.mx\/wp-content\/uploads\/2026\/03\/strade-bianche-2026.webp\",\"datePublished\":\"2026-03-05T13:32:58+00:00\",\"dateModified\":\"2026-03-05T13:33:00+00:00\",\"description\":\"Le jeune cycliste mexicain Isaac del Toro participera \u00e0 la Strade Bianche 2026 aux c\u00f4t\u00e9s du triple vainqueur Tadej Pogacar sur un parcours de 202,7 kilom\u00e8tres.\",\"breadcrumb\":{\"@id\":\"https:\/\/www.isaac-del-toro.mx\/fr\/isaac-del-toro-strade-bianche-2026-pogacar\/#breadcrumb\"},\"inLanguage\":\"fr-FR\",\"potentialAction\":[{\"@type\":\"ReadAction\",\"target\":[\"https:\/\/www.isaac-del-toro.mx\/fr\/isaac-del-toro-strade-bianche-2026-pogacar\/\"]}]},{\"@type\":\"ImageObject\",\"inLanguage\":\"fr-FR\",\"@id\":\"https:\/\/www.isaac-del-toro.mx\/fr\/isaac-del-toro-strade-bianche-2026-pogacar\/#primaryimage\",\"url\":\"https:\/\/www.isaac-del-toro.mx\/wp-content\/uploads\/2026\/03\/strade-bianche-2026.webp\",\"contentUrl\":\"https:\/\/www.isaac-del-toro.mx\/wp-content\/uploads\/2026\/03\/strade-bianche-2026.webp\",\"width\":1376,\"height\":768},{\"@type\":\"BreadcrumbList\",\"@id\":\"https:\/\/www.isaac-del-toro.mx\/fr\/isaac-del-toro-strade-bianche-2026-pogacar\/#breadcrumb\",\"itemListElement\":[{\"@type\":\"ListItem\",\"position\":1,\"name\":\"Start\",\"item\":\"https:\/\/www.isaac-del-toro.mx\/fr\/\"},{\"@type\":\"ListItem\",\"position\":2,\"name\":\"Isaac del Toro participera \u00e0 la Strade Bianche 2026 aux c\u00f4t\u00e9s de Pogacar\"}]},{\"@type\":\"WebSite\",\"@id\":\"https:\/\/www.isaac-del-toro.mx\/fr\/#website\",\"url\":\"https:\/\/www.isaac-del-toro.mx\/fr\/\",\"name\":\"Isaac del Toro Romero\",\"description\":\"\",\"publisher\":{\"@id\":\"https:\/\/www.isaac-del-toro.mx\/fr\/#\/schema\/person\/7cbbcf16bd93d1b98eeb4ab7a1fbd7ba\"},\"potentialAction\":[{\"@type\":\"SearchAction\",\"target\":{\"@type\":\"EntryPoint\",\"urlTemplate\":\"https:\/\/www.isaac-del-toro.mx\/fr\/?s={search_term_string}\"},\"query-input\":{\"@type\":\"PropertyValueSpecification\",\"valueRequired\":true,\"valueName\":\"search_term_string\"}}],\"inLanguage\":\"fr-FR\"},{\"@type\":[\"Person\",\"Organization\"],\"@id\":\"https:\/\/www.isaac-del-toro.mx\/fr\/#\/schema\/person\/7cbbcf16bd93d1b98eeb4ab7a1fbd7ba\",\"name\":\"Isaac del Toro Romero\",\"logo\":{\"@id\":\"https:\/\/www.isaac-del-toro.mx\/fr\/#\/schema\/person\/image\/\"}},{\"@type\":\"Person\",\"@id\":\"https:\/\/www.isaac-del-toro.mx\/fr\/#\/schema\/person\/dcd12bccf645d7a2112bdb90aa7ff9f2\",\"name\":\"Frank\",\"sameAs\":[\"https:\/\/www.isaac-del-toro.mx\"],\"url\":\"https:\/\/www.isaac-del-toro.mx\/fr\/author\/frank-kuglerwebarbeit-net\/\"}]}<\/script>\n<!-- \/ Yoast SEO plugin. -->","yoast_head_json":{"title":"Isaac del Toro confirm\u00e9 pour la Strade Bianche 2026 | Face \u00e0 Pogacar","description":"Le jeune cycliste mexicain Isaac del Toro participera \u00e0 la Strade Bianche 2026 aux c\u00f4t\u00e9s du triple vainqueur Tadej Pogacar sur un parcours de 202,7 kilom\u00e8tres.","robots":{"index":"index","follow":"follow","max-snippet":"max-snippet:-1","max-image-preview":"max-image-preview:large","max-video-preview":"max-video-preview:-1"},"canonical":"https:\/\/www.isaac-del-toro.mx\/fr\/isaac-del-toro-strade-bianche-2026-pogacar\/","og_locale":"fr_FR","og_type":"article","og_title":"Isaac del Toro confirm\u00e9 pour la Strade Bianche 2026 | Face \u00e0 Pogacar","og_description":"Le jeune cycliste mexicain Isaac del Toro participera \u00e0 la Strade Bianche 2026 aux c\u00f4t\u00e9s du triple vainqueur Tadej Pogacar sur un parcours de 202,7 kilom\u00e8tres.","og_url":"https:\/\/www.isaac-del-toro.mx\/fr\/isaac-del-toro-strade-bianche-2026-pogacar\/","og_site_name":"Isaac del Toro Romero","article_published_time":"2026-03-05T13:32:58+00:00","article_modified_time":"2026-03-05T13:33:00+00:00","author":"Frank","twitter_card":"summary_large_image","twitter_misc":{"\u00c9crit par":"Frank","Dur\u00e9e de lecture estim\u00e9e":"1 minute"},"schema":{"@context":"https:\/\/schema.org","@graph":[{"@type":"Article","@id":"https:\/\/www.isaac-del-toro.mx\/fr\/isaac-del-toro-strade-bianche-2026-pogacar\/#article","isPartOf":{"@id":"https:\/\/www.isaac-del-toro.mx\/fr\/isaac-del-toro-strade-bianche-2026-pogacar\/"},"author":{"name":"Frank","@id":"https:\/\/www.isaac-del-toro.mx\/fr\/#\/schema\/person\/dcd12bccf645d7a2112bdb90aa7ff9f2"},"headline":"Isaac del Toro participera \u00e0 la Strade Bianche 2026 aux c\u00f4t\u00e9s de Pogacar","datePublished":"2026-03-05T13:32:58+00:00","dateModified":"2026-03-05T13:33:00+00:00","mainEntityOfPage":{"@id":"https:\/\/www.isaac-del-toro.mx\/fr\/isaac-del-toro-strade-bianche-2026-pogacar\/"},"wordCount":231,"commentCount":0,"publisher":{"@id":"https:\/\/www.isaac-del-toro.mx\/fr\/#\/schema\/person\/7cbbcf16bd93d1b98eeb4ab7a1fbd7ba"},"image":{"@id":"https:\/\/www.isaac-del-toro.mx\/fr\/isaac-del-toro-strade-bianche-2026-pogacar\/#primaryimage"},"thumbnailUrl":"https:\/\/www.isaac-del-toro.mx\/wp-content\/uploads\/2026\/03\/strade-bianche-2026.webp","articleSection":["Actualit\u00e9s","Nachrichten"],"inLanguage":"fr-FR","potentialAction":[{"@type":"CommentAction","name":"Comment","target":["https:\/\/www.isaac-del-toro.mx\/fr\/isaac-del-toro-strade-bianche-2026-pogacar\/#respond"]}]},{"@type":"WebPage","@id":"https:\/\/www.isaac-del-toro.mx\/fr\/isaac-del-toro-strade-bianche-2026-pogacar\/","url":"https:\/\/www.isaac-del-toro.mx\/fr\/isaac-del-toro-strade-bianche-2026-pogacar\/","name":"Isaac del Toro confirm\u00e9 pour la Strade Bianche 2026 | Face \u00e0 Pogacar","isPartOf":{"@id":"https:\/\/www.isaac-del-toro.mx\/fr\/#website"},"primaryImageOfPage":{"@id":"https:\/\/www.isaac-del-toro.mx\/fr\/isaac-del-toro-strade-bianche-2026-pogacar\/#primaryimage"},"image":{"@id":"https:\/\/www.isaac-del-toro.mx\/fr\/isaac-del-toro-strade-bianche-2026-pogacar\/#primaryimage"},"thumbnailUrl":"https:\/\/www.isaac-del-toro.mx\/wp-content\/uploads\/2026\/03\/strade-bianche-2026.webp","datePublished":"2026-03-05T13:32:58+00:00","dateModified":"2026-03-05T13:33:00+00:00","description":"Le jeune cycliste mexicain Isaac del Toro participera \u00e0 la Strade Bianche 2026 aux c\u00f4t\u00e9s du triple vainqueur Tadej Pogacar sur un parcours de 202,7 kilom\u00e8tres.","breadcrumb":{"@id":"https:\/\/www.isaac-del-toro.mx\/fr\/isaac-del-toro-strade-bianche-2026-pogacar\/#breadcrumb"},"inLanguage":"fr-FR","potentialAction":[{"@type":"ReadAction","target":["https:\/\/www.isaac-del-toro.mx\/fr\/isaac-del-toro-strade-bianche-2026-pogacar\/"]}]},{"@type":"ImageObject","inLanguage":"fr-FR","@id":"https:\/\/www.isaac-del-toro.mx\/fr\/isaac-del-toro-strade-bianche-2026-pogacar\/#primaryimage","url":"https:\/\/www.isaac-del-toro.mx\/wp-content\/uploads\/2026\/03\/strade-bianche-2026.webp","contentUrl":"https:\/\/www.isaac-del-toro.mx\/wp-content\/uploads\/2026\/03\/strade-bianche-2026.webp","width":1376,"height":768},{"@type":"BreadcrumbList","@id":"https:\/\/www.isaac-del-toro.mx\/fr\/isaac-del-toro-strade-bianche-2026-pogacar\/#breadcrumb","itemListElement":[{"@type":"ListItem","position":1,"name":"Start","item":"https:\/\/www.isaac-del-toro.mx\/fr\/"},{"@type":"ListItem","position":2,"name":"Isaac del Toro participera \u00e0 la Strade Bianche 2026 aux c\u00f4t\u00e9s de Pogacar"}]},{"@type":"WebSite","@id":"https:\/\/www.isaac-del-toro.mx\/fr\/#website","url":"https:\/\/www.isaac-del-toro.mx\/fr\/","name":"Isaac del Toro Romero","description":"","publisher":{"@id":"https:\/\/www.isaac-del-toro.mx\/fr\/#\/schema\/person\/7cbbcf16bd93d1b98eeb4ab7a1fbd7ba"},"potentialAction":[{"@type":"SearchAction","target":{"@type":"EntryPoint","urlTemplate":"https:\/\/www.isaac-del-toro.mx\/fr\/?s={search_term_string}"},"query-input":{"@type":"PropertyValueSpecification","valueRequired":true,"valueName":"search_term_string"}}],"inLanguage":"fr-FR"},{"@type":["Person","Organization"],"@id":"https:\/\/www.isaac-del-toro.mx\/fr\/#\/schema\/person\/7cbbcf16bd93d1b98eeb4ab7a1fbd7ba","name":"Isaac del Toro Romero","logo":{"@id":"https:\/\/www.isaac-del-toro.mx\/fr\/#\/schema\/person\/image\/"}},{"@type":"Person","@id":"https:\/\/www.isaac-del-toro.mx\/fr\/#\/schema\/person\/dcd12bccf645d7a2112bdb90aa7ff9f2","name":"Frank","sameAs":["https:\/\/www.isaac-del-toro.mx"],"url":"https:\/\/www.isaac-del-toro.mx\/fr\/author\/frank-kuglerwebarbeit-net\/"}]}},"_links":{"self":[{"href":"https:\/\/www.isaac-del-toro.mx\/fr\/wp-json\/wp\/v2\/posts\/645","targetHints":{"allow":["GET"]}}],"collection":[{"href":"https:\/\/www.isaac-del-toro.mx\/fr\/wp-json\/wp\/v2\/posts"}],"about":[{"href":"https:\/\/www.isaac-del-toro.mx\/fr\/wp-json\/wp\/v2\/types\/post"}],"author":[{"embeddable":true,"href":"https:\/\/www.isaac-del-toro.mx\/fr\/wp-json\/wp\/v2\/users\/1"}],"replies":[{"embeddable":true,"href":"https:\/\/www.isaac-del-toro.mx\/fr\/wp-json\/wp\/v2\/comments?post=645"}],"version-history":[{"count":0,"href":"https:\/\/www.isaac-del-toro.mx\/fr\/wp-json\/wp\/v2\/posts\/645\/revisions"}],"wp:featuredmedia":[{"embeddable":true,"href":"https:\/\/www.isaac-del-toro.mx\/fr\/wp-json\/wp\/v2\/media\/651"}],"wp:attachment":[{"href":"https:\/\/www.isaac-del-toro.mx\/fr\/wp-json\/wp\/v2\/media?parent=645"}],"wp:term":[{"taxonomy":"category","embeddable":true,"href":"https:\/\/www.isaac-del-toro.mx\/fr\/wp-json\/wp\/v2\/categories?post=645"},{"taxonomy":"post_tag","embeddable":true,"href":"https:\/\/www.isaac-del-toro.mx\/fr\/wp-json\/wp\/v2\/tags?post=645"}],"curies":[{"name":"wp","href":"https:\/\/api.w.org\/{rel}","templated":true}]}}