{"id":656,"date":"2026-03-07T09:54:26","date_gmt":"2026-03-07T15:54:26","guid":{"rendered":"https:\/\/www.isaac-del-toro.mx\/del-toro-podium-strade-bianche-2026\/"},"modified":"2026-03-07T09:54:28","modified_gmt":"2026-03-07T15:54:28","slug":"del-toro-podium-strade-bianche-2026","status":"publish","type":"post","link":"https:\/\/www.isaac-del-toro.mx\/fr\/del-toro-podium-strade-bianche-2026\/","title":{"rendered":"Del Toro D\u00e9croche le Podium au Strade Bianche 2026"},"content":{"rendered":"<p>Le jeune coureur Isaac del Toro a confirm\u00e9 son talent en d\u00e9crochant une remarquable troisi\u00e8me place lors de la 20e \u00e9dition du Strade Bianche, disput\u00e9e le 7 mars 2026. Sur les routes blanches de Toscane, il s&rsquo;est distingu\u00e9 au terme d&rsquo;une course exigeante de 201 kilom\u00e8tres entre Sienne et Sienne.<\/p>\n\n<h2>Une Performance de Haut Vol<\/h2>\n<p>Dans cette \u00e9preuve prestigieuse, del Toro s&rsquo;est montr\u00e9 particuli\u00e8rement vigilant, suivant avec brio les mouvements des favoris. Le coureur de UAE Team Emirates a franchi la ligne d&rsquo;arriv\u00e9e avec un retard de 1 minute et 9 secondes sur son co\u00e9quipier victorieux Tadej Poga\u010dar, et seulement 8 secondes derri\u00e8re Paul Seixas, qui a pris la deuxi\u00e8me place.<\/p>\n\n<h2>Une Course Tactique<\/h2>\n<p>La course s&rsquo;est jou\u00e9e sur les c\u00e9l\u00e8bres chemins de gravier toscans, o\u00f9 del Toro a fait preuve d&rsquo;une excellente lecture tactique. Le moment d\u00e9cisif est survenu lors d&rsquo;une attaque tranchante de Poga\u010dar, qui a fa\u00e7onn\u00e9 le podium final. Del Toro a su parfaitement g\u00e9rer son effort pour conserver sa position sur le podium, d\u00e9montrant sa capacit\u00e9 \u00e0 briller sur les parcours les plus exigeants.<\/p>\n\n<p>Cette performance sur les routes blanches de Toscane vient enrichir le palmar\u00e8s du coureur, qui confirme ainsi sa place parmi les talents \u00e9mergents du peloton international. La troisi\u00e8me place au Strade Bianche, une des courses les plus prestigieuses du calendrier, t\u00e9moigne de sa progression constante au plus haut niveau.<\/p>","protected":false},"excerpt":{"rendered":"<p>Le jeune coureur Isaac del Toro a confirm\u00e9 son talent en d\u00e9crochant une remarquable troisi\u00e8me place lors de la 20e [&hellip;]<\/p>\n","protected":false},"author":1,"featured_media":651,"comment_status":"open","ping_status":"open","sticky":false,"template":"","format":"standard","meta":{"footnotes":""},"categories":[49,29],"tags":[],"class_list":["post-656","post","type-post","status-publish","format-standard","has-post-thumbnail","hentry","category-actualites","category-nachrichten"],"yoast_head":"<!-- This site is optimized with the Yoast SEO plugin v27.1.1 - https:\/\/yoast.com\/product\/yoast-seo-wordpress\/ -->\n<title>Isaac del Toro : Une Brillante Troisi\u00e8me Place au Strade Bianche 2026<\/title>\n<meta name=\"description\" content=\"Isaac del Toro s&#039;est illustr\u00e9 au Strade Bianche 2026 en terminant troisi\u00e8me derri\u00e8re Tadej Poga\u010dar et Paul Seixas sur le parcours mythique de Sienne.\" \/>\n<meta name=\"robots\" content=\"index, follow, max-snippet:-1, max-image-preview:large, max-video-preview:-1\" \/>\n<link rel=\"canonical\" href=\"https:\/\/www.isaac-del-toro.mx\/fr\/del-toro-podium-strade-bianche-2026\/\" \/>\n<meta property=\"og:locale\" content=\"fr_FR\" \/>\n<meta property=\"og:type\" content=\"article\" \/>\n<meta property=\"og:title\" content=\"Isaac del Toro : Une Brillante Troisi\u00e8me Place au Strade Bianche 2026\" \/>\n<meta property=\"og:description\" content=\"Isaac del Toro s&#039;est illustr\u00e9 au Strade Bianche 2026 en terminant troisi\u00e8me derri\u00e8re Tadej Poga\u010dar et Paul Seixas sur le parcours mythique de Sienne.\" \/>\n<meta property=\"og:url\" content=\"https:\/\/www.isaac-del-toro.mx\/fr\/del-toro-podium-strade-bianche-2026\/\" \/>\n<meta property=\"og:site_name\" content=\"Isaac del Toro Romero\" \/>\n<meta property=\"article:published_time\" content=\"2026-03-07T15:54:26+00:00\" \/>\n<meta property=\"article:modified_time\" content=\"2026-03-07T15:54:28+00:00\" \/>\n<meta name=\"author\" content=\"Frank\" \/>\n<meta name=\"twitter:card\" content=\"summary_large_image\" \/>\n<meta name=\"twitter:label1\" content=\"\u00c9crit par\" \/>\n\t<meta name=\"twitter:data1\" content=\"Frank\" \/>\n\t<meta name=\"twitter:label2\" content=\"Dur\u00e9e de lecture estim\u00e9e\" \/>\n\t<meta name=\"twitter:data2\" content=\"1 minute\" \/>\n<script type=\"application\/ld+json\" class=\"yoast-schema-graph\">{\"@context\":\"https:\/\/schema.org\",\"@graph\":[{\"@type\":\"Article\",\"@id\":\"https:\/\/www.isaac-del-toro.mx\/fr\/del-toro-podium-strade-bianche-2026\/#article\",\"isPartOf\":{\"@id\":\"https:\/\/www.isaac-del-toro.mx\/fr\/del-toro-podium-strade-bianche-2026\/\"},\"author\":{\"name\":\"Frank\",\"@id\":\"https:\/\/www.isaac-del-toro.mx\/fr\/#\/schema\/person\/dcd12bccf645d7a2112bdb90aa7ff9f2\"},\"headline\":\"Del Toro D\u00e9croche le Podium au Strade Bianche 2026\",\"datePublished\":\"2026-03-07T15:54:26+00:00\",\"dateModified\":\"2026-03-07T15:54:28+00:00\",\"mainEntityOfPage\":{\"@id\":\"https:\/\/www.isaac-del-toro.mx\/fr\/del-toro-podium-strade-bianche-2026\/\"},\"wordCount\":257,\"commentCount\":0,\"publisher\":{\"@id\":\"https:\/\/www.isaac-del-toro.mx\/fr\/#\/schema\/person\/7cbbcf16bd93d1b98eeb4ab7a1fbd7ba\"},\"image\":{\"@id\":\"https:\/\/www.isaac-del-toro.mx\/fr\/del-toro-podium-strade-bianche-2026\/#primaryimage\"},\"thumbnailUrl\":\"https:\/\/www.isaac-del-toro.mx\/wp-content\/uploads\/2026\/03\/strade-bianche-2026.webp\",\"articleSection\":[\"Actualit\u00e9s\",\"Nachrichten\"],\"inLanguage\":\"fr-FR\",\"potentialAction\":[{\"@type\":\"CommentAction\",\"name\":\"Comment\",\"target\":[\"https:\/\/www.isaac-del-toro.mx\/fr\/del-toro-podium-strade-bianche-2026\/#respond\"]}]},{\"@type\":\"WebPage\",\"@id\":\"https:\/\/www.isaac-del-toro.mx\/fr\/del-toro-podium-strade-bianche-2026\/\",\"url\":\"https:\/\/www.isaac-del-toro.mx\/fr\/del-toro-podium-strade-bianche-2026\/\",\"name\":\"Isaac del Toro : Une Brillante Troisi\u00e8me Place au Strade Bianche 2026\",\"isPartOf\":{\"@id\":\"https:\/\/www.isaac-del-toro.mx\/fr\/#website\"},\"primaryImageOfPage\":{\"@id\":\"https:\/\/www.isaac-del-toro.mx\/fr\/del-toro-podium-strade-bianche-2026\/#primaryimage\"},\"image\":{\"@id\":\"https:\/\/www.isaac-del-toro.mx\/fr\/del-toro-podium-strade-bianche-2026\/#primaryimage\"},\"thumbnailUrl\":\"https:\/\/www.isaac-del-toro.mx\/wp-content\/uploads\/2026\/03\/strade-bianche-2026.webp\",\"datePublished\":\"2026-03-07T15:54:26+00:00\",\"dateModified\":\"2026-03-07T15:54:28+00:00\",\"description\":\"Isaac del Toro s'est illustr\u00e9 au Strade Bianche 2026 en terminant troisi\u00e8me derri\u00e8re Tadej Poga\u010dar et Paul Seixas sur le parcours mythique de Sienne.\",\"breadcrumb\":{\"@id\":\"https:\/\/www.isaac-del-toro.mx\/fr\/del-toro-podium-strade-bianche-2026\/#breadcrumb\"},\"inLanguage\":\"fr-FR\",\"potentialAction\":[{\"@type\":\"ReadAction\",\"target\":[\"https:\/\/www.isaac-del-toro.mx\/fr\/del-toro-podium-strade-bianche-2026\/\"]}]},{\"@type\":\"ImageObject\",\"inLanguage\":\"fr-FR\",\"@id\":\"https:\/\/www.isaac-del-toro.mx\/fr\/del-toro-podium-strade-bianche-2026\/#primaryimage\",\"url\":\"https:\/\/www.isaac-del-toro.mx\/wp-content\/uploads\/2026\/03\/strade-bianche-2026.webp\",\"contentUrl\":\"https:\/\/www.isaac-del-toro.mx\/wp-content\/uploads\/2026\/03\/strade-bianche-2026.webp\",\"width\":1376,\"height\":768},{\"@type\":\"BreadcrumbList\",\"@id\":\"https:\/\/www.isaac-del-toro.mx\/fr\/del-toro-podium-strade-bianche-2026\/#breadcrumb\",\"itemListElement\":[{\"@type\":\"ListItem\",\"position\":1,\"name\":\"Start\",\"item\":\"https:\/\/www.isaac-del-toro.mx\/fr\/\"},{\"@type\":\"ListItem\",\"position\":2,\"name\":\"Del Toro D\u00e9croche le Podium au Strade Bianche 2026\"}]},{\"@type\":\"WebSite\",\"@id\":\"https:\/\/www.isaac-del-toro.mx\/fr\/#website\",\"url\":\"https:\/\/www.isaac-del-toro.mx\/fr\/\",\"name\":\"Isaac del Toro Romero\",\"description\":\"\",\"publisher\":{\"@id\":\"https:\/\/www.isaac-del-toro.mx\/fr\/#\/schema\/person\/7cbbcf16bd93d1b98eeb4ab7a1fbd7ba\"},\"potentialAction\":[{\"@type\":\"SearchAction\",\"target\":{\"@type\":\"EntryPoint\",\"urlTemplate\":\"https:\/\/www.isaac-del-toro.mx\/fr\/?s={search_term_string}\"},\"query-input\":{\"@type\":\"PropertyValueSpecification\",\"valueRequired\":true,\"valueName\":\"search_term_string\"}}],\"inLanguage\":\"fr-FR\"},{\"@type\":[\"Person\",\"Organization\"],\"@id\":\"https:\/\/www.isaac-del-toro.mx\/fr\/#\/schema\/person\/7cbbcf16bd93d1b98eeb4ab7a1fbd7ba\",\"name\":\"Isaac del Toro Romero\",\"logo\":{\"@id\":\"https:\/\/www.isaac-del-toro.mx\/fr\/#\/schema\/person\/image\/\"}},{\"@type\":\"Person\",\"@id\":\"https:\/\/www.isaac-del-toro.mx\/fr\/#\/schema\/person\/dcd12bccf645d7a2112bdb90aa7ff9f2\",\"name\":\"Frank\",\"sameAs\":[\"https:\/\/www.isaac-del-toro.mx\"],\"url\":\"https:\/\/www.isaac-del-toro.mx\/fr\/author\/frank-kuglerwebarbeit-net\/\"}]}<\/script>\n<!-- \/ Yoast SEO plugin. -->","yoast_head_json":{"title":"Isaac del Toro : Une Brillante Troisi\u00e8me Place au Strade Bianche 2026","description":"Isaac del Toro s'est illustr\u00e9 au Strade Bianche 2026 en terminant troisi\u00e8me derri\u00e8re Tadej Poga\u010dar et Paul Seixas sur le parcours mythique de Sienne.","robots":{"index":"index","follow":"follow","max-snippet":"max-snippet:-1","max-image-preview":"max-image-preview:large","max-video-preview":"max-video-preview:-1"},"canonical":"https:\/\/www.isaac-del-toro.mx\/fr\/del-toro-podium-strade-bianche-2026\/","og_locale":"fr_FR","og_type":"article","og_title":"Isaac del Toro : Une Brillante Troisi\u00e8me Place au Strade Bianche 2026","og_description":"Isaac del Toro s'est illustr\u00e9 au Strade Bianche 2026 en terminant troisi\u00e8me derri\u00e8re Tadej Poga\u010dar et Paul Seixas sur le parcours mythique de Sienne.","og_url":"https:\/\/www.isaac-del-toro.mx\/fr\/del-toro-podium-strade-bianche-2026\/","og_site_name":"Isaac del Toro Romero","article_published_time":"2026-03-07T15:54:26+00:00","article_modified_time":"2026-03-07T15:54:28+00:00","author":"Frank","twitter_card":"summary_large_image","twitter_misc":{"\u00c9crit par":"Frank","Dur\u00e9e de lecture estim\u00e9e":"1 minute"},"schema":{"@context":"https:\/\/schema.org","@graph":[{"@type":"Article","@id":"https:\/\/www.isaac-del-toro.mx\/fr\/del-toro-podium-strade-bianche-2026\/#article","isPartOf":{"@id":"https:\/\/www.isaac-del-toro.mx\/fr\/del-toro-podium-strade-bianche-2026\/"},"author":{"name":"Frank","@id":"https:\/\/www.isaac-del-toro.mx\/fr\/#\/schema\/person\/dcd12bccf645d7a2112bdb90aa7ff9f2"},"headline":"Del Toro D\u00e9croche le Podium au Strade Bianche 2026","datePublished":"2026-03-07T15:54:26+00:00","dateModified":"2026-03-07T15:54:28+00:00","mainEntityOfPage":{"@id":"https:\/\/www.isaac-del-toro.mx\/fr\/del-toro-podium-strade-bianche-2026\/"},"wordCount":257,"commentCount":0,"publisher":{"@id":"https:\/\/www.isaac-del-toro.mx\/fr\/#\/schema\/person\/7cbbcf16bd93d1b98eeb4ab7a1fbd7ba"},"image":{"@id":"https:\/\/www.isaac-del-toro.mx\/fr\/del-toro-podium-strade-bianche-2026\/#primaryimage"},"thumbnailUrl":"https:\/\/www.isaac-del-toro.mx\/wp-content\/uploads\/2026\/03\/strade-bianche-2026.webp","articleSection":["Actualit\u00e9s","Nachrichten"],"inLanguage":"fr-FR","potentialAction":[{"@type":"CommentAction","name":"Comment","target":["https:\/\/www.isaac-del-toro.mx\/fr\/del-toro-podium-strade-bianche-2026\/#respond"]}]},{"@type":"WebPage","@id":"https:\/\/www.isaac-del-toro.mx\/fr\/del-toro-podium-strade-bianche-2026\/","url":"https:\/\/www.isaac-del-toro.mx\/fr\/del-toro-podium-strade-bianche-2026\/","name":"Isaac del Toro : Une Brillante Troisi\u00e8me Place au Strade Bianche 2026","isPartOf":{"@id":"https:\/\/www.isaac-del-toro.mx\/fr\/#website"},"primaryImageOfPage":{"@id":"https:\/\/www.isaac-del-toro.mx\/fr\/del-toro-podium-strade-bianche-2026\/#primaryimage"},"image":{"@id":"https:\/\/www.isaac-del-toro.mx\/fr\/del-toro-podium-strade-bianche-2026\/#primaryimage"},"thumbnailUrl":"https:\/\/www.isaac-del-toro.mx\/wp-content\/uploads\/2026\/03\/strade-bianche-2026.webp","datePublished":"2026-03-07T15:54:26+00:00","dateModified":"2026-03-07T15:54:28+00:00","description":"Isaac del Toro s'est illustr\u00e9 au Strade Bianche 2026 en terminant troisi\u00e8me derri\u00e8re Tadej Poga\u010dar et Paul Seixas sur le parcours mythique de Sienne.","breadcrumb":{"@id":"https:\/\/www.isaac-del-toro.mx\/fr\/del-toro-podium-strade-bianche-2026\/#breadcrumb"},"inLanguage":"fr-FR","potentialAction":[{"@type":"ReadAction","target":["https:\/\/www.isaac-del-toro.mx\/fr\/del-toro-podium-strade-bianche-2026\/"]}]},{"@type":"ImageObject","inLanguage":"fr-FR","@id":"https:\/\/www.isaac-del-toro.mx\/fr\/del-toro-podium-strade-bianche-2026\/#primaryimage","url":"https:\/\/www.isaac-del-toro.mx\/wp-content\/uploads\/2026\/03\/strade-bianche-2026.webp","contentUrl":"https:\/\/www.isaac-del-toro.mx\/wp-content\/uploads\/2026\/03\/strade-bianche-2026.webp","width":1376,"height":768},{"@type":"BreadcrumbList","@id":"https:\/\/www.isaac-del-toro.mx\/fr\/del-toro-podium-strade-bianche-2026\/#breadcrumb","itemListElement":[{"@type":"ListItem","position":1,"name":"Start","item":"https:\/\/www.isaac-del-toro.mx\/fr\/"},{"@type":"ListItem","position":2,"name":"Del Toro D\u00e9croche le Podium au Strade Bianche 2026"}]},{"@type":"WebSite","@id":"https:\/\/www.isaac-del-toro.mx\/fr\/#website","url":"https:\/\/www.isaac-del-toro.mx\/fr\/","name":"Isaac del Toro Romero","description":"","publisher":{"@id":"https:\/\/www.isaac-del-toro.mx\/fr\/#\/schema\/person\/7cbbcf16bd93d1b98eeb4ab7a1fbd7ba"},"potentialAction":[{"@type":"SearchAction","target":{"@type":"EntryPoint","urlTemplate":"https:\/\/www.isaac-del-toro.mx\/fr\/?s={search_term_string}"},"query-input":{"@type":"PropertyValueSpecification","valueRequired":true,"valueName":"search_term_string"}}],"inLanguage":"fr-FR"},{"@type":["Person","Organization"],"@id":"https:\/\/www.isaac-del-toro.mx\/fr\/#\/schema\/person\/7cbbcf16bd93d1b98eeb4ab7a1fbd7ba","name":"Isaac del Toro Romero","logo":{"@id":"https:\/\/www.isaac-del-toro.mx\/fr\/#\/schema\/person\/image\/"}},{"@type":"Person","@id":"https:\/\/www.isaac-del-toro.mx\/fr\/#\/schema\/person\/dcd12bccf645d7a2112bdb90aa7ff9f2","name":"Frank","sameAs":["https:\/\/www.isaac-del-toro.mx"],"url":"https:\/\/www.isaac-del-toro.mx\/fr\/author\/frank-kuglerwebarbeit-net\/"}]}},"_links":{"self":[{"href":"https:\/\/www.isaac-del-toro.mx\/fr\/wp-json\/wp\/v2\/posts\/656","targetHints":{"allow":["GET"]}}],"collection":[{"href":"https:\/\/www.isaac-del-toro.mx\/fr\/wp-json\/wp\/v2\/posts"}],"about":[{"href":"https:\/\/www.isaac-del-toro.mx\/fr\/wp-json\/wp\/v2\/types\/post"}],"author":[{"embeddable":true,"href":"https:\/\/www.isaac-del-toro.mx\/fr\/wp-json\/wp\/v2\/users\/1"}],"replies":[{"embeddable":true,"href":"https:\/\/www.isaac-del-toro.mx\/fr\/wp-json\/wp\/v2\/comments?post=656"}],"version-history":[{"count":0,"href":"https:\/\/www.isaac-del-toro.mx\/fr\/wp-json\/wp\/v2\/posts\/656\/revisions"}],"wp:featuredmedia":[{"embeddable":true,"href":"https:\/\/www.isaac-del-toro.mx\/fr\/wp-json\/wp\/v2\/media\/651"}],"wp:attachment":[{"href":"https:\/\/www.isaac-del-toro.mx\/fr\/wp-json\/wp\/v2\/media?parent=656"}],"wp:term":[{"taxonomy":"category","embeddable":true,"href":"https:\/\/www.isaac-del-toro.mx\/fr\/wp-json\/wp\/v2\/categories?post=656"},{"taxonomy":"post_tag","embeddable":true,"href":"https:\/\/www.isaac-del-toro.mx\/fr\/wp-json\/wp\/v2\/tags?post=656"}],"curies":[{"name":"wp","href":"https:\/\/api.w.org\/{rel}","templated":true}]}}