{"id":694,"date":"2026-03-09T03:03:58","date_gmt":"2026-03-09T09:03:58","guid":{"rendered":"https:\/\/www.isaac-del-toro.mx\/tirreno-adriatico-2026-stage-1-del-toro-itt-lido-di-camaiore\/"},"modified":"2026-03-09T03:03:58","modified_gmt":"2026-03-09T09:03:58","slug":"tirreno-adriatico-2026-stage-1-del-toro-itt-lido-di-camaiore","status":"publish","type":"post","link":"https:\/\/www.isaac-del-toro.mx\/fr\/tirreno-adriatico-2026-stage-1-del-toro-itt-lido-di-camaiore\/","title":{"rendered":"Tirreno-Adriatico : Del Toro face au chrono d&rsquo;ouverture \u00e0 Lido di Camaiore"},"content":{"rendered":"\n<p>La 61e \u00e9dition de Tirreno-Adriatico s&rsquo;\u00e9lance ce lundi avec un contre-la-montre individuel de 11,5 kilom\u00e8tres dans les rues de Lido di Camaiore. Cette premi\u00e8re \u00e9tape, enti\u00e8rement plate, donnera le ton d&rsquo;une semaine de course qui s&rsquo;annonce intense avec plus de 15 500 m\u00e8tres de d\u00e9nivel\u00e9 positif au total.<\/p>\n\n<h2>Un parcours taill\u00e9 pour les sp\u00e9cialistes<\/h2>\n<p>Le trac\u00e9 de ce contre-la-montre inaugural ne pr\u00e9sente aucune difficult\u00e9 majeure. Les coureurs s&rsquo;\u00e9lanceront d\u00e8s 12h40 pour un effort court mais intense sur un circuit urbain parfaitement plat. L&rsquo;arriv\u00e9e du dernier concurrent est pr\u00e9vue aux alentours de 15h44, marquant ainsi le premier temps fort de cette \u00e9dition 2026.<\/p>\n\n<h2>Del Toro \u00e0 l&rsquo;\u00e9preuve du chrono<\/h2>\n<p>Le jeune talent mexicain Isaac del Toro, qui porte les couleurs d&rsquo;UAE Team Emirates, fera ses d\u00e9buts dans la &lsquo;Course des Deux Mers&rsquo;. Cette premi\u00e8re \u00e9tape contre la montre repr\u00e9sente un v\u00e9ritable test pour le grimpeur, qui devra limiter les \u00e9carts avant d&rsquo;aborder les \u00e9tapes plus montagneuses o\u00f9 il pourra davantage exprimer ses qualit\u00e9s.<\/p>\n\n<h2>Une journ\u00e9e d\u00e9cisive pour le classement g\u00e9n\u00e9ral<\/h2>\n<p>Bien que courte, cette \u00e9tape inaugurale pourrait d\u00e9j\u00e0 cr\u00e9er des \u00e9carts significatifs au classement g\u00e9n\u00e9ral. Les sp\u00e9cialistes du contre-la-montre auront l&rsquo;occasion de prendre un avantage pr\u00e9cieux, alors que les grimpeurs devront se d\u00e9fendre pour maintenir leurs ambitions intactes sur cette Tirreno-Adriatico qui totalise 1 170 kilom\u00e8tres.<\/p>\n\n<p>Les premiers d\u00e9parts seront donn\u00e9s \u00e0 partir de 12h40 \u00e0 Lido di Camaiore, offrant aux spectateurs une journ\u00e9e compl\u00e8te de spectacle chronom\u00e9tr\u00e9 qui \u00e9tablira la premi\u00e8re hi\u00e9rarchie de cette \u00e9dition 2026.<\/p>\n","protected":false},"excerpt":{"rendered":"<p>La 61e \u00e9dition de Tirreno-Adriatico s&rsquo;\u00e9lance ce lundi avec un contre-la-montre individuel de 11,5 kilom\u00e8tres dans les rues de Lido [&hellip;]<\/p>\n","protected":false},"author":1,"featured_media":0,"comment_status":"open","ping_status":"open","sticky":false,"template":"","format":"standard","meta":{"footnotes":""},"categories":[72],"tags":[],"class_list":["post-694","post","type-post","status-publish","format-standard","hentry","category-avant-course"],"yoast_head":"<!-- This site is optimized with the Yoast SEO plugin v27.1.1 - https:\/\/yoast.com\/product\/yoast-seo-wordpress\/ -->\n<title>Tirreno-Adriatico : Del Toro d\u00e9bute par un chrono \u00e0 Lido di Camaiore<\/title>\n<meta name=\"description\" content=\"La 61e \u00e9dition de Tirreno-Adriatico s&#039;ouvre avec un contre-la-montre individuel de 11,5 km \u00e0 Lido di Camaiore. Le Mexicain Isaac del Toro fait ses d\u00e9buts dans l&#039;\u00e9preuve.\" \/>\n<meta name=\"robots\" content=\"index, follow, max-snippet:-1, max-image-preview:large, max-video-preview:-1\" \/>\n<link rel=\"canonical\" href=\"https:\/\/www.isaac-del-toro.mx\/fr\/tirreno-adriatico-2026-stage-1-del-toro-itt-lido-di-camaiore\/\" \/>\n<meta property=\"og:locale\" content=\"fr_FR\" \/>\n<meta property=\"og:type\" content=\"article\" \/>\n<meta property=\"og:title\" content=\"Tirreno-Adriatico : Del Toro d\u00e9bute par un chrono \u00e0 Lido di Camaiore\" \/>\n<meta property=\"og:description\" content=\"La 61e \u00e9dition de Tirreno-Adriatico s&#039;ouvre avec un contre-la-montre individuel de 11,5 km \u00e0 Lido di Camaiore. Le Mexicain Isaac del Toro fait ses d\u00e9buts dans l&#039;\u00e9preuve.\" \/>\n<meta property=\"og:url\" content=\"https:\/\/www.isaac-del-toro.mx\/fr\/tirreno-adriatico-2026-stage-1-del-toro-itt-lido-di-camaiore\/\" \/>\n<meta property=\"og:site_name\" content=\"Isaac del Toro Romero\" \/>\n<meta property=\"article:published_time\" content=\"2026-03-09T09:03:58+00:00\" \/>\n<meta name=\"author\" content=\"Frank\" \/>\n<meta name=\"twitter:card\" content=\"summary_large_image\" \/>\n<meta name=\"twitter:label1\" content=\"\u00c9crit par\" \/>\n\t<meta name=\"twitter:data1\" content=\"Frank\" \/>\n\t<meta name=\"twitter:label2\" content=\"Dur\u00e9e de lecture estim\u00e9e\" \/>\n\t<meta name=\"twitter:data2\" content=\"1 minute\" \/>\n<script type=\"application\/ld+json\" class=\"yoast-schema-graph\">{\"@context\":\"https:\/\/schema.org\",\"@graph\":[{\"@type\":\"Article\",\"@id\":\"https:\/\/www.isaac-del-toro.mx\/fr\/tirreno-adriatico-2026-stage-1-del-toro-itt-lido-di-camaiore\/#article\",\"isPartOf\":{\"@id\":\"https:\/\/www.isaac-del-toro.mx\/fr\/tirreno-adriatico-2026-stage-1-del-toro-itt-lido-di-camaiore\/\"},\"author\":{\"name\":\"Frank\",\"@id\":\"https:\/\/www.isaac-del-toro.mx\/fr\/#\/schema\/person\/dcd12bccf645d7a2112bdb90aa7ff9f2\"},\"headline\":\"Tirreno-Adriatico : Del Toro face au chrono d&rsquo;ouverture \u00e0 Lido di Camaiore\",\"datePublished\":\"2026-03-09T09:03:58+00:00\",\"mainEntityOfPage\":{\"@id\":\"https:\/\/www.isaac-del-toro.mx\/fr\/tirreno-adriatico-2026-stage-1-del-toro-itt-lido-di-camaiore\/\"},\"wordCount\":290,\"commentCount\":0,\"publisher\":{\"@id\":\"https:\/\/www.isaac-del-toro.mx\/fr\/#\/schema\/person\/7cbbcf16bd93d1b98eeb4ab7a1fbd7ba\"},\"articleSection\":[\"Avant-course\"],\"inLanguage\":\"fr-FR\",\"potentialAction\":[{\"@type\":\"CommentAction\",\"name\":\"Comment\",\"target\":[\"https:\/\/www.isaac-del-toro.mx\/fr\/tirreno-adriatico-2026-stage-1-del-toro-itt-lido-di-camaiore\/#respond\"]}]},{\"@type\":\"WebPage\",\"@id\":\"https:\/\/www.isaac-del-toro.mx\/fr\/tirreno-adriatico-2026-stage-1-del-toro-itt-lido-di-camaiore\/\",\"url\":\"https:\/\/www.isaac-del-toro.mx\/fr\/tirreno-adriatico-2026-stage-1-del-toro-itt-lido-di-camaiore\/\",\"name\":\"Tirreno-Adriatico : Del Toro d\u00e9bute par un chrono \u00e0 Lido di Camaiore\",\"isPartOf\":{\"@id\":\"https:\/\/www.isaac-del-toro.mx\/fr\/#website\"},\"datePublished\":\"2026-03-09T09:03:58+00:00\",\"description\":\"La 61e \u00e9dition de Tirreno-Adriatico s'ouvre avec un contre-la-montre individuel de 11,5 km \u00e0 Lido di Camaiore. Le Mexicain Isaac del Toro fait ses d\u00e9buts dans l'\u00e9preuve.\",\"breadcrumb\":{\"@id\":\"https:\/\/www.isaac-del-toro.mx\/fr\/tirreno-adriatico-2026-stage-1-del-toro-itt-lido-di-camaiore\/#breadcrumb\"},\"inLanguage\":\"fr-FR\",\"potentialAction\":[{\"@type\":\"ReadAction\",\"target\":[\"https:\/\/www.isaac-del-toro.mx\/fr\/tirreno-adriatico-2026-stage-1-del-toro-itt-lido-di-camaiore\/\"]}]},{\"@type\":\"BreadcrumbList\",\"@id\":\"https:\/\/www.isaac-del-toro.mx\/fr\/tirreno-adriatico-2026-stage-1-del-toro-itt-lido-di-camaiore\/#breadcrumb\",\"itemListElement\":[{\"@type\":\"ListItem\",\"position\":1,\"name\":\"Start\",\"item\":\"https:\/\/www.isaac-del-toro.mx\/fr\/\"},{\"@type\":\"ListItem\",\"position\":2,\"name\":\"Tirreno-Adriatico : Del Toro face au chrono d&#8217;ouverture \u00e0 Lido di Camaiore\"}]},{\"@type\":\"WebSite\",\"@id\":\"https:\/\/www.isaac-del-toro.mx\/fr\/#website\",\"url\":\"https:\/\/www.isaac-del-toro.mx\/fr\/\",\"name\":\"Isaac del Toro Romero\",\"description\":\"\",\"publisher\":{\"@id\":\"https:\/\/www.isaac-del-toro.mx\/fr\/#\/schema\/person\/7cbbcf16bd93d1b98eeb4ab7a1fbd7ba\"},\"potentialAction\":[{\"@type\":\"SearchAction\",\"target\":{\"@type\":\"EntryPoint\",\"urlTemplate\":\"https:\/\/www.isaac-del-toro.mx\/fr\/?s={search_term_string}\"},\"query-input\":{\"@type\":\"PropertyValueSpecification\",\"valueRequired\":true,\"valueName\":\"search_term_string\"}}],\"inLanguage\":\"fr-FR\"},{\"@type\":[\"Person\",\"Organization\"],\"@id\":\"https:\/\/www.isaac-del-toro.mx\/fr\/#\/schema\/person\/7cbbcf16bd93d1b98eeb4ab7a1fbd7ba\",\"name\":\"Isaac del Toro Romero\",\"logo\":{\"@id\":\"https:\/\/www.isaac-del-toro.mx\/fr\/#\/schema\/person\/image\/\"}},{\"@type\":\"Person\",\"@id\":\"https:\/\/www.isaac-del-toro.mx\/fr\/#\/schema\/person\/dcd12bccf645d7a2112bdb90aa7ff9f2\",\"name\":\"Frank\",\"sameAs\":[\"https:\/\/www.isaac-del-toro.mx\"],\"url\":\"https:\/\/www.isaac-del-toro.mx\/fr\/author\/frank-kuglerwebarbeit-net\/\"}]}<\/script>\n<!-- \/ Yoast SEO plugin. -->","yoast_head_json":{"title":"Tirreno-Adriatico : Del Toro d\u00e9bute par un chrono \u00e0 Lido di Camaiore","description":"La 61e \u00e9dition de Tirreno-Adriatico s'ouvre avec un contre-la-montre individuel de 11,5 km \u00e0 Lido di Camaiore. Le Mexicain Isaac del Toro fait ses d\u00e9buts dans l'\u00e9preuve.","robots":{"index":"index","follow":"follow","max-snippet":"max-snippet:-1","max-image-preview":"max-image-preview:large","max-video-preview":"max-video-preview:-1"},"canonical":"https:\/\/www.isaac-del-toro.mx\/fr\/tirreno-adriatico-2026-stage-1-del-toro-itt-lido-di-camaiore\/","og_locale":"fr_FR","og_type":"article","og_title":"Tirreno-Adriatico : Del Toro d\u00e9bute par un chrono \u00e0 Lido di Camaiore","og_description":"La 61e \u00e9dition de Tirreno-Adriatico s'ouvre avec un contre-la-montre individuel de 11,5 km \u00e0 Lido di Camaiore. Le Mexicain Isaac del Toro fait ses d\u00e9buts dans l'\u00e9preuve.","og_url":"https:\/\/www.isaac-del-toro.mx\/fr\/tirreno-adriatico-2026-stage-1-del-toro-itt-lido-di-camaiore\/","og_site_name":"Isaac del Toro Romero","article_published_time":"2026-03-09T09:03:58+00:00","author":"Frank","twitter_card":"summary_large_image","twitter_misc":{"\u00c9crit par":"Frank","Dur\u00e9e de lecture estim\u00e9e":"1 minute"},"schema":{"@context":"https:\/\/schema.org","@graph":[{"@type":"Article","@id":"https:\/\/www.isaac-del-toro.mx\/fr\/tirreno-adriatico-2026-stage-1-del-toro-itt-lido-di-camaiore\/#article","isPartOf":{"@id":"https:\/\/www.isaac-del-toro.mx\/fr\/tirreno-adriatico-2026-stage-1-del-toro-itt-lido-di-camaiore\/"},"author":{"name":"Frank","@id":"https:\/\/www.isaac-del-toro.mx\/fr\/#\/schema\/person\/dcd12bccf645d7a2112bdb90aa7ff9f2"},"headline":"Tirreno-Adriatico : Del Toro face au chrono d&rsquo;ouverture \u00e0 Lido di Camaiore","datePublished":"2026-03-09T09:03:58+00:00","mainEntityOfPage":{"@id":"https:\/\/www.isaac-del-toro.mx\/fr\/tirreno-adriatico-2026-stage-1-del-toro-itt-lido-di-camaiore\/"},"wordCount":290,"commentCount":0,"publisher":{"@id":"https:\/\/www.isaac-del-toro.mx\/fr\/#\/schema\/person\/7cbbcf16bd93d1b98eeb4ab7a1fbd7ba"},"articleSection":["Avant-course"],"inLanguage":"fr-FR","potentialAction":[{"@type":"CommentAction","name":"Comment","target":["https:\/\/www.isaac-del-toro.mx\/fr\/tirreno-adriatico-2026-stage-1-del-toro-itt-lido-di-camaiore\/#respond"]}]},{"@type":"WebPage","@id":"https:\/\/www.isaac-del-toro.mx\/fr\/tirreno-adriatico-2026-stage-1-del-toro-itt-lido-di-camaiore\/","url":"https:\/\/www.isaac-del-toro.mx\/fr\/tirreno-adriatico-2026-stage-1-del-toro-itt-lido-di-camaiore\/","name":"Tirreno-Adriatico : Del Toro d\u00e9bute par un chrono \u00e0 Lido di Camaiore","isPartOf":{"@id":"https:\/\/www.isaac-del-toro.mx\/fr\/#website"},"datePublished":"2026-03-09T09:03:58+00:00","description":"La 61e \u00e9dition de Tirreno-Adriatico s'ouvre avec un contre-la-montre individuel de 11,5 km \u00e0 Lido di Camaiore. Le Mexicain Isaac del Toro fait ses d\u00e9buts dans l'\u00e9preuve.","breadcrumb":{"@id":"https:\/\/www.isaac-del-toro.mx\/fr\/tirreno-adriatico-2026-stage-1-del-toro-itt-lido-di-camaiore\/#breadcrumb"},"inLanguage":"fr-FR","potentialAction":[{"@type":"ReadAction","target":["https:\/\/www.isaac-del-toro.mx\/fr\/tirreno-adriatico-2026-stage-1-del-toro-itt-lido-di-camaiore\/"]}]},{"@type":"BreadcrumbList","@id":"https:\/\/www.isaac-del-toro.mx\/fr\/tirreno-adriatico-2026-stage-1-del-toro-itt-lido-di-camaiore\/#breadcrumb","itemListElement":[{"@type":"ListItem","position":1,"name":"Start","item":"https:\/\/www.isaac-del-toro.mx\/fr\/"},{"@type":"ListItem","position":2,"name":"Tirreno-Adriatico : Del Toro face au chrono d&#8217;ouverture \u00e0 Lido di Camaiore"}]},{"@type":"WebSite","@id":"https:\/\/www.isaac-del-toro.mx\/fr\/#website","url":"https:\/\/www.isaac-del-toro.mx\/fr\/","name":"Isaac del Toro Romero","description":"","publisher":{"@id":"https:\/\/www.isaac-del-toro.mx\/fr\/#\/schema\/person\/7cbbcf16bd93d1b98eeb4ab7a1fbd7ba"},"potentialAction":[{"@type":"SearchAction","target":{"@type":"EntryPoint","urlTemplate":"https:\/\/www.isaac-del-toro.mx\/fr\/?s={search_term_string}"},"query-input":{"@type":"PropertyValueSpecification","valueRequired":true,"valueName":"search_term_string"}}],"inLanguage":"fr-FR"},{"@type":["Person","Organization"],"@id":"https:\/\/www.isaac-del-toro.mx\/fr\/#\/schema\/person\/7cbbcf16bd93d1b98eeb4ab7a1fbd7ba","name":"Isaac del Toro Romero","logo":{"@id":"https:\/\/www.isaac-del-toro.mx\/fr\/#\/schema\/person\/image\/"}},{"@type":"Person","@id":"https:\/\/www.isaac-del-toro.mx\/fr\/#\/schema\/person\/dcd12bccf645d7a2112bdb90aa7ff9f2","name":"Frank","sameAs":["https:\/\/www.isaac-del-toro.mx"],"url":"https:\/\/www.isaac-del-toro.mx\/fr\/author\/frank-kuglerwebarbeit-net\/"}]}},"_links":{"self":[{"href":"https:\/\/www.isaac-del-toro.mx\/fr\/wp-json\/wp\/v2\/posts\/694","targetHints":{"allow":["GET"]}}],"collection":[{"href":"https:\/\/www.isaac-del-toro.mx\/fr\/wp-json\/wp\/v2\/posts"}],"about":[{"href":"https:\/\/www.isaac-del-toro.mx\/fr\/wp-json\/wp\/v2\/types\/post"}],"author":[{"embeddable":true,"href":"https:\/\/www.isaac-del-toro.mx\/fr\/wp-json\/wp\/v2\/users\/1"}],"replies":[{"embeddable":true,"href":"https:\/\/www.isaac-del-toro.mx\/fr\/wp-json\/wp\/v2\/comments?post=694"}],"version-history":[{"count":0,"href":"https:\/\/www.isaac-del-toro.mx\/fr\/wp-json\/wp\/v2\/posts\/694\/revisions"}],"wp:attachment":[{"href":"https:\/\/www.isaac-del-toro.mx\/fr\/wp-json\/wp\/v2\/media?parent=694"}],"wp:term":[{"taxonomy":"category","embeddable":true,"href":"https:\/\/www.isaac-del-toro.mx\/fr\/wp-json\/wp\/v2\/categories?post=694"},{"taxonomy":"post_tag","embeddable":true,"href":"https:\/\/www.isaac-del-toro.mx\/fr\/wp-json\/wp\/v2\/tags?post=694"}],"curies":[{"name":"wp","href":"https:\/\/api.w.org\/{rel}","templated":true}]}}