{"id":743,"date":"2026-03-09T10:49:36","date_gmt":"2026-03-09T16:49:36","guid":{"rendered":"https:\/\/www.isaac-del-toro.mx\/del-toro-top-10-chrono-tirreno-adriatico-2026\/"},"modified":"2026-03-09T10:49:36","modified_gmt":"2026-03-09T16:49:36","slug":"del-toro-top-10-chrono-tirreno-adriatico-2026","status":"publish","type":"post","link":"https:\/\/www.isaac-del-toro.mx\/fr\/del-toro-top-10-chrono-tirreno-adriatico-2026\/","title":{"rendered":"Del Toro dans le top 10 du chrono inaugural de Tirreno-Adriatico"},"content":{"rendered":"\n<p>Le jeune talent mexicain Isaac del Toro (UAE Team Emirates) a r\u00e9alis\u00e9 une performance prometteuse en se classant dixi\u00e8me du contre-la-montre inaugural de Tirreno-Adriatico 2026. Sur les 11,5 kilom\u00e8tres du parcours de Lido di Camaiore, del Toro a conc\u00e9d\u00e9 36 secondes au vainqueur du jour, Filippo Ganna.<\/p>\n\n<h2>Ganna imp\u00e9rial sur le chrono d&rsquo;ouverture<\/h2>\n<p>Le sp\u00e9cialiste italien Filippo Ganna a d\u00e9montr\u00e9 une fois de plus sa ma\u00eetrise dans l&rsquo;exercice chronom\u00e9tr\u00e9 en s&rsquo;imposant avec un temps de 12 minutes et 8 secondes. Cette victoire lui permet d&rsquo;endosser le premier maillot de leader de l&rsquo;\u00e9preuve italienne.<\/p>\n\n<h2>Performance encourageante pour del Toro<\/h2>\n<p>La dixi\u00e8me place d&rsquo;Isaac del Toro constitue un r\u00e9sultat remarquable pour le coureur mexicain, qui se positionne avantageusement parmi les favoris du classement g\u00e9n\u00e9ral. Cette performance sur un terrain qui n&rsquo;est pas sa sp\u00e9cialit\u00e9 laisse pr\u00e9sager des ambitions l\u00e9gitimes pour la suite de l&rsquo;\u00e9preuve.<\/p>\n\n<h2>Un chrono technique \u00e0 Lido di Camaiore<\/h2>\n<p>Cette premi\u00e8re \u00e9tape contre-la-montre, disput\u00e9e sur un parcours de 11,5 kilom\u00e8tres dans la station baln\u00e9aire de Lido di Camaiore, a d&rsquo;ores et d\u00e9j\u00e0 cr\u00e9\u00e9 des \u00e9carts significatifs entre les principaux protagonistes de l&rsquo;\u00e9preuve. Les 36 secondes conc\u00e9d\u00e9es par del Toro constituent une base solide pour aborder les \u00e9tapes suivantes.<\/p>\n","protected":false},"excerpt":{"rendered":"<p>Le jeune talent mexicain Isaac del Toro (UAE Team Emirates) a r\u00e9alis\u00e9 une performance prometteuse en se classant dixi\u00e8me du [&hellip;]<\/p>\n","protected":false},"author":1,"featured_media":739,"comment_status":"open","ping_status":"open","sticky":false,"template":"","format":"standard","meta":{"footnotes":""},"categories":[68],"tags":[],"class_list":["post-743","post","type-post","status-publish","format-standard","has-post-thumbnail","hentry","category-compte-rendu"],"yoast_head":"<!-- This site is optimized with the Yoast SEO plugin v27.1.1 - https:\/\/yoast.com\/product\/yoast-seo-wordpress\/ -->\n<title>Del Toro 10e du chrono d&#039;ouverture de Tirreno-Adriatico 2026<\/title>\n<meta name=\"description\" content=\"Le Mexicain Isaac del Toro s&#039;est class\u00e9 10e du contre-la-montre inaugural de Tirreno-Adriatico 2026, remport\u00e9 par Filippo Ganna sur le parcours de Lido di Camaiore.\" \/>\n<meta name=\"robots\" content=\"index, follow, max-snippet:-1, max-image-preview:large, max-video-preview:-1\" \/>\n<link rel=\"canonical\" href=\"https:\/\/www.isaac-del-toro.mx\/fr\/del-toro-top-10-chrono-tirreno-adriatico-2026\/\" \/>\n<meta property=\"og:locale\" content=\"fr_FR\" \/>\n<meta property=\"og:type\" content=\"article\" \/>\n<meta property=\"og:title\" content=\"Del Toro 10e du chrono d&#039;ouverture de Tirreno-Adriatico 2026\" \/>\n<meta property=\"og:description\" content=\"Le Mexicain Isaac del Toro s&#039;est class\u00e9 10e du contre-la-montre inaugural de Tirreno-Adriatico 2026, remport\u00e9 par Filippo Ganna sur le parcours de Lido di Camaiore.\" \/>\n<meta property=\"og:url\" content=\"https:\/\/www.isaac-del-toro.mx\/fr\/del-toro-top-10-chrono-tirreno-adriatico-2026\/\" \/>\n<meta property=\"og:site_name\" content=\"Isaac del Toro Romero\" \/>\n<meta property=\"article:published_time\" content=\"2026-03-09T16:49:36+00:00\" \/>\n<meta property=\"og:image\" content=\"https:\/\/www.isaac-del-toro.mx\/wp-content\/uploads\/2026\/03\/job-3-20260309174830.png\" \/>\n\t<meta property=\"og:image:width\" content=\"1024\" \/>\n\t<meta property=\"og:image:height\" content=\"1024\" \/>\n\t<meta property=\"og:image:type\" content=\"image\/png\" \/>\n<meta name=\"author\" content=\"Frank\" \/>\n<meta name=\"twitter:card\" content=\"summary_large_image\" \/>\n<meta name=\"twitter:label1\" content=\"\u00c9crit par\" \/>\n\t<meta name=\"twitter:data1\" content=\"Frank\" \/>\n\t<meta name=\"twitter:label2\" content=\"Dur\u00e9e de lecture estim\u00e9e\" \/>\n\t<meta name=\"twitter:data2\" content=\"1 minute\" \/>\n<script type=\"application\/ld+json\" class=\"yoast-schema-graph\">{\"@context\":\"https:\/\/schema.org\",\"@graph\":[{\"@type\":\"Article\",\"@id\":\"https:\/\/www.isaac-del-toro.mx\/fr\/del-toro-top-10-chrono-tirreno-adriatico-2026\/#article\",\"isPartOf\":{\"@id\":\"https:\/\/www.isaac-del-toro.mx\/fr\/del-toro-top-10-chrono-tirreno-adriatico-2026\/\"},\"author\":{\"name\":\"Frank\",\"@id\":\"https:\/\/www.isaac-del-toro.mx\/fr\/#\/schema\/person\/dcd12bccf645d7a2112bdb90aa7ff9f2\"},\"headline\":\"Del Toro dans le top 10 du chrono inaugural de Tirreno-Adriatico\",\"datePublished\":\"2026-03-09T16:49:36+00:00\",\"mainEntityOfPage\":{\"@id\":\"https:\/\/www.isaac-del-toro.mx\/fr\/del-toro-top-10-chrono-tirreno-adriatico-2026\/\"},\"wordCount\":233,\"commentCount\":0,\"publisher\":{\"@id\":\"https:\/\/www.isaac-del-toro.mx\/fr\/#\/schema\/person\/7cbbcf16bd93d1b98eeb4ab7a1fbd7ba\"},\"image\":{\"@id\":\"https:\/\/www.isaac-del-toro.mx\/fr\/del-toro-top-10-chrono-tirreno-adriatico-2026\/#primaryimage\"},\"thumbnailUrl\":\"https:\/\/www.isaac-del-toro.mx\/wp-content\/uploads\/2026\/03\/job-3-20260309174830.png\",\"articleSection\":[\"Compte rendu\"],\"inLanguage\":\"fr-FR\",\"potentialAction\":[{\"@type\":\"CommentAction\",\"name\":\"Comment\",\"target\":[\"https:\/\/www.isaac-del-toro.mx\/fr\/del-toro-top-10-chrono-tirreno-adriatico-2026\/#respond\"]}]},{\"@type\":\"WebPage\",\"@id\":\"https:\/\/www.isaac-del-toro.mx\/fr\/del-toro-top-10-chrono-tirreno-adriatico-2026\/\",\"url\":\"https:\/\/www.isaac-del-toro.mx\/fr\/del-toro-top-10-chrono-tirreno-adriatico-2026\/\",\"name\":\"Del Toro 10e du chrono d'ouverture de Tirreno-Adriatico 2026\",\"isPartOf\":{\"@id\":\"https:\/\/www.isaac-del-toro.mx\/fr\/#website\"},\"primaryImageOfPage\":{\"@id\":\"https:\/\/www.isaac-del-toro.mx\/fr\/del-toro-top-10-chrono-tirreno-adriatico-2026\/#primaryimage\"},\"image\":{\"@id\":\"https:\/\/www.isaac-del-toro.mx\/fr\/del-toro-top-10-chrono-tirreno-adriatico-2026\/#primaryimage\"},\"thumbnailUrl\":\"https:\/\/www.isaac-del-toro.mx\/wp-content\/uploads\/2026\/03\/job-3-20260309174830.png\",\"datePublished\":\"2026-03-09T16:49:36+00:00\",\"description\":\"Le Mexicain Isaac del Toro s'est class\u00e9 10e du contre-la-montre inaugural de Tirreno-Adriatico 2026, remport\u00e9 par Filippo Ganna sur le parcours de Lido di Camaiore.\",\"breadcrumb\":{\"@id\":\"https:\/\/www.isaac-del-toro.mx\/fr\/del-toro-top-10-chrono-tirreno-adriatico-2026\/#breadcrumb\"},\"inLanguage\":\"fr-FR\",\"potentialAction\":[{\"@type\":\"ReadAction\",\"target\":[\"https:\/\/www.isaac-del-toro.mx\/fr\/del-toro-top-10-chrono-tirreno-adriatico-2026\/\"]}]},{\"@type\":\"ImageObject\",\"inLanguage\":\"fr-FR\",\"@id\":\"https:\/\/www.isaac-del-toro.mx\/fr\/del-toro-top-10-chrono-tirreno-adriatico-2026\/#primaryimage\",\"url\":\"https:\/\/www.isaac-del-toro.mx\/wp-content\/uploads\/2026\/03\/job-3-20260309174830.png\",\"contentUrl\":\"https:\/\/www.isaac-del-toro.mx\/wp-content\/uploads\/2026\/03\/job-3-20260309174830.png\",\"width\":1024,\"height\":1024,\"caption\":\"Isaac del Toro compitiendo en la contrarreloj de la etapa 1 del Tirreno-Adriatico 2026.\"},{\"@type\":\"BreadcrumbList\",\"@id\":\"https:\/\/www.isaac-del-toro.mx\/fr\/del-toro-top-10-chrono-tirreno-adriatico-2026\/#breadcrumb\",\"itemListElement\":[{\"@type\":\"ListItem\",\"position\":1,\"name\":\"Start\",\"item\":\"https:\/\/www.isaac-del-toro.mx\/fr\/\"},{\"@type\":\"ListItem\",\"position\":2,\"name\":\"Del Toro dans le top 10 du chrono inaugural de Tirreno-Adriatico\"}]},{\"@type\":\"WebSite\",\"@id\":\"https:\/\/www.isaac-del-toro.mx\/fr\/#website\",\"url\":\"https:\/\/www.isaac-del-toro.mx\/fr\/\",\"name\":\"Isaac del Toro Romero\",\"description\":\"\",\"publisher\":{\"@id\":\"https:\/\/www.isaac-del-toro.mx\/fr\/#\/schema\/person\/7cbbcf16bd93d1b98eeb4ab7a1fbd7ba\"},\"potentialAction\":[{\"@type\":\"SearchAction\",\"target\":{\"@type\":\"EntryPoint\",\"urlTemplate\":\"https:\/\/www.isaac-del-toro.mx\/fr\/?s={search_term_string}\"},\"query-input\":{\"@type\":\"PropertyValueSpecification\",\"valueRequired\":true,\"valueName\":\"search_term_string\"}}],\"inLanguage\":\"fr-FR\"},{\"@type\":[\"Person\",\"Organization\"],\"@id\":\"https:\/\/www.isaac-del-toro.mx\/fr\/#\/schema\/person\/7cbbcf16bd93d1b98eeb4ab7a1fbd7ba\",\"name\":\"Isaac del Toro Romero\",\"logo\":{\"@id\":\"https:\/\/www.isaac-del-toro.mx\/fr\/#\/schema\/person\/image\/\"}},{\"@type\":\"Person\",\"@id\":\"https:\/\/www.isaac-del-toro.mx\/fr\/#\/schema\/person\/dcd12bccf645d7a2112bdb90aa7ff9f2\",\"name\":\"Frank\",\"sameAs\":[\"https:\/\/www.isaac-del-toro.mx\"],\"url\":\"https:\/\/www.isaac-del-toro.mx\/fr\/author\/frank-kuglerwebarbeit-net\/\"}]}<\/script>\n<!-- \/ Yoast SEO plugin. -->","yoast_head_json":{"title":"Del Toro 10e du chrono d'ouverture de Tirreno-Adriatico 2026","description":"Le Mexicain Isaac del Toro s'est class\u00e9 10e du contre-la-montre inaugural de Tirreno-Adriatico 2026, remport\u00e9 par Filippo Ganna sur le parcours de Lido di Camaiore.","robots":{"index":"index","follow":"follow","max-snippet":"max-snippet:-1","max-image-preview":"max-image-preview:large","max-video-preview":"max-video-preview:-1"},"canonical":"https:\/\/www.isaac-del-toro.mx\/fr\/del-toro-top-10-chrono-tirreno-adriatico-2026\/","og_locale":"fr_FR","og_type":"article","og_title":"Del Toro 10e du chrono d'ouverture de Tirreno-Adriatico 2026","og_description":"Le Mexicain Isaac del Toro s'est class\u00e9 10e du contre-la-montre inaugural de Tirreno-Adriatico 2026, remport\u00e9 par Filippo Ganna sur le parcours de Lido di Camaiore.","og_url":"https:\/\/www.isaac-del-toro.mx\/fr\/del-toro-top-10-chrono-tirreno-adriatico-2026\/","og_site_name":"Isaac del Toro Romero","article_published_time":"2026-03-09T16:49:36+00:00","og_image":[{"width":1024,"height":1024,"url":"https:\/\/www.isaac-del-toro.mx\/wp-content\/uploads\/2026\/03\/job-3-20260309174830.png","type":"image\/png"}],"author":"Frank","twitter_card":"summary_large_image","twitter_misc":{"\u00c9crit par":"Frank","Dur\u00e9e de lecture estim\u00e9e":"1 minute"},"schema":{"@context":"https:\/\/schema.org","@graph":[{"@type":"Article","@id":"https:\/\/www.isaac-del-toro.mx\/fr\/del-toro-top-10-chrono-tirreno-adriatico-2026\/#article","isPartOf":{"@id":"https:\/\/www.isaac-del-toro.mx\/fr\/del-toro-top-10-chrono-tirreno-adriatico-2026\/"},"author":{"name":"Frank","@id":"https:\/\/www.isaac-del-toro.mx\/fr\/#\/schema\/person\/dcd12bccf645d7a2112bdb90aa7ff9f2"},"headline":"Del Toro dans le top 10 du chrono inaugural de Tirreno-Adriatico","datePublished":"2026-03-09T16:49:36+00:00","mainEntityOfPage":{"@id":"https:\/\/www.isaac-del-toro.mx\/fr\/del-toro-top-10-chrono-tirreno-adriatico-2026\/"},"wordCount":233,"commentCount":0,"publisher":{"@id":"https:\/\/www.isaac-del-toro.mx\/fr\/#\/schema\/person\/7cbbcf16bd93d1b98eeb4ab7a1fbd7ba"},"image":{"@id":"https:\/\/www.isaac-del-toro.mx\/fr\/del-toro-top-10-chrono-tirreno-adriatico-2026\/#primaryimage"},"thumbnailUrl":"https:\/\/www.isaac-del-toro.mx\/wp-content\/uploads\/2026\/03\/job-3-20260309174830.png","articleSection":["Compte rendu"],"inLanguage":"fr-FR","potentialAction":[{"@type":"CommentAction","name":"Comment","target":["https:\/\/www.isaac-del-toro.mx\/fr\/del-toro-top-10-chrono-tirreno-adriatico-2026\/#respond"]}]},{"@type":"WebPage","@id":"https:\/\/www.isaac-del-toro.mx\/fr\/del-toro-top-10-chrono-tirreno-adriatico-2026\/","url":"https:\/\/www.isaac-del-toro.mx\/fr\/del-toro-top-10-chrono-tirreno-adriatico-2026\/","name":"Del Toro 10e du chrono d'ouverture de Tirreno-Adriatico 2026","isPartOf":{"@id":"https:\/\/www.isaac-del-toro.mx\/fr\/#website"},"primaryImageOfPage":{"@id":"https:\/\/www.isaac-del-toro.mx\/fr\/del-toro-top-10-chrono-tirreno-adriatico-2026\/#primaryimage"},"image":{"@id":"https:\/\/www.isaac-del-toro.mx\/fr\/del-toro-top-10-chrono-tirreno-adriatico-2026\/#primaryimage"},"thumbnailUrl":"https:\/\/www.isaac-del-toro.mx\/wp-content\/uploads\/2026\/03\/job-3-20260309174830.png","datePublished":"2026-03-09T16:49:36+00:00","description":"Le Mexicain Isaac del Toro s'est class\u00e9 10e du contre-la-montre inaugural de Tirreno-Adriatico 2026, remport\u00e9 par Filippo Ganna sur le parcours de Lido di Camaiore.","breadcrumb":{"@id":"https:\/\/www.isaac-del-toro.mx\/fr\/del-toro-top-10-chrono-tirreno-adriatico-2026\/#breadcrumb"},"inLanguage":"fr-FR","potentialAction":[{"@type":"ReadAction","target":["https:\/\/www.isaac-del-toro.mx\/fr\/del-toro-top-10-chrono-tirreno-adriatico-2026\/"]}]},{"@type":"ImageObject","inLanguage":"fr-FR","@id":"https:\/\/www.isaac-del-toro.mx\/fr\/del-toro-top-10-chrono-tirreno-adriatico-2026\/#primaryimage","url":"https:\/\/www.isaac-del-toro.mx\/wp-content\/uploads\/2026\/03\/job-3-20260309174830.png","contentUrl":"https:\/\/www.isaac-del-toro.mx\/wp-content\/uploads\/2026\/03\/job-3-20260309174830.png","width":1024,"height":1024,"caption":"Isaac del Toro compitiendo en la contrarreloj de la etapa 1 del Tirreno-Adriatico 2026."},{"@type":"BreadcrumbList","@id":"https:\/\/www.isaac-del-toro.mx\/fr\/del-toro-top-10-chrono-tirreno-adriatico-2026\/#breadcrumb","itemListElement":[{"@type":"ListItem","position":1,"name":"Start","item":"https:\/\/www.isaac-del-toro.mx\/fr\/"},{"@type":"ListItem","position":2,"name":"Del Toro dans le top 10 du chrono inaugural de Tirreno-Adriatico"}]},{"@type":"WebSite","@id":"https:\/\/www.isaac-del-toro.mx\/fr\/#website","url":"https:\/\/www.isaac-del-toro.mx\/fr\/","name":"Isaac del Toro Romero","description":"","publisher":{"@id":"https:\/\/www.isaac-del-toro.mx\/fr\/#\/schema\/person\/7cbbcf16bd93d1b98eeb4ab7a1fbd7ba"},"potentialAction":[{"@type":"SearchAction","target":{"@type":"EntryPoint","urlTemplate":"https:\/\/www.isaac-del-toro.mx\/fr\/?s={search_term_string}"},"query-input":{"@type":"PropertyValueSpecification","valueRequired":true,"valueName":"search_term_string"}}],"inLanguage":"fr-FR"},{"@type":["Person","Organization"],"@id":"https:\/\/www.isaac-del-toro.mx\/fr\/#\/schema\/person\/7cbbcf16bd93d1b98eeb4ab7a1fbd7ba","name":"Isaac del Toro Romero","logo":{"@id":"https:\/\/www.isaac-del-toro.mx\/fr\/#\/schema\/person\/image\/"}},{"@type":"Person","@id":"https:\/\/www.isaac-del-toro.mx\/fr\/#\/schema\/person\/dcd12bccf645d7a2112bdb90aa7ff9f2","name":"Frank","sameAs":["https:\/\/www.isaac-del-toro.mx"],"url":"https:\/\/www.isaac-del-toro.mx\/fr\/author\/frank-kuglerwebarbeit-net\/"}]}},"_links":{"self":[{"href":"https:\/\/www.isaac-del-toro.mx\/fr\/wp-json\/wp\/v2\/posts\/743","targetHints":{"allow":["GET"]}}],"collection":[{"href":"https:\/\/www.isaac-del-toro.mx\/fr\/wp-json\/wp\/v2\/posts"}],"about":[{"href":"https:\/\/www.isaac-del-toro.mx\/fr\/wp-json\/wp\/v2\/types\/post"}],"author":[{"embeddable":true,"href":"https:\/\/www.isaac-del-toro.mx\/fr\/wp-json\/wp\/v2\/users\/1"}],"replies":[{"embeddable":true,"href":"https:\/\/www.isaac-del-toro.mx\/fr\/wp-json\/wp\/v2\/comments?post=743"}],"version-history":[{"count":0,"href":"https:\/\/www.isaac-del-toro.mx\/fr\/wp-json\/wp\/v2\/posts\/743\/revisions"}],"wp:featuredmedia":[{"embeddable":true,"href":"https:\/\/www.isaac-del-toro.mx\/fr\/wp-json\/wp\/v2\/media\/739"}],"wp:attachment":[{"href":"https:\/\/www.isaac-del-toro.mx\/fr\/wp-json\/wp\/v2\/media?parent=743"}],"wp:term":[{"taxonomy":"category","embeddable":true,"href":"https:\/\/www.isaac-del-toro.mx\/fr\/wp-json\/wp\/v2\/categories?post=743"},{"taxonomy":"post_tag","embeddable":true,"href":"https:\/\/www.isaac-del-toro.mx\/fr\/wp-json\/wp\/v2\/tags?post=743"}],"curies":[{"name":"wp","href":"https:\/\/api.w.org\/{rel}","templated":true}]}}