{"id":749,"date":"2026-03-10T00:19:53","date_gmt":"2026-03-10T06:19:53","guid":{"rendered":"https:\/\/www.isaac-del-toro.mx\/tirreno-adriatico-2026-stage-2-preview-del-toro-san-gimignano\/"},"modified":"2026-03-10T00:19:53","modified_gmt":"2026-03-10T06:19:53","slug":"tirreno-adriatico-2026-stage-2-preview-del-toro-san-gimignano","status":"publish","type":"post","link":"https:\/\/www.isaac-del-toro.mx\/fr\/tirreno-adriatico-2026-stage-2-preview-del-toro-san-gimignano\/","title":{"rendered":"Tirreno-Adriatico : Un Final en Gravier Attend les Coureurs \u00e0 San Gimignano"},"content":{"rendered":"\n<p>La deuxi\u00e8me \u00e9tape de Tirreno-Adriatico 2026 s&rsquo;annonce comme une journ\u00e9e d\u00e9cisive avec un parcours exigeant de 206 kilom\u00e8tres entre Camaiore et San Gimignano. L&rsquo;innovation majeure de cette \u00e9tape r\u00e9side dans son final spectaculaire sur secteur gravier, promettant un d\u00e9nouement palpitant dans le cadre historique de la cit\u00e9 toscane.<\/p>\n\n<h2>Un Parcours Exigeant<\/h2>\n<p>Le trac\u00e9, qui totalise 2208 m\u00e8tres de d\u00e9nivel\u00e9 positif, r\u00e9serve son plus grand d\u00e9fi pour la fin. L&rsquo;ascension finale vers San Gimignano, avec son gradient moyen de 7,8%, constituera le juge de paix de l&rsquo;\u00e9tape. Le rev\u00eatement en gravier sur les derniers kilom\u00e8tres ajoutera une difficult\u00e9 technique suppl\u00e9mentaire, exigeant des coureurs une attention particuli\u00e8re dans leur gestion de l&rsquo;effort.<\/p>\n\n<h2>Del Toro en Position de Force<\/h2>\n<p>Le jeune prodige mexicain Isaac del Toro (UAE Team Emirates) figure parmi les favoris pour cette \u00e9tape aux caract\u00e9ristiques si particuli\u00e8res. Ses qualit\u00e9s de grimpeur et sa capacit\u00e9 \u00e0 n\u00e9gocier les terrains techniques en font un candidat s\u00e9rieux pour la victoire \u00e0 San Gimignano. Cette \u00e9tape pourrait lui permettre de marquer de pr\u00e9cieux points dans la bataille du classement g\u00e9n\u00e9ral.<\/p>\n\n<h2>Une Bataille Tactique en Perspective<\/h2>\n<p>Le d\u00e9part sera donn\u00e9 \u00e0 10h55 de Camaiore, laissant aux \u00e9quipes le temps de d\u00e9ployer leurs strat\u00e9gies sur ce long parcours. La configuration de l&rsquo;\u00e9tape, avec son final si particulier, devrait favoriser les coureurs polyvalents capables de combiner puissance dans les mont\u00e9es et ma\u00eetrise technique sur le gravier.<\/p>\n\n<p>Les spectateurs peuvent s&rsquo;attendre \u00e0 une bataille \u00e9pique sur les routes toscanes, o\u00f9 la tradition du cyclisme rencontre l&rsquo;innovation avec ce final in\u00e9dit sur les chemins blancs de San Gimignano.<\/p>\n","protected":false},"excerpt":{"rendered":"<p>La deuxi\u00e8me \u00e9tape de Tirreno-Adriatico 2026 s&rsquo;annonce comme une journ\u00e9e d\u00e9cisive avec un parcours exigeant de 206 kilom\u00e8tres entre Camaiore [&hellip;]<\/p>\n","protected":false},"author":1,"featured_media":745,"comment_status":"open","ping_status":"open","sticky":false,"template":"","format":"standard","meta":{"footnotes":""},"categories":[72],"tags":[],"class_list":["post-749","post","type-post","status-publish","format-standard","has-post-thumbnail","hentry","category-avant-course"],"yoast_head":"<!-- This site is optimized with the Yoast SEO plugin v27.1.1 - https:\/\/yoast.com\/product\/yoast-seo-wordpress\/ -->\n<title>Tirreno-Adriatico : Del Toro face au d\u00e9fi du gravier \u00e0 San Gimignano<\/title>\n<meta name=\"description\" content=\"La deuxi\u00e8me \u00e9tape de Tirreno-Adriatico 2026 propose un parcours exigeant de 206 km entre Camaiore et San Gimignano, avec une arriv\u00e9e in\u00e9dite sur gravier.\" \/>\n<meta name=\"robots\" content=\"index, follow, max-snippet:-1, max-image-preview:large, max-video-preview:-1\" \/>\n<link rel=\"canonical\" href=\"https:\/\/www.isaac-del-toro.mx\/fr\/tirreno-adriatico-2026-stage-2-preview-del-toro-san-gimignano\/\" \/>\n<meta property=\"og:locale\" content=\"fr_FR\" \/>\n<meta property=\"og:type\" content=\"article\" \/>\n<meta property=\"og:title\" content=\"Tirreno-Adriatico : Del Toro face au d\u00e9fi du gravier \u00e0 San Gimignano\" \/>\n<meta property=\"og:description\" content=\"La deuxi\u00e8me \u00e9tape de Tirreno-Adriatico 2026 propose un parcours exigeant de 206 km entre Camaiore et San Gimignano, avec une arriv\u00e9e in\u00e9dite sur gravier.\" \/>\n<meta property=\"og:url\" content=\"https:\/\/www.isaac-del-toro.mx\/fr\/tirreno-adriatico-2026-stage-2-preview-del-toro-san-gimignano\/\" \/>\n<meta property=\"og:site_name\" content=\"Isaac del Toro Romero\" \/>\n<meta property=\"article:published_time\" content=\"2026-03-10T06:19:53+00:00\" \/>\n<meta property=\"og:image\" content=\"https:\/\/www.isaac-del-toro.mx\/wp-content\/uploads\/2026\/03\/job-4-20260310071847.png\" \/>\n\t<meta property=\"og:image:width\" content=\"1024\" \/>\n\t<meta property=\"og:image:height\" content=\"1024\" \/>\n\t<meta property=\"og:image:type\" content=\"image\/png\" \/>\n<meta name=\"author\" content=\"Frank\" \/>\n<meta name=\"twitter:card\" content=\"summary_large_image\" \/>\n<meta name=\"twitter:label1\" content=\"\u00c9crit par\" \/>\n\t<meta name=\"twitter:data1\" content=\"Frank\" \/>\n\t<meta name=\"twitter:label2\" content=\"Dur\u00e9e de lecture estim\u00e9e\" \/>\n\t<meta name=\"twitter:data2\" content=\"1 minute\" \/>\n<script type=\"application\/ld+json\" class=\"yoast-schema-graph\">{\"@context\":\"https:\/\/schema.org\",\"@graph\":[{\"@type\":\"Article\",\"@id\":\"https:\/\/www.isaac-del-toro.mx\/fr\/tirreno-adriatico-2026-stage-2-preview-del-toro-san-gimignano\/#article\",\"isPartOf\":{\"@id\":\"https:\/\/www.isaac-del-toro.mx\/fr\/tirreno-adriatico-2026-stage-2-preview-del-toro-san-gimignano\/\"},\"author\":{\"name\":\"Frank\",\"@id\":\"https:\/\/www.isaac-del-toro.mx\/fr\/#\/schema\/person\/dcd12bccf645d7a2112bdb90aa7ff9f2\"},\"headline\":\"Tirreno-Adriatico : Un Final en Gravier Attend les Coureurs \u00e0 San Gimignano\",\"datePublished\":\"2026-03-10T06:19:53+00:00\",\"mainEntityOfPage\":{\"@id\":\"https:\/\/www.isaac-del-toro.mx\/fr\/tirreno-adriatico-2026-stage-2-preview-del-toro-san-gimignano\/\"},\"wordCount\":297,\"commentCount\":0,\"publisher\":{\"@id\":\"https:\/\/www.isaac-del-toro.mx\/fr\/#\/schema\/person\/7cbbcf16bd93d1b98eeb4ab7a1fbd7ba\"},\"image\":{\"@id\":\"https:\/\/www.isaac-del-toro.mx\/fr\/tirreno-adriatico-2026-stage-2-preview-del-toro-san-gimignano\/#primaryimage\"},\"thumbnailUrl\":\"https:\/\/www.isaac-del-toro.mx\/wp-content\/uploads\/2026\/03\/job-4-20260310071847.png\",\"articleSection\":[\"Avant-course\"],\"inLanguage\":\"fr-FR\",\"potentialAction\":[{\"@type\":\"CommentAction\",\"name\":\"Comment\",\"target\":[\"https:\/\/www.isaac-del-toro.mx\/fr\/tirreno-adriatico-2026-stage-2-preview-del-toro-san-gimignano\/#respond\"]}]},{\"@type\":\"WebPage\",\"@id\":\"https:\/\/www.isaac-del-toro.mx\/fr\/tirreno-adriatico-2026-stage-2-preview-del-toro-san-gimignano\/\",\"url\":\"https:\/\/www.isaac-del-toro.mx\/fr\/tirreno-adriatico-2026-stage-2-preview-del-toro-san-gimignano\/\",\"name\":\"Tirreno-Adriatico : Del Toro face au d\u00e9fi du gravier \u00e0 San Gimignano\",\"isPartOf\":{\"@id\":\"https:\/\/www.isaac-del-toro.mx\/fr\/#website\"},\"primaryImageOfPage\":{\"@id\":\"https:\/\/www.isaac-del-toro.mx\/fr\/tirreno-adriatico-2026-stage-2-preview-del-toro-san-gimignano\/#primaryimage\"},\"image\":{\"@id\":\"https:\/\/www.isaac-del-toro.mx\/fr\/tirreno-adriatico-2026-stage-2-preview-del-toro-san-gimignano\/#primaryimage\"},\"thumbnailUrl\":\"https:\/\/www.isaac-del-toro.mx\/wp-content\/uploads\/2026\/03\/job-4-20260310071847.png\",\"datePublished\":\"2026-03-10T06:19:53+00:00\",\"description\":\"La deuxi\u00e8me \u00e9tape de Tirreno-Adriatico 2026 propose un parcours exigeant de 206 km entre Camaiore et San Gimignano, avec une arriv\u00e9e in\u00e9dite sur gravier.\",\"breadcrumb\":{\"@id\":\"https:\/\/www.isaac-del-toro.mx\/fr\/tirreno-adriatico-2026-stage-2-preview-del-toro-san-gimignano\/#breadcrumb\"},\"inLanguage\":\"fr-FR\",\"potentialAction\":[{\"@type\":\"ReadAction\",\"target\":[\"https:\/\/www.isaac-del-toro.mx\/fr\/tirreno-adriatico-2026-stage-2-preview-del-toro-san-gimignano\/\"]}]},{\"@type\":\"ImageObject\",\"inLanguage\":\"fr-FR\",\"@id\":\"https:\/\/www.isaac-del-toro.mx\/fr\/tirreno-adriatico-2026-stage-2-preview-del-toro-san-gimignano\/#primaryimage\",\"url\":\"https:\/\/www.isaac-del-toro.mx\/wp-content\/uploads\/2026\/03\/job-4-20260310071847.png\",\"contentUrl\":\"https:\/\/www.isaac-del-toro.mx\/wp-content\/uploads\/2026\/03\/job-4-20260310071847.png\",\"width\":1024,\"height\":1024,\"caption\":\"Ciclista ascendiendo una carretera de grava hacia la cima en San Gimignano, con paisaje toscano de fondo.\"},{\"@type\":\"BreadcrumbList\",\"@id\":\"https:\/\/www.isaac-del-toro.mx\/fr\/tirreno-adriatico-2026-stage-2-preview-del-toro-san-gimignano\/#breadcrumb\",\"itemListElement\":[{\"@type\":\"ListItem\",\"position\":1,\"name\":\"Start\",\"item\":\"https:\/\/www.isaac-del-toro.mx\/fr\/\"},{\"@type\":\"ListItem\",\"position\":2,\"name\":\"Tirreno-Adriatico : Un Final en Gravier Attend les Coureurs \u00e0 San Gimignano\"}]},{\"@type\":\"WebSite\",\"@id\":\"https:\/\/www.isaac-del-toro.mx\/fr\/#website\",\"url\":\"https:\/\/www.isaac-del-toro.mx\/fr\/\",\"name\":\"Isaac del Toro Romero\",\"description\":\"\",\"publisher\":{\"@id\":\"https:\/\/www.isaac-del-toro.mx\/fr\/#\/schema\/person\/7cbbcf16bd93d1b98eeb4ab7a1fbd7ba\"},\"potentialAction\":[{\"@type\":\"SearchAction\",\"target\":{\"@type\":\"EntryPoint\",\"urlTemplate\":\"https:\/\/www.isaac-del-toro.mx\/fr\/?s={search_term_string}\"},\"query-input\":{\"@type\":\"PropertyValueSpecification\",\"valueRequired\":true,\"valueName\":\"search_term_string\"}}],\"inLanguage\":\"fr-FR\"},{\"@type\":[\"Person\",\"Organization\"],\"@id\":\"https:\/\/www.isaac-del-toro.mx\/fr\/#\/schema\/person\/7cbbcf16bd93d1b98eeb4ab7a1fbd7ba\",\"name\":\"Isaac del Toro Romero\",\"logo\":{\"@id\":\"https:\/\/www.isaac-del-toro.mx\/fr\/#\/schema\/person\/image\/\"}},{\"@type\":\"Person\",\"@id\":\"https:\/\/www.isaac-del-toro.mx\/fr\/#\/schema\/person\/dcd12bccf645d7a2112bdb90aa7ff9f2\",\"name\":\"Frank\",\"sameAs\":[\"https:\/\/www.isaac-del-toro.mx\"],\"url\":\"https:\/\/www.isaac-del-toro.mx\/fr\/author\/frank-kuglerwebarbeit-net\/\"}]}<\/script>\n<!-- \/ Yoast SEO plugin. -->","yoast_head_json":{"title":"Tirreno-Adriatico : Del Toro face au d\u00e9fi du gravier \u00e0 San Gimignano","description":"La deuxi\u00e8me \u00e9tape de Tirreno-Adriatico 2026 propose un parcours exigeant de 206 km entre Camaiore et San Gimignano, avec une arriv\u00e9e in\u00e9dite sur gravier.","robots":{"index":"index","follow":"follow","max-snippet":"max-snippet:-1","max-image-preview":"max-image-preview:large","max-video-preview":"max-video-preview:-1"},"canonical":"https:\/\/www.isaac-del-toro.mx\/fr\/tirreno-adriatico-2026-stage-2-preview-del-toro-san-gimignano\/","og_locale":"fr_FR","og_type":"article","og_title":"Tirreno-Adriatico : Del Toro face au d\u00e9fi du gravier \u00e0 San Gimignano","og_description":"La deuxi\u00e8me \u00e9tape de Tirreno-Adriatico 2026 propose un parcours exigeant de 206 km entre Camaiore et San Gimignano, avec une arriv\u00e9e in\u00e9dite sur gravier.","og_url":"https:\/\/www.isaac-del-toro.mx\/fr\/tirreno-adriatico-2026-stage-2-preview-del-toro-san-gimignano\/","og_site_name":"Isaac del Toro Romero","article_published_time":"2026-03-10T06:19:53+00:00","og_image":[{"width":1024,"height":1024,"url":"https:\/\/www.isaac-del-toro.mx\/wp-content\/uploads\/2026\/03\/job-4-20260310071847.png","type":"image\/png"}],"author":"Frank","twitter_card":"summary_large_image","twitter_misc":{"\u00c9crit par":"Frank","Dur\u00e9e de lecture estim\u00e9e":"1 minute"},"schema":{"@context":"https:\/\/schema.org","@graph":[{"@type":"Article","@id":"https:\/\/www.isaac-del-toro.mx\/fr\/tirreno-adriatico-2026-stage-2-preview-del-toro-san-gimignano\/#article","isPartOf":{"@id":"https:\/\/www.isaac-del-toro.mx\/fr\/tirreno-adriatico-2026-stage-2-preview-del-toro-san-gimignano\/"},"author":{"name":"Frank","@id":"https:\/\/www.isaac-del-toro.mx\/fr\/#\/schema\/person\/dcd12bccf645d7a2112bdb90aa7ff9f2"},"headline":"Tirreno-Adriatico : Un Final en Gravier Attend les Coureurs \u00e0 San Gimignano","datePublished":"2026-03-10T06:19:53+00:00","mainEntityOfPage":{"@id":"https:\/\/www.isaac-del-toro.mx\/fr\/tirreno-adriatico-2026-stage-2-preview-del-toro-san-gimignano\/"},"wordCount":297,"commentCount":0,"publisher":{"@id":"https:\/\/www.isaac-del-toro.mx\/fr\/#\/schema\/person\/7cbbcf16bd93d1b98eeb4ab7a1fbd7ba"},"image":{"@id":"https:\/\/www.isaac-del-toro.mx\/fr\/tirreno-adriatico-2026-stage-2-preview-del-toro-san-gimignano\/#primaryimage"},"thumbnailUrl":"https:\/\/www.isaac-del-toro.mx\/wp-content\/uploads\/2026\/03\/job-4-20260310071847.png","articleSection":["Avant-course"],"inLanguage":"fr-FR","potentialAction":[{"@type":"CommentAction","name":"Comment","target":["https:\/\/www.isaac-del-toro.mx\/fr\/tirreno-adriatico-2026-stage-2-preview-del-toro-san-gimignano\/#respond"]}]},{"@type":"WebPage","@id":"https:\/\/www.isaac-del-toro.mx\/fr\/tirreno-adriatico-2026-stage-2-preview-del-toro-san-gimignano\/","url":"https:\/\/www.isaac-del-toro.mx\/fr\/tirreno-adriatico-2026-stage-2-preview-del-toro-san-gimignano\/","name":"Tirreno-Adriatico : Del Toro face au d\u00e9fi du gravier \u00e0 San Gimignano","isPartOf":{"@id":"https:\/\/www.isaac-del-toro.mx\/fr\/#website"},"primaryImageOfPage":{"@id":"https:\/\/www.isaac-del-toro.mx\/fr\/tirreno-adriatico-2026-stage-2-preview-del-toro-san-gimignano\/#primaryimage"},"image":{"@id":"https:\/\/www.isaac-del-toro.mx\/fr\/tirreno-adriatico-2026-stage-2-preview-del-toro-san-gimignano\/#primaryimage"},"thumbnailUrl":"https:\/\/www.isaac-del-toro.mx\/wp-content\/uploads\/2026\/03\/job-4-20260310071847.png","datePublished":"2026-03-10T06:19:53+00:00","description":"La deuxi\u00e8me \u00e9tape de Tirreno-Adriatico 2026 propose un parcours exigeant de 206 km entre Camaiore et San Gimignano, avec une arriv\u00e9e in\u00e9dite sur gravier.","breadcrumb":{"@id":"https:\/\/www.isaac-del-toro.mx\/fr\/tirreno-adriatico-2026-stage-2-preview-del-toro-san-gimignano\/#breadcrumb"},"inLanguage":"fr-FR","potentialAction":[{"@type":"ReadAction","target":["https:\/\/www.isaac-del-toro.mx\/fr\/tirreno-adriatico-2026-stage-2-preview-del-toro-san-gimignano\/"]}]},{"@type":"ImageObject","inLanguage":"fr-FR","@id":"https:\/\/www.isaac-del-toro.mx\/fr\/tirreno-adriatico-2026-stage-2-preview-del-toro-san-gimignano\/#primaryimage","url":"https:\/\/www.isaac-del-toro.mx\/wp-content\/uploads\/2026\/03\/job-4-20260310071847.png","contentUrl":"https:\/\/www.isaac-del-toro.mx\/wp-content\/uploads\/2026\/03\/job-4-20260310071847.png","width":1024,"height":1024,"caption":"Ciclista ascendiendo una carretera de grava hacia la cima en San Gimignano, con paisaje toscano de fondo."},{"@type":"BreadcrumbList","@id":"https:\/\/www.isaac-del-toro.mx\/fr\/tirreno-adriatico-2026-stage-2-preview-del-toro-san-gimignano\/#breadcrumb","itemListElement":[{"@type":"ListItem","position":1,"name":"Start","item":"https:\/\/www.isaac-del-toro.mx\/fr\/"},{"@type":"ListItem","position":2,"name":"Tirreno-Adriatico : Un Final en Gravier Attend les Coureurs \u00e0 San Gimignano"}]},{"@type":"WebSite","@id":"https:\/\/www.isaac-del-toro.mx\/fr\/#website","url":"https:\/\/www.isaac-del-toro.mx\/fr\/","name":"Isaac del Toro Romero","description":"","publisher":{"@id":"https:\/\/www.isaac-del-toro.mx\/fr\/#\/schema\/person\/7cbbcf16bd93d1b98eeb4ab7a1fbd7ba"},"potentialAction":[{"@type":"SearchAction","target":{"@type":"EntryPoint","urlTemplate":"https:\/\/www.isaac-del-toro.mx\/fr\/?s={search_term_string}"},"query-input":{"@type":"PropertyValueSpecification","valueRequired":true,"valueName":"search_term_string"}}],"inLanguage":"fr-FR"},{"@type":["Person","Organization"],"@id":"https:\/\/www.isaac-del-toro.mx\/fr\/#\/schema\/person\/7cbbcf16bd93d1b98eeb4ab7a1fbd7ba","name":"Isaac del Toro Romero","logo":{"@id":"https:\/\/www.isaac-del-toro.mx\/fr\/#\/schema\/person\/image\/"}},{"@type":"Person","@id":"https:\/\/www.isaac-del-toro.mx\/fr\/#\/schema\/person\/dcd12bccf645d7a2112bdb90aa7ff9f2","name":"Frank","sameAs":["https:\/\/www.isaac-del-toro.mx"],"url":"https:\/\/www.isaac-del-toro.mx\/fr\/author\/frank-kuglerwebarbeit-net\/"}]}},"_links":{"self":[{"href":"https:\/\/www.isaac-del-toro.mx\/fr\/wp-json\/wp\/v2\/posts\/749","targetHints":{"allow":["GET"]}}],"collection":[{"href":"https:\/\/www.isaac-del-toro.mx\/fr\/wp-json\/wp\/v2\/posts"}],"about":[{"href":"https:\/\/www.isaac-del-toro.mx\/fr\/wp-json\/wp\/v2\/types\/post"}],"author":[{"embeddable":true,"href":"https:\/\/www.isaac-del-toro.mx\/fr\/wp-json\/wp\/v2\/users\/1"}],"replies":[{"embeddable":true,"href":"https:\/\/www.isaac-del-toro.mx\/fr\/wp-json\/wp\/v2\/comments?post=749"}],"version-history":[{"count":0,"href":"https:\/\/www.isaac-del-toro.mx\/fr\/wp-json\/wp\/v2\/posts\/749\/revisions"}],"wp:featuredmedia":[{"embeddable":true,"href":"https:\/\/www.isaac-del-toro.mx\/fr\/wp-json\/wp\/v2\/media\/745"}],"wp:attachment":[{"href":"https:\/\/www.isaac-del-toro.mx\/fr\/wp-json\/wp\/v2\/media?parent=749"}],"wp:term":[{"taxonomy":"category","embeddable":true,"href":"https:\/\/www.isaac-del-toro.mx\/fr\/wp-json\/wp\/v2\/categories?post=749"},{"taxonomy":"post_tag","embeddable":true,"href":"https:\/\/www.isaac-del-toro.mx\/fr\/wp-json\/wp\/v2\/tags?post=749"}],"curies":[{"name":"wp","href":"https:\/\/api.w.org\/{rel}","templated":true}]}}