{"id":755,"date":"2026-03-10T09:19:44","date_gmt":"2026-03-10T15:19:44","guid":{"rendered":"https:\/\/www.isaac-del-toro.mx\/del-toro-deuxieme-etape-tirreno-adriatico-2026\/"},"modified":"2026-03-10T09:19:44","modified_gmt":"2026-03-10T15:19:44","slug":"del-toro-deuxieme-etape-tirreno-adriatico-2026","status":"publish","type":"post","link":"https:\/\/www.isaac-del-toro.mx\/fr\/del-toro-deuxieme-etape-tirreno-adriatico-2026\/","title":{"rendered":"Del Toro Brille en Deuxi\u00e8me Place sur la Deuxi\u00e8me \u00c9tape du Tirreno-Adriatico"},"content":{"rendered":"\n<p>Le jeune prodige mexicain Isaac del Toro (UAE Team Emirates) a confirm\u00e9 son talent exceptionnel en prenant la deuxi\u00e8me place de la deuxi\u00e8me \u00e9tape du Tirreno-Adriatico 2026, dans le m\u00eame temps que le vainqueur Mathieu van der Poel. L&rsquo;\u00e9tape de 206,16 kilom\u00e8tres entre Camaiore et San Gimignano s&rsquo;est conclue par un sprint palpitant entre trois hommes.<\/p>\n\n<h2>Une Finale \u00e0 Trois<\/h2>\n<p>Sur un parcours rendu plus exigeant par la pluie, particuli\u00e8rement sur les sections en gravier, la course s&rsquo;est d\u00e9cant\u00e9e dans les derniers kilom\u00e8tres. Del Toro s&rsquo;est retrouv\u00e9 \u00e0 l&rsquo;avant aux c\u00f4t\u00e9s de van der Poel et Giulio Pellizzari pour disputer la victoire dans les rues de San Gimignano.<\/p>\n\n<h2>Sprint Final<\/h2>\n<p>Malgr\u00e9 une r\u00e9sistance acharn\u00e9e de del Toro, c&rsquo;est finalement van der Poel qui s&rsquo;est impos\u00e9 sur la ligne d&rsquo;arriv\u00e9e apr\u00e8s 4 heures 53 minutes et 23 secondes de course. Le Mexicain a termin\u00e9 dans le m\u00eame temps, d\u00e9montrant sa capacit\u00e9 \u00e0 rivaliser avec les plus grands noms du peloton sur un final aussi exigeant.<\/p>\n\n<h2>Performance Remarquable<\/h2>\n<p>Cette deuxi\u00e8me place de del Toro repr\u00e9sente l&rsquo;un des meilleurs r\u00e9sultats de sa jeune carri\u00e8re sur le World Tour. Sa performance, obtenue dans des conditions difficiles et face \u00e0 des coureurs exp\u00e9riment\u00e9s, confirme son statut de talent \u00e9mergent du cyclisme mondial.<\/p>\n","protected":false},"excerpt":{"rendered":"<p>Le jeune prodige mexicain Isaac del Toro (UAE Team Emirates) a confirm\u00e9 son talent exceptionnel en prenant la deuxi\u00e8me place [&hellip;]<\/p>\n","protected":false},"author":1,"featured_media":751,"comment_status":"open","ping_status":"open","sticky":false,"template":"","format":"standard","meta":{"footnotes":""},"categories":[68],"tags":[],"class_list":["post-755","post","type-post","status-publish","format-standard","has-post-thumbnail","hentry","category-compte-rendu"],"yoast_head":"<!-- This site is optimized with the Yoast SEO plugin v27.1.1 - https:\/\/yoast.com\/product\/yoast-seo-wordpress\/ -->\n<title>Del Toro Second derri\u00e8re Van der Poel au Tirreno-Adriatico<\/title>\n<meta name=\"description\" content=\"Le Mexicain Isaac del Toro termine deuxi\u00e8me de la 2e \u00e9tape du Tirreno-Adriatico 2026, dans le m\u00eame temps que le vainqueur Mathieu van der Poel apr\u00e8s 206 km de course.\" \/>\n<meta name=\"robots\" content=\"index, follow, max-snippet:-1, max-image-preview:large, max-video-preview:-1\" \/>\n<link rel=\"canonical\" href=\"https:\/\/www.isaac-del-toro.mx\/fr\/del-toro-deuxieme-etape-tirreno-adriatico-2026\/\" \/>\n<meta property=\"og:locale\" content=\"fr_FR\" \/>\n<meta property=\"og:type\" content=\"article\" \/>\n<meta property=\"og:title\" content=\"Del Toro Second derri\u00e8re Van der Poel au Tirreno-Adriatico\" \/>\n<meta property=\"og:description\" content=\"Le Mexicain Isaac del Toro termine deuxi\u00e8me de la 2e \u00e9tape du Tirreno-Adriatico 2026, dans le m\u00eame temps que le vainqueur Mathieu van der Poel apr\u00e8s 206 km de course.\" \/>\n<meta property=\"og:url\" content=\"https:\/\/www.isaac-del-toro.mx\/fr\/del-toro-deuxieme-etape-tirreno-adriatico-2026\/\" \/>\n<meta property=\"og:site_name\" content=\"Isaac del Toro Romero\" \/>\n<meta property=\"article:published_time\" content=\"2026-03-10T15:19:44+00:00\" \/>\n<meta property=\"og:image\" content=\"https:\/\/www.isaac-del-toro.mx\/wp-content\/uploads\/2026\/03\/job-5-20260310161842.png\" \/>\n\t<meta property=\"og:image:width\" content=\"1024\" \/>\n\t<meta property=\"og:image:height\" content=\"1024\" \/>\n\t<meta property=\"og:image:type\" content=\"image\/png\" \/>\n<meta name=\"author\" content=\"Frank\" \/>\n<meta name=\"twitter:card\" content=\"summary_large_image\" \/>\n<meta name=\"twitter:label1\" content=\"\u00c9crit par\" \/>\n\t<meta name=\"twitter:data1\" content=\"Frank\" \/>\n\t<meta name=\"twitter:label2\" content=\"Dur\u00e9e de lecture estim\u00e9e\" \/>\n\t<meta name=\"twitter:data2\" content=\"1 minute\" \/>\n<script type=\"application\/ld+json\" class=\"yoast-schema-graph\">{\"@context\":\"https:\/\/schema.org\",\"@graph\":[{\"@type\":\"Article\",\"@id\":\"https:\/\/www.isaac-del-toro.mx\/fr\/del-toro-deuxieme-etape-tirreno-adriatico-2026\/#article\",\"isPartOf\":{\"@id\":\"https:\/\/www.isaac-del-toro.mx\/fr\/del-toro-deuxieme-etape-tirreno-adriatico-2026\/\"},\"author\":{\"name\":\"Frank\",\"@id\":\"https:\/\/www.isaac-del-toro.mx\/fr\/#\/schema\/person\/dcd12bccf645d7a2112bdb90aa7ff9f2\"},\"headline\":\"Del Toro Brille en Deuxi\u00e8me Place sur la Deuxi\u00e8me \u00c9tape du Tirreno-Adriatico\",\"datePublished\":\"2026-03-10T15:19:44+00:00\",\"mainEntityOfPage\":{\"@id\":\"https:\/\/www.isaac-del-toro.mx\/fr\/del-toro-deuxieme-etape-tirreno-adriatico-2026\/\"},\"wordCount\":243,\"commentCount\":0,\"publisher\":{\"@id\":\"https:\/\/www.isaac-del-toro.mx\/fr\/#\/schema\/person\/7cbbcf16bd93d1b98eeb4ab7a1fbd7ba\"},\"image\":{\"@id\":\"https:\/\/www.isaac-del-toro.mx\/fr\/del-toro-deuxieme-etape-tirreno-adriatico-2026\/#primaryimage\"},\"thumbnailUrl\":\"https:\/\/www.isaac-del-toro.mx\/wp-content\/uploads\/2026\/03\/job-5-20260310161842.png\",\"articleSection\":[\"Compte rendu\"],\"inLanguage\":\"fr-FR\",\"potentialAction\":[{\"@type\":\"CommentAction\",\"name\":\"Comment\",\"target\":[\"https:\/\/www.isaac-del-toro.mx\/fr\/del-toro-deuxieme-etape-tirreno-adriatico-2026\/#respond\"]}]},{\"@type\":\"WebPage\",\"@id\":\"https:\/\/www.isaac-del-toro.mx\/fr\/del-toro-deuxieme-etape-tirreno-adriatico-2026\/\",\"url\":\"https:\/\/www.isaac-del-toro.mx\/fr\/del-toro-deuxieme-etape-tirreno-adriatico-2026\/\",\"name\":\"Del Toro Second derri\u00e8re Van der Poel au Tirreno-Adriatico\",\"isPartOf\":{\"@id\":\"https:\/\/www.isaac-del-toro.mx\/fr\/#website\"},\"primaryImageOfPage\":{\"@id\":\"https:\/\/www.isaac-del-toro.mx\/fr\/del-toro-deuxieme-etape-tirreno-adriatico-2026\/#primaryimage\"},\"image\":{\"@id\":\"https:\/\/www.isaac-del-toro.mx\/fr\/del-toro-deuxieme-etape-tirreno-adriatico-2026\/#primaryimage\"},\"thumbnailUrl\":\"https:\/\/www.isaac-del-toro.mx\/wp-content\/uploads\/2026\/03\/job-5-20260310161842.png\",\"datePublished\":\"2026-03-10T15:19:44+00:00\",\"description\":\"Le Mexicain Isaac del Toro termine deuxi\u00e8me de la 2e \u00e9tape du Tirreno-Adriatico 2026, dans le m\u00eame temps que le vainqueur Mathieu van der Poel apr\u00e8s 206 km de course.\",\"breadcrumb\":{\"@id\":\"https:\/\/www.isaac-del-toro.mx\/fr\/del-toro-deuxieme-etape-tirreno-adriatico-2026\/#breadcrumb\"},\"inLanguage\":\"fr-FR\",\"potentialAction\":[{\"@type\":\"ReadAction\",\"target\":[\"https:\/\/www.isaac-del-toro.mx\/fr\/del-toro-deuxieme-etape-tirreno-adriatico-2026\/\"]}]},{\"@type\":\"ImageObject\",\"inLanguage\":\"fr-FR\",\"@id\":\"https:\/\/www.isaac-del-toro.mx\/fr\/del-toro-deuxieme-etape-tirreno-adriatico-2026\/#primaryimage\",\"url\":\"https:\/\/www.isaac-del-toro.mx\/wp-content\/uploads\/2026\/03\/job-5-20260310161842.png\",\"contentUrl\":\"https:\/\/www.isaac-del-toro.mx\/wp-content\/uploads\/2026\/03\/job-5-20260310161842.png\",\"width\":1024,\"height\":1024,\"caption\":\"Isaac del Toro compitiendo en un sprint final bajo la lluvia durante la Etapa 2 del Tirreno-Adriatico 2026.\"},{\"@type\":\"BreadcrumbList\",\"@id\":\"https:\/\/www.isaac-del-toro.mx\/fr\/del-toro-deuxieme-etape-tirreno-adriatico-2026\/#breadcrumb\",\"itemListElement\":[{\"@type\":\"ListItem\",\"position\":1,\"name\":\"Start\",\"item\":\"https:\/\/www.isaac-del-toro.mx\/fr\/\"},{\"@type\":\"ListItem\",\"position\":2,\"name\":\"Del Toro Brille en Deuxi\u00e8me Place sur la Deuxi\u00e8me \u00c9tape du Tirreno-Adriatico\"}]},{\"@type\":\"WebSite\",\"@id\":\"https:\/\/www.isaac-del-toro.mx\/fr\/#website\",\"url\":\"https:\/\/www.isaac-del-toro.mx\/fr\/\",\"name\":\"Isaac del Toro Romero\",\"description\":\"\",\"publisher\":{\"@id\":\"https:\/\/www.isaac-del-toro.mx\/fr\/#\/schema\/person\/7cbbcf16bd93d1b98eeb4ab7a1fbd7ba\"},\"potentialAction\":[{\"@type\":\"SearchAction\",\"target\":{\"@type\":\"EntryPoint\",\"urlTemplate\":\"https:\/\/www.isaac-del-toro.mx\/fr\/?s={search_term_string}\"},\"query-input\":{\"@type\":\"PropertyValueSpecification\",\"valueRequired\":true,\"valueName\":\"search_term_string\"}}],\"inLanguage\":\"fr-FR\"},{\"@type\":[\"Person\",\"Organization\"],\"@id\":\"https:\/\/www.isaac-del-toro.mx\/fr\/#\/schema\/person\/7cbbcf16bd93d1b98eeb4ab7a1fbd7ba\",\"name\":\"Isaac del Toro Romero\",\"logo\":{\"@id\":\"https:\/\/www.isaac-del-toro.mx\/fr\/#\/schema\/person\/image\/\"}},{\"@type\":\"Person\",\"@id\":\"https:\/\/www.isaac-del-toro.mx\/fr\/#\/schema\/person\/dcd12bccf645d7a2112bdb90aa7ff9f2\",\"name\":\"Frank\",\"sameAs\":[\"https:\/\/www.isaac-del-toro.mx\"],\"url\":\"https:\/\/www.isaac-del-toro.mx\/fr\/author\/frank-kuglerwebarbeit-net\/\"}]}<\/script>\n<!-- \/ Yoast SEO plugin. -->","yoast_head_json":{"title":"Del Toro Second derri\u00e8re Van der Poel au Tirreno-Adriatico","description":"Le Mexicain Isaac del Toro termine deuxi\u00e8me de la 2e \u00e9tape du Tirreno-Adriatico 2026, dans le m\u00eame temps que le vainqueur Mathieu van der Poel apr\u00e8s 206 km de course.","robots":{"index":"index","follow":"follow","max-snippet":"max-snippet:-1","max-image-preview":"max-image-preview:large","max-video-preview":"max-video-preview:-1"},"canonical":"https:\/\/www.isaac-del-toro.mx\/fr\/del-toro-deuxieme-etape-tirreno-adriatico-2026\/","og_locale":"fr_FR","og_type":"article","og_title":"Del Toro Second derri\u00e8re Van der Poel au Tirreno-Adriatico","og_description":"Le Mexicain Isaac del Toro termine deuxi\u00e8me de la 2e \u00e9tape du Tirreno-Adriatico 2026, dans le m\u00eame temps que le vainqueur Mathieu van der Poel apr\u00e8s 206 km de course.","og_url":"https:\/\/www.isaac-del-toro.mx\/fr\/del-toro-deuxieme-etape-tirreno-adriatico-2026\/","og_site_name":"Isaac del Toro Romero","article_published_time":"2026-03-10T15:19:44+00:00","og_image":[{"width":1024,"height":1024,"url":"https:\/\/www.isaac-del-toro.mx\/wp-content\/uploads\/2026\/03\/job-5-20260310161842.png","type":"image\/png"}],"author":"Frank","twitter_card":"summary_large_image","twitter_misc":{"\u00c9crit par":"Frank","Dur\u00e9e de lecture estim\u00e9e":"1 minute"},"schema":{"@context":"https:\/\/schema.org","@graph":[{"@type":"Article","@id":"https:\/\/www.isaac-del-toro.mx\/fr\/del-toro-deuxieme-etape-tirreno-adriatico-2026\/#article","isPartOf":{"@id":"https:\/\/www.isaac-del-toro.mx\/fr\/del-toro-deuxieme-etape-tirreno-adriatico-2026\/"},"author":{"name":"Frank","@id":"https:\/\/www.isaac-del-toro.mx\/fr\/#\/schema\/person\/dcd12bccf645d7a2112bdb90aa7ff9f2"},"headline":"Del Toro Brille en Deuxi\u00e8me Place sur la Deuxi\u00e8me \u00c9tape du Tirreno-Adriatico","datePublished":"2026-03-10T15:19:44+00:00","mainEntityOfPage":{"@id":"https:\/\/www.isaac-del-toro.mx\/fr\/del-toro-deuxieme-etape-tirreno-adriatico-2026\/"},"wordCount":243,"commentCount":0,"publisher":{"@id":"https:\/\/www.isaac-del-toro.mx\/fr\/#\/schema\/person\/7cbbcf16bd93d1b98eeb4ab7a1fbd7ba"},"image":{"@id":"https:\/\/www.isaac-del-toro.mx\/fr\/del-toro-deuxieme-etape-tirreno-adriatico-2026\/#primaryimage"},"thumbnailUrl":"https:\/\/www.isaac-del-toro.mx\/wp-content\/uploads\/2026\/03\/job-5-20260310161842.png","articleSection":["Compte rendu"],"inLanguage":"fr-FR","potentialAction":[{"@type":"CommentAction","name":"Comment","target":["https:\/\/www.isaac-del-toro.mx\/fr\/del-toro-deuxieme-etape-tirreno-adriatico-2026\/#respond"]}]},{"@type":"WebPage","@id":"https:\/\/www.isaac-del-toro.mx\/fr\/del-toro-deuxieme-etape-tirreno-adriatico-2026\/","url":"https:\/\/www.isaac-del-toro.mx\/fr\/del-toro-deuxieme-etape-tirreno-adriatico-2026\/","name":"Del Toro Second derri\u00e8re Van der Poel au Tirreno-Adriatico","isPartOf":{"@id":"https:\/\/www.isaac-del-toro.mx\/fr\/#website"},"primaryImageOfPage":{"@id":"https:\/\/www.isaac-del-toro.mx\/fr\/del-toro-deuxieme-etape-tirreno-adriatico-2026\/#primaryimage"},"image":{"@id":"https:\/\/www.isaac-del-toro.mx\/fr\/del-toro-deuxieme-etape-tirreno-adriatico-2026\/#primaryimage"},"thumbnailUrl":"https:\/\/www.isaac-del-toro.mx\/wp-content\/uploads\/2026\/03\/job-5-20260310161842.png","datePublished":"2026-03-10T15:19:44+00:00","description":"Le Mexicain Isaac del Toro termine deuxi\u00e8me de la 2e \u00e9tape du Tirreno-Adriatico 2026, dans le m\u00eame temps que le vainqueur Mathieu van der Poel apr\u00e8s 206 km de course.","breadcrumb":{"@id":"https:\/\/www.isaac-del-toro.mx\/fr\/del-toro-deuxieme-etape-tirreno-adriatico-2026\/#breadcrumb"},"inLanguage":"fr-FR","potentialAction":[{"@type":"ReadAction","target":["https:\/\/www.isaac-del-toro.mx\/fr\/del-toro-deuxieme-etape-tirreno-adriatico-2026\/"]}]},{"@type":"ImageObject","inLanguage":"fr-FR","@id":"https:\/\/www.isaac-del-toro.mx\/fr\/del-toro-deuxieme-etape-tirreno-adriatico-2026\/#primaryimage","url":"https:\/\/www.isaac-del-toro.mx\/wp-content\/uploads\/2026\/03\/job-5-20260310161842.png","contentUrl":"https:\/\/www.isaac-del-toro.mx\/wp-content\/uploads\/2026\/03\/job-5-20260310161842.png","width":1024,"height":1024,"caption":"Isaac del Toro compitiendo en un sprint final bajo la lluvia durante la Etapa 2 del Tirreno-Adriatico 2026."},{"@type":"BreadcrumbList","@id":"https:\/\/www.isaac-del-toro.mx\/fr\/del-toro-deuxieme-etape-tirreno-adriatico-2026\/#breadcrumb","itemListElement":[{"@type":"ListItem","position":1,"name":"Start","item":"https:\/\/www.isaac-del-toro.mx\/fr\/"},{"@type":"ListItem","position":2,"name":"Del Toro Brille en Deuxi\u00e8me Place sur la Deuxi\u00e8me \u00c9tape du Tirreno-Adriatico"}]},{"@type":"WebSite","@id":"https:\/\/www.isaac-del-toro.mx\/fr\/#website","url":"https:\/\/www.isaac-del-toro.mx\/fr\/","name":"Isaac del Toro Romero","description":"","publisher":{"@id":"https:\/\/www.isaac-del-toro.mx\/fr\/#\/schema\/person\/7cbbcf16bd93d1b98eeb4ab7a1fbd7ba"},"potentialAction":[{"@type":"SearchAction","target":{"@type":"EntryPoint","urlTemplate":"https:\/\/www.isaac-del-toro.mx\/fr\/?s={search_term_string}"},"query-input":{"@type":"PropertyValueSpecification","valueRequired":true,"valueName":"search_term_string"}}],"inLanguage":"fr-FR"},{"@type":["Person","Organization"],"@id":"https:\/\/www.isaac-del-toro.mx\/fr\/#\/schema\/person\/7cbbcf16bd93d1b98eeb4ab7a1fbd7ba","name":"Isaac del Toro Romero","logo":{"@id":"https:\/\/www.isaac-del-toro.mx\/fr\/#\/schema\/person\/image\/"}},{"@type":"Person","@id":"https:\/\/www.isaac-del-toro.mx\/fr\/#\/schema\/person\/dcd12bccf645d7a2112bdb90aa7ff9f2","name":"Frank","sameAs":["https:\/\/www.isaac-del-toro.mx"],"url":"https:\/\/www.isaac-del-toro.mx\/fr\/author\/frank-kuglerwebarbeit-net\/"}]}},"_links":{"self":[{"href":"https:\/\/www.isaac-del-toro.mx\/fr\/wp-json\/wp\/v2\/posts\/755","targetHints":{"allow":["GET"]}}],"collection":[{"href":"https:\/\/www.isaac-del-toro.mx\/fr\/wp-json\/wp\/v2\/posts"}],"about":[{"href":"https:\/\/www.isaac-del-toro.mx\/fr\/wp-json\/wp\/v2\/types\/post"}],"author":[{"embeddable":true,"href":"https:\/\/www.isaac-del-toro.mx\/fr\/wp-json\/wp\/v2\/users\/1"}],"replies":[{"embeddable":true,"href":"https:\/\/www.isaac-del-toro.mx\/fr\/wp-json\/wp\/v2\/comments?post=755"}],"version-history":[{"count":0,"href":"https:\/\/www.isaac-del-toro.mx\/fr\/wp-json\/wp\/v2\/posts\/755\/revisions"}],"wp:featuredmedia":[{"embeddable":true,"href":"https:\/\/www.isaac-del-toro.mx\/fr\/wp-json\/wp\/v2\/media\/751"}],"wp:attachment":[{"href":"https:\/\/www.isaac-del-toro.mx\/fr\/wp-json\/wp\/v2\/media?parent=755"}],"wp:term":[{"taxonomy":"category","embeddable":true,"href":"https:\/\/www.isaac-del-toro.mx\/fr\/wp-json\/wp\/v2\/categories?post=755"},{"taxonomy":"post_tag","embeddable":true,"href":"https:\/\/www.isaac-del-toro.mx\/fr\/wp-json\/wp\/v2\/tags?post=755"}],"curies":[{"name":"wp","href":"https:\/\/api.w.org\/{rel}","templated":true}]}}