{"id":774,"date":"2026-03-11T02:04:50","date_gmt":"2026-03-11T08:04:50","guid":{"rendered":"https:\/\/www.isaac-del-toro.mx\/tirreno-adriatico-del-toro-defi-magliano-de-marsi\/"},"modified":"2026-03-11T02:04:50","modified_gmt":"2026-03-11T08:04:50","slug":"tirreno-adriatico-del-toro-defi-magliano-de-marsi","status":"publish","type":"post","link":"https:\/\/www.isaac-del-toro.mx\/fr\/tirreno-adriatico-del-toro-defi-magliano-de-marsi\/","title":{"rendered":"Tirreno-Adriatico : Del Toro face au d\u00e9fi de Magliano de&rsquo; Marsi"},"content":{"rendered":"\n<p>La troisi\u00e8me \u00e9tape du Tirreno-Adriatico 2026 s&rsquo;annonce comme une journ\u00e9e d\u00e9cisive avec un parcours de 221 kilom\u00e8tres reliant Cortona \u00e0 Magliano de&rsquo; Marsi. Le profil, qui accumule 2436 m\u00e8tres de d\u00e9nivel\u00e9 positif, devrait offrir un terrain de jeu id\u00e9al pour les puncheurs capables de r\u00e9sister aux longues distances.<\/p>\n\n<h2>Un final taill\u00e9 pour les grimpeurs-sprinteurs<\/h2>\n<p>Le point culminant de la journ\u00e9e se situera \u00e0 40 kilom\u00e8tres de l&rsquo;arriv\u00e9e, avec une ascension de 7 kilom\u00e8tres \u00e0 4% de moyenne. Cette difficult\u00e9, suivie d&rsquo;une derni\u00e8re ligne droite pr\u00e9sentant un gradient de 0,9%, pourrait s&rsquo;av\u00e9rer d\u00e9terminante dans la s\u00e9lection finale. Le d\u00e9part sera donn\u00e9 \u00e0 10h40 de Cortona.<\/p>\n\n<h2>Del Toro en position de force<\/h2>\n<p>Le jeune prodige mexicain Isaac del Toro, sous les couleurs d&rsquo;UAE Team Emirates, se pr\u00e9sentera au d\u00e9part avec de l\u00e9gitimes ambitions. Son explosivit\u00e9 et sa capacit\u00e9 \u00e0 franchir les difficult\u00e9s en font l&rsquo;un des favoris naturels pour ce type de parcours vallonn\u00e9. La derni\u00e8re bosse \u00e0 40 kilom\u00e8tres de l&rsquo;arriv\u00e9e pourrait lui servir de rampe de lancement id\u00e9ale.<\/p>\n\n<h2>Une bataille attendue<\/h2>\n<p>La configuration du final, avec son gradient mod\u00e9r\u00e9 mais suffisant pour \u00e9liminer les sprinteurs purs, promet une lutte intense entre les puncheurs du peloton. Le Mexicain devra notamment surveiller les mouvements de ses adversaires dans la derni\u00e8re difficult\u00e9 du jour, point strat\u00e9gique qui pourrait voir se former une s\u00e9lection d\u00e9cisive.<\/p>\n\n<p>Les t\u00e9l\u00e9spectateurs pourront suivre cette \u00e9tape cruciale d\u00e8s 13h05 sur Eurosport 2 et HBO Max, pour ce qui s&rsquo;annonce comme l&rsquo;une des journ\u00e9es les plus passionnantes de cette \u00e9dition 2026 du Tirreno-Adriatico.<\/p>\n","protected":false},"excerpt":{"rendered":"<p>La troisi\u00e8me \u00e9tape du Tirreno-Adriatico 2026 s&rsquo;annonce comme une journ\u00e9e d\u00e9cisive avec un parcours de 221 kilom\u00e8tres reliant Cortona \u00e0 [&hellip;]<\/p>\n","protected":false},"author":1,"featured_media":770,"comment_status":"open","ping_status":"open","sticky":false,"template":"","format":"standard","meta":{"footnotes":""},"categories":[72],"tags":[],"class_list":["post-774","post","type-post","status-publish","format-standard","has-post-thumbnail","hentry","category-avant-course"],"yoast_head":"<!-- This site is optimized with the Yoast SEO plugin v27.1.1 - https:\/\/yoast.com\/product\/yoast-seo-wordpress\/ -->\n<title>Del Toro vise la victoire sur la 3e \u00e9tape du Tirreno-Adriatico<\/title>\n<meta name=\"description\" content=\"La troisi\u00e8me \u00e9tape du Tirreno-Adriatico 2026 propose un parcours exigeant de 221 km entre Cortona et Magliano de&#039; Marsi, avec un profil favorable aux puncheurs.\" \/>\n<meta name=\"robots\" content=\"index, follow, max-snippet:-1, max-image-preview:large, max-video-preview:-1\" \/>\n<link rel=\"canonical\" href=\"https:\/\/www.isaac-del-toro.mx\/fr\/tirreno-adriatico-del-toro-defi-magliano-de-marsi\/\" \/>\n<meta property=\"og:locale\" content=\"fr_FR\" \/>\n<meta property=\"og:type\" content=\"article\" \/>\n<meta property=\"og:title\" content=\"Del Toro vise la victoire sur la 3e \u00e9tape du Tirreno-Adriatico\" \/>\n<meta property=\"og:description\" content=\"La troisi\u00e8me \u00e9tape du Tirreno-Adriatico 2026 propose un parcours exigeant de 221 km entre Cortona et Magliano de&#039; Marsi, avec un profil favorable aux puncheurs.\" \/>\n<meta property=\"og:url\" content=\"https:\/\/www.isaac-del-toro.mx\/fr\/tirreno-adriatico-del-toro-defi-magliano-de-marsi\/\" \/>\n<meta property=\"og:site_name\" content=\"Isaac del Toro Romero\" \/>\n<meta property=\"article:published_time\" content=\"2026-03-11T08:04:50+00:00\" \/>\n<meta property=\"og:image\" content=\"https:\/\/www.isaac-del-toro.mx\/wp-content\/uploads\/2026\/03\/job-6-20260311090334.png\" \/>\n\t<meta property=\"og:image:width\" content=\"1024\" \/>\n\t<meta property=\"og:image:height\" content=\"1024\" \/>\n\t<meta property=\"og:image:type\" content=\"image\/png\" \/>\n<meta name=\"author\" content=\"Frank\" \/>\n<meta name=\"twitter:card\" content=\"summary_large_image\" \/>\n<meta name=\"twitter:label1\" content=\"\u00c9crit par\" \/>\n\t<meta name=\"twitter:data1\" content=\"Frank\" \/>\n\t<meta name=\"twitter:label2\" content=\"Dur\u00e9e de lecture estim\u00e9e\" \/>\n\t<meta name=\"twitter:data2\" content=\"1 minute\" \/>\n<script type=\"application\/ld+json\" class=\"yoast-schema-graph\">{\"@context\":\"https:\/\/schema.org\",\"@graph\":[{\"@type\":\"Article\",\"@id\":\"https:\/\/www.isaac-del-toro.mx\/fr\/tirreno-adriatico-del-toro-defi-magliano-de-marsi\/#article\",\"isPartOf\":{\"@id\":\"https:\/\/www.isaac-del-toro.mx\/fr\/tirreno-adriatico-del-toro-defi-magliano-de-marsi\/\"},\"author\":{\"name\":\"Frank\",\"@id\":\"https:\/\/www.isaac-del-toro.mx\/fr\/#\/schema\/person\/dcd12bccf645d7a2112bdb90aa7ff9f2\"},\"headline\":\"Tirreno-Adriatico : Del Toro face au d\u00e9fi de Magliano de&rsquo; Marsi\",\"datePublished\":\"2026-03-11T08:04:50+00:00\",\"mainEntityOfPage\":{\"@id\":\"https:\/\/www.isaac-del-toro.mx\/fr\/tirreno-adriatico-del-toro-defi-magliano-de-marsi\/\"},\"wordCount\":292,\"commentCount\":0,\"publisher\":{\"@id\":\"https:\/\/www.isaac-del-toro.mx\/fr\/#\/schema\/person\/7cbbcf16bd93d1b98eeb4ab7a1fbd7ba\"},\"image\":{\"@id\":\"https:\/\/www.isaac-del-toro.mx\/fr\/tirreno-adriatico-del-toro-defi-magliano-de-marsi\/#primaryimage\"},\"thumbnailUrl\":\"https:\/\/www.isaac-del-toro.mx\/wp-content\/uploads\/2026\/03\/job-6-20260311090334.png\",\"articleSection\":[\"Avant-course\"],\"inLanguage\":\"fr-FR\",\"potentialAction\":[{\"@type\":\"CommentAction\",\"name\":\"Comment\",\"target\":[\"https:\/\/www.isaac-del-toro.mx\/fr\/tirreno-adriatico-del-toro-defi-magliano-de-marsi\/#respond\"]}]},{\"@type\":\"WebPage\",\"@id\":\"https:\/\/www.isaac-del-toro.mx\/fr\/tirreno-adriatico-del-toro-defi-magliano-de-marsi\/\",\"url\":\"https:\/\/www.isaac-del-toro.mx\/fr\/tirreno-adriatico-del-toro-defi-magliano-de-marsi\/\",\"name\":\"Del Toro vise la victoire sur la 3e \u00e9tape du Tirreno-Adriatico\",\"isPartOf\":{\"@id\":\"https:\/\/www.isaac-del-toro.mx\/fr\/#website\"},\"primaryImageOfPage\":{\"@id\":\"https:\/\/www.isaac-del-toro.mx\/fr\/tirreno-adriatico-del-toro-defi-magliano-de-marsi\/#primaryimage\"},\"image\":{\"@id\":\"https:\/\/www.isaac-del-toro.mx\/fr\/tirreno-adriatico-del-toro-defi-magliano-de-marsi\/#primaryimage\"},\"thumbnailUrl\":\"https:\/\/www.isaac-del-toro.mx\/wp-content\/uploads\/2026\/03\/job-6-20260311090334.png\",\"datePublished\":\"2026-03-11T08:04:50+00:00\",\"description\":\"La troisi\u00e8me \u00e9tape du Tirreno-Adriatico 2026 propose un parcours exigeant de 221 km entre Cortona et Magliano de' Marsi, avec un profil favorable aux puncheurs.\",\"breadcrumb\":{\"@id\":\"https:\/\/www.isaac-del-toro.mx\/fr\/tirreno-adriatico-del-toro-defi-magliano-de-marsi\/#breadcrumb\"},\"inLanguage\":\"fr-FR\",\"potentialAction\":[{\"@type\":\"ReadAction\",\"target\":[\"https:\/\/www.isaac-del-toro.mx\/fr\/tirreno-adriatico-del-toro-defi-magliano-de-marsi\/\"]}]},{\"@type\":\"ImageObject\",\"inLanguage\":\"fr-FR\",\"@id\":\"https:\/\/www.isaac-del-toro.mx\/fr\/tirreno-adriatico-del-toro-defi-magliano-de-marsi\/#primaryimage\",\"url\":\"https:\/\/www.isaac-del-toro.mx\/wp-content\/uploads\/2026\/03\/job-6-20260311090334.png\",\"contentUrl\":\"https:\/\/www.isaac-del-toro.mx\/wp-content\/uploads\/2026\/03\/job-6-20260311090334.png\",\"width\":1024,\"height\":1024,\"caption\":\"Isaac del Toro lidera un grupo de ciclistas en una carretera de monta\u00f1a durante la tercera etapa del Tirreno-Adri\u00e1tico 2026.\"},{\"@type\":\"BreadcrumbList\",\"@id\":\"https:\/\/www.isaac-del-toro.mx\/fr\/tirreno-adriatico-del-toro-defi-magliano-de-marsi\/#breadcrumb\",\"itemListElement\":[{\"@type\":\"ListItem\",\"position\":1,\"name\":\"Start\",\"item\":\"https:\/\/www.isaac-del-toro.mx\/fr\/\"},{\"@type\":\"ListItem\",\"position\":2,\"name\":\"Tirreno-Adriatico : Del Toro face au d\u00e9fi de Magliano de&#8217; Marsi\"}]},{\"@type\":\"WebSite\",\"@id\":\"https:\/\/www.isaac-del-toro.mx\/fr\/#website\",\"url\":\"https:\/\/www.isaac-del-toro.mx\/fr\/\",\"name\":\"Isaac del Toro Romero\",\"description\":\"\",\"publisher\":{\"@id\":\"https:\/\/www.isaac-del-toro.mx\/fr\/#\/schema\/person\/7cbbcf16bd93d1b98eeb4ab7a1fbd7ba\"},\"potentialAction\":[{\"@type\":\"SearchAction\",\"target\":{\"@type\":\"EntryPoint\",\"urlTemplate\":\"https:\/\/www.isaac-del-toro.mx\/fr\/?s={search_term_string}\"},\"query-input\":{\"@type\":\"PropertyValueSpecification\",\"valueRequired\":true,\"valueName\":\"search_term_string\"}}],\"inLanguage\":\"fr-FR\"},{\"@type\":[\"Person\",\"Organization\"],\"@id\":\"https:\/\/www.isaac-del-toro.mx\/fr\/#\/schema\/person\/7cbbcf16bd93d1b98eeb4ab7a1fbd7ba\",\"name\":\"Isaac del Toro Romero\",\"logo\":{\"@id\":\"https:\/\/www.isaac-del-toro.mx\/fr\/#\/schema\/person\/image\/\"}},{\"@type\":\"Person\",\"@id\":\"https:\/\/www.isaac-del-toro.mx\/fr\/#\/schema\/person\/dcd12bccf645d7a2112bdb90aa7ff9f2\",\"name\":\"Frank\",\"sameAs\":[\"https:\/\/www.isaac-del-toro.mx\"],\"url\":\"https:\/\/www.isaac-del-toro.mx\/fr\/author\/frank-kuglerwebarbeit-net\/\"}]}<\/script>\n<!-- \/ Yoast SEO plugin. -->","yoast_head_json":{"title":"Del Toro vise la victoire sur la 3e \u00e9tape du Tirreno-Adriatico","description":"La troisi\u00e8me \u00e9tape du Tirreno-Adriatico 2026 propose un parcours exigeant de 221 km entre Cortona et Magliano de' Marsi, avec un profil favorable aux puncheurs.","robots":{"index":"index","follow":"follow","max-snippet":"max-snippet:-1","max-image-preview":"max-image-preview:large","max-video-preview":"max-video-preview:-1"},"canonical":"https:\/\/www.isaac-del-toro.mx\/fr\/tirreno-adriatico-del-toro-defi-magliano-de-marsi\/","og_locale":"fr_FR","og_type":"article","og_title":"Del Toro vise la victoire sur la 3e \u00e9tape du Tirreno-Adriatico","og_description":"La troisi\u00e8me \u00e9tape du Tirreno-Adriatico 2026 propose un parcours exigeant de 221 km entre Cortona et Magliano de' Marsi, avec un profil favorable aux puncheurs.","og_url":"https:\/\/www.isaac-del-toro.mx\/fr\/tirreno-adriatico-del-toro-defi-magliano-de-marsi\/","og_site_name":"Isaac del Toro Romero","article_published_time":"2026-03-11T08:04:50+00:00","og_image":[{"url":"https:\/\/www.isaac-del-toro.mx\/wp-content\/uploads\/2026\/03\/job-6-20260311090334.png","width":1024,"height":1024,"type":"image\/png"}],"author":"Frank","twitter_card":"summary_large_image","twitter_misc":{"\u00c9crit par":"Frank","Dur\u00e9e de lecture estim\u00e9e":"1 minute"},"schema":{"@context":"https:\/\/schema.org","@graph":[{"@type":"Article","@id":"https:\/\/www.isaac-del-toro.mx\/fr\/tirreno-adriatico-del-toro-defi-magliano-de-marsi\/#article","isPartOf":{"@id":"https:\/\/www.isaac-del-toro.mx\/fr\/tirreno-adriatico-del-toro-defi-magliano-de-marsi\/"},"author":{"name":"Frank","@id":"https:\/\/www.isaac-del-toro.mx\/fr\/#\/schema\/person\/dcd12bccf645d7a2112bdb90aa7ff9f2"},"headline":"Tirreno-Adriatico : Del Toro face au d\u00e9fi de Magliano de&rsquo; Marsi","datePublished":"2026-03-11T08:04:50+00:00","mainEntityOfPage":{"@id":"https:\/\/www.isaac-del-toro.mx\/fr\/tirreno-adriatico-del-toro-defi-magliano-de-marsi\/"},"wordCount":292,"commentCount":0,"publisher":{"@id":"https:\/\/www.isaac-del-toro.mx\/fr\/#\/schema\/person\/7cbbcf16bd93d1b98eeb4ab7a1fbd7ba"},"image":{"@id":"https:\/\/www.isaac-del-toro.mx\/fr\/tirreno-adriatico-del-toro-defi-magliano-de-marsi\/#primaryimage"},"thumbnailUrl":"https:\/\/www.isaac-del-toro.mx\/wp-content\/uploads\/2026\/03\/job-6-20260311090334.png","articleSection":["Avant-course"],"inLanguage":"fr-FR","potentialAction":[{"@type":"CommentAction","name":"Comment","target":["https:\/\/www.isaac-del-toro.mx\/fr\/tirreno-adriatico-del-toro-defi-magliano-de-marsi\/#respond"]}]},{"@type":"WebPage","@id":"https:\/\/www.isaac-del-toro.mx\/fr\/tirreno-adriatico-del-toro-defi-magliano-de-marsi\/","url":"https:\/\/www.isaac-del-toro.mx\/fr\/tirreno-adriatico-del-toro-defi-magliano-de-marsi\/","name":"Del Toro vise la victoire sur la 3e \u00e9tape du Tirreno-Adriatico","isPartOf":{"@id":"https:\/\/www.isaac-del-toro.mx\/fr\/#website"},"primaryImageOfPage":{"@id":"https:\/\/www.isaac-del-toro.mx\/fr\/tirreno-adriatico-del-toro-defi-magliano-de-marsi\/#primaryimage"},"image":{"@id":"https:\/\/www.isaac-del-toro.mx\/fr\/tirreno-adriatico-del-toro-defi-magliano-de-marsi\/#primaryimage"},"thumbnailUrl":"https:\/\/www.isaac-del-toro.mx\/wp-content\/uploads\/2026\/03\/job-6-20260311090334.png","datePublished":"2026-03-11T08:04:50+00:00","description":"La troisi\u00e8me \u00e9tape du Tirreno-Adriatico 2026 propose un parcours exigeant de 221 km entre Cortona et Magliano de' Marsi, avec un profil favorable aux puncheurs.","breadcrumb":{"@id":"https:\/\/www.isaac-del-toro.mx\/fr\/tirreno-adriatico-del-toro-defi-magliano-de-marsi\/#breadcrumb"},"inLanguage":"fr-FR","potentialAction":[{"@type":"ReadAction","target":["https:\/\/www.isaac-del-toro.mx\/fr\/tirreno-adriatico-del-toro-defi-magliano-de-marsi\/"]}]},{"@type":"ImageObject","inLanguage":"fr-FR","@id":"https:\/\/www.isaac-del-toro.mx\/fr\/tirreno-adriatico-del-toro-defi-magliano-de-marsi\/#primaryimage","url":"https:\/\/www.isaac-del-toro.mx\/wp-content\/uploads\/2026\/03\/job-6-20260311090334.png","contentUrl":"https:\/\/www.isaac-del-toro.mx\/wp-content\/uploads\/2026\/03\/job-6-20260311090334.png","width":1024,"height":1024,"caption":"Isaac del Toro lidera un grupo de ciclistas en una carretera de monta\u00f1a durante la tercera etapa del Tirreno-Adri\u00e1tico 2026."},{"@type":"BreadcrumbList","@id":"https:\/\/www.isaac-del-toro.mx\/fr\/tirreno-adriatico-del-toro-defi-magliano-de-marsi\/#breadcrumb","itemListElement":[{"@type":"ListItem","position":1,"name":"Start","item":"https:\/\/www.isaac-del-toro.mx\/fr\/"},{"@type":"ListItem","position":2,"name":"Tirreno-Adriatico : Del Toro face au d\u00e9fi de Magliano de&#8217; Marsi"}]},{"@type":"WebSite","@id":"https:\/\/www.isaac-del-toro.mx\/fr\/#website","url":"https:\/\/www.isaac-del-toro.mx\/fr\/","name":"Isaac del Toro Romero","description":"","publisher":{"@id":"https:\/\/www.isaac-del-toro.mx\/fr\/#\/schema\/person\/7cbbcf16bd93d1b98eeb4ab7a1fbd7ba"},"potentialAction":[{"@type":"SearchAction","target":{"@type":"EntryPoint","urlTemplate":"https:\/\/www.isaac-del-toro.mx\/fr\/?s={search_term_string}"},"query-input":{"@type":"PropertyValueSpecification","valueRequired":true,"valueName":"search_term_string"}}],"inLanguage":"fr-FR"},{"@type":["Person","Organization"],"@id":"https:\/\/www.isaac-del-toro.mx\/fr\/#\/schema\/person\/7cbbcf16bd93d1b98eeb4ab7a1fbd7ba","name":"Isaac del Toro Romero","logo":{"@id":"https:\/\/www.isaac-del-toro.mx\/fr\/#\/schema\/person\/image\/"}},{"@type":"Person","@id":"https:\/\/www.isaac-del-toro.mx\/fr\/#\/schema\/person\/dcd12bccf645d7a2112bdb90aa7ff9f2","name":"Frank","sameAs":["https:\/\/www.isaac-del-toro.mx"],"url":"https:\/\/www.isaac-del-toro.mx\/fr\/author\/frank-kuglerwebarbeit-net\/"}]}},"_links":{"self":[{"href":"https:\/\/www.isaac-del-toro.mx\/fr\/wp-json\/wp\/v2\/posts\/774","targetHints":{"allow":["GET"]}}],"collection":[{"href":"https:\/\/www.isaac-del-toro.mx\/fr\/wp-json\/wp\/v2\/posts"}],"about":[{"href":"https:\/\/www.isaac-del-toro.mx\/fr\/wp-json\/wp\/v2\/types\/post"}],"author":[{"embeddable":true,"href":"https:\/\/www.isaac-del-toro.mx\/fr\/wp-json\/wp\/v2\/users\/1"}],"replies":[{"embeddable":true,"href":"https:\/\/www.isaac-del-toro.mx\/fr\/wp-json\/wp\/v2\/comments?post=774"}],"version-history":[{"count":0,"href":"https:\/\/www.isaac-del-toro.mx\/fr\/wp-json\/wp\/v2\/posts\/774\/revisions"}],"wp:featuredmedia":[{"embeddable":true,"href":"https:\/\/www.isaac-del-toro.mx\/fr\/wp-json\/wp\/v2\/media\/770"}],"wp:attachment":[{"href":"https:\/\/www.isaac-del-toro.mx\/fr\/wp-json\/wp\/v2\/media?parent=774"}],"wp:term":[{"taxonomy":"category","embeddable":true,"href":"https:\/\/www.isaac-del-toro.mx\/fr\/wp-json\/wp\/v2\/categories?post=774"},{"taxonomy":"post_tag","embeddable":true,"href":"https:\/\/www.isaac-del-toro.mx\/fr\/wp-json\/wp\/v2\/tags?post=774"}],"curies":[{"name":"wp","href":"https:\/\/api.w.org\/{rel}","templated":true}]}}