{"id":816,"date":"2026-03-11T04:02:36","date_gmt":"2026-03-11T10:02:36","guid":{"rendered":"https:\/\/www.isaac-del-toro.mx\/?p=816"},"modified":"2026-03-11T04:02:59","modified_gmt":"2026-03-11T10:02:59","slug":"del-toro-reaction-etape-2-tirreno-adriatico-2026","status":"publish","type":"post","link":"https:\/\/www.isaac-del-toro.mx\/fr\/del-toro-reaction-etape-2-tirreno-adriatico-2026\/","title":{"rendered":"Isaac del Toro s&rsquo;exprime apr\u00e8s la 2e \u00e9tape de Tirreno-Adriatico"},"content":{"rendered":"\n<p>Isaac del Toro s&rsquo;est arr\u00eat\u00e9 pour partager ses impressions \u00e0 l&rsquo;issue de la deuxi\u00e8me \u00e9tape de Tirreno-Adriatico 2026. Cette interview d&rsquo;apr\u00e8s-course nous donne un aper\u00e7u des sensations du grimpeur mexicain sur les routes italiennes.<\/p>\n\n\n\n<p>Nous vous invitons \u00e0 visionner l&rsquo;interview compl\u00e8te pour d\u00e9couvrir l&rsquo;analyse d\u00e9taill\u00e9e de del Toro sur cette journ\u00e9e de course et ses ambitions pour la suite de l&rsquo;\u00e9preuve italienne.<\/p>\n\n\n\n<p><div style=\"position:relative;padding-bottom:56.25%;height:0;overflow:hidden;\"><iframe style=\"position:absolute;top:0;left:0;width:100%;height:100%;\" src=\"https:\/\/www.youtube-nocookie.com\/embed\/eKyI8WYL7Fw\" title=\"Isaac del Toro - Entrevista en la llegada - Etapa 2 - Tirreno-Adriatico 2026\" frameborder=\"0\" allow=\"accelerometer; autoplay; clipboard-write; encrypted-media; gyroscope; picture-in-picture; web-share\" referrerpolicy=\"strict-origin-when-cross-origin\" allowfullscreen><\/iframe><\/div><\/p>\n","protected":false},"excerpt":{"rendered":"<p>Isaac del Toro s&rsquo;est arr\u00eat\u00e9 pour partager ses impressions \u00e0 l&rsquo;issue de la deuxi\u00e8me \u00e9tape de Tirreno-Adriatico 2026. Cette interview [&hellip;]<\/p>\n","protected":false},"author":1,"featured_media":0,"comment_status":"open","ping_status":"open","sticky":false,"template":"","format":"standard","meta":{"footnotes":""},"categories":[78],"tags":[],"class_list":["post-816","post","type-post","status-publish","format-standard","hentry","category-videos"],"yoast_head":"<!-- This site is optimized with the Yoast SEO plugin v27.1.1 - https:\/\/yoast.com\/product\/yoast-seo-wordpress\/ -->\n<title>Del Toro r\u00e9agit apr\u00e8s l&#039;\u00e9tape 2 de Tirreno-Adriatico 2026<\/title>\n<meta name=\"description\" content=\"Le grimpeur mexicain Isaac del Toro s&#039;est exprim\u00e9 \u00e0 l&#039;arriv\u00e9e de la deuxi\u00e8me \u00e9tape de Tirreno-Adriatico 2026. D\u00e9couvrez ses impressions sur la course.\" \/>\n<meta name=\"robots\" content=\"index, follow, max-snippet:-1, max-image-preview:large, max-video-preview:-1\" \/>\n<link rel=\"canonical\" href=\"https:\/\/www.isaac-del-toro.mx\/fr\/del-toro-reaction-etape-2-tirreno-adriatico-2026\/\" \/>\n<meta property=\"og:locale\" content=\"fr_FR\" \/>\n<meta property=\"og:type\" content=\"article\" \/>\n<meta property=\"og:title\" content=\"Del Toro r\u00e9agit apr\u00e8s l&#039;\u00e9tape 2 de Tirreno-Adriatico 2026\" \/>\n<meta property=\"og:description\" content=\"Le grimpeur mexicain Isaac del Toro s&#039;est exprim\u00e9 \u00e0 l&#039;arriv\u00e9e de la deuxi\u00e8me \u00e9tape de Tirreno-Adriatico 2026. D\u00e9couvrez ses impressions sur la course.\" \/>\n<meta property=\"og:url\" content=\"https:\/\/www.isaac-del-toro.mx\/fr\/del-toro-reaction-etape-2-tirreno-adriatico-2026\/\" \/>\n<meta property=\"og:site_name\" content=\"Isaac del Toro Romero\" \/>\n<meta property=\"article:published_time\" content=\"2026-03-11T10:02:36+00:00\" \/>\n<meta property=\"article:modified_time\" content=\"2026-03-11T10:02:59+00:00\" \/>\n<meta name=\"author\" content=\"Frank\" \/>\n<meta name=\"twitter:card\" content=\"summary_large_image\" \/>\n<meta name=\"twitter:label1\" content=\"\u00c9crit par\" \/>\n\t<meta name=\"twitter:data1\" content=\"Frank\" \/>\n\t<meta name=\"twitter:label2\" content=\"Dur\u00e9e de lecture estim\u00e9e\" \/>\n\t<meta name=\"twitter:data2\" content=\"1 minute\" \/>\n<script type=\"application\/ld+json\" class=\"yoast-schema-graph\">{\"@context\":\"https:\/\/schema.org\",\"@graph\":[{\"@type\":\"Article\",\"@id\":\"https:\/\/www.isaac-del-toro.mx\/fr\/del-toro-reaction-etape-2-tirreno-adriatico-2026\/#article\",\"isPartOf\":{\"@id\":\"https:\/\/www.isaac-del-toro.mx\/fr\/del-toro-reaction-etape-2-tirreno-adriatico-2026\/\"},\"author\":{\"name\":\"Frank\",\"@id\":\"https:\/\/www.isaac-del-toro.mx\/fr\/#\/schema\/person\/dcd12bccf645d7a2112bdb90aa7ff9f2\"},\"headline\":\"Isaac del Toro s&rsquo;exprime apr\u00e8s la 2e \u00e9tape de Tirreno-Adriatico\",\"datePublished\":\"2026-03-11T10:02:36+00:00\",\"dateModified\":\"2026-03-11T10:02:59+00:00\",\"mainEntityOfPage\":{\"@id\":\"https:\/\/www.isaac-del-toro.mx\/fr\/del-toro-reaction-etape-2-tirreno-adriatico-2026\/\"},\"wordCount\":86,\"commentCount\":0,\"publisher\":{\"@id\":\"https:\/\/www.isaac-del-toro.mx\/fr\/#\/schema\/person\/7cbbcf16bd93d1b98eeb4ab7a1fbd7ba\"},\"articleSection\":[\"Vid\u00e9os\"],\"inLanguage\":\"fr-FR\",\"potentialAction\":[{\"@type\":\"CommentAction\",\"name\":\"Comment\",\"target\":[\"https:\/\/www.isaac-del-toro.mx\/fr\/del-toro-reaction-etape-2-tirreno-adriatico-2026\/#respond\"]}]},{\"@type\":\"WebPage\",\"@id\":\"https:\/\/www.isaac-del-toro.mx\/fr\/del-toro-reaction-etape-2-tirreno-adriatico-2026\/\",\"url\":\"https:\/\/www.isaac-del-toro.mx\/fr\/del-toro-reaction-etape-2-tirreno-adriatico-2026\/\",\"name\":\"Del Toro r\u00e9agit apr\u00e8s l'\u00e9tape 2 de Tirreno-Adriatico 2026\",\"isPartOf\":{\"@id\":\"https:\/\/www.isaac-del-toro.mx\/fr\/#website\"},\"datePublished\":\"2026-03-11T10:02:36+00:00\",\"dateModified\":\"2026-03-11T10:02:59+00:00\",\"description\":\"Le grimpeur mexicain Isaac del Toro s'est exprim\u00e9 \u00e0 l'arriv\u00e9e de la deuxi\u00e8me \u00e9tape de Tirreno-Adriatico 2026. D\u00e9couvrez ses impressions sur la course.\",\"breadcrumb\":{\"@id\":\"https:\/\/www.isaac-del-toro.mx\/fr\/del-toro-reaction-etape-2-tirreno-adriatico-2026\/#breadcrumb\"},\"inLanguage\":\"fr-FR\",\"potentialAction\":[{\"@type\":\"ReadAction\",\"target\":[\"https:\/\/www.isaac-del-toro.mx\/fr\/del-toro-reaction-etape-2-tirreno-adriatico-2026\/\"]}]},{\"@type\":\"BreadcrumbList\",\"@id\":\"https:\/\/www.isaac-del-toro.mx\/fr\/del-toro-reaction-etape-2-tirreno-adriatico-2026\/#breadcrumb\",\"itemListElement\":[{\"@type\":\"ListItem\",\"position\":1,\"name\":\"Start\",\"item\":\"https:\/\/www.isaac-del-toro.mx\/fr\/\"},{\"@type\":\"ListItem\",\"position\":2,\"name\":\"Isaac del Toro s&#8217;exprime apr\u00e8s la 2e \u00e9tape de Tirreno-Adriatico\"}]},{\"@type\":\"WebSite\",\"@id\":\"https:\/\/www.isaac-del-toro.mx\/fr\/#website\",\"url\":\"https:\/\/www.isaac-del-toro.mx\/fr\/\",\"name\":\"Isaac del Toro Romero\",\"description\":\"\",\"publisher\":{\"@id\":\"https:\/\/www.isaac-del-toro.mx\/fr\/#\/schema\/person\/7cbbcf16bd93d1b98eeb4ab7a1fbd7ba\"},\"potentialAction\":[{\"@type\":\"SearchAction\",\"target\":{\"@type\":\"EntryPoint\",\"urlTemplate\":\"https:\/\/www.isaac-del-toro.mx\/fr\/?s={search_term_string}\"},\"query-input\":{\"@type\":\"PropertyValueSpecification\",\"valueRequired\":true,\"valueName\":\"search_term_string\"}}],\"inLanguage\":\"fr-FR\"},{\"@type\":[\"Person\",\"Organization\"],\"@id\":\"https:\/\/www.isaac-del-toro.mx\/fr\/#\/schema\/person\/7cbbcf16bd93d1b98eeb4ab7a1fbd7ba\",\"name\":\"Isaac del Toro Romero\",\"logo\":{\"@id\":\"https:\/\/www.isaac-del-toro.mx\/fr\/#\/schema\/person\/image\/\"}},{\"@type\":\"Person\",\"@id\":\"https:\/\/www.isaac-del-toro.mx\/fr\/#\/schema\/person\/dcd12bccf645d7a2112bdb90aa7ff9f2\",\"name\":\"Frank\",\"sameAs\":[\"https:\/\/www.isaac-del-toro.mx\"],\"url\":\"https:\/\/www.isaac-del-toro.mx\/fr\/author\/frank-kuglerwebarbeit-net\/\"}]}<\/script>\n<!-- \/ Yoast SEO plugin. -->","yoast_head_json":{"title":"Del Toro r\u00e9agit apr\u00e8s l'\u00e9tape 2 de Tirreno-Adriatico 2026","description":"Le grimpeur mexicain Isaac del Toro s'est exprim\u00e9 \u00e0 l'arriv\u00e9e de la deuxi\u00e8me \u00e9tape de Tirreno-Adriatico 2026. D\u00e9couvrez ses impressions sur la course.","robots":{"index":"index","follow":"follow","max-snippet":"max-snippet:-1","max-image-preview":"max-image-preview:large","max-video-preview":"max-video-preview:-1"},"canonical":"https:\/\/www.isaac-del-toro.mx\/fr\/del-toro-reaction-etape-2-tirreno-adriatico-2026\/","og_locale":"fr_FR","og_type":"article","og_title":"Del Toro r\u00e9agit apr\u00e8s l'\u00e9tape 2 de Tirreno-Adriatico 2026","og_description":"Le grimpeur mexicain Isaac del Toro s'est exprim\u00e9 \u00e0 l'arriv\u00e9e de la deuxi\u00e8me \u00e9tape de Tirreno-Adriatico 2026. D\u00e9couvrez ses impressions sur la course.","og_url":"https:\/\/www.isaac-del-toro.mx\/fr\/del-toro-reaction-etape-2-tirreno-adriatico-2026\/","og_site_name":"Isaac del Toro Romero","article_published_time":"2026-03-11T10:02:36+00:00","article_modified_time":"2026-03-11T10:02:59+00:00","author":"Frank","twitter_card":"summary_large_image","twitter_misc":{"\u00c9crit par":"Frank","Dur\u00e9e de lecture estim\u00e9e":"1 minute"},"schema":{"@context":"https:\/\/schema.org","@graph":[{"@type":"Article","@id":"https:\/\/www.isaac-del-toro.mx\/fr\/del-toro-reaction-etape-2-tirreno-adriatico-2026\/#article","isPartOf":{"@id":"https:\/\/www.isaac-del-toro.mx\/fr\/del-toro-reaction-etape-2-tirreno-adriatico-2026\/"},"author":{"name":"Frank","@id":"https:\/\/www.isaac-del-toro.mx\/fr\/#\/schema\/person\/dcd12bccf645d7a2112bdb90aa7ff9f2"},"headline":"Isaac del Toro s&rsquo;exprime apr\u00e8s la 2e \u00e9tape de Tirreno-Adriatico","datePublished":"2026-03-11T10:02:36+00:00","dateModified":"2026-03-11T10:02:59+00:00","mainEntityOfPage":{"@id":"https:\/\/www.isaac-del-toro.mx\/fr\/del-toro-reaction-etape-2-tirreno-adriatico-2026\/"},"wordCount":86,"commentCount":0,"publisher":{"@id":"https:\/\/www.isaac-del-toro.mx\/fr\/#\/schema\/person\/7cbbcf16bd93d1b98eeb4ab7a1fbd7ba"},"articleSection":["Vid\u00e9os"],"inLanguage":"fr-FR","potentialAction":[{"@type":"CommentAction","name":"Comment","target":["https:\/\/www.isaac-del-toro.mx\/fr\/del-toro-reaction-etape-2-tirreno-adriatico-2026\/#respond"]}]},{"@type":"WebPage","@id":"https:\/\/www.isaac-del-toro.mx\/fr\/del-toro-reaction-etape-2-tirreno-adriatico-2026\/","url":"https:\/\/www.isaac-del-toro.mx\/fr\/del-toro-reaction-etape-2-tirreno-adriatico-2026\/","name":"Del Toro r\u00e9agit apr\u00e8s l'\u00e9tape 2 de Tirreno-Adriatico 2026","isPartOf":{"@id":"https:\/\/www.isaac-del-toro.mx\/fr\/#website"},"datePublished":"2026-03-11T10:02:36+00:00","dateModified":"2026-03-11T10:02:59+00:00","description":"Le grimpeur mexicain Isaac del Toro s'est exprim\u00e9 \u00e0 l'arriv\u00e9e de la deuxi\u00e8me \u00e9tape de Tirreno-Adriatico 2026. D\u00e9couvrez ses impressions sur la course.","breadcrumb":{"@id":"https:\/\/www.isaac-del-toro.mx\/fr\/del-toro-reaction-etape-2-tirreno-adriatico-2026\/#breadcrumb"},"inLanguage":"fr-FR","potentialAction":[{"@type":"ReadAction","target":["https:\/\/www.isaac-del-toro.mx\/fr\/del-toro-reaction-etape-2-tirreno-adriatico-2026\/"]}]},{"@type":"BreadcrumbList","@id":"https:\/\/www.isaac-del-toro.mx\/fr\/del-toro-reaction-etape-2-tirreno-adriatico-2026\/#breadcrumb","itemListElement":[{"@type":"ListItem","position":1,"name":"Start","item":"https:\/\/www.isaac-del-toro.mx\/fr\/"},{"@type":"ListItem","position":2,"name":"Isaac del Toro s&#8217;exprime apr\u00e8s la 2e \u00e9tape de Tirreno-Adriatico"}]},{"@type":"WebSite","@id":"https:\/\/www.isaac-del-toro.mx\/fr\/#website","url":"https:\/\/www.isaac-del-toro.mx\/fr\/","name":"Isaac del Toro Romero","description":"","publisher":{"@id":"https:\/\/www.isaac-del-toro.mx\/fr\/#\/schema\/person\/7cbbcf16bd93d1b98eeb4ab7a1fbd7ba"},"potentialAction":[{"@type":"SearchAction","target":{"@type":"EntryPoint","urlTemplate":"https:\/\/www.isaac-del-toro.mx\/fr\/?s={search_term_string}"},"query-input":{"@type":"PropertyValueSpecification","valueRequired":true,"valueName":"search_term_string"}}],"inLanguage":"fr-FR"},{"@type":["Person","Organization"],"@id":"https:\/\/www.isaac-del-toro.mx\/fr\/#\/schema\/person\/7cbbcf16bd93d1b98eeb4ab7a1fbd7ba","name":"Isaac del Toro Romero","logo":{"@id":"https:\/\/www.isaac-del-toro.mx\/fr\/#\/schema\/person\/image\/"}},{"@type":"Person","@id":"https:\/\/www.isaac-del-toro.mx\/fr\/#\/schema\/person\/dcd12bccf645d7a2112bdb90aa7ff9f2","name":"Frank","sameAs":["https:\/\/www.isaac-del-toro.mx"],"url":"https:\/\/www.isaac-del-toro.mx\/fr\/author\/frank-kuglerwebarbeit-net\/"}]}},"_links":{"self":[{"href":"https:\/\/www.isaac-del-toro.mx\/fr\/wp-json\/wp\/v2\/posts\/816","targetHints":{"allow":["GET"]}}],"collection":[{"href":"https:\/\/www.isaac-del-toro.mx\/fr\/wp-json\/wp\/v2\/posts"}],"about":[{"href":"https:\/\/www.isaac-del-toro.mx\/fr\/wp-json\/wp\/v2\/types\/post"}],"author":[{"embeddable":true,"href":"https:\/\/www.isaac-del-toro.mx\/fr\/wp-json\/wp\/v2\/users\/1"}],"replies":[{"embeddable":true,"href":"https:\/\/www.isaac-del-toro.mx\/fr\/wp-json\/wp\/v2\/comments?post=816"}],"version-history":[{"count":1,"href":"https:\/\/www.isaac-del-toro.mx\/fr\/wp-json\/wp\/v2\/posts\/816\/revisions"}],"predecessor-version":[{"id":820,"href":"https:\/\/www.isaac-del-toro.mx\/fr\/wp-json\/wp\/v2\/posts\/816\/revisions\/820"}],"wp:attachment":[{"href":"https:\/\/www.isaac-del-toro.mx\/fr\/wp-json\/wp\/v2\/media?parent=816"}],"wp:term":[{"taxonomy":"category","embeddable":true,"href":"https:\/\/www.isaac-del-toro.mx\/fr\/wp-json\/wp\/v2\/categories?post=816"},{"taxonomy":"post_tag","embeddable":true,"href":"https:\/\/www.isaac-del-toro.mx\/fr\/wp-json\/wp\/v2\/tags?post=816"}],"curies":[{"name":"wp","href":"https:\/\/api.w.org\/{rel}","templated":true}]}}