{"id":826,"date":"2026-03-11T04:30:37","date_gmt":"2026-03-11T10:30:37","guid":{"rendered":"https:\/\/www.isaac-del-toro.mx\/del-toro-difficultes-tirreno-adriatico-2026\/"},"modified":"2026-03-11T04:30:37","modified_gmt":"2026-03-11T10:30:37","slug":"del-toro-difficultes-tirreno-adriatico-2026","status":"publish","type":"post","link":"https:\/\/www.isaac-del-toro.mx\/fr\/del-toro-difficultes-tirreno-adriatico-2026\/","title":{"rendered":"Tirreno-Adriatico : Isaac del Toro \u00e9voque ses difficult\u00e9s lors d&rsquo;une \u00e9tape \u00e9prouvante"},"content":{"rendered":"\n<p>\u00c0 l&rsquo;issue d&rsquo;une \u00e9tape de Tirreno-Adriatico 2026, Isaac del Toro s&rsquo;est confi\u00e9 sur les difficult\u00e9s rencontr\u00e9es durant la course. Le coureur mexicain a reconnu avoir travers\u00e9 une journ\u00e9e particuli\u00e8rement \u00e9prouvante, o\u00f9 la simple survie a pris le pas sur toute consid\u00e9ration tactique. Cette rare confession de vuln\u00e9rabilit\u00e9 de la part du grimpeur nous rappelle que m\u00eame les plus talentueux peuvent conna\u00eetre des moments de faiblesse dans le cyclisme de haut niveau.<\/p>\n\n\n\n<p>Nous vous invitons \u00e0 d\u00e9couvrir l&rsquo;int\u00e9gralit\u00e9 de ses d\u00e9clarations dans la vid\u00e9o compl\u00e8te.<\/p>\n\n\n\n<p><div style=\"position:relative;padding-bottom:56.25%;height:0;overflow:hidden;\"><iframe style=\"position:absolute;top:0;left:0;width:100%;height:100%;\" src=\"https:\/\/www.youtube-nocookie.com\/embed\/MjQai0GsAn8\" title=\"Tirreno-Adriatico 2026 - Isaac Del Toro : &amp;quot;I was struggling hard, there was no tactics&amp;quot;\" frameborder=\"0\" allow=\"accelerometer; autoplay; clipboard-write; encrypted-media; gyroscope; picture-in-picture; web-share\" referrerpolicy=\"strict-origin-when-cross-origin\" allowfullscreen><\/iframe><\/div><\/p>\n","protected":false},"excerpt":{"rendered":"<p>\u00c0 l&rsquo;issue d&rsquo;une \u00e9tape de Tirreno-Adriatico 2026, Isaac del Toro s&rsquo;est confi\u00e9 sur les difficult\u00e9s rencontr\u00e9es durant la course. Le [&hellip;]<\/p>\n","protected":false},"author":1,"featured_media":0,"comment_status":"open","ping_status":"open","sticky":false,"template":"","format":"standard","meta":{"footnotes":""},"categories":[78],"tags":[],"class_list":["post-826","post","type-post","status-publish","format-standard","hentry","category-videos"],"yoast_head":"<!-- This site is optimized with the Yoast SEO plugin v27.1.1 - https:\/\/yoast.com\/product\/yoast-seo-wordpress\/ -->\n<title>Del Toro : &#039;Pas de tactique, juste la survie&#039; \u00e0 Tirreno-Adriatico<\/title>\n<meta name=\"description\" content=\"Le jeune coureur mexicain Isaac del Toro s&#039;exprime sur une journ\u00e9e difficile \u00e0 Tirreno-Adriatico 2026, o\u00f9 la survie a prim\u00e9 sur la strat\u00e9gie.\" \/>\n<meta name=\"robots\" content=\"index, follow, max-snippet:-1, max-image-preview:large, max-video-preview:-1\" \/>\n<link rel=\"canonical\" href=\"https:\/\/www.isaac-del-toro.mx\/fr\/del-toro-difficultes-tirreno-adriatico-2026\/\" \/>\n<meta property=\"og:locale\" content=\"fr_FR\" \/>\n<meta property=\"og:type\" content=\"article\" \/>\n<meta property=\"og:title\" content=\"Del Toro : &#039;Pas de tactique, juste la survie&#039; \u00e0 Tirreno-Adriatico\" \/>\n<meta property=\"og:description\" content=\"Le jeune coureur mexicain Isaac del Toro s&#039;exprime sur une journ\u00e9e difficile \u00e0 Tirreno-Adriatico 2026, o\u00f9 la survie a prim\u00e9 sur la strat\u00e9gie.\" \/>\n<meta property=\"og:url\" content=\"https:\/\/www.isaac-del-toro.mx\/fr\/del-toro-difficultes-tirreno-adriatico-2026\/\" \/>\n<meta property=\"og:site_name\" content=\"Isaac del Toro Romero\" \/>\n<meta property=\"article:published_time\" content=\"2026-03-11T10:30:37+00:00\" \/>\n<meta name=\"author\" content=\"Frank\" \/>\n<meta name=\"twitter:card\" content=\"summary_large_image\" \/>\n<meta name=\"twitter:label1\" content=\"\u00c9crit par\" \/>\n\t<meta name=\"twitter:data1\" content=\"Frank\" \/>\n<script type=\"application\/ld+json\" class=\"yoast-schema-graph\">{\"@context\":\"https:\/\/schema.org\",\"@graph\":[{\"@type\":\"Article\",\"@id\":\"https:\/\/www.isaac-del-toro.mx\/fr\/del-toro-difficultes-tirreno-adriatico-2026\/#article\",\"isPartOf\":{\"@id\":\"https:\/\/www.isaac-del-toro.mx\/fr\/del-toro-difficultes-tirreno-adriatico-2026\/\"},\"author\":{\"name\":\"Frank\",\"@id\":\"https:\/\/www.isaac-del-toro.mx\/fr\/#\/schema\/person\/dcd12bccf645d7a2112bdb90aa7ff9f2\"},\"headline\":\"Tirreno-Adriatico : Isaac del Toro \u00e9voque ses difficult\u00e9s lors d&rsquo;une \u00e9tape \u00e9prouvante\",\"datePublished\":\"2026-03-11T10:30:37+00:00\",\"mainEntityOfPage\":{\"@id\":\"https:\/\/www.isaac-del-toro.mx\/fr\/del-toro-difficultes-tirreno-adriatico-2026\/\"},\"wordCount\":111,\"commentCount\":0,\"publisher\":{\"@id\":\"https:\/\/www.isaac-del-toro.mx\/fr\/#\/schema\/person\/7cbbcf16bd93d1b98eeb4ab7a1fbd7ba\"},\"articleSection\":[\"Vid\u00e9os\"],\"inLanguage\":\"fr-FR\",\"potentialAction\":[{\"@type\":\"CommentAction\",\"name\":\"Comment\",\"target\":[\"https:\/\/www.isaac-del-toro.mx\/fr\/del-toro-difficultes-tirreno-adriatico-2026\/#respond\"]}]},{\"@type\":\"WebPage\",\"@id\":\"https:\/\/www.isaac-del-toro.mx\/fr\/del-toro-difficultes-tirreno-adriatico-2026\/\",\"url\":\"https:\/\/www.isaac-del-toro.mx\/fr\/del-toro-difficultes-tirreno-adriatico-2026\/\",\"name\":\"Del Toro : 'Pas de tactique, juste la survie' \u00e0 Tirreno-Adriatico\",\"isPartOf\":{\"@id\":\"https:\/\/www.isaac-del-toro.mx\/fr\/#website\"},\"datePublished\":\"2026-03-11T10:30:37+00:00\",\"description\":\"Le jeune coureur mexicain Isaac del Toro s'exprime sur une journ\u00e9e difficile \u00e0 Tirreno-Adriatico 2026, o\u00f9 la survie a prim\u00e9 sur la strat\u00e9gie.\",\"breadcrumb\":{\"@id\":\"https:\/\/www.isaac-del-toro.mx\/fr\/del-toro-difficultes-tirreno-adriatico-2026\/#breadcrumb\"},\"inLanguage\":\"fr-FR\",\"potentialAction\":[{\"@type\":\"ReadAction\",\"target\":[\"https:\/\/www.isaac-del-toro.mx\/fr\/del-toro-difficultes-tirreno-adriatico-2026\/\"]}]},{\"@type\":\"BreadcrumbList\",\"@id\":\"https:\/\/www.isaac-del-toro.mx\/fr\/del-toro-difficultes-tirreno-adriatico-2026\/#breadcrumb\",\"itemListElement\":[{\"@type\":\"ListItem\",\"position\":1,\"name\":\"Start\",\"item\":\"https:\/\/www.isaac-del-toro.mx\/fr\/\"},{\"@type\":\"ListItem\",\"position\":2,\"name\":\"Tirreno-Adriatico : Isaac del Toro \u00e9voque ses difficult\u00e9s lors d&#8217;une \u00e9tape \u00e9prouvante\"}]},{\"@type\":\"WebSite\",\"@id\":\"https:\/\/www.isaac-del-toro.mx\/fr\/#website\",\"url\":\"https:\/\/www.isaac-del-toro.mx\/fr\/\",\"name\":\"Isaac del Toro Romero\",\"description\":\"\",\"publisher\":{\"@id\":\"https:\/\/www.isaac-del-toro.mx\/fr\/#\/schema\/person\/7cbbcf16bd93d1b98eeb4ab7a1fbd7ba\"},\"potentialAction\":[{\"@type\":\"SearchAction\",\"target\":{\"@type\":\"EntryPoint\",\"urlTemplate\":\"https:\/\/www.isaac-del-toro.mx\/fr\/?s={search_term_string}\"},\"query-input\":{\"@type\":\"PropertyValueSpecification\",\"valueRequired\":true,\"valueName\":\"search_term_string\"}}],\"inLanguage\":\"fr-FR\"},{\"@type\":[\"Person\",\"Organization\"],\"@id\":\"https:\/\/www.isaac-del-toro.mx\/fr\/#\/schema\/person\/7cbbcf16bd93d1b98eeb4ab7a1fbd7ba\",\"name\":\"Isaac del Toro Romero\",\"logo\":{\"@id\":\"https:\/\/www.isaac-del-toro.mx\/fr\/#\/schema\/person\/image\/\"}},{\"@type\":\"Person\",\"@id\":\"https:\/\/www.isaac-del-toro.mx\/fr\/#\/schema\/person\/dcd12bccf645d7a2112bdb90aa7ff9f2\",\"name\":\"Frank\",\"sameAs\":[\"https:\/\/www.isaac-del-toro.mx\"],\"url\":\"https:\/\/www.isaac-del-toro.mx\/fr\/author\/frank-kuglerwebarbeit-net\/\"}]}<\/script>\n<!-- \/ Yoast SEO plugin. -->","yoast_head_json":{"title":"Del Toro : 'Pas de tactique, juste la survie' \u00e0 Tirreno-Adriatico","description":"Le jeune coureur mexicain Isaac del Toro s'exprime sur une journ\u00e9e difficile \u00e0 Tirreno-Adriatico 2026, o\u00f9 la survie a prim\u00e9 sur la strat\u00e9gie.","robots":{"index":"index","follow":"follow","max-snippet":"max-snippet:-1","max-image-preview":"max-image-preview:large","max-video-preview":"max-video-preview:-1"},"canonical":"https:\/\/www.isaac-del-toro.mx\/fr\/del-toro-difficultes-tirreno-adriatico-2026\/","og_locale":"fr_FR","og_type":"article","og_title":"Del Toro : 'Pas de tactique, juste la survie' \u00e0 Tirreno-Adriatico","og_description":"Le jeune coureur mexicain Isaac del Toro s'exprime sur une journ\u00e9e difficile \u00e0 Tirreno-Adriatico 2026, o\u00f9 la survie a prim\u00e9 sur la strat\u00e9gie.","og_url":"https:\/\/www.isaac-del-toro.mx\/fr\/del-toro-difficultes-tirreno-adriatico-2026\/","og_site_name":"Isaac del Toro Romero","article_published_time":"2026-03-11T10:30:37+00:00","author":"Frank","twitter_card":"summary_large_image","twitter_misc":{"\u00c9crit par":"Frank"},"schema":{"@context":"https:\/\/schema.org","@graph":[{"@type":"Article","@id":"https:\/\/www.isaac-del-toro.mx\/fr\/del-toro-difficultes-tirreno-adriatico-2026\/#article","isPartOf":{"@id":"https:\/\/www.isaac-del-toro.mx\/fr\/del-toro-difficultes-tirreno-adriatico-2026\/"},"author":{"name":"Frank","@id":"https:\/\/www.isaac-del-toro.mx\/fr\/#\/schema\/person\/dcd12bccf645d7a2112bdb90aa7ff9f2"},"headline":"Tirreno-Adriatico : Isaac del Toro \u00e9voque ses difficult\u00e9s lors d&rsquo;une \u00e9tape \u00e9prouvante","datePublished":"2026-03-11T10:30:37+00:00","mainEntityOfPage":{"@id":"https:\/\/www.isaac-del-toro.mx\/fr\/del-toro-difficultes-tirreno-adriatico-2026\/"},"wordCount":111,"commentCount":0,"publisher":{"@id":"https:\/\/www.isaac-del-toro.mx\/fr\/#\/schema\/person\/7cbbcf16bd93d1b98eeb4ab7a1fbd7ba"},"articleSection":["Vid\u00e9os"],"inLanguage":"fr-FR","potentialAction":[{"@type":"CommentAction","name":"Comment","target":["https:\/\/www.isaac-del-toro.mx\/fr\/del-toro-difficultes-tirreno-adriatico-2026\/#respond"]}]},{"@type":"WebPage","@id":"https:\/\/www.isaac-del-toro.mx\/fr\/del-toro-difficultes-tirreno-adriatico-2026\/","url":"https:\/\/www.isaac-del-toro.mx\/fr\/del-toro-difficultes-tirreno-adriatico-2026\/","name":"Del Toro : 'Pas de tactique, juste la survie' \u00e0 Tirreno-Adriatico","isPartOf":{"@id":"https:\/\/www.isaac-del-toro.mx\/fr\/#website"},"datePublished":"2026-03-11T10:30:37+00:00","description":"Le jeune coureur mexicain Isaac del Toro s'exprime sur une journ\u00e9e difficile \u00e0 Tirreno-Adriatico 2026, o\u00f9 la survie a prim\u00e9 sur la strat\u00e9gie.","breadcrumb":{"@id":"https:\/\/www.isaac-del-toro.mx\/fr\/del-toro-difficultes-tirreno-adriatico-2026\/#breadcrumb"},"inLanguage":"fr-FR","potentialAction":[{"@type":"ReadAction","target":["https:\/\/www.isaac-del-toro.mx\/fr\/del-toro-difficultes-tirreno-adriatico-2026\/"]}]},{"@type":"BreadcrumbList","@id":"https:\/\/www.isaac-del-toro.mx\/fr\/del-toro-difficultes-tirreno-adriatico-2026\/#breadcrumb","itemListElement":[{"@type":"ListItem","position":1,"name":"Start","item":"https:\/\/www.isaac-del-toro.mx\/fr\/"},{"@type":"ListItem","position":2,"name":"Tirreno-Adriatico : Isaac del Toro \u00e9voque ses difficult\u00e9s lors d&#8217;une \u00e9tape \u00e9prouvante"}]},{"@type":"WebSite","@id":"https:\/\/www.isaac-del-toro.mx\/fr\/#website","url":"https:\/\/www.isaac-del-toro.mx\/fr\/","name":"Isaac del Toro Romero","description":"","publisher":{"@id":"https:\/\/www.isaac-del-toro.mx\/fr\/#\/schema\/person\/7cbbcf16bd93d1b98eeb4ab7a1fbd7ba"},"potentialAction":[{"@type":"SearchAction","target":{"@type":"EntryPoint","urlTemplate":"https:\/\/www.isaac-del-toro.mx\/fr\/?s={search_term_string}"},"query-input":{"@type":"PropertyValueSpecification","valueRequired":true,"valueName":"search_term_string"}}],"inLanguage":"fr-FR"},{"@type":["Person","Organization"],"@id":"https:\/\/www.isaac-del-toro.mx\/fr\/#\/schema\/person\/7cbbcf16bd93d1b98eeb4ab7a1fbd7ba","name":"Isaac del Toro Romero","logo":{"@id":"https:\/\/www.isaac-del-toro.mx\/fr\/#\/schema\/person\/image\/"}},{"@type":"Person","@id":"https:\/\/www.isaac-del-toro.mx\/fr\/#\/schema\/person\/dcd12bccf645d7a2112bdb90aa7ff9f2","name":"Frank","sameAs":["https:\/\/www.isaac-del-toro.mx"],"url":"https:\/\/www.isaac-del-toro.mx\/fr\/author\/frank-kuglerwebarbeit-net\/"}]}},"_links":{"self":[{"href":"https:\/\/www.isaac-del-toro.mx\/fr\/wp-json\/wp\/v2\/posts\/826","targetHints":{"allow":["GET"]}}],"collection":[{"href":"https:\/\/www.isaac-del-toro.mx\/fr\/wp-json\/wp\/v2\/posts"}],"about":[{"href":"https:\/\/www.isaac-del-toro.mx\/fr\/wp-json\/wp\/v2\/types\/post"}],"author":[{"embeddable":true,"href":"https:\/\/www.isaac-del-toro.mx\/fr\/wp-json\/wp\/v2\/users\/1"}],"replies":[{"embeddable":true,"href":"https:\/\/www.isaac-del-toro.mx\/fr\/wp-json\/wp\/v2\/comments?post=826"}],"version-history":[{"count":0,"href":"https:\/\/www.isaac-del-toro.mx\/fr\/wp-json\/wp\/v2\/posts\/826\/revisions"}],"wp:attachment":[{"href":"https:\/\/www.isaac-del-toro.mx\/fr\/wp-json\/wp\/v2\/media?parent=826"}],"wp:term":[{"taxonomy":"category","embeddable":true,"href":"https:\/\/www.isaac-del-toro.mx\/fr\/wp-json\/wp\/v2\/categories?post=826"},{"taxonomy":"post_tag","embeddable":true,"href":"https:\/\/www.isaac-del-toro.mx\/fr\/wp-json\/wp\/v2\/tags?post=826"}],"curies":[{"name":"wp","href":"https:\/\/api.w.org\/{rel}","templated":true}]}}