{"id":853,"date":"2026-03-11T13:00:38","date_gmt":"2026-03-11T19:00:38","guid":{"rendered":"https:\/\/www.isaac-del-toro.mx\/isaac-del-toro-talent-polyvalent-defie-classifications\/"},"modified":"2026-03-11T13:00:38","modified_gmt":"2026-03-11T19:00:38","slug":"isaac-del-toro-talent-polyvalent-defie-classifications","status":"publish","type":"post","link":"https:\/\/www.isaac-del-toro.mx\/fr\/isaac-del-toro-talent-polyvalent-defie-classifications\/","title":{"rendered":"Isaac del Toro : Un talent polyvalent qui d\u00e9fie les classifications"},"content":{"rendered":"\n<p>La polyvalence remarquable d&rsquo;Isaac del Toro continue de susciter des discussions passionn\u00e9es dans le monde du cyclisme. Le jeune prodige mexicain, qui brille aussi bien en montagne que sur les classiques, d\u00e9montre une adaptabilit\u00e9 qui rend difficile sa cat\u00e9gorisation dans une sp\u00e9cialit\u00e9 pr\u00e9cise. Cette versatilit\u00e9 exceptionnelle, loin d&rsquo;\u00eatre un handicap, pourrait bien \u00eatre sa plus grande force dans le peloton professionnel.<\/p>\n\n\n\n<p><div style=\"position:relative;padding-bottom:56.25%;height:0;overflow:hidden;\"><iframe style=\"position:absolute;top:0;left:0;width:100%;height:100%;\" src=\"https:\/\/www.youtube-nocookie.com\/embed\/5yA8B12RBUU\" title=\"On ne sait plus o\u00f9 caser Isaac Del Toro \ud83d\ude05\" frameborder=\"0\" allow=\"accelerometer; autoplay; clipboard-write; encrypted-media; gyroscope; picture-in-picture; web-share\" referrerpolicy=\"strict-origin-when-cross-origin\" allowfullscreen><\/iframe><\/div><\/p>\n","protected":false},"excerpt":{"rendered":"<p>La polyvalence remarquable d&rsquo;Isaac del Toro continue de susciter des discussions passionn\u00e9es dans le monde du cyclisme. Le jeune prodige [&hellip;]<\/p>\n","protected":false},"author":1,"featured_media":0,"comment_status":"open","ping_status":"open","sticky":false,"template":"","format":"standard","meta":{"footnotes":""},"categories":[78],"tags":[],"class_list":["post-853","post","type-post","status-publish","format-standard","hentry","category-videos"],"yoast_head":"<!-- This site is optimized with the Yoast SEO plugin v27.1.1 - https:\/\/yoast.com\/product\/yoast-seo-wordpress\/ -->\n<title>Isaac del Toro : Le cycliste qui transcende les sp\u00e9cialit\u00e9s<\/title>\n<meta name=\"description\" content=\"Analyse de la polyvalence exceptionnelle d&#039;Isaac del Toro, dont les performances vari\u00e9es rendent difficile sa classification dans une sp\u00e9cialit\u00e9 pr\u00e9cise du cyclisme.\" \/>\n<meta name=\"robots\" content=\"index, follow, max-snippet:-1, max-image-preview:large, max-video-preview:-1\" \/>\n<link rel=\"canonical\" href=\"https:\/\/www.isaac-del-toro.mx\/fr\/isaac-del-toro-talent-polyvalent-defie-classifications\/\" \/>\n<meta property=\"og:locale\" content=\"fr_FR\" \/>\n<meta property=\"og:type\" content=\"article\" \/>\n<meta property=\"og:title\" content=\"Isaac del Toro : Le cycliste qui transcende les sp\u00e9cialit\u00e9s\" \/>\n<meta property=\"og:description\" content=\"Analyse de la polyvalence exceptionnelle d&#039;Isaac del Toro, dont les performances vari\u00e9es rendent difficile sa classification dans une sp\u00e9cialit\u00e9 pr\u00e9cise du cyclisme.\" \/>\n<meta property=\"og:url\" content=\"https:\/\/www.isaac-del-toro.mx\/fr\/isaac-del-toro-talent-polyvalent-defie-classifications\/\" \/>\n<meta property=\"og:site_name\" content=\"Isaac del Toro Romero\" \/>\n<meta property=\"article:published_time\" content=\"2026-03-11T19:00:38+00:00\" \/>\n<meta name=\"author\" content=\"Frank\" \/>\n<meta name=\"twitter:card\" content=\"summary_large_image\" \/>\n<meta name=\"twitter:label1\" content=\"\u00c9crit par\" \/>\n\t<meta name=\"twitter:data1\" content=\"Frank\" \/>\n<script type=\"application\/ld+json\" class=\"yoast-schema-graph\">{\"@context\":\"https:\/\/schema.org\",\"@graph\":[{\"@type\":\"Article\",\"@id\":\"https:\/\/www.isaac-del-toro.mx\/fr\/isaac-del-toro-talent-polyvalent-defie-classifications\/#article\",\"isPartOf\":{\"@id\":\"https:\/\/www.isaac-del-toro.mx\/fr\/isaac-del-toro-talent-polyvalent-defie-classifications\/\"},\"author\":{\"name\":\"Frank\",\"@id\":\"https:\/\/www.isaac-del-toro.mx\/fr\/#\/schema\/person\/dcd12bccf645d7a2112bdb90aa7ff9f2\"},\"headline\":\"Isaac del Toro : Un talent polyvalent qui d\u00e9fie les classifications\",\"datePublished\":\"2026-03-11T19:00:38+00:00\",\"mainEntityOfPage\":{\"@id\":\"https:\/\/www.isaac-del-toro.mx\/fr\/isaac-del-toro-talent-polyvalent-defie-classifications\/\"},\"wordCount\":79,\"commentCount\":0,\"publisher\":{\"@id\":\"https:\/\/www.isaac-del-toro.mx\/fr\/#\/schema\/person\/7cbbcf16bd93d1b98eeb4ab7a1fbd7ba\"},\"articleSection\":[\"Vid\u00e9os\"],\"inLanguage\":\"fr-FR\",\"potentialAction\":[{\"@type\":\"CommentAction\",\"name\":\"Comment\",\"target\":[\"https:\/\/www.isaac-del-toro.mx\/fr\/isaac-del-toro-talent-polyvalent-defie-classifications\/#respond\"]}]},{\"@type\":\"WebPage\",\"@id\":\"https:\/\/www.isaac-del-toro.mx\/fr\/isaac-del-toro-talent-polyvalent-defie-classifications\/\",\"url\":\"https:\/\/www.isaac-del-toro.mx\/fr\/isaac-del-toro-talent-polyvalent-defie-classifications\/\",\"name\":\"Isaac del Toro : Le cycliste qui transcende les sp\u00e9cialit\u00e9s\",\"isPartOf\":{\"@id\":\"https:\/\/www.isaac-del-toro.mx\/fr\/#website\"},\"datePublished\":\"2026-03-11T19:00:38+00:00\",\"description\":\"Analyse de la polyvalence exceptionnelle d'Isaac del Toro, dont les performances vari\u00e9es rendent difficile sa classification dans une sp\u00e9cialit\u00e9 pr\u00e9cise du cyclisme.\",\"breadcrumb\":{\"@id\":\"https:\/\/www.isaac-del-toro.mx\/fr\/isaac-del-toro-talent-polyvalent-defie-classifications\/#breadcrumb\"},\"inLanguage\":\"fr-FR\",\"potentialAction\":[{\"@type\":\"ReadAction\",\"target\":[\"https:\/\/www.isaac-del-toro.mx\/fr\/isaac-del-toro-talent-polyvalent-defie-classifications\/\"]}]},{\"@type\":\"BreadcrumbList\",\"@id\":\"https:\/\/www.isaac-del-toro.mx\/fr\/isaac-del-toro-talent-polyvalent-defie-classifications\/#breadcrumb\",\"itemListElement\":[{\"@type\":\"ListItem\",\"position\":1,\"name\":\"Start\",\"item\":\"https:\/\/www.isaac-del-toro.mx\/fr\/\"},{\"@type\":\"ListItem\",\"position\":2,\"name\":\"Isaac del Toro : Un talent polyvalent qui d\u00e9fie les classifications\"}]},{\"@type\":\"WebSite\",\"@id\":\"https:\/\/www.isaac-del-toro.mx\/fr\/#website\",\"url\":\"https:\/\/www.isaac-del-toro.mx\/fr\/\",\"name\":\"Isaac del Toro Romero\",\"description\":\"\",\"publisher\":{\"@id\":\"https:\/\/www.isaac-del-toro.mx\/fr\/#\/schema\/person\/7cbbcf16bd93d1b98eeb4ab7a1fbd7ba\"},\"potentialAction\":[{\"@type\":\"SearchAction\",\"target\":{\"@type\":\"EntryPoint\",\"urlTemplate\":\"https:\/\/www.isaac-del-toro.mx\/fr\/?s={search_term_string}\"},\"query-input\":{\"@type\":\"PropertyValueSpecification\",\"valueRequired\":true,\"valueName\":\"search_term_string\"}}],\"inLanguage\":\"fr-FR\"},{\"@type\":[\"Person\",\"Organization\"],\"@id\":\"https:\/\/www.isaac-del-toro.mx\/fr\/#\/schema\/person\/7cbbcf16bd93d1b98eeb4ab7a1fbd7ba\",\"name\":\"Isaac del Toro Romero\",\"logo\":{\"@id\":\"https:\/\/www.isaac-del-toro.mx\/fr\/#\/schema\/person\/image\/\"}},{\"@type\":\"Person\",\"@id\":\"https:\/\/www.isaac-del-toro.mx\/fr\/#\/schema\/person\/dcd12bccf645d7a2112bdb90aa7ff9f2\",\"name\":\"Frank\",\"sameAs\":[\"https:\/\/www.isaac-del-toro.mx\"],\"url\":\"https:\/\/www.isaac-del-toro.mx\/fr\/author\/frank-kuglerwebarbeit-net\/\"}]}<\/script>\n<!-- \/ Yoast SEO plugin. -->","yoast_head_json":{"title":"Isaac del Toro : Le cycliste qui transcende les sp\u00e9cialit\u00e9s","description":"Analyse de la polyvalence exceptionnelle d'Isaac del Toro, dont les performances vari\u00e9es rendent difficile sa classification dans une sp\u00e9cialit\u00e9 pr\u00e9cise du cyclisme.","robots":{"index":"index","follow":"follow","max-snippet":"max-snippet:-1","max-image-preview":"max-image-preview:large","max-video-preview":"max-video-preview:-1"},"canonical":"https:\/\/www.isaac-del-toro.mx\/fr\/isaac-del-toro-talent-polyvalent-defie-classifications\/","og_locale":"fr_FR","og_type":"article","og_title":"Isaac del Toro : Le cycliste qui transcende les sp\u00e9cialit\u00e9s","og_description":"Analyse de la polyvalence exceptionnelle d'Isaac del Toro, dont les performances vari\u00e9es rendent difficile sa classification dans une sp\u00e9cialit\u00e9 pr\u00e9cise du cyclisme.","og_url":"https:\/\/www.isaac-del-toro.mx\/fr\/isaac-del-toro-talent-polyvalent-defie-classifications\/","og_site_name":"Isaac del Toro Romero","article_published_time":"2026-03-11T19:00:38+00:00","author":"Frank","twitter_card":"summary_large_image","twitter_misc":{"\u00c9crit par":"Frank"},"schema":{"@context":"https:\/\/schema.org","@graph":[{"@type":"Article","@id":"https:\/\/www.isaac-del-toro.mx\/fr\/isaac-del-toro-talent-polyvalent-defie-classifications\/#article","isPartOf":{"@id":"https:\/\/www.isaac-del-toro.mx\/fr\/isaac-del-toro-talent-polyvalent-defie-classifications\/"},"author":{"name":"Frank","@id":"https:\/\/www.isaac-del-toro.mx\/fr\/#\/schema\/person\/dcd12bccf645d7a2112bdb90aa7ff9f2"},"headline":"Isaac del Toro : Un talent polyvalent qui d\u00e9fie les classifications","datePublished":"2026-03-11T19:00:38+00:00","mainEntityOfPage":{"@id":"https:\/\/www.isaac-del-toro.mx\/fr\/isaac-del-toro-talent-polyvalent-defie-classifications\/"},"wordCount":79,"commentCount":0,"publisher":{"@id":"https:\/\/www.isaac-del-toro.mx\/fr\/#\/schema\/person\/7cbbcf16bd93d1b98eeb4ab7a1fbd7ba"},"articleSection":["Vid\u00e9os"],"inLanguage":"fr-FR","potentialAction":[{"@type":"CommentAction","name":"Comment","target":["https:\/\/www.isaac-del-toro.mx\/fr\/isaac-del-toro-talent-polyvalent-defie-classifications\/#respond"]}]},{"@type":"WebPage","@id":"https:\/\/www.isaac-del-toro.mx\/fr\/isaac-del-toro-talent-polyvalent-defie-classifications\/","url":"https:\/\/www.isaac-del-toro.mx\/fr\/isaac-del-toro-talent-polyvalent-defie-classifications\/","name":"Isaac del Toro : Le cycliste qui transcende les sp\u00e9cialit\u00e9s","isPartOf":{"@id":"https:\/\/www.isaac-del-toro.mx\/fr\/#website"},"datePublished":"2026-03-11T19:00:38+00:00","description":"Analyse de la polyvalence exceptionnelle d'Isaac del Toro, dont les performances vari\u00e9es rendent difficile sa classification dans une sp\u00e9cialit\u00e9 pr\u00e9cise du cyclisme.","breadcrumb":{"@id":"https:\/\/www.isaac-del-toro.mx\/fr\/isaac-del-toro-talent-polyvalent-defie-classifications\/#breadcrumb"},"inLanguage":"fr-FR","potentialAction":[{"@type":"ReadAction","target":["https:\/\/www.isaac-del-toro.mx\/fr\/isaac-del-toro-talent-polyvalent-defie-classifications\/"]}]},{"@type":"BreadcrumbList","@id":"https:\/\/www.isaac-del-toro.mx\/fr\/isaac-del-toro-talent-polyvalent-defie-classifications\/#breadcrumb","itemListElement":[{"@type":"ListItem","position":1,"name":"Start","item":"https:\/\/www.isaac-del-toro.mx\/fr\/"},{"@type":"ListItem","position":2,"name":"Isaac del Toro : Un talent polyvalent qui d\u00e9fie les classifications"}]},{"@type":"WebSite","@id":"https:\/\/www.isaac-del-toro.mx\/fr\/#website","url":"https:\/\/www.isaac-del-toro.mx\/fr\/","name":"Isaac del Toro Romero","description":"","publisher":{"@id":"https:\/\/www.isaac-del-toro.mx\/fr\/#\/schema\/person\/7cbbcf16bd93d1b98eeb4ab7a1fbd7ba"},"potentialAction":[{"@type":"SearchAction","target":{"@type":"EntryPoint","urlTemplate":"https:\/\/www.isaac-del-toro.mx\/fr\/?s={search_term_string}"},"query-input":{"@type":"PropertyValueSpecification","valueRequired":true,"valueName":"search_term_string"}}],"inLanguage":"fr-FR"},{"@type":["Person","Organization"],"@id":"https:\/\/www.isaac-del-toro.mx\/fr\/#\/schema\/person\/7cbbcf16bd93d1b98eeb4ab7a1fbd7ba","name":"Isaac del Toro Romero","logo":{"@id":"https:\/\/www.isaac-del-toro.mx\/fr\/#\/schema\/person\/image\/"}},{"@type":"Person","@id":"https:\/\/www.isaac-del-toro.mx\/fr\/#\/schema\/person\/dcd12bccf645d7a2112bdb90aa7ff9f2","name":"Frank","sameAs":["https:\/\/www.isaac-del-toro.mx"],"url":"https:\/\/www.isaac-del-toro.mx\/fr\/author\/frank-kuglerwebarbeit-net\/"}]}},"_links":{"self":[{"href":"https:\/\/www.isaac-del-toro.mx\/fr\/wp-json\/wp\/v2\/posts\/853","targetHints":{"allow":["GET"]}}],"collection":[{"href":"https:\/\/www.isaac-del-toro.mx\/fr\/wp-json\/wp\/v2\/posts"}],"about":[{"href":"https:\/\/www.isaac-del-toro.mx\/fr\/wp-json\/wp\/v2\/types\/post"}],"author":[{"embeddable":true,"href":"https:\/\/www.isaac-del-toro.mx\/fr\/wp-json\/wp\/v2\/users\/1"}],"replies":[{"embeddable":true,"href":"https:\/\/www.isaac-del-toro.mx\/fr\/wp-json\/wp\/v2\/comments?post=853"}],"version-history":[{"count":0,"href":"https:\/\/www.isaac-del-toro.mx\/fr\/wp-json\/wp\/v2\/posts\/853\/revisions"}],"wp:attachment":[{"href":"https:\/\/www.isaac-del-toro.mx\/fr\/wp-json\/wp\/v2\/media?parent=853"}],"wp:term":[{"taxonomy":"category","embeddable":true,"href":"https:\/\/www.isaac-del-toro.mx\/fr\/wp-json\/wp\/v2\/categories?post=853"},{"taxonomy":"post_tag","embeddable":true,"href":"https:\/\/www.isaac-del-toro.mx\/fr\/wp-json\/wp\/v2\/tags?post=853"}],"curies":[{"name":"wp","href":"https:\/\/api.w.org\/{rel}","templated":true}]}}