{"id":859,"date":"2026-03-12T00:05:05","date_gmt":"2026-03-12T06:05:05","guid":{"rendered":"https:\/\/www.isaac-del-toro.mx\/tirreno-adriatico-quatrieme-etape-montagneuse-del-toro\/"},"modified":"2026-03-12T00:05:05","modified_gmt":"2026-03-12T06:05:05","slug":"tirreno-adriatico-quatrieme-etape-montagneuse-del-toro","status":"publish","type":"post","link":"https:\/\/www.isaac-del-toro.mx\/fr\/tirreno-adriatico-quatrieme-etape-montagneuse-del-toro\/","title":{"rendered":"Tirreno-Adriatico : Une quatri\u00e8me \u00e9tape montagneuse attend Del Toro"},"content":{"rendered":"\n<p>Le peloton de Tirreno-Adriatico s&rsquo;\u00e9lancera ce jeudi pour une quatri\u00e8me \u00e9tape particuli\u00e8rement exigeante entre Tagliacozzo et Martinsicuro. Au programme : 213 kilom\u00e8tres et pas moins de 2781 m\u00e8tres de d\u00e9nivel\u00e9 positif qui promettent d&rsquo;animer la course.<\/p>\n\n<h2>Un parcours montagneux s\u00e9lectif<\/h2>\n<p>Cette \u00e9tape s&rsquo;annonce comme l&rsquo;une des plus difficiles de cette \u00e9dition 2026, avec quatre ascensions majeures \u00e0 n\u00e9gocier. Les coureurs devront d&rsquo;abord affronter l&rsquo;Ovindoli, suivi du Valico delle Capannelle. La fin de parcours ne sera pas en reste avec les mont\u00e9es de Castellalto et de Tortoreto (Badetta) qui devraient jouer un r\u00f4le d\u00e9cisif dans le d\u00e9nouement de l&rsquo;\u00e9tape.<\/p>\n\n<h2>Del Toro face \u00e0 un test majeur<\/h2>\n<p>Le grimpeur mexicain Isaac del Toro (UAE Team Emirates) sera particuli\u00e8rement attendu sur ce terrain accident\u00e9 qui correspond parfaitement \u00e0 ses qualit\u00e9s de grimpeur. Cette \u00e9tape repr\u00e9sente une opportunit\u00e9 id\u00e9ale pour le jeune talent de l&rsquo;\u00e9quipe UAE Team Emirates de s&rsquo;illustrer sur les pentes italiennes.<\/p>\n\n<h2>Une bataille attendue pour le classement g\u00e9n\u00e9ral<\/h2>\n<p>Avec son profil montagneux et sa distance cons\u00e9quente, cette quatri\u00e8me \u00e9tape pourrait bien redistribuer les cartes au classement g\u00e9n\u00e9ral. Les ascensions successives devraient favoriser les attaques des principaux favoris, notamment dans la mont\u00e9e finale vers Tortoreto, o\u00f9 les \u00e9carts pourraient se creuser significativement.<\/p>\n\n<p>Les spectateurs peuvent s&rsquo;attendre \u00e0 une \u00e9tape spectaculaire qui marquera sans doute un tournant dans cette \u00e9dition 2026 de Tirreno-Adriatico. Les routes sinueuses des Abruzzes promettent d&rsquo;offrir un magnifique th\u00e9\u00e2tre pour cette bataille en altitude.<\/p>\n","protected":false},"excerpt":{"rendered":"<p>Le peloton de Tirreno-Adriatico s&rsquo;\u00e9lancera ce jeudi pour une quatri\u00e8me \u00e9tape particuli\u00e8rement exigeante entre Tagliacozzo et Martinsicuro. Au programme : [&hellip;]<\/p>\n","protected":false},"author":1,"featured_media":855,"comment_status":"open","ping_status":"open","sticky":false,"template":"","format":"standard","meta":{"footnotes":""},"categories":[72],"tags":[],"class_list":["post-859","post","type-post","status-publish","format-standard","has-post-thumbnail","hentry","category-avant-course"],"yoast_head":"<!-- This site is optimized with the Yoast SEO plugin v27.1.1 - https:\/\/yoast.com\/product\/yoast-seo-wordpress\/ -->\n<title>Tirreno-Adriatico : Del Toro face au d\u00e9fi montagneux de l&#039;\u00e9tape 4<\/title>\n<meta name=\"description\" content=\"La 4e \u00e9tape de Tirreno-Adriatico 2026 propose un parcours exigeant de 213 km entre Tagliacozzo et Martinsicuro, avec quatre ascensions majeures au programme.\" \/>\n<meta name=\"robots\" content=\"index, follow, max-snippet:-1, max-image-preview:large, max-video-preview:-1\" \/>\n<link rel=\"canonical\" href=\"https:\/\/www.isaac-del-toro.mx\/fr\/tirreno-adriatico-quatrieme-etape-montagneuse-del-toro\/\" \/>\n<meta property=\"og:locale\" content=\"fr_FR\" \/>\n<meta property=\"og:type\" content=\"article\" \/>\n<meta property=\"og:title\" content=\"Tirreno-Adriatico : Del Toro face au d\u00e9fi montagneux de l&#039;\u00e9tape 4\" \/>\n<meta property=\"og:description\" content=\"La 4e \u00e9tape de Tirreno-Adriatico 2026 propose un parcours exigeant de 213 km entre Tagliacozzo et Martinsicuro, avec quatre ascensions majeures au programme.\" \/>\n<meta property=\"og:url\" content=\"https:\/\/www.isaac-del-toro.mx\/fr\/tirreno-adriatico-quatrieme-etape-montagneuse-del-toro\/\" \/>\n<meta property=\"og:site_name\" content=\"Isaac del Toro Romero\" \/>\n<meta property=\"article:published_time\" content=\"2026-03-12T06:05:05+00:00\" \/>\n<meta property=\"og:image\" content=\"https:\/\/www.isaac-del-toro.mx\/wp-content\/uploads\/2026\/03\/job-8-20260312070323.png\" \/>\n\t<meta property=\"og:image:width\" content=\"1024\" \/>\n\t<meta property=\"og:image:height\" content=\"1024\" \/>\n\t<meta property=\"og:image:type\" content=\"image\/png\" \/>\n<meta name=\"author\" content=\"Frank\" \/>\n<meta name=\"twitter:card\" content=\"summary_large_image\" \/>\n<meta name=\"twitter:label1\" content=\"\u00c9crit par\" \/>\n\t<meta name=\"twitter:data1\" content=\"Frank\" \/>\n\t<meta name=\"twitter:label2\" content=\"Dur\u00e9e de lecture estim\u00e9e\" \/>\n\t<meta name=\"twitter:data2\" content=\"1 minute\" \/>\n<script type=\"application\/ld+json\" class=\"yoast-schema-graph\">{\"@context\":\"https:\/\/schema.org\",\"@graph\":[{\"@type\":\"Article\",\"@id\":\"https:\/\/www.isaac-del-toro.mx\/fr\/tirreno-adriatico-quatrieme-etape-montagneuse-del-toro\/#article\",\"isPartOf\":{\"@id\":\"https:\/\/www.isaac-del-toro.mx\/fr\/tirreno-adriatico-quatrieme-etape-montagneuse-del-toro\/\"},\"author\":{\"name\":\"Frank\",\"@id\":\"https:\/\/www.isaac-del-toro.mx\/fr\/#\/schema\/person\/dcd12bccf645d7a2112bdb90aa7ff9f2\"},\"headline\":\"Tirreno-Adriatico : Une quatri\u00e8me \u00e9tape montagneuse attend Del Toro\",\"datePublished\":\"2026-03-12T06:05:05+00:00\",\"mainEntityOfPage\":{\"@id\":\"https:\/\/www.isaac-del-toro.mx\/fr\/tirreno-adriatico-quatrieme-etape-montagneuse-del-toro\/\"},\"wordCount\":269,\"commentCount\":0,\"publisher\":{\"@id\":\"https:\/\/www.isaac-del-toro.mx\/fr\/#\/schema\/person\/7cbbcf16bd93d1b98eeb4ab7a1fbd7ba\"},\"image\":{\"@id\":\"https:\/\/www.isaac-del-toro.mx\/fr\/tirreno-adriatico-quatrieme-etape-montagneuse-del-toro\/#primaryimage\"},\"thumbnailUrl\":\"https:\/\/www.isaac-del-toro.mx\/wp-content\/uploads\/2026\/03\/job-8-20260312070323.png\",\"articleSection\":[\"Avant-course\"],\"inLanguage\":\"fr-FR\",\"potentialAction\":[{\"@type\":\"CommentAction\",\"name\":\"Comment\",\"target\":[\"https:\/\/www.isaac-del-toro.mx\/fr\/tirreno-adriatico-quatrieme-etape-montagneuse-del-toro\/#respond\"]}]},{\"@type\":\"WebPage\",\"@id\":\"https:\/\/www.isaac-del-toro.mx\/fr\/tirreno-adriatico-quatrieme-etape-montagneuse-del-toro\/\",\"url\":\"https:\/\/www.isaac-del-toro.mx\/fr\/tirreno-adriatico-quatrieme-etape-montagneuse-del-toro\/\",\"name\":\"Tirreno-Adriatico : Del Toro face au d\u00e9fi montagneux de l'\u00e9tape 4\",\"isPartOf\":{\"@id\":\"https:\/\/www.isaac-del-toro.mx\/fr\/#website\"},\"primaryImageOfPage\":{\"@id\":\"https:\/\/www.isaac-del-toro.mx\/fr\/tirreno-adriatico-quatrieme-etape-montagneuse-del-toro\/#primaryimage\"},\"image\":{\"@id\":\"https:\/\/www.isaac-del-toro.mx\/fr\/tirreno-adriatico-quatrieme-etape-montagneuse-del-toro\/#primaryimage\"},\"thumbnailUrl\":\"https:\/\/www.isaac-del-toro.mx\/wp-content\/uploads\/2026\/03\/job-8-20260312070323.png\",\"datePublished\":\"2026-03-12T06:05:05+00:00\",\"description\":\"La 4e \u00e9tape de Tirreno-Adriatico 2026 propose un parcours exigeant de 213 km entre Tagliacozzo et Martinsicuro, avec quatre ascensions majeures au programme.\",\"breadcrumb\":{\"@id\":\"https:\/\/www.isaac-del-toro.mx\/fr\/tirreno-adriatico-quatrieme-etape-montagneuse-del-toro\/#breadcrumb\"},\"inLanguage\":\"fr-FR\",\"potentialAction\":[{\"@type\":\"ReadAction\",\"target\":[\"https:\/\/www.isaac-del-toro.mx\/fr\/tirreno-adriatico-quatrieme-etape-montagneuse-del-toro\/\"]}]},{\"@type\":\"ImageObject\",\"inLanguage\":\"fr-FR\",\"@id\":\"https:\/\/www.isaac-del-toro.mx\/fr\/tirreno-adriatico-quatrieme-etape-montagneuse-del-toro\/#primaryimage\",\"url\":\"https:\/\/www.isaac-del-toro.mx\/wp-content\/uploads\/2026\/03\/job-8-20260312070323.png\",\"contentUrl\":\"https:\/\/www.isaac-del-toro.mx\/wp-content\/uploads\/2026\/03\/job-8-20260312070323.png\",\"width\":1024,\"height\":1024,\"caption\":\"Un ciclista solitario sube una carretera de monta\u00f1a rodeada de colinas verdes y rocas.\"},{\"@type\":\"BreadcrumbList\",\"@id\":\"https:\/\/www.isaac-del-toro.mx\/fr\/tirreno-adriatico-quatrieme-etape-montagneuse-del-toro\/#breadcrumb\",\"itemListElement\":[{\"@type\":\"ListItem\",\"position\":1,\"name\":\"Start\",\"item\":\"https:\/\/www.isaac-del-toro.mx\/fr\/\"},{\"@type\":\"ListItem\",\"position\":2,\"name\":\"Tirreno-Adriatico : Une quatri\u00e8me \u00e9tape montagneuse attend Del Toro\"}]},{\"@type\":\"WebSite\",\"@id\":\"https:\/\/www.isaac-del-toro.mx\/fr\/#website\",\"url\":\"https:\/\/www.isaac-del-toro.mx\/fr\/\",\"name\":\"Isaac del Toro Romero\",\"description\":\"\",\"publisher\":{\"@id\":\"https:\/\/www.isaac-del-toro.mx\/fr\/#\/schema\/person\/7cbbcf16bd93d1b98eeb4ab7a1fbd7ba\"},\"potentialAction\":[{\"@type\":\"SearchAction\",\"target\":{\"@type\":\"EntryPoint\",\"urlTemplate\":\"https:\/\/www.isaac-del-toro.mx\/fr\/?s={search_term_string}\"},\"query-input\":{\"@type\":\"PropertyValueSpecification\",\"valueRequired\":true,\"valueName\":\"search_term_string\"}}],\"inLanguage\":\"fr-FR\"},{\"@type\":[\"Person\",\"Organization\"],\"@id\":\"https:\/\/www.isaac-del-toro.mx\/fr\/#\/schema\/person\/7cbbcf16bd93d1b98eeb4ab7a1fbd7ba\",\"name\":\"Isaac del Toro Romero\",\"logo\":{\"@id\":\"https:\/\/www.isaac-del-toro.mx\/fr\/#\/schema\/person\/image\/\"}},{\"@type\":\"Person\",\"@id\":\"https:\/\/www.isaac-del-toro.mx\/fr\/#\/schema\/person\/dcd12bccf645d7a2112bdb90aa7ff9f2\",\"name\":\"Frank\",\"sameAs\":[\"https:\/\/www.isaac-del-toro.mx\"],\"url\":\"https:\/\/www.isaac-del-toro.mx\/fr\/author\/frank-kuglerwebarbeit-net\/\"}]}<\/script>\n<!-- \/ Yoast SEO plugin. -->","yoast_head_json":{"title":"Tirreno-Adriatico : Del Toro face au d\u00e9fi montagneux de l'\u00e9tape 4","description":"La 4e \u00e9tape de Tirreno-Adriatico 2026 propose un parcours exigeant de 213 km entre Tagliacozzo et Martinsicuro, avec quatre ascensions majeures au programme.","robots":{"index":"index","follow":"follow","max-snippet":"max-snippet:-1","max-image-preview":"max-image-preview:large","max-video-preview":"max-video-preview:-1"},"canonical":"https:\/\/www.isaac-del-toro.mx\/fr\/tirreno-adriatico-quatrieme-etape-montagneuse-del-toro\/","og_locale":"fr_FR","og_type":"article","og_title":"Tirreno-Adriatico : Del Toro face au d\u00e9fi montagneux de l'\u00e9tape 4","og_description":"La 4e \u00e9tape de Tirreno-Adriatico 2026 propose un parcours exigeant de 213 km entre Tagliacozzo et Martinsicuro, avec quatre ascensions majeures au programme.","og_url":"https:\/\/www.isaac-del-toro.mx\/fr\/tirreno-adriatico-quatrieme-etape-montagneuse-del-toro\/","og_site_name":"Isaac del Toro Romero","article_published_time":"2026-03-12T06:05:05+00:00","og_image":[{"url":"https:\/\/www.isaac-del-toro.mx\/wp-content\/uploads\/2026\/03\/job-8-20260312070323.png","width":1024,"height":1024,"type":"image\/png"}],"author":"Frank","twitter_card":"summary_large_image","twitter_misc":{"\u00c9crit par":"Frank","Dur\u00e9e de lecture estim\u00e9e":"1 minute"},"schema":{"@context":"https:\/\/schema.org","@graph":[{"@type":"Article","@id":"https:\/\/www.isaac-del-toro.mx\/fr\/tirreno-adriatico-quatrieme-etape-montagneuse-del-toro\/#article","isPartOf":{"@id":"https:\/\/www.isaac-del-toro.mx\/fr\/tirreno-adriatico-quatrieme-etape-montagneuse-del-toro\/"},"author":{"name":"Frank","@id":"https:\/\/www.isaac-del-toro.mx\/fr\/#\/schema\/person\/dcd12bccf645d7a2112bdb90aa7ff9f2"},"headline":"Tirreno-Adriatico : Une quatri\u00e8me \u00e9tape montagneuse attend Del Toro","datePublished":"2026-03-12T06:05:05+00:00","mainEntityOfPage":{"@id":"https:\/\/www.isaac-del-toro.mx\/fr\/tirreno-adriatico-quatrieme-etape-montagneuse-del-toro\/"},"wordCount":269,"commentCount":0,"publisher":{"@id":"https:\/\/www.isaac-del-toro.mx\/fr\/#\/schema\/person\/7cbbcf16bd93d1b98eeb4ab7a1fbd7ba"},"image":{"@id":"https:\/\/www.isaac-del-toro.mx\/fr\/tirreno-adriatico-quatrieme-etape-montagneuse-del-toro\/#primaryimage"},"thumbnailUrl":"https:\/\/www.isaac-del-toro.mx\/wp-content\/uploads\/2026\/03\/job-8-20260312070323.png","articleSection":["Avant-course"],"inLanguage":"fr-FR","potentialAction":[{"@type":"CommentAction","name":"Comment","target":["https:\/\/www.isaac-del-toro.mx\/fr\/tirreno-adriatico-quatrieme-etape-montagneuse-del-toro\/#respond"]}]},{"@type":"WebPage","@id":"https:\/\/www.isaac-del-toro.mx\/fr\/tirreno-adriatico-quatrieme-etape-montagneuse-del-toro\/","url":"https:\/\/www.isaac-del-toro.mx\/fr\/tirreno-adriatico-quatrieme-etape-montagneuse-del-toro\/","name":"Tirreno-Adriatico : Del Toro face au d\u00e9fi montagneux de l'\u00e9tape 4","isPartOf":{"@id":"https:\/\/www.isaac-del-toro.mx\/fr\/#website"},"primaryImageOfPage":{"@id":"https:\/\/www.isaac-del-toro.mx\/fr\/tirreno-adriatico-quatrieme-etape-montagneuse-del-toro\/#primaryimage"},"image":{"@id":"https:\/\/www.isaac-del-toro.mx\/fr\/tirreno-adriatico-quatrieme-etape-montagneuse-del-toro\/#primaryimage"},"thumbnailUrl":"https:\/\/www.isaac-del-toro.mx\/wp-content\/uploads\/2026\/03\/job-8-20260312070323.png","datePublished":"2026-03-12T06:05:05+00:00","description":"La 4e \u00e9tape de Tirreno-Adriatico 2026 propose un parcours exigeant de 213 km entre Tagliacozzo et Martinsicuro, avec quatre ascensions majeures au programme.","breadcrumb":{"@id":"https:\/\/www.isaac-del-toro.mx\/fr\/tirreno-adriatico-quatrieme-etape-montagneuse-del-toro\/#breadcrumb"},"inLanguage":"fr-FR","potentialAction":[{"@type":"ReadAction","target":["https:\/\/www.isaac-del-toro.mx\/fr\/tirreno-adriatico-quatrieme-etape-montagneuse-del-toro\/"]}]},{"@type":"ImageObject","inLanguage":"fr-FR","@id":"https:\/\/www.isaac-del-toro.mx\/fr\/tirreno-adriatico-quatrieme-etape-montagneuse-del-toro\/#primaryimage","url":"https:\/\/www.isaac-del-toro.mx\/wp-content\/uploads\/2026\/03\/job-8-20260312070323.png","contentUrl":"https:\/\/www.isaac-del-toro.mx\/wp-content\/uploads\/2026\/03\/job-8-20260312070323.png","width":1024,"height":1024,"caption":"Un ciclista solitario sube una carretera de monta\u00f1a rodeada de colinas verdes y rocas."},{"@type":"BreadcrumbList","@id":"https:\/\/www.isaac-del-toro.mx\/fr\/tirreno-adriatico-quatrieme-etape-montagneuse-del-toro\/#breadcrumb","itemListElement":[{"@type":"ListItem","position":1,"name":"Start","item":"https:\/\/www.isaac-del-toro.mx\/fr\/"},{"@type":"ListItem","position":2,"name":"Tirreno-Adriatico : Une quatri\u00e8me \u00e9tape montagneuse attend Del Toro"}]},{"@type":"WebSite","@id":"https:\/\/www.isaac-del-toro.mx\/fr\/#website","url":"https:\/\/www.isaac-del-toro.mx\/fr\/","name":"Isaac del Toro Romero","description":"","publisher":{"@id":"https:\/\/www.isaac-del-toro.mx\/fr\/#\/schema\/person\/7cbbcf16bd93d1b98eeb4ab7a1fbd7ba"},"potentialAction":[{"@type":"SearchAction","target":{"@type":"EntryPoint","urlTemplate":"https:\/\/www.isaac-del-toro.mx\/fr\/?s={search_term_string}"},"query-input":{"@type":"PropertyValueSpecification","valueRequired":true,"valueName":"search_term_string"}}],"inLanguage":"fr-FR"},{"@type":["Person","Organization"],"@id":"https:\/\/www.isaac-del-toro.mx\/fr\/#\/schema\/person\/7cbbcf16bd93d1b98eeb4ab7a1fbd7ba","name":"Isaac del Toro Romero","logo":{"@id":"https:\/\/www.isaac-del-toro.mx\/fr\/#\/schema\/person\/image\/"}},{"@type":"Person","@id":"https:\/\/www.isaac-del-toro.mx\/fr\/#\/schema\/person\/dcd12bccf645d7a2112bdb90aa7ff9f2","name":"Frank","sameAs":["https:\/\/www.isaac-del-toro.mx"],"url":"https:\/\/www.isaac-del-toro.mx\/fr\/author\/frank-kuglerwebarbeit-net\/"}]}},"_links":{"self":[{"href":"https:\/\/www.isaac-del-toro.mx\/fr\/wp-json\/wp\/v2\/posts\/859","targetHints":{"allow":["GET"]}}],"collection":[{"href":"https:\/\/www.isaac-del-toro.mx\/fr\/wp-json\/wp\/v2\/posts"}],"about":[{"href":"https:\/\/www.isaac-del-toro.mx\/fr\/wp-json\/wp\/v2\/types\/post"}],"author":[{"embeddable":true,"href":"https:\/\/www.isaac-del-toro.mx\/fr\/wp-json\/wp\/v2\/users\/1"}],"replies":[{"embeddable":true,"href":"https:\/\/www.isaac-del-toro.mx\/fr\/wp-json\/wp\/v2\/comments?post=859"}],"version-history":[{"count":0,"href":"https:\/\/www.isaac-del-toro.mx\/fr\/wp-json\/wp\/v2\/posts\/859\/revisions"}],"wp:featuredmedia":[{"embeddable":true,"href":"https:\/\/www.isaac-del-toro.mx\/fr\/wp-json\/wp\/v2\/media\/855"}],"wp:attachment":[{"href":"https:\/\/www.isaac-del-toro.mx\/fr\/wp-json\/wp\/v2\/media?parent=859"}],"wp:term":[{"taxonomy":"category","embeddable":true,"href":"https:\/\/www.isaac-del-toro.mx\/fr\/wp-json\/wp\/v2\/categories?post=859"},{"taxonomy":"post_tag","embeddable":true,"href":"https:\/\/www.isaac-del-toro.mx\/fr\/wp-json\/wp\/v2\/tags?post=859"}],"curies":[{"name":"wp","href":"https:\/\/api.w.org\/{rel}","templated":true}]}}