{"id":1095,"date":"2026-04-20T23:19:10","date_gmt":"2026-04-21T05:19:10","guid":{"rendered":"https:\/\/www.isaac-del-toro.mx\/la-fleche-wallonne-2026-isaac-del-toro-dubbio-mur-de-huy\/"},"modified":"2026-04-20T23:19:10","modified_gmt":"2026-04-21T05:19:10","slug":"la-fleche-wallonne-2026-isaac-del-toro-dubbio-mur-de-huy","status":"publish","type":"post","link":"https:\/\/www.isaac-del-toro.mx\/it\/la-fleche-wallonne-2026-isaac-del-toro-dubbio-mur-de-huy\/","title":{"rendered":"La Fl\u00e8che Wallonne 2026: Isaac del Toro in dubbio per la sfida al Mur de Huy"},"content":{"rendered":"\n<p>Domani, 22 aprile 2026, il ciclismo mondiale si ferma per assistere a uno degli spettacoli pi\u00f9 emozionanti della stagione: <strong>La Fl\u00e8che Wallonne<\/strong>. La classica belga, gara di categoria 1.UWT, promette ancora una volta di regalare emozioni pure sui 205,5 chilometri che culmineranno con l&#8217;iconico Mur de Huy, dove si decideranno le sorti della corsa.<\/p>\n\n<h2>Il percorso: 11 salite verso la gloria<\/h2>\n\n<p>Con i suoi 3000 metri di dislivello totale distribuiti su 11 salite, La Fl\u00e8che Wallonne 2026 si presenta come una sfida spietata per tutti i corridori. Il tracciato, fedele alla tradizione, metter\u00e0 alla prova le gambe dei velocisti di collina attraverso le ondulate strade valloni, prima dell&#8217;epilogo finale sul temuto Mur de Huy, dove ogni metro conta e dove nascono le leggende del ciclismo.<\/p>\n\n<h2>Isaac del Toro: la corsa contro il tempo<\/h2>\n\n<p>L&#8217;attenzione si concentra inevitabilmente su <strong>Isaac del Toro<\/strong>, il talento messicano del UAE Team Emirates che vive ore di grande incertezza. Lo strappo al muscolo della coscia destra subito durante la terza tappa dell&#8217;Itzulia Basque Country del 9 aprile ha messo in serio dubbio la sua partecipazione alle Classiche delle Ardenne.<\/p>\n\n<p>Il corridore azteco, che aveva mostrato una forma promettente nelle prime uscite stagionali, sta lottando contro il tempo per recuperare dall&#8217;infortunio. La sua presenza al via rimane un&#8217;incognita che tiene con il fiato sospeso i tifosi del UAE Team Emirates e tutti gli appassionati che sperano di vederlo protagonista sulle rampe belghe.<\/p>\n\n<h2>Dove seguire la corsa<\/h2>\n\n<p>Gli appassionati francesi potranno seguire la diretta su Eurosport e France T\u00e9l\u00e9visions, mentre il resto d&#8217;Europa si preparer\u00e0 a vivere ogni metro di questa classica che sa sempre regalare sorprese e colpi di scena.<\/p>\n\n<p>Domani, quando il plotone affronter\u00e0 per l&#8217;ultima volta il Mur de Huy, sapremo se Isaac del Toro sar\u00e0 riuscito nella sua personale rimonta contro l&#8217;infortunio. Una cosa \u00e8 certa: La Fl\u00e8che Wallonne 2026 promette di essere un&#8217;altra pagina indimenticabile nella storia del ciclismo mondiale.<\/p>\n","protected":false},"excerpt":{"rendered":"<p>Domani, 22 aprile 2026, il ciclismo mondiale si ferma per assistere a uno degli spettacoli pi\u00f9 emozionanti della stagione: La [&hellip;]<\/p>\n","protected":false},"author":1,"featured_media":1092,"comment_status":"open","ping_status":"open","sticky":false,"template":"","format":"standard","meta":{"footnotes":""},"categories":[74],"tags":[],"class_list":["post-1095","post","type-post","status-publish","format-standard","has-post-thumbnail","hentry","category-anteprima"],"yoast_head":"<!-- This site is optimized with the Yoast SEO plugin v27.1.1 - https:\/\/yoast.com\/product\/yoast-seo-wordpress\/ -->\n<title>La Fl\u00e8che Wallonne 2026: del Toro in dubbio per il Mur de Huy<\/title>\n<meta name=\"description\" content=\"La Fl\u00e8che Wallonne 2026 si avvicina con il dubbio sulla partecipazione di Isaac del Toro. Il messicano lotta contro l&#039;infortunio per essere al via domani.\" \/>\n<meta name=\"robots\" content=\"index, follow, max-snippet:-1, max-image-preview:large, max-video-preview:-1\" \/>\n<link rel=\"canonical\" href=\"https:\/\/www.isaac-del-toro.mx\/it\/la-fleche-wallonne-2026-isaac-del-toro-dubbio-mur-de-huy\/\" \/>\n<meta property=\"og:locale\" content=\"it_IT\" \/>\n<meta property=\"og:type\" content=\"article\" \/>\n<meta property=\"og:title\" content=\"La Fl\u00e8che Wallonne 2026: del Toro in dubbio per il Mur de Huy\" \/>\n<meta property=\"og:description\" content=\"La Fl\u00e8che Wallonne 2026 si avvicina con il dubbio sulla partecipazione di Isaac del Toro. Il messicano lotta contro l&#039;infortunio per essere al via domani.\" \/>\n<meta property=\"og:url\" content=\"https:\/\/www.isaac-del-toro.mx\/it\/la-fleche-wallonne-2026-isaac-del-toro-dubbio-mur-de-huy\/\" \/>\n<meta property=\"og:site_name\" content=\"Isaac del Toro Romero\" \/>\n<meta property=\"article:published_time\" content=\"2026-04-21T05:19:10+00:00\" \/>\n<meta property=\"og:image\" content=\"https:\/\/www.isaac-del-toro.mx\/wp-content\/uploads\/2026\/04\/job-34-20260421071822.png\" \/>\n\t<meta property=\"og:image:width\" content=\"1024\" \/>\n\t<meta property=\"og:image:height\" content=\"1024\" \/>\n\t<meta property=\"og:image:type\" content=\"image\/png\" \/>\n<meta name=\"author\" content=\"Frank\" \/>\n<meta name=\"twitter:card\" content=\"summary_large_image\" \/>\n<meta name=\"twitter:label1\" content=\"Scritto da\" \/>\n\t<meta name=\"twitter:data1\" content=\"Frank\" \/>\n\t<meta name=\"twitter:label2\" content=\"Tempo di lettura stimato\" \/>\n\t<meta name=\"twitter:data2\" content=\"2 minuti\" \/>\n<script type=\"application\/ld+json\" class=\"yoast-schema-graph\">{\"@context\":\"https:\/\/schema.org\",\"@graph\":[{\"@type\":\"Article\",\"@id\":\"https:\/\/www.isaac-del-toro.mx\/it\/la-fleche-wallonne-2026-isaac-del-toro-dubbio-mur-de-huy\/#article\",\"isPartOf\":{\"@id\":\"https:\/\/www.isaac-del-toro.mx\/it\/la-fleche-wallonne-2026-isaac-del-toro-dubbio-mur-de-huy\/\"},\"author\":{\"name\":\"Frank\",\"@id\":\"https:\/\/www.isaac-del-toro.mx\/it\/#\/schema\/person\/dcd12bccf645d7a2112bdb90aa7ff9f2\"},\"headline\":\"La Fl\u00e8che Wallonne 2026: Isaac del Toro in dubbio per la sfida al Mur de Huy\",\"datePublished\":\"2026-04-21T05:19:10+00:00\",\"mainEntityOfPage\":{\"@id\":\"https:\/\/www.isaac-del-toro.mx\/it\/la-fleche-wallonne-2026-isaac-del-toro-dubbio-mur-de-huy\/\"},\"wordCount\":339,\"commentCount\":0,\"publisher\":{\"@id\":\"https:\/\/www.isaac-del-toro.mx\/it\/#\/schema\/person\/7cbbcf16bd93d1b98eeb4ab7a1fbd7ba\"},\"image\":{\"@id\":\"https:\/\/www.isaac-del-toro.mx\/it\/la-fleche-wallonne-2026-isaac-del-toro-dubbio-mur-de-huy\/#primaryimage\"},\"thumbnailUrl\":\"https:\/\/www.isaac-del-toro.mx\/wp-content\/uploads\/2026\/04\/job-34-20260421071822.png\",\"articleSection\":[\"Anteprima\"],\"inLanguage\":\"it-IT\",\"potentialAction\":[{\"@type\":\"CommentAction\",\"name\":\"Comment\",\"target\":[\"https:\/\/www.isaac-del-toro.mx\/it\/la-fleche-wallonne-2026-isaac-del-toro-dubbio-mur-de-huy\/#respond\"]}]},{\"@type\":\"WebPage\",\"@id\":\"https:\/\/www.isaac-del-toro.mx\/it\/la-fleche-wallonne-2026-isaac-del-toro-dubbio-mur-de-huy\/\",\"url\":\"https:\/\/www.isaac-del-toro.mx\/it\/la-fleche-wallonne-2026-isaac-del-toro-dubbio-mur-de-huy\/\",\"name\":\"La Fl\u00e8che Wallonne 2026: del Toro in dubbio per il Mur de Huy\",\"isPartOf\":{\"@id\":\"https:\/\/www.isaac-del-toro.mx\/it\/#website\"},\"primaryImageOfPage\":{\"@id\":\"https:\/\/www.isaac-del-toro.mx\/it\/la-fleche-wallonne-2026-isaac-del-toro-dubbio-mur-de-huy\/#primaryimage\"},\"image\":{\"@id\":\"https:\/\/www.isaac-del-toro.mx\/it\/la-fleche-wallonne-2026-isaac-del-toro-dubbio-mur-de-huy\/#primaryimage\"},\"thumbnailUrl\":\"https:\/\/www.isaac-del-toro.mx\/wp-content\/uploads\/2026\/04\/job-34-20260421071822.png\",\"datePublished\":\"2026-04-21T05:19:10+00:00\",\"description\":\"La Fl\u00e8che Wallonne 2026 si avvicina con il dubbio sulla partecipazione di Isaac del Toro. Il messicano lotta contro l'infortunio per essere al via domani.\",\"breadcrumb\":{\"@id\":\"https:\/\/www.isaac-del-toro.mx\/it\/la-fleche-wallonne-2026-isaac-del-toro-dubbio-mur-de-huy\/#breadcrumb\"},\"inLanguage\":\"it-IT\",\"potentialAction\":[{\"@type\":\"ReadAction\",\"target\":[\"https:\/\/www.isaac-del-toro.mx\/it\/la-fleche-wallonne-2026-isaac-del-toro-dubbio-mur-de-huy\/\"]}]},{\"@type\":\"ImageObject\",\"inLanguage\":\"it-IT\",\"@id\":\"https:\/\/www.isaac-del-toro.mx\/it\/la-fleche-wallonne-2026-isaac-del-toro-dubbio-mur-de-huy\/#primaryimage\",\"url\":\"https:\/\/www.isaac-del-toro.mx\/wp-content\/uploads\/2026\/04\/job-34-20260421071822.png\",\"contentUrl\":\"https:\/\/www.isaac-del-toro.mx\/wp-content\/uploads\/2026\/04\/job-34-20260421071822.png\",\"width\":1024,\"height\":1024,\"caption\":\"Un ciclista solitario sube una carretera de monta\u00f1a con el Mur de Huy al fondo, bajo un cielo nublado.\"},{\"@type\":\"BreadcrumbList\",\"@id\":\"https:\/\/www.isaac-del-toro.mx\/it\/la-fleche-wallonne-2026-isaac-del-toro-dubbio-mur-de-huy\/#breadcrumb\",\"itemListElement\":[{\"@type\":\"ListItem\",\"position\":1,\"name\":\"Start\",\"item\":\"https:\/\/www.isaac-del-toro.mx\/it\/\"},{\"@type\":\"ListItem\",\"position\":2,\"name\":\"La Fl\u00e8che Wallonne 2026: Isaac del Toro in dubbio per la sfida al Mur de Huy\"}]},{\"@type\":\"WebSite\",\"@id\":\"https:\/\/www.isaac-del-toro.mx\/it\/#website\",\"url\":\"https:\/\/www.isaac-del-toro.mx\/it\/\",\"name\":\"Isaac del Toro Romero\",\"description\":\"\",\"publisher\":{\"@id\":\"https:\/\/www.isaac-del-toro.mx\/it\/#\/schema\/person\/7cbbcf16bd93d1b98eeb4ab7a1fbd7ba\"},\"potentialAction\":[{\"@type\":\"SearchAction\",\"target\":{\"@type\":\"EntryPoint\",\"urlTemplate\":\"https:\/\/www.isaac-del-toro.mx\/it\/?s={search_term_string}\"},\"query-input\":{\"@type\":\"PropertyValueSpecification\",\"valueRequired\":true,\"valueName\":\"search_term_string\"}}],\"inLanguage\":\"it-IT\"},{\"@type\":[\"Person\",\"Organization\"],\"@id\":\"https:\/\/www.isaac-del-toro.mx\/it\/#\/schema\/person\/7cbbcf16bd93d1b98eeb4ab7a1fbd7ba\",\"name\":\"Isaac del Toro Romero\",\"logo\":{\"@id\":\"https:\/\/www.isaac-del-toro.mx\/it\/#\/schema\/person\/image\/\"}},{\"@type\":\"Person\",\"@id\":\"https:\/\/www.isaac-del-toro.mx\/it\/#\/schema\/person\/dcd12bccf645d7a2112bdb90aa7ff9f2\",\"name\":\"Frank\",\"sameAs\":[\"https:\/\/www.isaac-del-toro.mx\"],\"url\":\"https:\/\/www.isaac-del-toro.mx\/it\/author\/frank-kuglerwebarbeit-net\/\"}]}<\/script>\n<!-- \/ Yoast SEO plugin. -->","yoast_head_json":{"title":"La Fl\u00e8che Wallonne 2026: del Toro in dubbio per il Mur de Huy","description":"La Fl\u00e8che Wallonne 2026 si avvicina con il dubbio sulla partecipazione di Isaac del Toro. Il messicano lotta contro l'infortunio per essere al via domani.","robots":{"index":"index","follow":"follow","max-snippet":"max-snippet:-1","max-image-preview":"max-image-preview:large","max-video-preview":"max-video-preview:-1"},"canonical":"https:\/\/www.isaac-del-toro.mx\/it\/la-fleche-wallonne-2026-isaac-del-toro-dubbio-mur-de-huy\/","og_locale":"it_IT","og_type":"article","og_title":"La Fl\u00e8che Wallonne 2026: del Toro in dubbio per il Mur de Huy","og_description":"La Fl\u00e8che Wallonne 2026 si avvicina con il dubbio sulla partecipazione di Isaac del Toro. Il messicano lotta contro l'infortunio per essere al via domani.","og_url":"https:\/\/www.isaac-del-toro.mx\/it\/la-fleche-wallonne-2026-isaac-del-toro-dubbio-mur-de-huy\/","og_site_name":"Isaac del Toro Romero","article_published_time":"2026-04-21T05:19:10+00:00","og_image":[{"url":"https:\/\/www.isaac-del-toro.mx\/wp-content\/uploads\/2026\/04\/job-34-20260421071822.png","width":1024,"height":1024,"type":"image\/png"}],"author":"Frank","twitter_card":"summary_large_image","twitter_misc":{"Scritto da":"Frank","Tempo di lettura stimato":"2 minuti"},"schema":{"@context":"https:\/\/schema.org","@graph":[{"@type":"Article","@id":"https:\/\/www.isaac-del-toro.mx\/it\/la-fleche-wallonne-2026-isaac-del-toro-dubbio-mur-de-huy\/#article","isPartOf":{"@id":"https:\/\/www.isaac-del-toro.mx\/it\/la-fleche-wallonne-2026-isaac-del-toro-dubbio-mur-de-huy\/"},"author":{"name":"Frank","@id":"https:\/\/www.isaac-del-toro.mx\/it\/#\/schema\/person\/dcd12bccf645d7a2112bdb90aa7ff9f2"},"headline":"La Fl\u00e8che Wallonne 2026: Isaac del Toro in dubbio per la sfida al Mur de Huy","datePublished":"2026-04-21T05:19:10+00:00","mainEntityOfPage":{"@id":"https:\/\/www.isaac-del-toro.mx\/it\/la-fleche-wallonne-2026-isaac-del-toro-dubbio-mur-de-huy\/"},"wordCount":339,"commentCount":0,"publisher":{"@id":"https:\/\/www.isaac-del-toro.mx\/it\/#\/schema\/person\/7cbbcf16bd93d1b98eeb4ab7a1fbd7ba"},"image":{"@id":"https:\/\/www.isaac-del-toro.mx\/it\/la-fleche-wallonne-2026-isaac-del-toro-dubbio-mur-de-huy\/#primaryimage"},"thumbnailUrl":"https:\/\/www.isaac-del-toro.mx\/wp-content\/uploads\/2026\/04\/job-34-20260421071822.png","articleSection":["Anteprima"],"inLanguage":"it-IT","potentialAction":[{"@type":"CommentAction","name":"Comment","target":["https:\/\/www.isaac-del-toro.mx\/it\/la-fleche-wallonne-2026-isaac-del-toro-dubbio-mur-de-huy\/#respond"]}]},{"@type":"WebPage","@id":"https:\/\/www.isaac-del-toro.mx\/it\/la-fleche-wallonne-2026-isaac-del-toro-dubbio-mur-de-huy\/","url":"https:\/\/www.isaac-del-toro.mx\/it\/la-fleche-wallonne-2026-isaac-del-toro-dubbio-mur-de-huy\/","name":"La Fl\u00e8che Wallonne 2026: del Toro in dubbio per il Mur de Huy","isPartOf":{"@id":"https:\/\/www.isaac-del-toro.mx\/it\/#website"},"primaryImageOfPage":{"@id":"https:\/\/www.isaac-del-toro.mx\/it\/la-fleche-wallonne-2026-isaac-del-toro-dubbio-mur-de-huy\/#primaryimage"},"image":{"@id":"https:\/\/www.isaac-del-toro.mx\/it\/la-fleche-wallonne-2026-isaac-del-toro-dubbio-mur-de-huy\/#primaryimage"},"thumbnailUrl":"https:\/\/www.isaac-del-toro.mx\/wp-content\/uploads\/2026\/04\/job-34-20260421071822.png","datePublished":"2026-04-21T05:19:10+00:00","description":"La Fl\u00e8che Wallonne 2026 si avvicina con il dubbio sulla partecipazione di Isaac del Toro. Il messicano lotta contro l'infortunio per essere al via domani.","breadcrumb":{"@id":"https:\/\/www.isaac-del-toro.mx\/it\/la-fleche-wallonne-2026-isaac-del-toro-dubbio-mur-de-huy\/#breadcrumb"},"inLanguage":"it-IT","potentialAction":[{"@type":"ReadAction","target":["https:\/\/www.isaac-del-toro.mx\/it\/la-fleche-wallonne-2026-isaac-del-toro-dubbio-mur-de-huy\/"]}]},{"@type":"ImageObject","inLanguage":"it-IT","@id":"https:\/\/www.isaac-del-toro.mx\/it\/la-fleche-wallonne-2026-isaac-del-toro-dubbio-mur-de-huy\/#primaryimage","url":"https:\/\/www.isaac-del-toro.mx\/wp-content\/uploads\/2026\/04\/job-34-20260421071822.png","contentUrl":"https:\/\/www.isaac-del-toro.mx\/wp-content\/uploads\/2026\/04\/job-34-20260421071822.png","width":1024,"height":1024,"caption":"Un ciclista solitario sube una carretera de monta\u00f1a con el Mur de Huy al fondo, bajo un cielo nublado."},{"@type":"BreadcrumbList","@id":"https:\/\/www.isaac-del-toro.mx\/it\/la-fleche-wallonne-2026-isaac-del-toro-dubbio-mur-de-huy\/#breadcrumb","itemListElement":[{"@type":"ListItem","position":1,"name":"Start","item":"https:\/\/www.isaac-del-toro.mx\/it\/"},{"@type":"ListItem","position":2,"name":"La Fl\u00e8che Wallonne 2026: Isaac del Toro in dubbio per la sfida al Mur de Huy"}]},{"@type":"WebSite","@id":"https:\/\/www.isaac-del-toro.mx\/it\/#website","url":"https:\/\/www.isaac-del-toro.mx\/it\/","name":"Isaac del Toro Romero","description":"","publisher":{"@id":"https:\/\/www.isaac-del-toro.mx\/it\/#\/schema\/person\/7cbbcf16bd93d1b98eeb4ab7a1fbd7ba"},"potentialAction":[{"@type":"SearchAction","target":{"@type":"EntryPoint","urlTemplate":"https:\/\/www.isaac-del-toro.mx\/it\/?s={search_term_string}"},"query-input":{"@type":"PropertyValueSpecification","valueRequired":true,"valueName":"search_term_string"}}],"inLanguage":"it-IT"},{"@type":["Person","Organization"],"@id":"https:\/\/www.isaac-del-toro.mx\/it\/#\/schema\/person\/7cbbcf16bd93d1b98eeb4ab7a1fbd7ba","name":"Isaac del Toro Romero","logo":{"@id":"https:\/\/www.isaac-del-toro.mx\/it\/#\/schema\/person\/image\/"}},{"@type":"Person","@id":"https:\/\/www.isaac-del-toro.mx\/it\/#\/schema\/person\/dcd12bccf645d7a2112bdb90aa7ff9f2","name":"Frank","sameAs":["https:\/\/www.isaac-del-toro.mx"],"url":"https:\/\/www.isaac-del-toro.mx\/it\/author\/frank-kuglerwebarbeit-net\/"}]}},"_links":{"self":[{"href":"https:\/\/www.isaac-del-toro.mx\/it\/wp-json\/wp\/v2\/posts\/1095","targetHints":{"allow":["GET"]}}],"collection":[{"href":"https:\/\/www.isaac-del-toro.mx\/it\/wp-json\/wp\/v2\/posts"}],"about":[{"href":"https:\/\/www.isaac-del-toro.mx\/it\/wp-json\/wp\/v2\/types\/post"}],"author":[{"embeddable":true,"href":"https:\/\/www.isaac-del-toro.mx\/it\/wp-json\/wp\/v2\/users\/1"}],"replies":[{"embeddable":true,"href":"https:\/\/www.isaac-del-toro.mx\/it\/wp-json\/wp\/v2\/comments?post=1095"}],"version-history":[{"count":0,"href":"https:\/\/www.isaac-del-toro.mx\/it\/wp-json\/wp\/v2\/posts\/1095\/revisions"}],"wp:featuredmedia":[{"embeddable":true,"href":"https:\/\/www.isaac-del-toro.mx\/it\/wp-json\/wp\/v2\/media\/1092"}],"wp:attachment":[{"href":"https:\/\/www.isaac-del-toro.mx\/it\/wp-json\/wp\/v2\/media?parent=1095"}],"wp:term":[{"taxonomy":"category","embeddable":true,"href":"https:\/\/www.isaac-del-toro.mx\/it\/wp-json\/wp\/v2\/categories?post=1095"},{"taxonomy":"post_tag","embeddable":true,"href":"https:\/\/www.isaac-del-toro.mx\/it\/wp-json\/wp\/v2\/tags?post=1095"}],"curies":[{"name":"wp","href":"https:\/\/api.w.org\/{rel}","templated":true}]}}