{"id":169,"date":"2025-12-18T06:52:58","date_gmt":"2025-12-18T12:52:58","guid":{"rendered":"https:\/\/www.isaac-del-toro.mx\/?p=169"},"modified":"2026-02-02T08:34:45","modified_gmt":"2026-02-02T14:34:45","slug":"isaac-del-toro-strada-verso-los-angeles-2028","status":"publish","type":"post","link":"https:\/\/www.isaac-del-toro.mx\/it\/isaac-del-toro-strada-verso-los-angeles-2028\/","title":{"rendered":"Isaac del Toro e la sua strada verso i Giochi Olimpici di Los Angeles 2028"},"content":{"rendered":"\n<p><strong>Isaac del Toro continua una crescita straordinaria<\/strong>, e all\u2019orizzonte appare gi\u00e0 un obiettivo che vale una carriera: i Giochi Olimpici di Los Angeles 2028. Dopo le sue prestazioni impressionanti in Europa e il suo impatto nel ciclismo mondiale, il giovane talento messicano guarda ora alla competizione pi\u00f9 prestigiosa di tutte.<\/p>\n\n<h2>Un sistema di qualificazione diverso dalle grandi corse a tappe<\/h2>\n<p>Arrivare ai Giochi Olimpici non funziona come partecipare al Giro d\u2019Italia o alla Vuelta. <strong>Le qualificazioni olimpiche non sono individuali: i posti vengono assegnati alle nazioni<\/strong>.<\/p>\n\n<p>Secondo quanto riportato da <em>Diario de M\u00e9xico<\/em>, il modello per Los Angeles 2028 sar\u00e0 simile a quello di Parigi 2024. Ci\u00f2 significa che i posti disponibili vengono decisi attraverso il <strong>ranking UCI per nazioni<\/strong>, basato sui punti ottenuti in:<\/p>\n\n<ul>\n  <li>Classiche del WorldTour<\/li>\n  <li>Classifiche parziali e generali in corse UCI 2.Pro e 2.1<\/li>\n  <li>Campionati continentali<\/li>\n  <li>Campionati del mondo su strada<\/li>\n<\/ul>\n\n<p>Per il Messico questa \u00e8 un\u2019occasione concreta: <strong>Isaac del Toro \u00e8 gi\u00e0 uno dei corridori pi\u00f9 competitivi del continente americano<\/strong>. I suoi risultati nel calendario WorldTour sono fondamentali per far salire il paese nel ranking.<\/p>\n\n<h2>Come pu\u00f2 qualificarsi il Messico?<\/h2>\n\n<h3>1. Ranking UCI per nazioni<\/h3>\n<p>La via principale verso la qualificazione. Se il Messico chiude entro le fasce previste dall\u2019UCI, ottiene automaticamente uno o pi\u00f9 posti. <strong>I punti conquistati da Del Toro in Europa sono determinanti<\/strong>.<\/p>\n\n<h3>2. Risultati ai Campionati del Mondo<\/h3>\n<p>Una prestazione di alto livello al Mondiale pu\u00f2 garantire posti aggiuntivi. <strong>Del Toro ha gi\u00e0 dimostrato di poter competere con i migliori al mondo<\/strong>, rendendo anche questa opzione realistica.<\/p>\n\n<h2>Il candidato ideale per rappresentare il Messico<\/h2>\n<p>Se il Messico ottiene un posto olimpico, la scelta dell\u2019atleta sar\u00e0 chiara. Al momento, <strong>nessun altro corridore messicano ha l\u2019esperienza e il livello internazionale di Isaac del Toro<\/strong>. Il suo talento in salita, la sua maturit\u00e0 tattica e la vita in un team WorldTour lo rendono la scelta naturale.<\/p>\n\n<p>In pi\u00f9, il suo stile \u2014 scatti esplosivi, gestione brillante del ritmo e grande resistenza \u2014 si adatta perfettamente ai percorsi olimpici moderni, caratterizzati da salite brevi ma dure, cambi di ritmo e tecnicit\u00e0.<\/p>\n\n<h2>2028: un sogno che va oltre lo sport<\/h2>\n<p>Per Isaac, partecipare ai Giochi Olimpici significherebbe molto pi\u00f9 che raggiungere un traguardo sportivo. Sarebbe la realizzazione di un percorso fatto di sacrifici: il sostegno della famiglia, gli anni difficili senza aiuti, la crescita in Europa e infine la consacrazione tra i professionisti.<\/p>\n\n<p><strong>Del Toro ha gi\u00e0 riscritto la storia del ciclismo messicano<\/strong>. Portare il Messico ai Giochi Olimpici \u2014 e magari ottenere un risultato storico \u2014 sarebbe il prossimo capitolo di una storia sensazionale.<\/p>\n\n<p><em>Forza Isaac, la strada verso Los Angeles \u00e8 gi\u00e0 iniziata.<\/em><\/p>\n\n","protected":false},"excerpt":{"rendered":"<p>Isaac del Toro continua una crescita straordinaria, e all\u2019orizzonte appare gi\u00e0 un obiettivo che vale una carriera: i Giochi Olimpici [&hellip;]<\/p>\n","protected":false},"author":1,"featured_media":187,"comment_status":"open","ping_status":"open","sticky":false,"template":"","format":"standard","meta":{"footnotes":""},"categories":[48],"tags":[],"class_list":["post-169","post","type-post","status-publish","format-standard","has-post-thumbnail","hentry","category-notizie"],"yoast_head":"<!-- This site is optimized with the Yoast SEO plugin v27.1.1 - https:\/\/yoast.com\/product\/yoast-seo-wordpress\/ -->\n<title>Isaac del Toro verso Los Angeles 2028<\/title>\n<meta name=\"description\" content=\"Come Isaac del Toro pu\u00f2 qualificarsi ai Giochi Olimpici e perch\u00e9 \u00e8 decisivo per il Messico.\" \/>\n<meta name=\"robots\" content=\"index, follow, max-snippet:-1, max-image-preview:large, max-video-preview:-1\" \/>\n<link rel=\"canonical\" href=\"https:\/\/www.isaac-del-toro.mx\/it\/isaac-del-toro-strada-verso-los-angeles-2028\/\" \/>\n<meta property=\"og:locale\" content=\"it_IT\" \/>\n<meta property=\"og:type\" content=\"article\" \/>\n<meta property=\"og:title\" content=\"Isaac del Toro verso Los Angeles 2028\" \/>\n<meta property=\"og:description\" content=\"Come Isaac del Toro pu\u00f2 qualificarsi ai Giochi Olimpici e perch\u00e9 \u00e8 decisivo per il Messico.\" \/>\n<meta property=\"og:url\" content=\"https:\/\/www.isaac-del-toro.mx\/it\/isaac-del-toro-strada-verso-los-angeles-2028\/\" \/>\n<meta property=\"og:site_name\" content=\"Isaac del Toro Romero\" \/>\n<meta property=\"article:published_time\" content=\"2025-12-18T12:52:58+00:00\" \/>\n<meta property=\"article:modified_time\" content=\"2026-02-02T14:34:45+00:00\" \/>\n<meta property=\"og:image\" content=\"https:\/\/www.isaac-del-toro.mx\/wp-content\/uploads\/2025\/12\/isaac-del-toro-los-angeles-2028-1-scaled.webp\" \/>\n\t<meta property=\"og:image:width\" content=\"2560\" \/>\n\t<meta property=\"og:image:height\" content=\"1463\" \/>\n\t<meta property=\"og:image:type\" content=\"image\/webp\" \/>\n<meta name=\"author\" content=\"Frank\" \/>\n<meta name=\"twitter:card\" content=\"summary_large_image\" \/>\n<meta name=\"twitter:label1\" content=\"Scritto da\" \/>\n\t<meta name=\"twitter:data1\" content=\"Frank\" \/>\n\t<meta name=\"twitter:label2\" content=\"Tempo di lettura stimato\" \/>\n\t<meta name=\"twitter:data2\" content=\"3 minuti\" \/>\n<script type=\"application\/ld+json\" class=\"yoast-schema-graph\">{\"@context\":\"https:\/\/schema.org\",\"@graph\":[{\"@type\":\"Article\",\"@id\":\"https:\/\/www.isaac-del-toro.mx\/it\/isaac-del-toro-strada-verso-los-angeles-2028\/#article\",\"isPartOf\":{\"@id\":\"https:\/\/www.isaac-del-toro.mx\/it\/isaac-del-toro-strada-verso-los-angeles-2028\/\"},\"author\":{\"name\":\"Frank\",\"@id\":\"https:\/\/www.isaac-del-toro.mx\/it\/#\/schema\/person\/dcd12bccf645d7a2112bdb90aa7ff9f2\"},\"headline\":\"Isaac del Toro e la sua strada verso i Giochi Olimpici di Los Angeles 2028\",\"datePublished\":\"2025-12-18T12:52:58+00:00\",\"dateModified\":\"2026-02-02T14:34:45+00:00\",\"mainEntityOfPage\":{\"@id\":\"https:\/\/www.isaac-del-toro.mx\/it\/isaac-del-toro-strada-verso-los-angeles-2028\/\"},\"wordCount\":446,\"commentCount\":0,\"publisher\":{\"@id\":\"https:\/\/www.isaac-del-toro.mx\/it\/#\/schema\/person\/7cbbcf16bd93d1b98eeb4ab7a1fbd7ba\"},\"image\":{\"@id\":\"https:\/\/www.isaac-del-toro.mx\/it\/isaac-del-toro-strada-verso-los-angeles-2028\/#primaryimage\"},\"thumbnailUrl\":\"https:\/\/www.isaac-del-toro.mx\/wp-content\/uploads\/2025\/12\/isaac-del-toro-los-angeles-2028-1-scaled.webp\",\"articleSection\":[\"Notizie\"],\"inLanguage\":\"it-IT\",\"potentialAction\":[{\"@type\":\"CommentAction\",\"name\":\"Comment\",\"target\":[\"https:\/\/www.isaac-del-toro.mx\/it\/isaac-del-toro-strada-verso-los-angeles-2028\/#respond\"]}]},{\"@type\":\"WebPage\",\"@id\":\"https:\/\/www.isaac-del-toro.mx\/it\/isaac-del-toro-strada-verso-los-angeles-2028\/\",\"url\":\"https:\/\/www.isaac-del-toro.mx\/it\/isaac-del-toro-strada-verso-los-angeles-2028\/\",\"name\":\"Isaac del Toro verso Los Angeles 2028\",\"isPartOf\":{\"@id\":\"https:\/\/www.isaac-del-toro.mx\/it\/#website\"},\"primaryImageOfPage\":{\"@id\":\"https:\/\/www.isaac-del-toro.mx\/it\/isaac-del-toro-strada-verso-los-angeles-2028\/#primaryimage\"},\"image\":{\"@id\":\"https:\/\/www.isaac-del-toro.mx\/it\/isaac-del-toro-strada-verso-los-angeles-2028\/#primaryimage\"},\"thumbnailUrl\":\"https:\/\/www.isaac-del-toro.mx\/wp-content\/uploads\/2025\/12\/isaac-del-toro-los-angeles-2028-1-scaled.webp\",\"datePublished\":\"2025-12-18T12:52:58+00:00\",\"dateModified\":\"2026-02-02T14:34:45+00:00\",\"description\":\"Come Isaac del Toro pu\u00f2 qualificarsi ai Giochi Olimpici e perch\u00e9 \u00e8 decisivo per il Messico.\",\"breadcrumb\":{\"@id\":\"https:\/\/www.isaac-del-toro.mx\/it\/isaac-del-toro-strada-verso-los-angeles-2028\/#breadcrumb\"},\"inLanguage\":\"it-IT\",\"potentialAction\":[{\"@type\":\"ReadAction\",\"target\":[\"https:\/\/www.isaac-del-toro.mx\/it\/isaac-del-toro-strada-verso-los-angeles-2028\/\"]}]},{\"@type\":\"ImageObject\",\"inLanguage\":\"it-IT\",\"@id\":\"https:\/\/www.isaac-del-toro.mx\/it\/isaac-del-toro-strada-verso-los-angeles-2028\/#primaryimage\",\"url\":\"https:\/\/www.isaac-del-toro.mx\/wp-content\/uploads\/2025\/12\/isaac-del-toro-los-angeles-2028-1-scaled.webp\",\"contentUrl\":\"https:\/\/www.isaac-del-toro.mx\/wp-content\/uploads\/2025\/12\/isaac-del-toro-los-angeles-2028-1-scaled.webp\",\"width\":2560,\"height\":1463},{\"@type\":\"BreadcrumbList\",\"@id\":\"https:\/\/www.isaac-del-toro.mx\/it\/isaac-del-toro-strada-verso-los-angeles-2028\/#breadcrumb\",\"itemListElement\":[{\"@type\":\"ListItem\",\"position\":1,\"name\":\"Start\",\"item\":\"https:\/\/www.isaac-del-toro.mx\/it\/\"},{\"@type\":\"ListItem\",\"position\":2,\"name\":\"Isaac del Toro e la sua strada verso i Giochi Olimpici di Los Angeles 2028\"}]},{\"@type\":\"WebSite\",\"@id\":\"https:\/\/www.isaac-del-toro.mx\/it\/#website\",\"url\":\"https:\/\/www.isaac-del-toro.mx\/it\/\",\"name\":\"Isaac del Toro Romero\",\"description\":\"\",\"publisher\":{\"@id\":\"https:\/\/www.isaac-del-toro.mx\/it\/#\/schema\/person\/7cbbcf16bd93d1b98eeb4ab7a1fbd7ba\"},\"potentialAction\":[{\"@type\":\"SearchAction\",\"target\":{\"@type\":\"EntryPoint\",\"urlTemplate\":\"https:\/\/www.isaac-del-toro.mx\/it\/?s={search_term_string}\"},\"query-input\":{\"@type\":\"PropertyValueSpecification\",\"valueRequired\":true,\"valueName\":\"search_term_string\"}}],\"inLanguage\":\"it-IT\"},{\"@type\":[\"Person\",\"Organization\"],\"@id\":\"https:\/\/www.isaac-del-toro.mx\/it\/#\/schema\/person\/7cbbcf16bd93d1b98eeb4ab7a1fbd7ba\",\"name\":\"Isaac del Toro Romero\",\"logo\":{\"@id\":\"https:\/\/www.isaac-del-toro.mx\/it\/#\/schema\/person\/image\/\"}},{\"@type\":\"Person\",\"@id\":\"https:\/\/www.isaac-del-toro.mx\/it\/#\/schema\/person\/dcd12bccf645d7a2112bdb90aa7ff9f2\",\"name\":\"Frank\",\"sameAs\":[\"https:\/\/www.isaac-del-toro.mx\"],\"url\":\"https:\/\/www.isaac-del-toro.mx\/it\/author\/frank-kuglerwebarbeit-net\/\"}]}<\/script>\n<!-- \/ Yoast SEO plugin. -->","yoast_head_json":{"title":"Isaac del Toro verso Los Angeles 2028","description":"Come Isaac del Toro pu\u00f2 qualificarsi ai Giochi Olimpici e perch\u00e9 \u00e8 decisivo per il Messico.","robots":{"index":"index","follow":"follow","max-snippet":"max-snippet:-1","max-image-preview":"max-image-preview:large","max-video-preview":"max-video-preview:-1"},"canonical":"https:\/\/www.isaac-del-toro.mx\/it\/isaac-del-toro-strada-verso-los-angeles-2028\/","og_locale":"it_IT","og_type":"article","og_title":"Isaac del Toro verso Los Angeles 2028","og_description":"Come Isaac del Toro pu\u00f2 qualificarsi ai Giochi Olimpici e perch\u00e9 \u00e8 decisivo per il Messico.","og_url":"https:\/\/www.isaac-del-toro.mx\/it\/isaac-del-toro-strada-verso-los-angeles-2028\/","og_site_name":"Isaac del Toro Romero","article_published_time":"2025-12-18T12:52:58+00:00","article_modified_time":"2026-02-02T14:34:45+00:00","og_image":[{"width":2560,"height":1463,"url":"https:\/\/www.isaac-del-toro.mx\/wp-content\/uploads\/2025\/12\/isaac-del-toro-los-angeles-2028-1-scaled.webp","type":"image\/webp"}],"author":"Frank","twitter_card":"summary_large_image","twitter_misc":{"Scritto da":"Frank","Tempo di lettura stimato":"3 minuti"},"schema":{"@context":"https:\/\/schema.org","@graph":[{"@type":"Article","@id":"https:\/\/www.isaac-del-toro.mx\/it\/isaac-del-toro-strada-verso-los-angeles-2028\/#article","isPartOf":{"@id":"https:\/\/www.isaac-del-toro.mx\/it\/isaac-del-toro-strada-verso-los-angeles-2028\/"},"author":{"name":"Frank","@id":"https:\/\/www.isaac-del-toro.mx\/it\/#\/schema\/person\/dcd12bccf645d7a2112bdb90aa7ff9f2"},"headline":"Isaac del Toro e la sua strada verso i Giochi Olimpici di Los Angeles 2028","datePublished":"2025-12-18T12:52:58+00:00","dateModified":"2026-02-02T14:34:45+00:00","mainEntityOfPage":{"@id":"https:\/\/www.isaac-del-toro.mx\/it\/isaac-del-toro-strada-verso-los-angeles-2028\/"},"wordCount":446,"commentCount":0,"publisher":{"@id":"https:\/\/www.isaac-del-toro.mx\/it\/#\/schema\/person\/7cbbcf16bd93d1b98eeb4ab7a1fbd7ba"},"image":{"@id":"https:\/\/www.isaac-del-toro.mx\/it\/isaac-del-toro-strada-verso-los-angeles-2028\/#primaryimage"},"thumbnailUrl":"https:\/\/www.isaac-del-toro.mx\/wp-content\/uploads\/2025\/12\/isaac-del-toro-los-angeles-2028-1-scaled.webp","articleSection":["Notizie"],"inLanguage":"it-IT","potentialAction":[{"@type":"CommentAction","name":"Comment","target":["https:\/\/www.isaac-del-toro.mx\/it\/isaac-del-toro-strada-verso-los-angeles-2028\/#respond"]}]},{"@type":"WebPage","@id":"https:\/\/www.isaac-del-toro.mx\/it\/isaac-del-toro-strada-verso-los-angeles-2028\/","url":"https:\/\/www.isaac-del-toro.mx\/it\/isaac-del-toro-strada-verso-los-angeles-2028\/","name":"Isaac del Toro verso Los Angeles 2028","isPartOf":{"@id":"https:\/\/www.isaac-del-toro.mx\/it\/#website"},"primaryImageOfPage":{"@id":"https:\/\/www.isaac-del-toro.mx\/it\/isaac-del-toro-strada-verso-los-angeles-2028\/#primaryimage"},"image":{"@id":"https:\/\/www.isaac-del-toro.mx\/it\/isaac-del-toro-strada-verso-los-angeles-2028\/#primaryimage"},"thumbnailUrl":"https:\/\/www.isaac-del-toro.mx\/wp-content\/uploads\/2025\/12\/isaac-del-toro-los-angeles-2028-1-scaled.webp","datePublished":"2025-12-18T12:52:58+00:00","dateModified":"2026-02-02T14:34:45+00:00","description":"Come Isaac del Toro pu\u00f2 qualificarsi ai Giochi Olimpici e perch\u00e9 \u00e8 decisivo per il Messico.","breadcrumb":{"@id":"https:\/\/www.isaac-del-toro.mx\/it\/isaac-del-toro-strada-verso-los-angeles-2028\/#breadcrumb"},"inLanguage":"it-IT","potentialAction":[{"@type":"ReadAction","target":["https:\/\/www.isaac-del-toro.mx\/it\/isaac-del-toro-strada-verso-los-angeles-2028\/"]}]},{"@type":"ImageObject","inLanguage":"it-IT","@id":"https:\/\/www.isaac-del-toro.mx\/it\/isaac-del-toro-strada-verso-los-angeles-2028\/#primaryimage","url":"https:\/\/www.isaac-del-toro.mx\/wp-content\/uploads\/2025\/12\/isaac-del-toro-los-angeles-2028-1-scaled.webp","contentUrl":"https:\/\/www.isaac-del-toro.mx\/wp-content\/uploads\/2025\/12\/isaac-del-toro-los-angeles-2028-1-scaled.webp","width":2560,"height":1463},{"@type":"BreadcrumbList","@id":"https:\/\/www.isaac-del-toro.mx\/it\/isaac-del-toro-strada-verso-los-angeles-2028\/#breadcrumb","itemListElement":[{"@type":"ListItem","position":1,"name":"Start","item":"https:\/\/www.isaac-del-toro.mx\/it\/"},{"@type":"ListItem","position":2,"name":"Isaac del Toro e la sua strada verso i Giochi Olimpici di Los Angeles 2028"}]},{"@type":"WebSite","@id":"https:\/\/www.isaac-del-toro.mx\/it\/#website","url":"https:\/\/www.isaac-del-toro.mx\/it\/","name":"Isaac del Toro Romero","description":"","publisher":{"@id":"https:\/\/www.isaac-del-toro.mx\/it\/#\/schema\/person\/7cbbcf16bd93d1b98eeb4ab7a1fbd7ba"},"potentialAction":[{"@type":"SearchAction","target":{"@type":"EntryPoint","urlTemplate":"https:\/\/www.isaac-del-toro.mx\/it\/?s={search_term_string}"},"query-input":{"@type":"PropertyValueSpecification","valueRequired":true,"valueName":"search_term_string"}}],"inLanguage":"it-IT"},{"@type":["Person","Organization"],"@id":"https:\/\/www.isaac-del-toro.mx\/it\/#\/schema\/person\/7cbbcf16bd93d1b98eeb4ab7a1fbd7ba","name":"Isaac del Toro Romero","logo":{"@id":"https:\/\/www.isaac-del-toro.mx\/it\/#\/schema\/person\/image\/"}},{"@type":"Person","@id":"https:\/\/www.isaac-del-toro.mx\/it\/#\/schema\/person\/dcd12bccf645d7a2112bdb90aa7ff9f2","name":"Frank","sameAs":["https:\/\/www.isaac-del-toro.mx"],"url":"https:\/\/www.isaac-del-toro.mx\/it\/author\/frank-kuglerwebarbeit-net\/"}]}},"_links":{"self":[{"href":"https:\/\/www.isaac-del-toro.mx\/it\/wp-json\/wp\/v2\/posts\/169","targetHints":{"allow":["GET"]}}],"collection":[{"href":"https:\/\/www.isaac-del-toro.mx\/it\/wp-json\/wp\/v2\/posts"}],"about":[{"href":"https:\/\/www.isaac-del-toro.mx\/it\/wp-json\/wp\/v2\/types\/post"}],"author":[{"embeddable":true,"href":"https:\/\/www.isaac-del-toro.mx\/it\/wp-json\/wp\/v2\/users\/1"}],"replies":[{"embeddable":true,"href":"https:\/\/www.isaac-del-toro.mx\/it\/wp-json\/wp\/v2\/comments?post=169"}],"version-history":[{"count":1,"href":"https:\/\/www.isaac-del-toro.mx\/it\/wp-json\/wp\/v2\/posts\/169\/revisions"}],"predecessor-version":[{"id":170,"href":"https:\/\/www.isaac-del-toro.mx\/it\/wp-json\/wp\/v2\/posts\/169\/revisions\/170"}],"wp:featuredmedia":[{"embeddable":true,"href":"https:\/\/www.isaac-del-toro.mx\/it\/wp-json\/wp\/v2\/media\/187"}],"wp:attachment":[{"href":"https:\/\/www.isaac-del-toro.mx\/it\/wp-json\/wp\/v2\/media?parent=169"}],"wp:term":[{"taxonomy":"category","embeddable":true,"href":"https:\/\/www.isaac-del-toro.mx\/it\/wp-json\/wp\/v2\/categories?post=169"},{"taxonomy":"post_tag","embeddable":true,"href":"https:\/\/www.isaac-del-toro.mx\/it\/wp-json\/wp\/v2\/tags?post=169"}],"curies":[{"name":"wp","href":"https:\/\/api.w.org\/{rel}","templated":true}]}}