{"id":275,"date":"2026-01-06T06:16:34","date_gmt":"2026-01-06T12:16:34","guid":{"rendered":"https:\/\/www.isaac-del-toro.mx\/?p=275"},"modified":"2026-01-06T06:17:06","modified_gmt":"2026-01-06T12:17:06","slug":"isaac-del-toro-nuova-elite-sport-messicano","status":"publish","type":"post","link":"https:\/\/www.isaac-del-toro.mx\/it\/isaac-del-toro-nuova-elite-sport-messicano\/","title":{"rendered":"Isaac del Toro e la nuova generazione di atleti messicani di livello mondiale"},"content":{"rendered":"\n<p>Il Messico sta vivendo un momento sportivo straordinario. In diverse discipline, atlete e atleti messicani si sono affermati stabilmente ai massimi livelli mondiali \u2014 non come casi isolati, ma grazie a continuit\u00e0, medaglie e riconoscimento internazionale. Figure come <strong>Isaac del Toro<\/strong> nel ciclismo su strada, Alegna Gonz\u00e1lez nella marcia, Yareli Acevedo nel ciclismo su pista, oltre ai grandi talenti nei tuffi e nel tiro con l\u2019arco, rappresentano questa nuova realt\u00e0 sportiva.<\/p>\n\n<h2>Isaac del Toro: il volto del ciclismo messicano sulla scena internazionale<\/h2>\n\n<p>Isaac del Toro si \u00e8 imposto in tempi rapidissimi come uno dei pi\u00f9 grandi talenti mai espressi dal ciclismo messicano. Le sue prestazioni a livello WorldTour, la presenza nelle grandi corse a tappe e la sua maturit\u00e0 tattica lo hanno reso una figura rispettata all\u2019interno del gruppo internazionale.<\/p>\n\n<p>Ci\u00f2 che colpisce maggiormente \u00e8 la sua costanza negli sforzi lunghi e impegnativi \u2014 una qualit\u00e0 fondamentale nel ciclismo professionistico moderno. Del Toro ha riportato visibilit\u00e0 internazionale al ciclismo messicano ed \u00e8 diventato un punto di riferimento per una nuova generazione.<\/p>\n\n<h2>Alegna Gonz\u00e1lez: eccellenza mondiale nella marcia<\/h2>\n\n<p>Alegna Gonz\u00e1lez fa parte da anni dell\u2019\u00e9lite mondiale della marcia atletica. Ha conquistato medaglie ai Campionati del Mondo, ottenuto podi in meeting internazionali di alto livello e si colloca stabilmente tra le migliori al mondo nella distanza dei 20 chilometri.<\/p>\n\n<p>La sua combinazione di tecnica, resistenza e solidit\u00e0 mentale riflette la tradizione messicana nelle discipline di endurance.<\/p>\n\n<h2>Yareli Acevedo: la forza del Messico nel ciclismo su pista<\/h2>\n\n<p>Nel ciclismo su pista, Yareli Acevedo si \u00e8 affermata come una competitiva atleta di livello internazionale. Con medaglie ai Campionati Panamericani, risultati di rilievo in competizioni di alto profilo e confronti costanti con l\u2019\u00e9lite mondiale, ha dimostrato che il Messico pu\u00f2 competere anche in una disciplina altamente specializzata.<\/p>\n\n<p>Acevedo rappresenta il progresso tecnico e la crescente profondit\u00e0 del ciclismo messicano oltre la strada.<\/p>\n\n<h2>Osmar Olvera e la supremazia messicana nei tuffi<\/h2>\n\n<p>I tuffi sono una disciplina in cui il Messico appartiene da decenni all\u2019\u00e9lite mondiale. Il principale esponente della generazione attuale \u00e8 <strong>Osmar Olvera<\/strong>.<\/p>\n\n<p>Olvera ha conquistato numerose medaglie ai Campionati del Mondo, vinto tappe di Coppa del Mondo e ha confermato anche nel 2025 il suo status di atleta eccezionale con prestazioni costanti di altissimo livello. Si distingue per difficolt\u00e0 elevate, grande precisione tecnica e straordinaria freddezza nei momenti decisivi.<\/p>\n\n<h3>Le stelle emergenti: M\u00eda e L\u00eda Cueva<\/h3>\n\n<p>Alle spalle di Olvera cresce gi\u00e0 la prossima generazione. Spiccano le gemelle <strong>M\u00eda e L\u00eda Cueva<\/strong>, che a soli 14 anni hanno gi\u00e0 ottenuto risultati storici, tra cui una medaglia d\u2019argento in una Coppa del Mondo di tuffi.<\/p>\n\n<p>Il loro successo precoce dimostra la profondit\u00e0 e la solidit\u00e0 del sistema di formazione messicano in questa disciplina.<\/p>\n\n<h2>Tiro con l\u2019arco: la precisione come pilastro del successo<\/h2>\n\n<p>Il tiro con l\u2019arco \u00e8 un\u2019altra disciplina in cui il Messico si \u00e8 affermato come presenza costante a livello internazionale. Arcieri e arciere messicani conquistano regolarmente medaglie in Coppa del Mondo, ai Campionati del Mondo e in competizioni continentali.<\/p>\n\n<p>In particolare nella specialit\u00e0 dell\u2019arco ricurvo, il Messico si distingue per precisione tecnica, forza mentale ed esperienza internazionale, rendendo il tiro con l\u2019arco uno dei pilastri dello sport di alto livello nazionale.<\/p>\n\n<h2>Oltre i singoli campioni: una nuova identit\u00e0 sportiva<\/h2>\n\n<p>Ci\u00f2 che accomuna Isaac del Toro, Alegna Gonz\u00e1lez, Yareli Acevedo, Osmar Olvera, M\u00eda e L\u00eda Cueva e gli arcieri messicani di vertice va oltre il talento individuale. \u00c8 il segno di una trasformazione strutturale dello sport messicano.<\/p>\n\n<p><strong>Il Messico non compete pi\u00f9 come outsider, ma come protagonista credibile sulla scena mondiale<\/strong>. Questa generazione rappresenta eccellenza, professionalit\u00e0 e ambizione a lungo termine \u2014 con Isaac del Toro come uno dei volti pi\u00f9 riconoscibili di questa nuova era.<\/p>\n\n","protected":false},"excerpt":{"rendered":"<p>Il Messico sta vivendo un momento sportivo straordinario. In diverse discipline, atlete e atleti messicani si sono affermati stabilmente ai [&hellip;]<\/p>\n","protected":false},"author":1,"featured_media":274,"comment_status":"open","ping_status":"open","sticky":false,"template":"","format":"standard","meta":{"footnotes":""},"categories":[60],"tags":[],"class_list":["post-275","post","type-post","status-publish","format-standard","has-post-thumbnail","hentry","category-panorama-sportivo"],"yoast_head":"<!-- This site is optimized with the Yoast SEO plugin v27.1.1 - https:\/\/yoast.com\/product\/yoast-seo-wordpress\/ -->\n<title>Isaac del Toro e la nuova \u00e9lite dello sport messicano<\/title>\n<meta name=\"description\" content=\"Da Isaac del Toro a Osmar Olvera, una nuova generazione di atleti messicani compete ai massimi livelli mondiali.\" \/>\n<meta name=\"robots\" content=\"index, follow, max-snippet:-1, max-image-preview:large, max-video-preview:-1\" \/>\n<link rel=\"canonical\" href=\"https:\/\/www.isaac-del-toro.mx\/it\/isaac-del-toro-nuova-elite-sport-messicano\/\" \/>\n<meta property=\"og:locale\" content=\"it_IT\" \/>\n<meta property=\"og:type\" content=\"article\" \/>\n<meta property=\"og:title\" content=\"Isaac del Toro e la nuova \u00e9lite dello sport messicano\" \/>\n<meta property=\"og:description\" content=\"Da Isaac del Toro a Osmar Olvera, una nuova generazione di atleti messicani compete ai massimi livelli mondiali.\" \/>\n<meta property=\"og:url\" content=\"https:\/\/www.isaac-del-toro.mx\/it\/isaac-del-toro-nuova-elite-sport-messicano\/\" \/>\n<meta property=\"og:site_name\" content=\"Isaac del Toro Romero\" \/>\n<meta property=\"article:published_time\" content=\"2026-01-06T12:16:34+00:00\" \/>\n<meta property=\"article:modified_time\" content=\"2026-01-06T12:17:06+00:00\" \/>\n<meta property=\"og:image\" content=\"https:\/\/www.isaac-del-toro.mx\/wp-content\/uploads\/2026\/01\/isaac-del-toro-panorama-deportivo-mexico-scaled.webp\" \/>\n\t<meta property=\"og:image:width\" content=\"2560\" \/>\n\t<meta property=\"og:image:height\" content=\"1463\" \/>\n\t<meta property=\"og:image:type\" content=\"image\/webp\" \/>\n<meta name=\"author\" content=\"Frank\" \/>\n<meta name=\"twitter:card\" content=\"summary_large_image\" \/>\n<meta name=\"twitter:label1\" content=\"Scritto da\" \/>\n\t<meta name=\"twitter:data1\" content=\"Frank\" \/>\n\t<meta name=\"twitter:label2\" content=\"Tempo di lettura stimato\" \/>\n\t<meta name=\"twitter:data2\" content=\"4 minuti\" \/>\n<script type=\"application\/ld+json\" class=\"yoast-schema-graph\">{\"@context\":\"https:\/\/schema.org\",\"@graph\":[{\"@type\":\"Article\",\"@id\":\"https:\/\/www.isaac-del-toro.mx\/it\/isaac-del-toro-nuova-elite-sport-messicano\/#article\",\"isPartOf\":{\"@id\":\"https:\/\/www.isaac-del-toro.mx\/it\/isaac-del-toro-nuova-elite-sport-messicano\/\"},\"author\":{\"name\":\"Frank\",\"@id\":\"https:\/\/www.isaac-del-toro.mx\/it\/#\/schema\/person\/dcd12bccf645d7a2112bdb90aa7ff9f2\"},\"headline\":\"Isaac del Toro e la nuova generazione di atleti messicani di livello mondiale\",\"datePublished\":\"2026-01-06T12:16:34+00:00\",\"dateModified\":\"2026-01-06T12:17:06+00:00\",\"mainEntityOfPage\":{\"@id\":\"https:\/\/www.isaac-del-toro.mx\/it\/isaac-del-toro-nuova-elite-sport-messicano\/\"},\"wordCount\":632,\"commentCount\":0,\"publisher\":{\"@id\":\"https:\/\/www.isaac-del-toro.mx\/it\/#\/schema\/person\/7cbbcf16bd93d1b98eeb4ab7a1fbd7ba\"},\"image\":{\"@id\":\"https:\/\/www.isaac-del-toro.mx\/it\/isaac-del-toro-nuova-elite-sport-messicano\/#primaryimage\"},\"thumbnailUrl\":\"https:\/\/www.isaac-del-toro.mx\/wp-content\/uploads\/2026\/01\/isaac-del-toro-panorama-deportivo-mexico-scaled.webp\",\"articleSection\":[\"Panorama sportivo\"],\"inLanguage\":\"it-IT\",\"potentialAction\":[{\"@type\":\"CommentAction\",\"name\":\"Comment\",\"target\":[\"https:\/\/www.isaac-del-toro.mx\/it\/isaac-del-toro-nuova-elite-sport-messicano\/#respond\"]}]},{\"@type\":\"WebPage\",\"@id\":\"https:\/\/www.isaac-del-toro.mx\/it\/isaac-del-toro-nuova-elite-sport-messicano\/\",\"url\":\"https:\/\/www.isaac-del-toro.mx\/it\/isaac-del-toro-nuova-elite-sport-messicano\/\",\"name\":\"Isaac del Toro e la nuova \u00e9lite dello sport messicano\",\"isPartOf\":{\"@id\":\"https:\/\/www.isaac-del-toro.mx\/it\/#website\"},\"primaryImageOfPage\":{\"@id\":\"https:\/\/www.isaac-del-toro.mx\/it\/isaac-del-toro-nuova-elite-sport-messicano\/#primaryimage\"},\"image\":{\"@id\":\"https:\/\/www.isaac-del-toro.mx\/it\/isaac-del-toro-nuova-elite-sport-messicano\/#primaryimage\"},\"thumbnailUrl\":\"https:\/\/www.isaac-del-toro.mx\/wp-content\/uploads\/2026\/01\/isaac-del-toro-panorama-deportivo-mexico-scaled.webp\",\"datePublished\":\"2026-01-06T12:16:34+00:00\",\"dateModified\":\"2026-01-06T12:17:06+00:00\",\"description\":\"Da Isaac del Toro a Osmar Olvera, una nuova generazione di atleti messicani compete ai massimi livelli mondiali.\",\"breadcrumb\":{\"@id\":\"https:\/\/www.isaac-del-toro.mx\/it\/isaac-del-toro-nuova-elite-sport-messicano\/#breadcrumb\"},\"inLanguage\":\"it-IT\",\"potentialAction\":[{\"@type\":\"ReadAction\",\"target\":[\"https:\/\/www.isaac-del-toro.mx\/it\/isaac-del-toro-nuova-elite-sport-messicano\/\"]}]},{\"@type\":\"ImageObject\",\"inLanguage\":\"it-IT\",\"@id\":\"https:\/\/www.isaac-del-toro.mx\/it\/isaac-del-toro-nuova-elite-sport-messicano\/#primaryimage\",\"url\":\"https:\/\/www.isaac-del-toro.mx\/wp-content\/uploads\/2026\/01\/isaac-del-toro-panorama-deportivo-mexico-scaled.webp\",\"contentUrl\":\"https:\/\/www.isaac-del-toro.mx\/wp-content\/uploads\/2026\/01\/isaac-del-toro-panorama-deportivo-mexico-scaled.webp\",\"width\":2560,\"height\":1463},{\"@type\":\"BreadcrumbList\",\"@id\":\"https:\/\/www.isaac-del-toro.mx\/it\/isaac-del-toro-nuova-elite-sport-messicano\/#breadcrumb\",\"itemListElement\":[{\"@type\":\"ListItem\",\"position\":1,\"name\":\"Start\",\"item\":\"https:\/\/www.isaac-del-toro.mx\/it\/\"},{\"@type\":\"ListItem\",\"position\":2,\"name\":\"Isaac del Toro e la nuova generazione di atleti messicani di livello mondiale\"}]},{\"@type\":\"WebSite\",\"@id\":\"https:\/\/www.isaac-del-toro.mx\/it\/#website\",\"url\":\"https:\/\/www.isaac-del-toro.mx\/it\/\",\"name\":\"Isaac del Toro Romero\",\"description\":\"\",\"publisher\":{\"@id\":\"https:\/\/www.isaac-del-toro.mx\/it\/#\/schema\/person\/7cbbcf16bd93d1b98eeb4ab7a1fbd7ba\"},\"potentialAction\":[{\"@type\":\"SearchAction\",\"target\":{\"@type\":\"EntryPoint\",\"urlTemplate\":\"https:\/\/www.isaac-del-toro.mx\/it\/?s={search_term_string}\"},\"query-input\":{\"@type\":\"PropertyValueSpecification\",\"valueRequired\":true,\"valueName\":\"search_term_string\"}}],\"inLanguage\":\"it-IT\"},{\"@type\":[\"Person\",\"Organization\"],\"@id\":\"https:\/\/www.isaac-del-toro.mx\/it\/#\/schema\/person\/7cbbcf16bd93d1b98eeb4ab7a1fbd7ba\",\"name\":\"Isaac del Toro Romero\",\"logo\":{\"@id\":\"https:\/\/www.isaac-del-toro.mx\/it\/#\/schema\/person\/image\/\"}},{\"@type\":\"Person\",\"@id\":\"https:\/\/www.isaac-del-toro.mx\/it\/#\/schema\/person\/dcd12bccf645d7a2112bdb90aa7ff9f2\",\"name\":\"Frank\",\"sameAs\":[\"https:\/\/www.isaac-del-toro.mx\"],\"url\":\"https:\/\/www.isaac-del-toro.mx\/it\/author\/frank-kuglerwebarbeit-net\/\"}]}<\/script>\n<!-- \/ Yoast SEO plugin. -->","yoast_head_json":{"title":"Isaac del Toro e la nuova \u00e9lite dello sport messicano","description":"Da Isaac del Toro a Osmar Olvera, una nuova generazione di atleti messicani compete ai massimi livelli mondiali.","robots":{"index":"index","follow":"follow","max-snippet":"max-snippet:-1","max-image-preview":"max-image-preview:large","max-video-preview":"max-video-preview:-1"},"canonical":"https:\/\/www.isaac-del-toro.mx\/it\/isaac-del-toro-nuova-elite-sport-messicano\/","og_locale":"it_IT","og_type":"article","og_title":"Isaac del Toro e la nuova \u00e9lite dello sport messicano","og_description":"Da Isaac del Toro a Osmar Olvera, una nuova generazione di atleti messicani compete ai massimi livelli mondiali.","og_url":"https:\/\/www.isaac-del-toro.mx\/it\/isaac-del-toro-nuova-elite-sport-messicano\/","og_site_name":"Isaac del Toro Romero","article_published_time":"2026-01-06T12:16:34+00:00","article_modified_time":"2026-01-06T12:17:06+00:00","og_image":[{"width":2560,"height":1463,"url":"https:\/\/www.isaac-del-toro.mx\/wp-content\/uploads\/2026\/01\/isaac-del-toro-panorama-deportivo-mexico-scaled.webp","type":"image\/webp"}],"author":"Frank","twitter_card":"summary_large_image","twitter_misc":{"Scritto da":"Frank","Tempo di lettura stimato":"4 minuti"},"schema":{"@context":"https:\/\/schema.org","@graph":[{"@type":"Article","@id":"https:\/\/www.isaac-del-toro.mx\/it\/isaac-del-toro-nuova-elite-sport-messicano\/#article","isPartOf":{"@id":"https:\/\/www.isaac-del-toro.mx\/it\/isaac-del-toro-nuova-elite-sport-messicano\/"},"author":{"name":"Frank","@id":"https:\/\/www.isaac-del-toro.mx\/it\/#\/schema\/person\/dcd12bccf645d7a2112bdb90aa7ff9f2"},"headline":"Isaac del Toro e la nuova generazione di atleti messicani di livello mondiale","datePublished":"2026-01-06T12:16:34+00:00","dateModified":"2026-01-06T12:17:06+00:00","mainEntityOfPage":{"@id":"https:\/\/www.isaac-del-toro.mx\/it\/isaac-del-toro-nuova-elite-sport-messicano\/"},"wordCount":632,"commentCount":0,"publisher":{"@id":"https:\/\/www.isaac-del-toro.mx\/it\/#\/schema\/person\/7cbbcf16bd93d1b98eeb4ab7a1fbd7ba"},"image":{"@id":"https:\/\/www.isaac-del-toro.mx\/it\/isaac-del-toro-nuova-elite-sport-messicano\/#primaryimage"},"thumbnailUrl":"https:\/\/www.isaac-del-toro.mx\/wp-content\/uploads\/2026\/01\/isaac-del-toro-panorama-deportivo-mexico-scaled.webp","articleSection":["Panorama sportivo"],"inLanguage":"it-IT","potentialAction":[{"@type":"CommentAction","name":"Comment","target":["https:\/\/www.isaac-del-toro.mx\/it\/isaac-del-toro-nuova-elite-sport-messicano\/#respond"]}]},{"@type":"WebPage","@id":"https:\/\/www.isaac-del-toro.mx\/it\/isaac-del-toro-nuova-elite-sport-messicano\/","url":"https:\/\/www.isaac-del-toro.mx\/it\/isaac-del-toro-nuova-elite-sport-messicano\/","name":"Isaac del Toro e la nuova \u00e9lite dello sport messicano","isPartOf":{"@id":"https:\/\/www.isaac-del-toro.mx\/it\/#website"},"primaryImageOfPage":{"@id":"https:\/\/www.isaac-del-toro.mx\/it\/isaac-del-toro-nuova-elite-sport-messicano\/#primaryimage"},"image":{"@id":"https:\/\/www.isaac-del-toro.mx\/it\/isaac-del-toro-nuova-elite-sport-messicano\/#primaryimage"},"thumbnailUrl":"https:\/\/www.isaac-del-toro.mx\/wp-content\/uploads\/2026\/01\/isaac-del-toro-panorama-deportivo-mexico-scaled.webp","datePublished":"2026-01-06T12:16:34+00:00","dateModified":"2026-01-06T12:17:06+00:00","description":"Da Isaac del Toro a Osmar Olvera, una nuova generazione di atleti messicani compete ai massimi livelli mondiali.","breadcrumb":{"@id":"https:\/\/www.isaac-del-toro.mx\/it\/isaac-del-toro-nuova-elite-sport-messicano\/#breadcrumb"},"inLanguage":"it-IT","potentialAction":[{"@type":"ReadAction","target":["https:\/\/www.isaac-del-toro.mx\/it\/isaac-del-toro-nuova-elite-sport-messicano\/"]}]},{"@type":"ImageObject","inLanguage":"it-IT","@id":"https:\/\/www.isaac-del-toro.mx\/it\/isaac-del-toro-nuova-elite-sport-messicano\/#primaryimage","url":"https:\/\/www.isaac-del-toro.mx\/wp-content\/uploads\/2026\/01\/isaac-del-toro-panorama-deportivo-mexico-scaled.webp","contentUrl":"https:\/\/www.isaac-del-toro.mx\/wp-content\/uploads\/2026\/01\/isaac-del-toro-panorama-deportivo-mexico-scaled.webp","width":2560,"height":1463},{"@type":"BreadcrumbList","@id":"https:\/\/www.isaac-del-toro.mx\/it\/isaac-del-toro-nuova-elite-sport-messicano\/#breadcrumb","itemListElement":[{"@type":"ListItem","position":1,"name":"Start","item":"https:\/\/www.isaac-del-toro.mx\/it\/"},{"@type":"ListItem","position":2,"name":"Isaac del Toro e la nuova generazione di atleti messicani di livello mondiale"}]},{"@type":"WebSite","@id":"https:\/\/www.isaac-del-toro.mx\/it\/#website","url":"https:\/\/www.isaac-del-toro.mx\/it\/","name":"Isaac del Toro Romero","description":"","publisher":{"@id":"https:\/\/www.isaac-del-toro.mx\/it\/#\/schema\/person\/7cbbcf16bd93d1b98eeb4ab7a1fbd7ba"},"potentialAction":[{"@type":"SearchAction","target":{"@type":"EntryPoint","urlTemplate":"https:\/\/www.isaac-del-toro.mx\/it\/?s={search_term_string}"},"query-input":{"@type":"PropertyValueSpecification","valueRequired":true,"valueName":"search_term_string"}}],"inLanguage":"it-IT"},{"@type":["Person","Organization"],"@id":"https:\/\/www.isaac-del-toro.mx\/it\/#\/schema\/person\/7cbbcf16bd93d1b98eeb4ab7a1fbd7ba","name":"Isaac del Toro Romero","logo":{"@id":"https:\/\/www.isaac-del-toro.mx\/it\/#\/schema\/person\/image\/"}},{"@type":"Person","@id":"https:\/\/www.isaac-del-toro.mx\/it\/#\/schema\/person\/dcd12bccf645d7a2112bdb90aa7ff9f2","name":"Frank","sameAs":["https:\/\/www.isaac-del-toro.mx"],"url":"https:\/\/www.isaac-del-toro.mx\/it\/author\/frank-kuglerwebarbeit-net\/"}]}},"_links":{"self":[{"href":"https:\/\/www.isaac-del-toro.mx\/it\/wp-json\/wp\/v2\/posts\/275","targetHints":{"allow":["GET"]}}],"collection":[{"href":"https:\/\/www.isaac-del-toro.mx\/it\/wp-json\/wp\/v2\/posts"}],"about":[{"href":"https:\/\/www.isaac-del-toro.mx\/it\/wp-json\/wp\/v2\/types\/post"}],"author":[{"embeddable":true,"href":"https:\/\/www.isaac-del-toro.mx\/it\/wp-json\/wp\/v2\/users\/1"}],"replies":[{"embeddable":true,"href":"https:\/\/www.isaac-del-toro.mx\/it\/wp-json\/wp\/v2\/comments?post=275"}],"version-history":[{"count":1,"href":"https:\/\/www.isaac-del-toro.mx\/it\/wp-json\/wp\/v2\/posts\/275\/revisions"}],"predecessor-version":[{"id":276,"href":"https:\/\/www.isaac-del-toro.mx\/it\/wp-json\/wp\/v2\/posts\/275\/revisions\/276"}],"wp:featuredmedia":[{"embeddable":true,"href":"https:\/\/www.isaac-del-toro.mx\/it\/wp-json\/wp\/v2\/media\/274"}],"wp:attachment":[{"href":"https:\/\/www.isaac-del-toro.mx\/it\/wp-json\/wp\/v2\/media?parent=275"}],"wp:term":[{"taxonomy":"category","embeddable":true,"href":"https:\/\/www.isaac-del-toro.mx\/it\/wp-json\/wp\/v2\/categories?post=275"},{"taxonomy":"post_tag","embeddable":true,"href":"https:\/\/www.isaac-del-toro.mx\/it\/wp-json\/wp\/v2\/tags?post=275"}],"curies":[{"name":"wp","href":"https:\/\/api.w.org\/{rel}","templated":true}]}}